{"id":232108,"date":"2019-12-22T12:33:52","date_gmt":"2019-12-22T11:33:52","guid":{"rendered":"https:\/\/sandzakpress.net\/arhiva\/?p=232108"},"modified":"2019-12-22T12:35:07","modified_gmt":"2019-12-22T11:35:07","slug":"bkz-obiljezava-10-godina-postojanja","status":"publish","type":"post","link":"https:\/\/sandzakpress.net\/arhiva\/bkz-obiljezava-10-godina-postojanja\/","title":{"rendered":"BKZ obilje\u017eava 10 godina postojanja"},"content":{"rendered":"<p><img loading=\"lazy\" decoding=\"async\" class=\"alignnone size-full wp-image-232109\" src=\"https:\/\/sandzakpress.net\/arhiva\/wp-content\/uploads\/2019\/12\/D3959423-F8FD-464C-832C-3C82EB064C9F.jpeg\" alt=\"\" width=\"1131\" height=\"1600\" srcset=\"https:\/\/sandzakpress.net\/arhiva\/wp-content\/uploads\/2019\/12\/D3959423-F8FD-464C-832C-3C82EB064C9F.jpeg 1131w, https:\/\/sandzakpress.net\/arhiva\/wp-content\/uploads\/2019\/12\/D3959423-F8FD-464C-832C-3C82EB064C9F-768x1086.jpeg 768w, https:\/\/sandzakpress.net\/arhiva\/wp-content\/uploads\/2019\/12\/D3959423-F8FD-464C-832C-3C82EB064C9F-616x871.jpeg 616w\" sizes=\"(max-width: 1131px) 100vw, 1131px\" \/><\/p>\n<p><strong>Matica bo\u0161nja\u010dka i Bo\u0161nja\u010dka kulturna zajednica organiziraju sve\u010danu akademiju u povodu 10 godina postojanja Bo\u0161nja\u010dke kulturne zajednice.<\/strong><\/p>\n<p>Predsjednik BKZ-a istakao da je ova kulturna institucija od svog osnivanja u mnogome pomogla Bo\u0161njacima kako u Sand\u017eaku, tako i \u0161irom svijeta. Naglasio je i to da je za 10 godina postojanja Bo\u0161nja\u010dka kulturna zajednica ispunila svoj cilj.<\/p>\n<p><em>\u201eBo\u0161nja\u010dka kulturna zajednica je postigla svoje primarne ciljeve postojanja, prije svega bu\u0111enje bo\u0161nja\u010dke svijesti, o sebi samom, o onome ko su, o njihovoj ulozi ovdje, o tome da su autohtoni evropski narod koji nije predodre\u0111en da se rodi na ovom prostoru pa da ode negdje drugde i da tamo posti\u017ee fantasti\u010dne rezultate, ve\u0107 da prije svega ostane na svojoj rodnoj grudi, da u punom kapacitetu vlastitog identiteta poka\u017ee koje su to vrijednosti ovog velikog autohtonog evropskog muslimanskog naroda.\u201c<\/em><\/p>\n<p>Istakao da je ideja bila okupiti bo\u0161nja\u010dki narod te da je iz tog razloga BKZ osnovana u Crnoj Gori, Kosovu, Makedoniji, BiH, Belgiji, \u0160vicarskoj, Njema\u010dkoj i drugim zemljama gdje su Bo\u0161njaci zbog svega \u0161to im se de\u0161avalo nastavili svoj \u017eivot.<\/p>\n<p><em>\u201eTa jedna sinergija dovela je do toga da se Bo\u0161njaci pokupe u punom kapacitetu a nakon toga krenu izgradnju drugih nacionalnih i nau\u010dnih institucija, Svjetski bo\u0161nja\u010dki kongres kao krovna organizacija, BANU, BNF koja prosto treba da okupi i tu energiju bo\u0161nja\u010dkog naroda kako bi rezultati u budu\u0107nosti bili sve ono \u0161to je suprotno planovima onih koji su jo\u0161 prije mnogo godina odlu\u010dili da Bo\u0161najka ne bude na ovom prostoru ili da ih barem ne bude u ovom kapacitetu vlastitog identiteta.\u201c<\/em><\/p>\n<p>Predsjednik BKZ-a je pozvao sve Bo\u0161njake prisustvuju sve\u010danoj akademiji koja \u0107e biti organizirana u ponedjeljak u amfiteatru FIS-a sa po\u010detkom od 18.30h.<\/p>\n<p><em>\u201ePozivam sve Bo\u0161njake Novog Pazara, Sand\u017eaka, poseban poziv upu\u0107ujem i prije svega \u017eelim dobrodo\u0161licu na\u0161im sunarodnicima diljem dijaspore koji ove dane provode sa svojom porodicom, posebno njih pozivam da do\u0111u i budu dio tog na\u0161eg zajedni\u010dkog sve\u010danog trenutka jer su oni ulo\u017eili nevjerovatnu energiju, nevjerovatnu ljubav u sve ove projekte, uvijek bili spremni da ih podr\u017ee i zato bih elio te ve\u010deri da budu prisutni zajedno sa nacionalnim, vjerskim liderima i ostalim autoritetima.\u201c<\/em><\/p>\n<p><iframe loading=\"lazy\" title=\"BKZ obilje\u017eava 10 godina postojanja\" width=\"696\" height=\"392\" src=\"https:\/\/www.youtube.com\/embed\/M0BKny62xE4?feature=oembed\" frameborder=\"0\" allow=\"accelerometer; autoplay; encrypted-media; gyroscope; picture-in-picture\" allowfullscreen><\/iframe><\/p>\n<p><em>SANA \u2013 Adaleta Sejdovi\u0107 \u2013 Hamzi\u0107 \/ FOTO \u2013 SANA\u00a0<\/em><\/p>\n","protected":false},"excerpt":{"rendered":"<p>Matica bo\u0161nja\u010dka i Bo\u0161nja\u010dka kulturna zajednica organiziraju sve\u010danu akademiju u povodu 10 godina postojanja Bo\u0161nja\u010dke kulturne zajednice. Predsjednik BKZ-a istakao da je ova kulturna institucija od svog osnivanja u mnogome pomogla Bo\u0161njacima kako u Sand\u017eaku, tako i \u0161irom svijeta. Naglasio je i to da je za 10 godina postojanja Bo\u0161nja\u010dka kulturna zajednica ispunila svoj cilj. [&hellip;]<\/p>\n","protected":false},"author":509,"featured_media":232109,"comment_status":"open","ping_status":"open","sticky":false,"template":"","format":"standard","meta":{"footnotes":""},"categories":[72,5,8957],"tags":[],"class_list":{"0":"post-232108","1":"post","2":"type-post","3":"status-publish","4":"format-standard","5":"has-post-thumbnail","7":"category-novi-pazar","8":"category-drustvo","9":"category-vijesti-dana"},"yoast_head":"<!-- This site is optimized with the Yoast SEO Premium plugin v23.1 (Yoast SEO v24.9) - https:\/\/yoast.com\/wordpress\/plugins\/seo\/ -->\n<title>BKZ obilje\u017eava 10 godina postojanja<\/title>\n<meta name=\"robots\" content=\"index, follow, max-snippet:-1, max-image-preview:large, max-video-preview:-1\" \/>\n<link rel=\"canonical\" href=\"https:\/\/sandzakpress.net\/arhiva\/bkz-obiljezava-10-godina-postojanja\/\" \/>\n<meta property=\"og:locale\" content=\"bs_BA\" \/>\n<meta property=\"og:type\" content=\"article\" \/>\n<meta property=\"og:title\" content=\"BKZ obilje\u017eava 10 godina postojanja\" \/>\n<meta property=\"og:description\" content=\"Matica bo\u0161nja\u010dka i Bo\u0161nja\u010dka kulturna zajednica organiziraju sve\u010danu akademiju u povodu 10 godina postojanja Bo\u0161nja\u010dke kulturne zajednice. Predsjednik BKZ-a istakao da je ova kulturna institucija od svog osnivanja u mnogome pomogla Bo\u0161njacima kako u Sand\u017eaku, tako i \u0161irom svijeta. Naglasio je i to da je za 10 godina postojanja Bo\u0161nja\u010dka kulturna zajednica ispunila svoj cilj. [&hellip;]\" \/>\n<meta property=\"og:url\" content=\"https:\/\/sandzakpress.net\/arhiva\/bkz-obiljezava-10-godina-postojanja\/\" \/>\n<meta property=\"og:site_name\" content=\"Sand\u017eak PRESS\" \/>\n<meta property=\"article:published_time\" content=\"2019-12-22T11:33:52+00:00\" \/>\n<meta property=\"article:modified_time\" content=\"2019-12-22T11:35:07+00:00\" \/>\n<meta property=\"og:image\" content=\"https:\/\/sandzakpress.net\/arhiva\/wp-content\/uploads\/2019\/12\/D3959423-F8FD-464C-832C-3C82EB064C9F.jpeg\" \/>\n\t<meta property=\"og:image:width\" content=\"1131\" \/>\n\t<meta property=\"og:image:height\" content=\"1600\" \/>\n\t<meta property=\"og:image:type\" content=\"image\/jpeg\" \/>\n<meta name=\"author\" content=\"Agencija\" \/>\n<meta name=\"twitter:card\" content=\"summary_large_image\" \/>\n<meta name=\"twitter:label1\" content=\"Written by\" \/>\n\t<meta name=\"twitter:data1\" content=\"Agencija\" \/>\n\t<meta name=\"twitter:label2\" content=\"Est. reading time\" \/>\n\t<meta name=\"twitter:data2\" content=\"2 minute\" \/>\n<script type=\"application\/ld+json\" class=\"yoast-schema-graph\">{\"@context\":\"https:\/\/schema.org\",\"@graph\":[{\"@type\":\"Article\",\"@id\":\"https:\/\/sandzakpress.net\/arhiva\/bkz-obiljezava-10-godina-postojanja\/#article\",\"isPartOf\":{\"@id\":\"https:\/\/sandzakpress.net\/arhiva\/bkz-obiljezava-10-godina-postojanja\/\"},\"author\":{\"name\":\"Agencija\",\"@id\":\"https:\/\/sandzakpress.net\/arhiva\/#\/schema\/person\/cb59d7e3ab91ab90dd680ad0305a6185\"},\"headline\":\"BKZ obilje\u017eava 10 godina postojanja\",\"datePublished\":\"2019-12-22T11:33:52+00:00\",\"dateModified\":\"2019-12-22T11:35:07+00:00\",\"mainEntityOfPage\":{\"@id\":\"https:\/\/sandzakpress.net\/arhiva\/bkz-obiljezava-10-godina-postojanja\/\"},\"wordCount\":412,\"commentCount\":0,\"publisher\":{\"@id\":\"https:\/\/sandzakpress.net\/arhiva\/#\/schema\/person\/6e72b67d6e51910a1117b3b483ba20bd\"},\"image\":{\"@id\":\"https:\/\/sandzakpress.net\/arhiva\/bkz-obiljezava-10-godina-postojanja\/#primaryimage\"},\"thumbnailUrl\":\"https:\/\/sandzakpress.net\/arhiva\/wp-content\/uploads\/2019\/12\/D3959423-F8FD-464C-832C-3C82EB064C9F.jpeg\",\"articleSection\":[\"Novi Pazar\",\"Dru\u0161tvo\",\"VIJESTI DANA\"],\"inLanguage\":\"bs-BA\",\"potentialAction\":[{\"@type\":\"CommentAction\",\"name\":\"Comment\",\"target\":[\"https:\/\/sandzakpress.net\/arhiva\/bkz-obiljezava-10-godina-postojanja\/#respond\"]}]},{\"@type\":\"WebPage\",\"@id\":\"https:\/\/sandzakpress.net\/arhiva\/bkz-obiljezava-10-godina-postojanja\/\",\"url\":\"https:\/\/sandzakpress.net\/arhiva\/bkz-obiljezava-10-godina-postojanja\/\",\"name\":\"BKZ obilje\u017eava 10 godina postojanja\",\"isPartOf\":{\"@id\":\"https:\/\/sandzakpress.net\/arhiva\/#website\"},\"primaryImageOfPage\":{\"@id\":\"https:\/\/sandzakpress.net\/arhiva\/bkz-obiljezava-10-godina-postojanja\/#primaryimage\"},\"image\":{\"@id\":\"https:\/\/sandzakpress.net\/arhiva\/bkz-obiljezava-10-godina-postojanja\/#primaryimage\"},\"thumbnailUrl\":\"https:\/\/sandzakpress.net\/arhiva\/wp-content\/uploads\/2019\/12\/D3959423-F8FD-464C-832C-3C82EB064C9F.jpeg\",\"datePublished\":\"2019-12-22T11:33:52+00:00\",\"dateModified\":\"2019-12-22T11:35:07+00:00\",\"breadcrumb\":{\"@id\":\"https:\/\/sandzakpress.net\/arhiva\/bkz-obiljezava-10-godina-postojanja\/#breadcrumb\"},\"inLanguage\":\"bs-BA\",\"potentialAction\":[{\"@type\":\"ReadAction\",\"target\":[\"https:\/\/sandzakpress.net\/arhiva\/bkz-obiljezava-10-godina-postojanja\/\"]}]},{\"@type\":\"ImageObject\",\"inLanguage\":\"bs-BA\",\"@id\":\"https:\/\/sandzakpress.net\/arhiva\/bkz-obiljezava-10-godina-postojanja\/#primaryimage\",\"url\":\"https:\/\/sandzakpress.net\/arhiva\/wp-content\/uploads\/2019\/12\/D3959423-F8FD-464C-832C-3C82EB064C9F.jpeg\",\"contentUrl\":\"https:\/\/sandzakpress.net\/arhiva\/wp-content\/uploads\/2019\/12\/D3959423-F8FD-464C-832C-3C82EB064C9F.jpeg\",\"width\":1131,\"height\":1600},{\"@type\":\"BreadcrumbList\",\"@id\":\"https:\/\/sandzakpress.net\/arhiva\/bkz-obiljezava-10-godina-postojanja\/#breadcrumb\",\"itemListElement\":[{\"@type\":\"ListItem\",\"position\":1,\"name\":\"Home\",\"item\":\"https:\/\/sandzakpress.net\/arhiva\/\"},{\"@type\":\"ListItem\",\"position\":2,\"name\":\"BKZ obilje\u017eava 10 godina postojanja\"}]},{\"@type\":\"WebSite\",\"@id\":\"https:\/\/sandzakpress.net\/arhiva\/#website\",\"url\":\"https:\/\/sandzakpress.net\/arhiva\/\",\"name\":\"Sand\u017eak PRESS\",\"description\":\"Prve elektronske novine u Sand\u017eaku\",\"publisher\":{\"@id\":\"https:\/\/sandzakpress.net\/arhiva\/#\/schema\/person\/6e72b67d6e51910a1117b3b483ba20bd\"},\"potentialAction\":[{\"@type\":\"SearchAction\",\"target\":{\"@type\":\"EntryPoint\",\"urlTemplate\":\"https:\/\/sandzakpress.net\/arhiva\/?s={search_term_string}\"},\"query-input\":{\"@type\":\"PropertyValueSpecification\",\"valueRequired\":true,\"valueName\":\"search_term_string\"}}],\"inLanguage\":\"bs-BA\"},{\"@type\":[\"Person\",\"Organization\"],\"@id\":\"https:\/\/sandzakpress.net\/arhiva\/#\/schema\/person\/6e72b67d6e51910a1117b3b483ba20bd\",\"name\":\"Kul\",\"image\":{\"@type\":\"ImageObject\",\"inLanguage\":\"bs-BA\",\"@id\":\"https:\/\/sandzakpress.net\/arhiva\/#\/schema\/person\/image\/\",\"url\":\"https:\/\/secure.gravatar.com\/avatar\/42263f39aa27ac04c43cab85c280eb2e?s=96&d=mm&r=pg\",\"contentUrl\":\"https:\/\/secure.gravatar.com\/avatar\/42263f39aa27ac04c43cab85c280eb2e?s=96&d=mm&r=pg\",\"caption\":\"Kul\"},\"logo\":{\"@id\":\"https:\/\/sandzakpress.net\/arhiva\/#\/schema\/person\/image\/\"}},{\"@type\":\"Person\",\"@id\":\"https:\/\/sandzakpress.net\/arhiva\/#\/schema\/person\/cb59d7e3ab91ab90dd680ad0305a6185\",\"name\":\"Agencija\",\"image\":{\"@type\":\"ImageObject\",\"inLanguage\":\"bs-BA\",\"@id\":\"https:\/\/sandzakpress.net\/arhiva\/#\/schema\/person\/image\/\",\"url\":\"https:\/\/secure.gravatar.com\/avatar\/4b7fafa80a22f0c2afe23966b3961fe0?s=96&d=mm&r=pg\",\"contentUrl\":\"https:\/\/secure.gravatar.com\/avatar\/4b7fafa80a22f0c2afe23966b3961fe0?s=96&d=mm&r=pg\",\"caption\":\"Agencija\"},\"url\":\"https:\/\/sandzakpress.net\/arhiva\/author\/agencija\/\"}]}<\/script>\n<!-- \/ Yoast SEO Premium plugin. -->","yoast_head_json":{"title":"BKZ obilje\u017eava 10 godina postojanja","robots":{"index":"index","follow":"follow","max-snippet":"max-snippet:-1","max-image-preview":"max-image-preview:large","max-video-preview":"max-video-preview:-1"},"canonical":"https:\/\/sandzakpress.net\/arhiva\/bkz-obiljezava-10-godina-postojanja\/","og_locale":"bs_BA","og_type":"article","og_title":"BKZ obilje\u017eava 10 godina postojanja","og_description":"Matica bo\u0161nja\u010dka i Bo\u0161nja\u010dka kulturna zajednica organiziraju sve\u010danu akademiju u povodu 10 godina postojanja Bo\u0161nja\u010dke kulturne zajednice. Predsjednik BKZ-a istakao da je ova kulturna institucija od svog osnivanja u mnogome pomogla Bo\u0161njacima kako u Sand\u017eaku, tako i \u0161irom svijeta. Naglasio je i to da je za 10 godina postojanja Bo\u0161nja\u010dka kulturna zajednica ispunila svoj cilj. [&hellip;]","og_url":"https:\/\/sandzakpress.net\/arhiva\/bkz-obiljezava-10-godina-postojanja\/","og_site_name":"Sand\u017eak PRESS","article_published_time":"2019-12-22T11:33:52+00:00","article_modified_time":"2019-12-22T11:35:07+00:00","og_image":[{"width":1131,"height":1600,"url":"https:\/\/sandzakpress.net\/arhiva\/wp-content\/uploads\/2019\/12\/D3959423-F8FD-464C-832C-3C82EB064C9F.jpeg","type":"image\/jpeg"}],"author":"Agencija","twitter_card":"summary_large_image","twitter_misc":{"Written by":"Agencija","Est. reading time":"2 minute"},"schema":{"@context":"https:\/\/schema.org","@graph":[{"@type":"Article","@id":"https:\/\/sandzakpress.net\/arhiva\/bkz-obiljezava-10-godina-postojanja\/#article","isPartOf":{"@id":"https:\/\/sandzakpress.net\/arhiva\/bkz-obiljezava-10-godina-postojanja\/"},"author":{"name":"Agencija","@id":"https:\/\/sandzakpress.net\/arhiva\/#\/schema\/person\/cb59d7e3ab91ab90dd680ad0305a6185"},"headline":"BKZ obilje\u017eava 10 godina postojanja","datePublished":"2019-12-22T11:33:52+00:00","dateModified":"2019-12-22T11:35:07+00:00","mainEntityOfPage":{"@id":"https:\/\/sandzakpress.net\/arhiva\/bkz-obiljezava-10-godina-postojanja\/"},"wordCount":412,"commentCount":0,"publisher":{"@id":"https:\/\/sandzakpress.net\/arhiva\/#\/schema\/person\/6e72b67d6e51910a1117b3b483ba20bd"},"image":{"@id":"https:\/\/sandzakpress.net\/arhiva\/bkz-obiljezava-10-godina-postojanja\/#primaryimage"},"thumbnailUrl":"https:\/\/sandzakpress.net\/arhiva\/wp-content\/uploads\/2019\/12\/D3959423-F8FD-464C-832C-3C82EB064C9F.jpeg","articleSection":["Novi Pazar","Dru\u0161tvo","VIJESTI DANA"],"inLanguage":"bs-BA","potentialAction":[{"@type":"CommentAction","name":"Comment","target":["https:\/\/sandzakpress.net\/arhiva\/bkz-obiljezava-10-godina-postojanja\/#respond"]}]},{"@type":"WebPage","@id":"https:\/\/sandzakpress.net\/arhiva\/bkz-obiljezava-10-godina-postojanja\/","url":"https:\/\/sandzakpress.net\/arhiva\/bkz-obiljezava-10-godina-postojanja\/","name":"BKZ obilje\u017eava 10 godina postojanja","isPartOf":{"@id":"https:\/\/sandzakpress.net\/arhiva\/#website"},"primaryImageOfPage":{"@id":"https:\/\/sandzakpress.net\/arhiva\/bkz-obiljezava-10-godina-postojanja\/#primaryimage"},"image":{"@id":"https:\/\/sandzakpress.net\/arhiva\/bkz-obiljezava-10-godina-postojanja\/#primaryimage"},"thumbnailUrl":"https:\/\/sandzakpress.net\/arhiva\/wp-content\/uploads\/2019\/12\/D3959423-F8FD-464C-832C-3C82EB064C9F.jpeg","datePublished":"2019-12-22T11:33:52+00:00","dateModified":"2019-12-22T11:35:07+00:00","breadcrumb":{"@id":"https:\/\/sandzakpress.net\/arhiva\/bkz-obiljezava-10-godina-postojanja\/#breadcrumb"},"inLanguage":"bs-BA","potentialAction":[{"@type":"ReadAction","target":["https:\/\/sandzakpress.net\/arhiva\/bkz-obiljezava-10-godina-postojanja\/"]}]},{"@type":"ImageObject","inLanguage":"bs-BA","@id":"https:\/\/sandzakpress.net\/arhiva\/bkz-obiljezava-10-godina-postojanja\/#primaryimage","url":"https:\/\/sandzakpress.net\/arhiva\/wp-content\/uploads\/2019\/12\/D3959423-F8FD-464C-832C-3C82EB064C9F.jpeg","contentUrl":"https:\/\/sandzakpress.net\/arhiva\/wp-content\/uploads\/2019\/12\/D3959423-F8FD-464C-832C-3C82EB064C9F.jpeg","width":1131,"height":1600},{"@type":"BreadcrumbList","@id":"https:\/\/sandzakpress.net\/arhiva\/bkz-obiljezava-10-godina-postojanja\/#breadcrumb","itemListElement":[{"@type":"ListItem","position":1,"name":"Home","item":"https:\/\/sandzakpress.net\/arhiva\/"},{"@type":"ListItem","position":2,"name":"BKZ obilje\u017eava 10 godina postojanja"}]},{"@type":"WebSite","@id":"https:\/\/sandzakpress.net\/arhiva\/#website","url":"https:\/\/sandzakpress.net\/arhiva\/","name":"Sand\u017eak PRESS","description":"Prve elektronske novine u Sand\u017eaku","publisher":{"@id":"https:\/\/sandzakpress.net\/arhiva\/#\/schema\/person\/6e72b67d6e51910a1117b3b483ba20bd"},"potentialAction":[{"@type":"SearchAction","target":{"@type":"EntryPoint","urlTemplate":"https:\/\/sandzakpress.net\/arhiva\/?s={search_term_string}"},"query-input":{"@type":"PropertyValueSpecification","valueRequired":true,"valueName":"search_term_string"}}],"inLanguage":"bs-BA"},{"@type":["Person","Organization"],"@id":"https:\/\/sandzakpress.net\/arhiva\/#\/schema\/person\/6e72b67d6e51910a1117b3b483ba20bd","name":"Kul","image":{"@type":"ImageObject","inLanguage":"bs-BA","@id":"https:\/\/sandzakpress.net\/arhiva\/#\/schema\/person\/image\/","url":"https:\/\/secure.gravatar.com\/avatar\/42263f39aa27ac04c43cab85c280eb2e?s=96&d=mm&r=pg","contentUrl":"https:\/\/secure.gravatar.com\/avatar\/42263f39aa27ac04c43cab85c280eb2e?s=96&d=mm&r=pg","caption":"Kul"},"logo":{"@id":"https:\/\/sandzakpress.net\/arhiva\/#\/schema\/person\/image\/"}},{"@type":"Person","@id":"https:\/\/sandzakpress.net\/arhiva\/#\/schema\/person\/cb59d7e3ab91ab90dd680ad0305a6185","name":"Agencija","image":{"@type":"ImageObject","inLanguage":"bs-BA","@id":"https:\/\/sandzakpress.net\/arhiva\/#\/schema\/person\/image\/","url":"https:\/\/secure.gravatar.com\/avatar\/4b7fafa80a22f0c2afe23966b3961fe0?s=96&d=mm&r=pg","contentUrl":"https:\/\/secure.gravatar.com\/avatar\/4b7fafa80a22f0c2afe23966b3961fe0?s=96&d=mm&r=pg","caption":"Agencija"},"url":"https:\/\/sandzakpress.net\/arhiva\/author\/agencija\/"}]}},"_links":{"self":[{"href":"https:\/\/sandzakpress.net\/arhiva\/wp-json\/wp\/v2\/posts\/232108"}],"collection":[{"href":"https:\/\/sandzakpress.net\/arhiva\/wp-json\/wp\/v2\/posts"}],"about":[{"href":"https:\/\/sandzakpress.net\/arhiva\/wp-json\/wp\/v2\/types\/post"}],"author":[{"embeddable":true,"href":"https:\/\/sandzakpress.net\/arhiva\/wp-json\/wp\/v2\/users\/509"}],"replies":[{"embeddable":true,"href":"https:\/\/sandzakpress.net\/arhiva\/wp-json\/wp\/v2\/comments?post=232108"}],"version-history":[{"count":0,"href":"https:\/\/sandzakpress.net\/arhiva\/wp-json\/wp\/v2\/posts\/232108\/revisions"}],"wp:featuredmedia":[{"embeddable":true,"href":"https:\/\/sandzakpress.net\/arhiva\/wp-json\/wp\/v2\/media\/232109"}],"wp:attachment":[{"href":"https:\/\/sandzakpress.net\/arhiva\/wp-json\/wp\/v2\/media?parent=232108"}],"wp:term":[{"taxonomy":"category","embeddable":true,"href":"https:\/\/sandzakpress.net\/arhiva\/wp-json\/wp\/v2\/categories?post=232108"},{"taxonomy":"post_tag","embeddable":true,"href":"https:\/\/sandzakpress.net\/arhiva\/wp-json\/wp\/v2\/tags?post=232108"}],"curies":[{"name":"wp","href":"https:\/\/api.w.org\/{rel}","templated":true}]}}