{"id":232046,"date":"2019-12-20T14:32:36","date_gmt":"2019-12-20T13:32:36","guid":{"rendered":"https:\/\/sandzakpress.net\/arhiva\/?p=232046"},"modified":"2019-12-20T14:32:36","modified_gmt":"2019-12-20T13:32:36","slug":"delo-pase-gicic-na-izlozbi-nacionalnog-kongresa-unesco-u-koreji","status":"publish","type":"post","link":"https:\/\/sandzakpress.net\/arhiva\/delo-pase-gicic-na-izlozbi-nacionalnog-kongresa-unesco-u-koreji\/","title":{"rendered":"Delo Pa\u0161e Gici\u0107 na izlo\u017ebi Nacionalnog kongresa UNESCO u Koreji"},"content":{"rendered":"<p><img decoding=\"async\" src=\"https:\/\/i1.wp.com\/rtvnp.rs\/wp-content\/uploads\/2019\/12\/8CA120A9-059D-4866-A3A2-56DC10294B9C.jpeg?resize=800%2C445&amp;ssl=1\" \/><\/p>\n<p class=\"p1\"><strong><em><span class=\"s1\">U okvoru 37. likovne izlo\u017ebe ASPOROPA, umetnici<span class=\"Apple-converted-space\">\u00a0\u00a0<\/span>iz 28 zemalja, svoja dela predstavili su u Nacionalnom kongresu UNESCO, u Ginsanu u Kojreji.<\/span><\/em><\/strong><\/p>\n<p>Pa\u0161a Gici\u0107, Koreji se predstavila delom Tre\u0161nje, a pored nje Srbiju su svojim slikama promovisale i<span class=\"Apple-converted-space\">\u00a0\u00a0<\/span>umetnice: Jadranka<span class=\"Apple-converted-space\">\u00a0\u00a0<\/span>Dimitrijevi\u0107, Dragana Gruji\u010di\u0107 i Sen\u017eana Grozdanovis.<\/p>\n<p class=\"p1\"><span class=\"s1\">Pa\u0161a Gici\u0107 je profesor likovne umetnosti u Ekonomskoj \u0161koli i asistent na predmetima Slikaratvo i Zidno slikarstvo na Internacionalnom univerzitetu u Novom Pazaru.\u00a0<\/span><span class=\"s1\">Izlagala je na vi\u0161e samostalnih i kolektivnih izlo\u017ebi u zemlji i svetu.\u00a0 Ove godine na Sinaju u Egiptu organizovala je radionicu ,,Se\u0107anje na genocid u Srebrenici,, . U svom ateljeu ,,Pasa Casa d\u2019 Arte,, u Novom Pazaru, pored slikanja bavi se i izradom vitra\u017ea i oslikanog stakla.<br \/><\/span><\/p>\n<p><img decoding=\"async\" src=\"https:\/\/i0.wp.com\/rtvnp.rs\/wp-content\/uploads\/2019\/12\/477FAA06-F993-4061-A45E-9630BFA5A3F7.jpeg?resize=800%2C1159&amp;ssl=1\" \/><\/p>\n","protected":false},"excerpt":{"rendered":"<p>U okvoru 37. likovne izlo\u017ebe ASPOROPA, umetnici\u00a0\u00a0iz 28 zemalja, svoja dela predstavili su u Nacionalnom kongresu UNESCO, u Ginsanu u Kojreji. Pa\u0161a Gici\u0107, Koreji se predstavila delom Tre\u0161nje, a pored nje Srbiju su svojim slikama promovisale i\u00a0\u00a0umetnice: Jadranka\u00a0\u00a0Dimitrijevi\u0107, Dragana Gruji\u010di\u0107 i Sen\u017eana Grozdanovis. Pa\u0161a Gici\u0107 je profesor likovne umetnosti u Ekonomskoj \u0161koli i asistent na [&hellip;]<\/p>\n","protected":false},"author":509,"featured_media":232050,"comment_status":"open","ping_status":"open","sticky":false,"template":"","format":"standard","meta":{"footnotes":""},"categories":[72,5],"tags":[],"class_list":{"0":"post-232046","1":"post","2":"type-post","3":"status-publish","4":"format-standard","5":"has-post-thumbnail","7":"category-novi-pazar","8":"category-drustvo"},"yoast_head":"<!-- This site is optimized with the Yoast SEO Premium plugin v23.1 (Yoast SEO v24.9) - https:\/\/yoast.com\/wordpress\/plugins\/seo\/ -->\n<title>Delo Pa\u0161e Gici\u0107 na izlo\u017ebi Nacionalnog kongresa UNESCO u Koreji<\/title>\n<meta name=\"robots\" content=\"index, follow, max-snippet:-1, max-image-preview:large, max-video-preview:-1\" \/>\n<link rel=\"canonical\" href=\"https:\/\/sandzakpress.net\/arhiva\/delo-pase-gicic-na-izlozbi-nacionalnog-kongresa-unesco-u-koreji\/\" \/>\n<meta property=\"og:locale\" content=\"bs_BA\" \/>\n<meta property=\"og:type\" content=\"article\" \/>\n<meta property=\"og:title\" content=\"Delo Pa\u0161e Gici\u0107 na izlo\u017ebi Nacionalnog kongresa UNESCO u Koreji\" \/>\n<meta property=\"og:description\" content=\"U okvoru 37. likovne izlo\u017ebe ASPOROPA, umetnici\u00a0\u00a0iz 28 zemalja, svoja dela predstavili su u Nacionalnom kongresu UNESCO, u Ginsanu u Kojreji. Pa\u0161a Gici\u0107, Koreji se predstavila delom Tre\u0161nje, a pored nje Srbiju su svojim slikama promovisale i\u00a0\u00a0umetnice: Jadranka\u00a0\u00a0Dimitrijevi\u0107, Dragana Gruji\u010di\u0107 i Sen\u017eana Grozdanovis. Pa\u0161a Gici\u0107 je profesor likovne umetnosti u Ekonomskoj \u0161koli i asistent na [&hellip;]\" \/>\n<meta property=\"og:url\" content=\"https:\/\/sandzakpress.net\/arhiva\/delo-pase-gicic-na-izlozbi-nacionalnog-kongresa-unesco-u-koreji\/\" \/>\n<meta property=\"og:site_name\" content=\"Sand\u017eak PRESS\" \/>\n<meta property=\"article:published_time\" content=\"2019-12-20T13:32:36+00:00\" \/>\n<meta property=\"og:image\" content=\"https:\/\/sandzakpress.net\/arhiva\/wp-content\/uploads\/2019\/12\/8CA120A9-059D-4866-A3A2-56DC10294B9C.jpeg.jpg\" \/>\n\t<meta property=\"og:image:width\" content=\"800\" \/>\n\t<meta property=\"og:image:height\" content=\"445\" \/>\n\t<meta property=\"og:image:type\" content=\"image\/jpeg\" \/>\n<meta name=\"author\" content=\"Agencija\" \/>\n<meta name=\"twitter:card\" content=\"summary_large_image\" \/>\n<meta name=\"twitter:label1\" content=\"Written by\" \/>\n\t<meta name=\"twitter:data1\" content=\"Agencija\" \/>\n\t<meta name=\"twitter:label2\" content=\"Est. reading time\" \/>\n\t<meta name=\"twitter:data2\" content=\"1 minuta\" \/>\n<script type=\"application\/ld+json\" class=\"yoast-schema-graph\">{\"@context\":\"https:\/\/schema.org\",\"@graph\":[{\"@type\":\"Article\",\"@id\":\"https:\/\/sandzakpress.net\/arhiva\/delo-pase-gicic-na-izlozbi-nacionalnog-kongresa-unesco-u-koreji\/#article\",\"isPartOf\":{\"@id\":\"https:\/\/sandzakpress.net\/arhiva\/delo-pase-gicic-na-izlozbi-nacionalnog-kongresa-unesco-u-koreji\/\"},\"author\":{\"name\":\"Agencija\",\"@id\":\"https:\/\/sandzakpress.net\/arhiva\/#\/schema\/person\/cb59d7e3ab91ab90dd680ad0305a6185\"},\"headline\":\"Delo Pa\u0161e Gici\u0107 na izlo\u017ebi Nacionalnog kongresa UNESCO u Koreji\",\"datePublished\":\"2019-12-20T13:32:36+00:00\",\"mainEntityOfPage\":{\"@id\":\"https:\/\/sandzakpress.net\/arhiva\/delo-pase-gicic-na-izlozbi-nacionalnog-kongresa-unesco-u-koreji\/\"},\"wordCount\":135,\"commentCount\":0,\"publisher\":{\"@id\":\"https:\/\/sandzakpress.net\/arhiva\/#\/schema\/person\/6e72b67d6e51910a1117b3b483ba20bd\"},\"image\":{\"@id\":\"https:\/\/sandzakpress.net\/arhiva\/delo-pase-gicic-na-izlozbi-nacionalnog-kongresa-unesco-u-koreji\/#primaryimage\"},\"thumbnailUrl\":\"https:\/\/sandzakpress.net\/arhiva\/wp-content\/uploads\/2019\/12\/8CA120A9-059D-4866-A3A2-56DC10294B9C.jpeg.jpg\",\"articleSection\":[\"Novi Pazar\",\"Dru\u0161tvo\"],\"inLanguage\":\"bs-BA\",\"potentialAction\":[{\"@type\":\"CommentAction\",\"name\":\"Comment\",\"target\":[\"https:\/\/sandzakpress.net\/arhiva\/delo-pase-gicic-na-izlozbi-nacionalnog-kongresa-unesco-u-koreji\/#respond\"]}]},{\"@type\":\"WebPage\",\"@id\":\"https:\/\/sandzakpress.net\/arhiva\/delo-pase-gicic-na-izlozbi-nacionalnog-kongresa-unesco-u-koreji\/\",\"url\":\"https:\/\/sandzakpress.net\/arhiva\/delo-pase-gicic-na-izlozbi-nacionalnog-kongresa-unesco-u-koreji\/\",\"name\":\"Delo Pa\u0161e Gici\u0107 na izlo\u017ebi Nacionalnog kongresa UNESCO u Koreji\",\"isPartOf\":{\"@id\":\"https:\/\/sandzakpress.net\/arhiva\/#website\"},\"primaryImageOfPage\":{\"@id\":\"https:\/\/sandzakpress.net\/arhiva\/delo-pase-gicic-na-izlozbi-nacionalnog-kongresa-unesco-u-koreji\/#primaryimage\"},\"image\":{\"@id\":\"https:\/\/sandzakpress.net\/arhiva\/delo-pase-gicic-na-izlozbi-nacionalnog-kongresa-unesco-u-koreji\/#primaryimage\"},\"thumbnailUrl\":\"https:\/\/sandzakpress.net\/arhiva\/wp-content\/uploads\/2019\/12\/8CA120A9-059D-4866-A3A2-56DC10294B9C.jpeg.jpg\",\"datePublished\":\"2019-12-20T13:32:36+00:00\",\"breadcrumb\":{\"@id\":\"https:\/\/sandzakpress.net\/arhiva\/delo-pase-gicic-na-izlozbi-nacionalnog-kongresa-unesco-u-koreji\/#breadcrumb\"},\"inLanguage\":\"bs-BA\",\"potentialAction\":[{\"@type\":\"ReadAction\",\"target\":[\"https:\/\/sandzakpress.net\/arhiva\/delo-pase-gicic-na-izlozbi-nacionalnog-kongresa-unesco-u-koreji\/\"]}]},{\"@type\":\"ImageObject\",\"inLanguage\":\"bs-BA\",\"@id\":\"https:\/\/sandzakpress.net\/arhiva\/delo-pase-gicic-na-izlozbi-nacionalnog-kongresa-unesco-u-koreji\/#primaryimage\",\"url\":\"https:\/\/sandzakpress.net\/arhiva\/wp-content\/uploads\/2019\/12\/8CA120A9-059D-4866-A3A2-56DC10294B9C.jpeg.jpg\",\"contentUrl\":\"https:\/\/sandzakpress.net\/arhiva\/wp-content\/uploads\/2019\/12\/8CA120A9-059D-4866-A3A2-56DC10294B9C.jpeg.jpg\",\"width\":800,\"height\":445},{\"@type\":\"BreadcrumbList\",\"@id\":\"https:\/\/sandzakpress.net\/arhiva\/delo-pase-gicic-na-izlozbi-nacionalnog-kongresa-unesco-u-koreji\/#breadcrumb\",\"itemListElement\":[{\"@type\":\"ListItem\",\"position\":1,\"name\":\"Home\",\"item\":\"https:\/\/sandzakpress.net\/arhiva\/\"},{\"@type\":\"ListItem\",\"position\":2,\"name\":\"Delo Pa\u0161e Gici\u0107 na izlo\u017ebi Nacionalnog kongresa UNESCO u Koreji\"}]},{\"@type\":\"WebSite\",\"@id\":\"https:\/\/sandzakpress.net\/arhiva\/#website\",\"url\":\"https:\/\/sandzakpress.net\/arhiva\/\",\"name\":\"Sand\u017eak PRESS\",\"description\":\"Prve elektronske novine u Sand\u017eaku\",\"publisher\":{\"@id\":\"https:\/\/sandzakpress.net\/arhiva\/#\/schema\/person\/6e72b67d6e51910a1117b3b483ba20bd\"},\"potentialAction\":[{\"@type\":\"SearchAction\",\"target\":{\"@type\":\"EntryPoint\",\"urlTemplate\":\"https:\/\/sandzakpress.net\/arhiva\/?s={search_term_string}\"},\"query-input\":{\"@type\":\"PropertyValueSpecification\",\"valueRequired\":true,\"valueName\":\"search_term_string\"}}],\"inLanguage\":\"bs-BA\"},{\"@type\":[\"Person\",\"Organization\"],\"@id\":\"https:\/\/sandzakpress.net\/arhiva\/#\/schema\/person\/6e72b67d6e51910a1117b3b483ba20bd\",\"name\":\"Kul\",\"image\":{\"@type\":\"ImageObject\",\"inLanguage\":\"bs-BA\",\"@id\":\"https:\/\/sandzakpress.net\/arhiva\/#\/schema\/person\/image\/\",\"url\":\"https:\/\/secure.gravatar.com\/avatar\/42263f39aa27ac04c43cab85c280eb2e?s=96&d=mm&r=pg\",\"contentUrl\":\"https:\/\/secure.gravatar.com\/avatar\/42263f39aa27ac04c43cab85c280eb2e?s=96&d=mm&r=pg\",\"caption\":\"Kul\"},\"logo\":{\"@id\":\"https:\/\/sandzakpress.net\/arhiva\/#\/schema\/person\/image\/\"}},{\"@type\":\"Person\",\"@id\":\"https:\/\/sandzakpress.net\/arhiva\/#\/schema\/person\/cb59d7e3ab91ab90dd680ad0305a6185\",\"name\":\"Agencija\",\"image\":{\"@type\":\"ImageObject\",\"inLanguage\":\"bs-BA\",\"@id\":\"https:\/\/sandzakpress.net\/arhiva\/#\/schema\/person\/image\/\",\"url\":\"https:\/\/secure.gravatar.com\/avatar\/4b7fafa80a22f0c2afe23966b3961fe0?s=96&d=mm&r=pg\",\"contentUrl\":\"https:\/\/secure.gravatar.com\/avatar\/4b7fafa80a22f0c2afe23966b3961fe0?s=96&d=mm&r=pg\",\"caption\":\"Agencija\"},\"url\":\"https:\/\/sandzakpress.net\/arhiva\/author\/agencija\/\"}]}<\/script>\n<!-- \/ Yoast SEO Premium plugin. -->","yoast_head_json":{"title":"Delo Pa\u0161e Gici\u0107 na izlo\u017ebi Nacionalnog kongresa UNESCO u Koreji","robots":{"index":"index","follow":"follow","max-snippet":"max-snippet:-1","max-image-preview":"max-image-preview:large","max-video-preview":"max-video-preview:-1"},"canonical":"https:\/\/sandzakpress.net\/arhiva\/delo-pase-gicic-na-izlozbi-nacionalnog-kongresa-unesco-u-koreji\/","og_locale":"bs_BA","og_type":"article","og_title":"Delo Pa\u0161e Gici\u0107 na izlo\u017ebi Nacionalnog kongresa UNESCO u Koreji","og_description":"U okvoru 37. likovne izlo\u017ebe ASPOROPA, umetnici\u00a0\u00a0iz 28 zemalja, svoja dela predstavili su u Nacionalnom kongresu UNESCO, u Ginsanu u Kojreji. Pa\u0161a Gici\u0107, Koreji se predstavila delom Tre\u0161nje, a pored nje Srbiju su svojim slikama promovisale i\u00a0\u00a0umetnice: Jadranka\u00a0\u00a0Dimitrijevi\u0107, Dragana Gruji\u010di\u0107 i Sen\u017eana Grozdanovis. Pa\u0161a Gici\u0107 je profesor likovne umetnosti u Ekonomskoj \u0161koli i asistent na [&hellip;]","og_url":"https:\/\/sandzakpress.net\/arhiva\/delo-pase-gicic-na-izlozbi-nacionalnog-kongresa-unesco-u-koreji\/","og_site_name":"Sand\u017eak PRESS","article_published_time":"2019-12-20T13:32:36+00:00","og_image":[{"width":800,"height":445,"url":"https:\/\/sandzakpress.net\/arhiva\/wp-content\/uploads\/2019\/12\/8CA120A9-059D-4866-A3A2-56DC10294B9C.jpeg.jpg","type":"image\/jpeg"}],"author":"Agencija","twitter_card":"summary_large_image","twitter_misc":{"Written by":"Agencija","Est. reading time":"1 minuta"},"schema":{"@context":"https:\/\/schema.org","@graph":[{"@type":"Article","@id":"https:\/\/sandzakpress.net\/arhiva\/delo-pase-gicic-na-izlozbi-nacionalnog-kongresa-unesco-u-koreji\/#article","isPartOf":{"@id":"https:\/\/sandzakpress.net\/arhiva\/delo-pase-gicic-na-izlozbi-nacionalnog-kongresa-unesco-u-koreji\/"},"author":{"name":"Agencija","@id":"https:\/\/sandzakpress.net\/arhiva\/#\/schema\/person\/cb59d7e3ab91ab90dd680ad0305a6185"},"headline":"Delo Pa\u0161e Gici\u0107 na izlo\u017ebi Nacionalnog kongresa UNESCO u Koreji","datePublished":"2019-12-20T13:32:36+00:00","mainEntityOfPage":{"@id":"https:\/\/sandzakpress.net\/arhiva\/delo-pase-gicic-na-izlozbi-nacionalnog-kongresa-unesco-u-koreji\/"},"wordCount":135,"commentCount":0,"publisher":{"@id":"https:\/\/sandzakpress.net\/arhiva\/#\/schema\/person\/6e72b67d6e51910a1117b3b483ba20bd"},"image":{"@id":"https:\/\/sandzakpress.net\/arhiva\/delo-pase-gicic-na-izlozbi-nacionalnog-kongresa-unesco-u-koreji\/#primaryimage"},"thumbnailUrl":"https:\/\/sandzakpress.net\/arhiva\/wp-content\/uploads\/2019\/12\/8CA120A9-059D-4866-A3A2-56DC10294B9C.jpeg.jpg","articleSection":["Novi Pazar","Dru\u0161tvo"],"inLanguage":"bs-BA","potentialAction":[{"@type":"CommentAction","name":"Comment","target":["https:\/\/sandzakpress.net\/arhiva\/delo-pase-gicic-na-izlozbi-nacionalnog-kongresa-unesco-u-koreji\/#respond"]}]},{"@type":"WebPage","@id":"https:\/\/sandzakpress.net\/arhiva\/delo-pase-gicic-na-izlozbi-nacionalnog-kongresa-unesco-u-koreji\/","url":"https:\/\/sandzakpress.net\/arhiva\/delo-pase-gicic-na-izlozbi-nacionalnog-kongresa-unesco-u-koreji\/","name":"Delo Pa\u0161e Gici\u0107 na izlo\u017ebi Nacionalnog kongresa UNESCO u Koreji","isPartOf":{"@id":"https:\/\/sandzakpress.net\/arhiva\/#website"},"primaryImageOfPage":{"@id":"https:\/\/sandzakpress.net\/arhiva\/delo-pase-gicic-na-izlozbi-nacionalnog-kongresa-unesco-u-koreji\/#primaryimage"},"image":{"@id":"https:\/\/sandzakpress.net\/arhiva\/delo-pase-gicic-na-izlozbi-nacionalnog-kongresa-unesco-u-koreji\/#primaryimage"},"thumbnailUrl":"https:\/\/sandzakpress.net\/arhiva\/wp-content\/uploads\/2019\/12\/8CA120A9-059D-4866-A3A2-56DC10294B9C.jpeg.jpg","datePublished":"2019-12-20T13:32:36+00:00","breadcrumb":{"@id":"https:\/\/sandzakpress.net\/arhiva\/delo-pase-gicic-na-izlozbi-nacionalnog-kongresa-unesco-u-koreji\/#breadcrumb"},"inLanguage":"bs-BA","potentialAction":[{"@type":"ReadAction","target":["https:\/\/sandzakpress.net\/arhiva\/delo-pase-gicic-na-izlozbi-nacionalnog-kongresa-unesco-u-koreji\/"]}]},{"@type":"ImageObject","inLanguage":"bs-BA","@id":"https:\/\/sandzakpress.net\/arhiva\/delo-pase-gicic-na-izlozbi-nacionalnog-kongresa-unesco-u-koreji\/#primaryimage","url":"https:\/\/sandzakpress.net\/arhiva\/wp-content\/uploads\/2019\/12\/8CA120A9-059D-4866-A3A2-56DC10294B9C.jpeg.jpg","contentUrl":"https:\/\/sandzakpress.net\/arhiva\/wp-content\/uploads\/2019\/12\/8CA120A9-059D-4866-A3A2-56DC10294B9C.jpeg.jpg","width":800,"height":445},{"@type":"BreadcrumbList","@id":"https:\/\/sandzakpress.net\/arhiva\/delo-pase-gicic-na-izlozbi-nacionalnog-kongresa-unesco-u-koreji\/#breadcrumb","itemListElement":[{"@type":"ListItem","position":1,"name":"Home","item":"https:\/\/sandzakpress.net\/arhiva\/"},{"@type":"ListItem","position":2,"name":"Delo Pa\u0161e Gici\u0107 na izlo\u017ebi Nacionalnog kongresa UNESCO u Koreji"}]},{"@type":"WebSite","@id":"https:\/\/sandzakpress.net\/arhiva\/#website","url":"https:\/\/sandzakpress.net\/arhiva\/","name":"Sand\u017eak PRESS","description":"Prve elektronske novine u Sand\u017eaku","publisher":{"@id":"https:\/\/sandzakpress.net\/arhiva\/#\/schema\/person\/6e72b67d6e51910a1117b3b483ba20bd"},"potentialAction":[{"@type":"SearchAction","target":{"@type":"EntryPoint","urlTemplate":"https:\/\/sandzakpress.net\/arhiva\/?s={search_term_string}"},"query-input":{"@type":"PropertyValueSpecification","valueRequired":true,"valueName":"search_term_string"}}],"inLanguage":"bs-BA"},{"@type":["Person","Organization"],"@id":"https:\/\/sandzakpress.net\/arhiva\/#\/schema\/person\/6e72b67d6e51910a1117b3b483ba20bd","name":"Kul","image":{"@type":"ImageObject","inLanguage":"bs-BA","@id":"https:\/\/sandzakpress.net\/arhiva\/#\/schema\/person\/image\/","url":"https:\/\/secure.gravatar.com\/avatar\/42263f39aa27ac04c43cab85c280eb2e?s=96&d=mm&r=pg","contentUrl":"https:\/\/secure.gravatar.com\/avatar\/42263f39aa27ac04c43cab85c280eb2e?s=96&d=mm&r=pg","caption":"Kul"},"logo":{"@id":"https:\/\/sandzakpress.net\/arhiva\/#\/schema\/person\/image\/"}},{"@type":"Person","@id":"https:\/\/sandzakpress.net\/arhiva\/#\/schema\/person\/cb59d7e3ab91ab90dd680ad0305a6185","name":"Agencija","image":{"@type":"ImageObject","inLanguage":"bs-BA","@id":"https:\/\/sandzakpress.net\/arhiva\/#\/schema\/person\/image\/","url":"https:\/\/secure.gravatar.com\/avatar\/4b7fafa80a22f0c2afe23966b3961fe0?s=96&d=mm&r=pg","contentUrl":"https:\/\/secure.gravatar.com\/avatar\/4b7fafa80a22f0c2afe23966b3961fe0?s=96&d=mm&r=pg","caption":"Agencija"},"url":"https:\/\/sandzakpress.net\/arhiva\/author\/agencija\/"}]}},"_links":{"self":[{"href":"https:\/\/sandzakpress.net\/arhiva\/wp-json\/wp\/v2\/posts\/232046"}],"collection":[{"href":"https:\/\/sandzakpress.net\/arhiva\/wp-json\/wp\/v2\/posts"}],"about":[{"href":"https:\/\/sandzakpress.net\/arhiva\/wp-json\/wp\/v2\/types\/post"}],"author":[{"embeddable":true,"href":"https:\/\/sandzakpress.net\/arhiva\/wp-json\/wp\/v2\/users\/509"}],"replies":[{"embeddable":true,"href":"https:\/\/sandzakpress.net\/arhiva\/wp-json\/wp\/v2\/comments?post=232046"}],"version-history":[{"count":0,"href":"https:\/\/sandzakpress.net\/arhiva\/wp-json\/wp\/v2\/posts\/232046\/revisions"}],"wp:featuredmedia":[{"embeddable":true,"href":"https:\/\/sandzakpress.net\/arhiva\/wp-json\/wp\/v2\/media\/232050"}],"wp:attachment":[{"href":"https:\/\/sandzakpress.net\/arhiva\/wp-json\/wp\/v2\/media?parent=232046"}],"wp:term":[{"taxonomy":"category","embeddable":true,"href":"https:\/\/sandzakpress.net\/arhiva\/wp-json\/wp\/v2\/categories?post=232046"},{"taxonomy":"post_tag","embeddable":true,"href":"https:\/\/sandzakpress.net\/arhiva\/wp-json\/wp\/v2\/tags?post=232046"}],"curies":[{"name":"wp","href":"https:\/\/api.w.org\/{rel}","templated":true}]}}