{"id":232041,"date":"2019-12-20T10:20:17","date_gmt":"2019-12-20T09:20:17","guid":{"rendered":"https:\/\/sandzakpress.net\/arhiva\/?p=232041"},"modified":"2019-12-20T13:24:55","modified_gmt":"2019-12-20T12:24:55","slug":"projekat-ucenika-gimnazije-kocka-iz-svemira-sletjela-u-rozaje","status":"publish","type":"post","link":"https:\/\/sandzakpress.net\/arhiva\/projekat-ucenika-gimnazije-kocka-iz-svemira-sletjela-u-rozaje\/","title":{"rendered":"PROJEKAT U\u010cENIKA GIMNAZIJE: Kocka iz svemira sletjela u Ro\u017eaje"},"content":{"rendered":"<p><img loading=\"lazy\" decoding=\"async\" class=\"alignnone size-full wp-image-232044\" src=\"https:\/\/sandzakpress.net\/arhiva\/wp-content\/uploads\/2019\/12\/cubes-in-space-696x469.jpg\" alt=\"\" width=\"696\" height=\"469\" srcset=\"https:\/\/sandzakpress.net\/arhiva\/wp-content\/uploads\/2019\/12\/cubes-in-space-696x469.jpg 696w, https:\/\/sandzakpress.net\/arhiva\/wp-content\/uploads\/2019\/12\/cubes-in-space-696x469-616x415.jpg 616w\" sizes=\"(max-width: 696px) 100vw, 696px\" \/><\/p>\n<p><strong>Nesvakida\u0161nji poduhvat u\u010denika ro\u017eajske Gimnazije \u201c30. septembar\u201d i profesorice Mirsade \u0160aboti\u0107 ovih dana je priveden kraju. Naime, oni su uz pomo\u0107 NASA-e realizovali eksperiment pod nazivom \u201cOd Me\u0161e Selimovi\u0107a do svemira\u201d na na\u010din \u0161to su u posebnu kocku upakovali pramenove ofarbane i neofarbane kose, koja je poslata u svemir, pi\u0161e Dan.<\/strong><\/p>\n<p>Eksperiment je zavr\u0161io misiju i vra\u0107en je u Ro\u017eaje, gdje je kocka otvorena u prisustvu novinara. Kako je saop\u0161tila \u0160aboti\u0107eva, eksperiment je potpuno uspio i djelimi\u010dno se desilo ono \u0161to su i naslu\u0107ivali.<\/p>\n<p>\u201cVjerovali smo da \u0107e se ofarbana kosa pretvoriti u pra\u0161inu, ali se to nije desilo ve\u0107 je do\u0161lo do strukturalnog o\u0161te\u0107enja kose tako da se sa malim pritiskom veoma lako prelama. Izgleda veoma osu\u0161eno i o\u0161te\u0107eno. Neofarbana kosa je do\u017eivjela tek djelimi\u010dne promjene, kako se hipotezom i pretpostavilo, do\u0161lo je do njenog uvijanja. Iz ovoga se mo\u017ee zaklju\u010diti da, iako nije do\u0161lo do potpunog potvr\u0111ivanja postavljene hipoteze, ofarbana kosa je zna\u010dajno o\u0161te\u0107ena nasuprot prirodnoj koja je ipak, uz visoko izlaganje UV zracima, ostala zdrava i nepromijenjena. Sama svrha eksperimenta je ispunjena, \u010dime je dokazano da farba za kosu oslabljuje njenu strukturu i \u010dini je osjetljivijom\u201d, rekla je \u0160aboti\u0107eva.<\/p>\n<p>Ona je istakla da je cilj projekta bio uperen ka promjeni svijesti gra\u0111ana, odnosno ukazivanje na \u0161tetne materije koje su prisutne u industrijskim farbama za kosu, kao i usmjeravanje na alternativne metode farbanja kose.<\/p>\n<p>Projekat ro\u017eajskih gimnazijalaca je izazvao veliku pa\u017enju i znati\u017eelju crnogorskih gra\u0111ana, ali i stanovni\u0161tva u regionu.<\/p>\n<p>\u201cOvaj eksperiment je izveden prvi put u istoriji Crne Gore, \u0161to smatramo ogromnim uspjehom ne samo za Ro\u017eaje ve\u0107 i za Crnu Goru, pa i region. Radilo se o kocki \u010dije ivice iznose po \u010detiri centimentra s pramenovima farbane i neofarbane kose, odletjela je u svemir u nau\u010dnom balonu po\u010detkom septembra iz Novog Meksika. Rije\u010d je o eksperimentu kojem su pod okriljem svemirske agencije NASA i programa Cubes in Space, u\u010destvovali u\u010denici na\u0161e \u0161kole Zahir \u0160aboti\u0107, Almira Ljai\u0107, Ai\u0161a Kala\u010d, Almin Nurkovi\u0107 i Idria Adrovi\u0107\u201c, kazala je profesorica Mirsada \u0160aboti\u0107 koja je i bila mentor u\u010denicima.<\/p>\n<h4><strong>Ve\u0107 se pripremaju za novi eksperiment<\/strong><\/h4>\n<p>\u201cGimnazijalci su izdvojili djelove ofarbane i neofarbane kose i -postavili hipotezu da \u0107e se u svemirskim uslovima ofarbana kosa o\u0161tetiti i izgubiti elasti\u010dnost, \u0161to bi dovelo do prelamanja vlakana, a mogu\u0107nost je bila i da se pretvori u prah, zbog hemijskih reakcija u svemiru, kao i usljed oslabljenih molekularnih struktura, dok \u0107e se neofarbana kosa uviti i izdu\u017eiti\u201d, podsje\u0107a \u0160aboti\u0107eva.<\/p>\n<p>Prema njenim rije\u010dima, gimnazijalci ve\u0107 vr\u0161e pripreme za novi eksperiment koji \u0107e uzletjeti u svemir, ali za to \u0107e im biti potrebna saglasnost NASA-e.<\/p>\n<p>Izvor:\u00a0<strong>Dan<\/strong><\/p>\n","protected":false},"excerpt":{"rendered":"<p>Nesvakida\u0161nji poduhvat u\u010denika ro\u017eajske Gimnazije \u201c30. septembar\u201d i profesorice Mirsade \u0160aboti\u0107 ovih dana je priveden kraju. Naime, oni su uz pomo\u0107 NASA-e realizovali eksperiment pod nazivom \u201cOd Me\u0161e Selimovi\u0107a do svemira\u201d na na\u010din \u0161to su u posebnu kocku upakovali pramenove ofarbane i neofarbane kose, koja je poslata u svemir, pi\u0161e Dan. Eksperiment je zavr\u0161io misiju [&hellip;]<\/p>\n","protected":false},"author":509,"featured_media":232044,"comment_status":"open","ping_status":"open","sticky":false,"template":"","format":"standard","meta":{"footnotes":""},"categories":[398,4,8957],"tags":[],"class_list":{"0":"post-232041","1":"post","2":"type-post","3":"status-publish","4":"format-standard","5":"has-post-thumbnail","7":"category-rozaje","8":"category-obrazovanje","9":"category-vijesti-dana"},"yoast_head":"<!-- This site is optimized with the Yoast SEO Premium plugin v23.1 (Yoast SEO v24.9) - https:\/\/yoast.com\/wordpress\/plugins\/seo\/ -->\n<title>PROJEKAT U\u010cENIKA GIMNAZIJE: Kocka iz svemira sletjela u Ro\u017eaje<\/title>\n<meta name=\"robots\" content=\"index, follow, max-snippet:-1, max-image-preview:large, max-video-preview:-1\" \/>\n<link rel=\"canonical\" href=\"https:\/\/sandzakpress.net\/arhiva\/projekat-ucenika-gimnazije-kocka-iz-svemira-sletjela-u-rozaje\/\" \/>\n<meta property=\"og:locale\" content=\"bs_BA\" \/>\n<meta property=\"og:type\" content=\"article\" \/>\n<meta property=\"og:title\" content=\"PROJEKAT U\u010cENIKA GIMNAZIJE: Kocka iz svemira sletjela u Ro\u017eaje\" \/>\n<meta property=\"og:description\" content=\"Nesvakida\u0161nji poduhvat u\u010denika ro\u017eajske Gimnazije \u201c30. septembar\u201d i profesorice Mirsade \u0160aboti\u0107 ovih dana je priveden kraju. Naime, oni su uz pomo\u0107 NASA-e realizovali eksperiment pod nazivom \u201cOd Me\u0161e Selimovi\u0107a do svemira\u201d na na\u010din \u0161to su u posebnu kocku upakovali pramenove ofarbane i neofarbane kose, koja je poslata u svemir, pi\u0161e Dan. Eksperiment je zavr\u0161io misiju [&hellip;]\" \/>\n<meta property=\"og:url\" content=\"https:\/\/sandzakpress.net\/arhiva\/projekat-ucenika-gimnazije-kocka-iz-svemira-sletjela-u-rozaje\/\" \/>\n<meta property=\"og:site_name\" content=\"Sand\u017eak PRESS\" \/>\n<meta property=\"article:published_time\" content=\"2019-12-20T09:20:17+00:00\" \/>\n<meta property=\"article:modified_time\" content=\"2019-12-20T12:24:55+00:00\" \/>\n<meta property=\"og:image\" content=\"https:\/\/sandzakpress.net\/arhiva\/wp-content\/uploads\/2019\/12\/cubes-in-space-696x469.jpg\" \/>\n\t<meta property=\"og:image:width\" content=\"696\" \/>\n\t<meta property=\"og:image:height\" content=\"469\" \/>\n\t<meta property=\"og:image:type\" content=\"image\/jpeg\" \/>\n<meta name=\"author\" content=\"Agencija\" \/>\n<meta name=\"twitter:card\" content=\"summary_large_image\" \/>\n<meta name=\"twitter:label1\" content=\"Written by\" \/>\n\t<meta name=\"twitter:data1\" content=\"Agencija\" \/>\n\t<meta name=\"twitter:label2\" content=\"Est. reading time\" \/>\n\t<meta name=\"twitter:data2\" content=\"2 minute\" \/>\n<script type=\"application\/ld+json\" class=\"yoast-schema-graph\">{\"@context\":\"https:\/\/schema.org\",\"@graph\":[{\"@type\":\"Article\",\"@id\":\"https:\/\/sandzakpress.net\/arhiva\/projekat-ucenika-gimnazije-kocka-iz-svemira-sletjela-u-rozaje\/#article\",\"isPartOf\":{\"@id\":\"https:\/\/sandzakpress.net\/arhiva\/projekat-ucenika-gimnazije-kocka-iz-svemira-sletjela-u-rozaje\/\"},\"author\":{\"name\":\"Agencija\",\"@id\":\"https:\/\/sandzakpress.net\/arhiva\/#\/schema\/person\/cb59d7e3ab91ab90dd680ad0305a6185\"},\"headline\":\"PROJEKAT U\u010cENIKA GIMNAZIJE: Kocka iz svemira sletjela u Ro\u017eaje\",\"datePublished\":\"2019-12-20T09:20:17+00:00\",\"dateModified\":\"2019-12-20T12:24:55+00:00\",\"mainEntityOfPage\":{\"@id\":\"https:\/\/sandzakpress.net\/arhiva\/projekat-ucenika-gimnazije-kocka-iz-svemira-sletjela-u-rozaje\/\"},\"wordCount\":494,\"commentCount\":0,\"publisher\":{\"@id\":\"https:\/\/sandzakpress.net\/arhiva\/#\/schema\/person\/6e72b67d6e51910a1117b3b483ba20bd\"},\"image\":{\"@id\":\"https:\/\/sandzakpress.net\/arhiva\/projekat-ucenika-gimnazije-kocka-iz-svemira-sletjela-u-rozaje\/#primaryimage\"},\"thumbnailUrl\":\"https:\/\/sandzakpress.net\/arhiva\/wp-content\/uploads\/2019\/12\/cubes-in-space-696x469.jpg\",\"articleSection\":[\"Ro\u017eaje\",\"Obrazovanje\",\"VIJESTI DANA\"],\"inLanguage\":\"bs-BA\",\"potentialAction\":[{\"@type\":\"CommentAction\",\"name\":\"Comment\",\"target\":[\"https:\/\/sandzakpress.net\/arhiva\/projekat-ucenika-gimnazije-kocka-iz-svemira-sletjela-u-rozaje\/#respond\"]}]},{\"@type\":\"WebPage\",\"@id\":\"https:\/\/sandzakpress.net\/arhiva\/projekat-ucenika-gimnazije-kocka-iz-svemira-sletjela-u-rozaje\/\",\"url\":\"https:\/\/sandzakpress.net\/arhiva\/projekat-ucenika-gimnazije-kocka-iz-svemira-sletjela-u-rozaje\/\",\"name\":\"PROJEKAT U\u010cENIKA GIMNAZIJE: Kocka iz svemira sletjela u Ro\u017eaje\",\"isPartOf\":{\"@id\":\"https:\/\/sandzakpress.net\/arhiva\/#website\"},\"primaryImageOfPage\":{\"@id\":\"https:\/\/sandzakpress.net\/arhiva\/projekat-ucenika-gimnazije-kocka-iz-svemira-sletjela-u-rozaje\/#primaryimage\"},\"image\":{\"@id\":\"https:\/\/sandzakpress.net\/arhiva\/projekat-ucenika-gimnazije-kocka-iz-svemira-sletjela-u-rozaje\/#primaryimage\"},\"thumbnailUrl\":\"https:\/\/sandzakpress.net\/arhiva\/wp-content\/uploads\/2019\/12\/cubes-in-space-696x469.jpg\",\"datePublished\":\"2019-12-20T09:20:17+00:00\",\"dateModified\":\"2019-12-20T12:24:55+00:00\",\"breadcrumb\":{\"@id\":\"https:\/\/sandzakpress.net\/arhiva\/projekat-ucenika-gimnazije-kocka-iz-svemira-sletjela-u-rozaje\/#breadcrumb\"},\"inLanguage\":\"bs-BA\",\"potentialAction\":[{\"@type\":\"ReadAction\",\"target\":[\"https:\/\/sandzakpress.net\/arhiva\/projekat-ucenika-gimnazije-kocka-iz-svemira-sletjela-u-rozaje\/\"]}]},{\"@type\":\"ImageObject\",\"inLanguage\":\"bs-BA\",\"@id\":\"https:\/\/sandzakpress.net\/arhiva\/projekat-ucenika-gimnazije-kocka-iz-svemira-sletjela-u-rozaje\/#primaryimage\",\"url\":\"https:\/\/sandzakpress.net\/arhiva\/wp-content\/uploads\/2019\/12\/cubes-in-space-696x469.jpg\",\"contentUrl\":\"https:\/\/sandzakpress.net\/arhiva\/wp-content\/uploads\/2019\/12\/cubes-in-space-696x469.jpg\",\"width\":696,\"height\":469},{\"@type\":\"BreadcrumbList\",\"@id\":\"https:\/\/sandzakpress.net\/arhiva\/projekat-ucenika-gimnazije-kocka-iz-svemira-sletjela-u-rozaje\/#breadcrumb\",\"itemListElement\":[{\"@type\":\"ListItem\",\"position\":1,\"name\":\"Home\",\"item\":\"https:\/\/sandzakpress.net\/arhiva\/\"},{\"@type\":\"ListItem\",\"position\":2,\"name\":\"PROJEKAT U\u010cENIKA GIMNAZIJE: Kocka iz svemira sletjela u Ro\u017eaje\"}]},{\"@type\":\"WebSite\",\"@id\":\"https:\/\/sandzakpress.net\/arhiva\/#website\",\"url\":\"https:\/\/sandzakpress.net\/arhiva\/\",\"name\":\"Sand\u017eak PRESS\",\"description\":\"Prve elektronske novine u Sand\u017eaku\",\"publisher\":{\"@id\":\"https:\/\/sandzakpress.net\/arhiva\/#\/schema\/person\/6e72b67d6e51910a1117b3b483ba20bd\"},\"potentialAction\":[{\"@type\":\"SearchAction\",\"target\":{\"@type\":\"EntryPoint\",\"urlTemplate\":\"https:\/\/sandzakpress.net\/arhiva\/?s={search_term_string}\"},\"query-input\":{\"@type\":\"PropertyValueSpecification\",\"valueRequired\":true,\"valueName\":\"search_term_string\"}}],\"inLanguage\":\"bs-BA\"},{\"@type\":[\"Person\",\"Organization\"],\"@id\":\"https:\/\/sandzakpress.net\/arhiva\/#\/schema\/person\/6e72b67d6e51910a1117b3b483ba20bd\",\"name\":\"Kul\",\"image\":{\"@type\":\"ImageObject\",\"inLanguage\":\"bs-BA\",\"@id\":\"https:\/\/sandzakpress.net\/arhiva\/#\/schema\/person\/image\/\",\"url\":\"https:\/\/secure.gravatar.com\/avatar\/42263f39aa27ac04c43cab85c280eb2e?s=96&d=mm&r=pg\",\"contentUrl\":\"https:\/\/secure.gravatar.com\/avatar\/42263f39aa27ac04c43cab85c280eb2e?s=96&d=mm&r=pg\",\"caption\":\"Kul\"},\"logo\":{\"@id\":\"https:\/\/sandzakpress.net\/arhiva\/#\/schema\/person\/image\/\"}},{\"@type\":\"Person\",\"@id\":\"https:\/\/sandzakpress.net\/arhiva\/#\/schema\/person\/cb59d7e3ab91ab90dd680ad0305a6185\",\"name\":\"Agencija\",\"image\":{\"@type\":\"ImageObject\",\"inLanguage\":\"bs-BA\",\"@id\":\"https:\/\/sandzakpress.net\/arhiva\/#\/schema\/person\/image\/\",\"url\":\"https:\/\/secure.gravatar.com\/avatar\/4b7fafa80a22f0c2afe23966b3961fe0?s=96&d=mm&r=pg\",\"contentUrl\":\"https:\/\/secure.gravatar.com\/avatar\/4b7fafa80a22f0c2afe23966b3961fe0?s=96&d=mm&r=pg\",\"caption\":\"Agencija\"},\"url\":\"https:\/\/sandzakpress.net\/arhiva\/author\/agencija\/\"}]}<\/script>\n<!-- \/ Yoast SEO Premium plugin. -->","yoast_head_json":{"title":"PROJEKAT U\u010cENIKA GIMNAZIJE: Kocka iz svemira sletjela u Ro\u017eaje","robots":{"index":"index","follow":"follow","max-snippet":"max-snippet:-1","max-image-preview":"max-image-preview:large","max-video-preview":"max-video-preview:-1"},"canonical":"https:\/\/sandzakpress.net\/arhiva\/projekat-ucenika-gimnazije-kocka-iz-svemira-sletjela-u-rozaje\/","og_locale":"bs_BA","og_type":"article","og_title":"PROJEKAT U\u010cENIKA GIMNAZIJE: Kocka iz svemira sletjela u Ro\u017eaje","og_description":"Nesvakida\u0161nji poduhvat u\u010denika ro\u017eajske Gimnazije \u201c30. septembar\u201d i profesorice Mirsade \u0160aboti\u0107 ovih dana je priveden kraju. Naime, oni su uz pomo\u0107 NASA-e realizovali eksperiment pod nazivom \u201cOd Me\u0161e Selimovi\u0107a do svemira\u201d na na\u010din \u0161to su u posebnu kocku upakovali pramenove ofarbane i neofarbane kose, koja je poslata u svemir, pi\u0161e Dan. Eksperiment je zavr\u0161io misiju [&hellip;]","og_url":"https:\/\/sandzakpress.net\/arhiva\/projekat-ucenika-gimnazije-kocka-iz-svemira-sletjela-u-rozaje\/","og_site_name":"Sand\u017eak PRESS","article_published_time":"2019-12-20T09:20:17+00:00","article_modified_time":"2019-12-20T12:24:55+00:00","og_image":[{"width":696,"height":469,"url":"https:\/\/sandzakpress.net\/arhiva\/wp-content\/uploads\/2019\/12\/cubes-in-space-696x469.jpg","type":"image\/jpeg"}],"author":"Agencija","twitter_card":"summary_large_image","twitter_misc":{"Written by":"Agencija","Est. reading time":"2 minute"},"schema":{"@context":"https:\/\/schema.org","@graph":[{"@type":"Article","@id":"https:\/\/sandzakpress.net\/arhiva\/projekat-ucenika-gimnazije-kocka-iz-svemira-sletjela-u-rozaje\/#article","isPartOf":{"@id":"https:\/\/sandzakpress.net\/arhiva\/projekat-ucenika-gimnazije-kocka-iz-svemira-sletjela-u-rozaje\/"},"author":{"name":"Agencija","@id":"https:\/\/sandzakpress.net\/arhiva\/#\/schema\/person\/cb59d7e3ab91ab90dd680ad0305a6185"},"headline":"PROJEKAT U\u010cENIKA GIMNAZIJE: Kocka iz svemira sletjela u Ro\u017eaje","datePublished":"2019-12-20T09:20:17+00:00","dateModified":"2019-12-20T12:24:55+00:00","mainEntityOfPage":{"@id":"https:\/\/sandzakpress.net\/arhiva\/projekat-ucenika-gimnazije-kocka-iz-svemira-sletjela-u-rozaje\/"},"wordCount":494,"commentCount":0,"publisher":{"@id":"https:\/\/sandzakpress.net\/arhiva\/#\/schema\/person\/6e72b67d6e51910a1117b3b483ba20bd"},"image":{"@id":"https:\/\/sandzakpress.net\/arhiva\/projekat-ucenika-gimnazije-kocka-iz-svemira-sletjela-u-rozaje\/#primaryimage"},"thumbnailUrl":"https:\/\/sandzakpress.net\/arhiva\/wp-content\/uploads\/2019\/12\/cubes-in-space-696x469.jpg","articleSection":["Ro\u017eaje","Obrazovanje","VIJESTI DANA"],"inLanguage":"bs-BA","potentialAction":[{"@type":"CommentAction","name":"Comment","target":["https:\/\/sandzakpress.net\/arhiva\/projekat-ucenika-gimnazije-kocka-iz-svemira-sletjela-u-rozaje\/#respond"]}]},{"@type":"WebPage","@id":"https:\/\/sandzakpress.net\/arhiva\/projekat-ucenika-gimnazije-kocka-iz-svemira-sletjela-u-rozaje\/","url":"https:\/\/sandzakpress.net\/arhiva\/projekat-ucenika-gimnazije-kocka-iz-svemira-sletjela-u-rozaje\/","name":"PROJEKAT U\u010cENIKA GIMNAZIJE: Kocka iz svemira sletjela u Ro\u017eaje","isPartOf":{"@id":"https:\/\/sandzakpress.net\/arhiva\/#website"},"primaryImageOfPage":{"@id":"https:\/\/sandzakpress.net\/arhiva\/projekat-ucenika-gimnazije-kocka-iz-svemira-sletjela-u-rozaje\/#primaryimage"},"image":{"@id":"https:\/\/sandzakpress.net\/arhiva\/projekat-ucenika-gimnazije-kocka-iz-svemira-sletjela-u-rozaje\/#primaryimage"},"thumbnailUrl":"https:\/\/sandzakpress.net\/arhiva\/wp-content\/uploads\/2019\/12\/cubes-in-space-696x469.jpg","datePublished":"2019-12-20T09:20:17+00:00","dateModified":"2019-12-20T12:24:55+00:00","breadcrumb":{"@id":"https:\/\/sandzakpress.net\/arhiva\/projekat-ucenika-gimnazije-kocka-iz-svemira-sletjela-u-rozaje\/#breadcrumb"},"inLanguage":"bs-BA","potentialAction":[{"@type":"ReadAction","target":["https:\/\/sandzakpress.net\/arhiva\/projekat-ucenika-gimnazije-kocka-iz-svemira-sletjela-u-rozaje\/"]}]},{"@type":"ImageObject","inLanguage":"bs-BA","@id":"https:\/\/sandzakpress.net\/arhiva\/projekat-ucenika-gimnazije-kocka-iz-svemira-sletjela-u-rozaje\/#primaryimage","url":"https:\/\/sandzakpress.net\/arhiva\/wp-content\/uploads\/2019\/12\/cubes-in-space-696x469.jpg","contentUrl":"https:\/\/sandzakpress.net\/arhiva\/wp-content\/uploads\/2019\/12\/cubes-in-space-696x469.jpg","width":696,"height":469},{"@type":"BreadcrumbList","@id":"https:\/\/sandzakpress.net\/arhiva\/projekat-ucenika-gimnazije-kocka-iz-svemira-sletjela-u-rozaje\/#breadcrumb","itemListElement":[{"@type":"ListItem","position":1,"name":"Home","item":"https:\/\/sandzakpress.net\/arhiva\/"},{"@type":"ListItem","position":2,"name":"PROJEKAT U\u010cENIKA GIMNAZIJE: Kocka iz svemira sletjela u Ro\u017eaje"}]},{"@type":"WebSite","@id":"https:\/\/sandzakpress.net\/arhiva\/#website","url":"https:\/\/sandzakpress.net\/arhiva\/","name":"Sand\u017eak PRESS","description":"Prve elektronske novine u Sand\u017eaku","publisher":{"@id":"https:\/\/sandzakpress.net\/arhiva\/#\/schema\/person\/6e72b67d6e51910a1117b3b483ba20bd"},"potentialAction":[{"@type":"SearchAction","target":{"@type":"EntryPoint","urlTemplate":"https:\/\/sandzakpress.net\/arhiva\/?s={search_term_string}"},"query-input":{"@type":"PropertyValueSpecification","valueRequired":true,"valueName":"search_term_string"}}],"inLanguage":"bs-BA"},{"@type":["Person","Organization"],"@id":"https:\/\/sandzakpress.net\/arhiva\/#\/schema\/person\/6e72b67d6e51910a1117b3b483ba20bd","name":"Kul","image":{"@type":"ImageObject","inLanguage":"bs-BA","@id":"https:\/\/sandzakpress.net\/arhiva\/#\/schema\/person\/image\/","url":"https:\/\/secure.gravatar.com\/avatar\/42263f39aa27ac04c43cab85c280eb2e?s=96&d=mm&r=pg","contentUrl":"https:\/\/secure.gravatar.com\/avatar\/42263f39aa27ac04c43cab85c280eb2e?s=96&d=mm&r=pg","caption":"Kul"},"logo":{"@id":"https:\/\/sandzakpress.net\/arhiva\/#\/schema\/person\/image\/"}},{"@type":"Person","@id":"https:\/\/sandzakpress.net\/arhiva\/#\/schema\/person\/cb59d7e3ab91ab90dd680ad0305a6185","name":"Agencija","image":{"@type":"ImageObject","inLanguage":"bs-BA","@id":"https:\/\/sandzakpress.net\/arhiva\/#\/schema\/person\/image\/","url":"https:\/\/secure.gravatar.com\/avatar\/4b7fafa80a22f0c2afe23966b3961fe0?s=96&d=mm&r=pg","contentUrl":"https:\/\/secure.gravatar.com\/avatar\/4b7fafa80a22f0c2afe23966b3961fe0?s=96&d=mm&r=pg","caption":"Agencija"},"url":"https:\/\/sandzakpress.net\/arhiva\/author\/agencija\/"}]}},"_links":{"self":[{"href":"https:\/\/sandzakpress.net\/arhiva\/wp-json\/wp\/v2\/posts\/232041"}],"collection":[{"href":"https:\/\/sandzakpress.net\/arhiva\/wp-json\/wp\/v2\/posts"}],"about":[{"href":"https:\/\/sandzakpress.net\/arhiva\/wp-json\/wp\/v2\/types\/post"}],"author":[{"embeddable":true,"href":"https:\/\/sandzakpress.net\/arhiva\/wp-json\/wp\/v2\/users\/509"}],"replies":[{"embeddable":true,"href":"https:\/\/sandzakpress.net\/arhiva\/wp-json\/wp\/v2\/comments?post=232041"}],"version-history":[{"count":0,"href":"https:\/\/sandzakpress.net\/arhiva\/wp-json\/wp\/v2\/posts\/232041\/revisions"}],"wp:featuredmedia":[{"embeddable":true,"href":"https:\/\/sandzakpress.net\/arhiva\/wp-json\/wp\/v2\/media\/232044"}],"wp:attachment":[{"href":"https:\/\/sandzakpress.net\/arhiva\/wp-json\/wp\/v2\/media?parent=232041"}],"wp:term":[{"taxonomy":"category","embeddable":true,"href":"https:\/\/sandzakpress.net\/arhiva\/wp-json\/wp\/v2\/categories?post=232041"},{"taxonomy":"post_tag","embeddable":true,"href":"https:\/\/sandzakpress.net\/arhiva\/wp-json\/wp\/v2\/tags?post=232041"}],"curies":[{"name":"wp","href":"https:\/\/api.w.org\/{rel}","templated":true}]}}