{"id":232021,"date":"2019-12-19T14:29:55","date_gmt":"2019-12-19T13:29:55","guid":{"rendered":"https:\/\/sandzakpress.net\/arhiva\/?p=232021"},"modified":"2019-12-19T14:29:55","modified_gmt":"2019-12-19T13:29:55","slug":"dopler-radar-postavljen-na-magistrali-kroz-novu-varos","status":"publish","type":"post","link":"https:\/\/sandzakpress.net\/arhiva\/dopler-radar-postavljen-na-magistrali-kroz-novu-varos\/","title":{"rendered":"Dopler radar postavljen na magistrali kroz Novu Varo\u0161"},"content":{"rendered":"<p><img decoding=\"async\" src=\"https:\/\/ppmedia.rs\/wp-content\/uploads\/2019\/12\/usporivaci-1024x498.jpg\" \/><\/p>\n<p><strong>Nova Varo\u0161 \u2013 Pazi deca, Smanji brzinu \u2013 upozoravaju voza\u010de blje\u0161te\u0107i natpisi sa dva dopler radara na delu magistrale kroz grad. Postavljeni su sa obe strane kolovoza, iznad pijaca, s ciljem da pove\u0107aju bezbednost, pre svega pe\u0161aka kojih je dosta na ovoj deonici.<\/strong><\/p>\n<p>Dopler radar ima oblik saobra\u0107ajnog znaka pravougaonog oblika, o\u010ditava brzinu svakog vozila koje mu dolazi u susret i upozorava voza\u010de ukoliko su napravili prekora\u010denje. Nadle\u017eni ka\u017eu da su pokazali kao najefikasnije sredstvo za usporavanje saobra\u0107aja. Vrednost projekta je 800 hiljada dinara, a finansiran je sredstvima iz op\u0161tinskog bud\u017eeta, namenjenih za pobolj\u0161anje bezbednosti saobra\u0107aja.<\/p>\n<p>-Zbog tehni\u010dkih pote\u0161ko\u0107a za sada radi samo dopler radar koji upozorava voza\u010de iz pravca Brano\u0161evca, a postavljen je preko puta \u201cObu\u0107are\u201c, na izlazu sa benzinske pumpe. Drugi je kod \u201eSloge\u201c i namenjen je voza\u010dima iz pravca Zebinovca i autobuske stanice, i on \u0107e ovih dana biti pu\u0161ten u rad. Ovo je najnepreglednija deonica kroz grad, pa pe\u0161aci rizikuju sa svakim prelaskom, a naro\u010dito su ugro\u017eena deca. Sa gornje strane magistrale je veliki broj stambenih i poslovnih objekata zbog \u010dega je koristi dosta me\u0161tana- ka\u017ee Dejan Grbi\u0107, \u0161ef Odeljenja za investicije i javne nabavke op\u0161tinske uprave i pomo\u0107nik predsednika op\u0161tine.<\/p>\n","protected":false},"excerpt":{"rendered":"<p>Nova Varo\u0161 \u2013 Pazi deca, Smanji brzinu \u2013 upozoravaju voza\u010de blje\u0161te\u0107i natpisi sa dva dopler radara na delu magistrale kroz grad. Postavljeni su sa obe strane kolovoza, iznad pijaca, s ciljem da pove\u0107aju bezbednost, pre svega pe\u0161aka kojih je dosta na ovoj deonici. Dopler radar ima oblik saobra\u0107ajnog znaka pravougaonog oblika, o\u010ditava brzinu svakog vozila [&hellip;]<\/p>\n","protected":false},"author":509,"featured_media":232022,"comment_status":"open","ping_status":"open","sticky":false,"template":"","format":"standard","meta":{"footnotes":""},"categories":[394,5],"tags":[],"class_list":{"0":"post-232021","1":"post","2":"type-post","3":"status-publish","4":"format-standard","5":"has-post-thumbnail","7":"category-nova-varos","8":"category-drustvo"},"yoast_head":"<!-- This site is optimized with the Yoast SEO Premium plugin v23.1 (Yoast SEO v24.9) - https:\/\/yoast.com\/wordpress\/plugins\/seo\/ -->\n<title>Dopler radar postavljen na magistrali kroz Novu Varo\u0161<\/title>\n<meta name=\"robots\" content=\"index, follow, max-snippet:-1, max-image-preview:large, max-video-preview:-1\" \/>\n<link rel=\"canonical\" href=\"https:\/\/sandzakpress.net\/arhiva\/dopler-radar-postavljen-na-magistrali-kroz-novu-varos\/\" \/>\n<meta property=\"og:locale\" content=\"bs_BA\" \/>\n<meta property=\"og:type\" content=\"article\" \/>\n<meta property=\"og:title\" content=\"Dopler radar postavljen na magistrali kroz Novu Varo\u0161\" \/>\n<meta property=\"og:description\" content=\"Nova Varo\u0161 \u2013 Pazi deca, Smanji brzinu \u2013 upozoravaju voza\u010de blje\u0161te\u0107i natpisi sa dva dopler radara na delu magistrale kroz grad. Postavljeni su sa obe strane kolovoza, iznad pijaca, s ciljem da pove\u0107aju bezbednost, pre svega pe\u0161aka kojih je dosta na ovoj deonici. Dopler radar ima oblik saobra\u0107ajnog znaka pravougaonog oblika, o\u010ditava brzinu svakog vozila [&hellip;]\" \/>\n<meta property=\"og:url\" content=\"https:\/\/sandzakpress.net\/arhiva\/dopler-radar-postavljen-na-magistrali-kroz-novu-varos\/\" \/>\n<meta property=\"og:site_name\" content=\"Sand\u017eak PRESS\" \/>\n<meta property=\"article:published_time\" content=\"2019-12-19T13:29:55+00:00\" \/>\n<meta property=\"og:image\" content=\"https:\/\/sandzakpress.net\/arhiva\/wp-content\/uploads\/2019\/12\/usporivaci-1024x498.jpg\" \/>\n\t<meta property=\"og:image:width\" content=\"1024\" \/>\n\t<meta property=\"og:image:height\" content=\"498\" \/>\n\t<meta property=\"og:image:type\" content=\"image\/jpeg\" \/>\n<meta name=\"author\" content=\"Agencija\" \/>\n<meta name=\"twitter:card\" content=\"summary_large_image\" \/>\n<meta name=\"twitter:label1\" content=\"Written by\" \/>\n\t<meta name=\"twitter:data1\" content=\"Agencija\" \/>\n\t<meta name=\"twitter:label2\" content=\"Est. reading time\" \/>\n\t<meta name=\"twitter:data2\" content=\"1 minuta\" \/>\n<script type=\"application\/ld+json\" class=\"yoast-schema-graph\">{\"@context\":\"https:\/\/schema.org\",\"@graph\":[{\"@type\":\"Article\",\"@id\":\"https:\/\/sandzakpress.net\/arhiva\/dopler-radar-postavljen-na-magistrali-kroz-novu-varos\/#article\",\"isPartOf\":{\"@id\":\"https:\/\/sandzakpress.net\/arhiva\/dopler-radar-postavljen-na-magistrali-kroz-novu-varos\/\"},\"author\":{\"name\":\"Agencija\",\"@id\":\"https:\/\/sandzakpress.net\/arhiva\/#\/schema\/person\/cb59d7e3ab91ab90dd680ad0305a6185\"},\"headline\":\"Dopler radar postavljen na magistrali kroz Novu Varo\u0161\",\"datePublished\":\"2019-12-19T13:29:55+00:00\",\"mainEntityOfPage\":{\"@id\":\"https:\/\/sandzakpress.net\/arhiva\/dopler-radar-postavljen-na-magistrali-kroz-novu-varos\/\"},\"wordCount\":232,\"commentCount\":0,\"publisher\":{\"@id\":\"https:\/\/sandzakpress.net\/arhiva\/#\/schema\/person\/6e72b67d6e51910a1117b3b483ba20bd\"},\"image\":{\"@id\":\"https:\/\/sandzakpress.net\/arhiva\/dopler-radar-postavljen-na-magistrali-kroz-novu-varos\/#primaryimage\"},\"thumbnailUrl\":\"https:\/\/sandzakpress.net\/arhiva\/wp-content\/uploads\/2019\/12\/usporivaci-1024x498.jpg\",\"articleSection\":[\"Nova Varo\u0161\",\"Dru\u0161tvo\"],\"inLanguage\":\"bs-BA\",\"potentialAction\":[{\"@type\":\"CommentAction\",\"name\":\"Comment\",\"target\":[\"https:\/\/sandzakpress.net\/arhiva\/dopler-radar-postavljen-na-magistrali-kroz-novu-varos\/#respond\"]}]},{\"@type\":\"WebPage\",\"@id\":\"https:\/\/sandzakpress.net\/arhiva\/dopler-radar-postavljen-na-magistrali-kroz-novu-varos\/\",\"url\":\"https:\/\/sandzakpress.net\/arhiva\/dopler-radar-postavljen-na-magistrali-kroz-novu-varos\/\",\"name\":\"Dopler radar postavljen na magistrali kroz Novu Varo\u0161\",\"isPartOf\":{\"@id\":\"https:\/\/sandzakpress.net\/arhiva\/#website\"},\"primaryImageOfPage\":{\"@id\":\"https:\/\/sandzakpress.net\/arhiva\/dopler-radar-postavljen-na-magistrali-kroz-novu-varos\/#primaryimage\"},\"image\":{\"@id\":\"https:\/\/sandzakpress.net\/arhiva\/dopler-radar-postavljen-na-magistrali-kroz-novu-varos\/#primaryimage\"},\"thumbnailUrl\":\"https:\/\/sandzakpress.net\/arhiva\/wp-content\/uploads\/2019\/12\/usporivaci-1024x498.jpg\",\"datePublished\":\"2019-12-19T13:29:55+00:00\",\"breadcrumb\":{\"@id\":\"https:\/\/sandzakpress.net\/arhiva\/dopler-radar-postavljen-na-magistrali-kroz-novu-varos\/#breadcrumb\"},\"inLanguage\":\"bs-BA\",\"potentialAction\":[{\"@type\":\"ReadAction\",\"target\":[\"https:\/\/sandzakpress.net\/arhiva\/dopler-radar-postavljen-na-magistrali-kroz-novu-varos\/\"]}]},{\"@type\":\"ImageObject\",\"inLanguage\":\"bs-BA\",\"@id\":\"https:\/\/sandzakpress.net\/arhiva\/dopler-radar-postavljen-na-magistrali-kroz-novu-varos\/#primaryimage\",\"url\":\"https:\/\/sandzakpress.net\/arhiva\/wp-content\/uploads\/2019\/12\/usporivaci-1024x498.jpg\",\"contentUrl\":\"https:\/\/sandzakpress.net\/arhiva\/wp-content\/uploads\/2019\/12\/usporivaci-1024x498.jpg\",\"width\":1024,\"height\":498},{\"@type\":\"BreadcrumbList\",\"@id\":\"https:\/\/sandzakpress.net\/arhiva\/dopler-radar-postavljen-na-magistrali-kroz-novu-varos\/#breadcrumb\",\"itemListElement\":[{\"@type\":\"ListItem\",\"position\":1,\"name\":\"Home\",\"item\":\"https:\/\/sandzakpress.net\/arhiva\/\"},{\"@type\":\"ListItem\",\"position\":2,\"name\":\"Dopler radar postavljen na magistrali kroz Novu Varo\u0161\"}]},{\"@type\":\"WebSite\",\"@id\":\"https:\/\/sandzakpress.net\/arhiva\/#website\",\"url\":\"https:\/\/sandzakpress.net\/arhiva\/\",\"name\":\"Sand\u017eak PRESS\",\"description\":\"Prve elektronske novine u Sand\u017eaku\",\"publisher\":{\"@id\":\"https:\/\/sandzakpress.net\/arhiva\/#\/schema\/person\/6e72b67d6e51910a1117b3b483ba20bd\"},\"potentialAction\":[{\"@type\":\"SearchAction\",\"target\":{\"@type\":\"EntryPoint\",\"urlTemplate\":\"https:\/\/sandzakpress.net\/arhiva\/?s={search_term_string}\"},\"query-input\":{\"@type\":\"PropertyValueSpecification\",\"valueRequired\":true,\"valueName\":\"search_term_string\"}}],\"inLanguage\":\"bs-BA\"},{\"@type\":[\"Person\",\"Organization\"],\"@id\":\"https:\/\/sandzakpress.net\/arhiva\/#\/schema\/person\/6e72b67d6e51910a1117b3b483ba20bd\",\"name\":\"Kul\",\"image\":{\"@type\":\"ImageObject\",\"inLanguage\":\"bs-BA\",\"@id\":\"https:\/\/sandzakpress.net\/arhiva\/#\/schema\/person\/image\/\",\"url\":\"https:\/\/secure.gravatar.com\/avatar\/42263f39aa27ac04c43cab85c280eb2e?s=96&d=mm&r=pg\",\"contentUrl\":\"https:\/\/secure.gravatar.com\/avatar\/42263f39aa27ac04c43cab85c280eb2e?s=96&d=mm&r=pg\",\"caption\":\"Kul\"},\"logo\":{\"@id\":\"https:\/\/sandzakpress.net\/arhiva\/#\/schema\/person\/image\/\"}},{\"@type\":\"Person\",\"@id\":\"https:\/\/sandzakpress.net\/arhiva\/#\/schema\/person\/cb59d7e3ab91ab90dd680ad0305a6185\",\"name\":\"Agencija\",\"image\":{\"@type\":\"ImageObject\",\"inLanguage\":\"bs-BA\",\"@id\":\"https:\/\/sandzakpress.net\/arhiva\/#\/schema\/person\/image\/\",\"url\":\"https:\/\/secure.gravatar.com\/avatar\/4b7fafa80a22f0c2afe23966b3961fe0?s=96&d=mm&r=pg\",\"contentUrl\":\"https:\/\/secure.gravatar.com\/avatar\/4b7fafa80a22f0c2afe23966b3961fe0?s=96&d=mm&r=pg\",\"caption\":\"Agencija\"},\"url\":\"https:\/\/sandzakpress.net\/arhiva\/author\/agencija\/\"}]}<\/script>\n<!-- \/ Yoast SEO Premium plugin. -->","yoast_head_json":{"title":"Dopler radar postavljen na magistrali kroz Novu Varo\u0161","robots":{"index":"index","follow":"follow","max-snippet":"max-snippet:-1","max-image-preview":"max-image-preview:large","max-video-preview":"max-video-preview:-1"},"canonical":"https:\/\/sandzakpress.net\/arhiva\/dopler-radar-postavljen-na-magistrali-kroz-novu-varos\/","og_locale":"bs_BA","og_type":"article","og_title":"Dopler radar postavljen na magistrali kroz Novu Varo\u0161","og_description":"Nova Varo\u0161 \u2013 Pazi deca, Smanji brzinu \u2013 upozoravaju voza\u010de blje\u0161te\u0107i natpisi sa dva dopler radara na delu magistrale kroz grad. Postavljeni su sa obe strane kolovoza, iznad pijaca, s ciljem da pove\u0107aju bezbednost, pre svega pe\u0161aka kojih je dosta na ovoj deonici. Dopler radar ima oblik saobra\u0107ajnog znaka pravougaonog oblika, o\u010ditava brzinu svakog vozila [&hellip;]","og_url":"https:\/\/sandzakpress.net\/arhiva\/dopler-radar-postavljen-na-magistrali-kroz-novu-varos\/","og_site_name":"Sand\u017eak PRESS","article_published_time":"2019-12-19T13:29:55+00:00","og_image":[{"width":1024,"height":498,"url":"https:\/\/sandzakpress.net\/arhiva\/wp-content\/uploads\/2019\/12\/usporivaci-1024x498.jpg","type":"image\/jpeg"}],"author":"Agencija","twitter_card":"summary_large_image","twitter_misc":{"Written by":"Agencija","Est. reading time":"1 minuta"},"schema":{"@context":"https:\/\/schema.org","@graph":[{"@type":"Article","@id":"https:\/\/sandzakpress.net\/arhiva\/dopler-radar-postavljen-na-magistrali-kroz-novu-varos\/#article","isPartOf":{"@id":"https:\/\/sandzakpress.net\/arhiva\/dopler-radar-postavljen-na-magistrali-kroz-novu-varos\/"},"author":{"name":"Agencija","@id":"https:\/\/sandzakpress.net\/arhiva\/#\/schema\/person\/cb59d7e3ab91ab90dd680ad0305a6185"},"headline":"Dopler radar postavljen na magistrali kroz Novu Varo\u0161","datePublished":"2019-12-19T13:29:55+00:00","mainEntityOfPage":{"@id":"https:\/\/sandzakpress.net\/arhiva\/dopler-radar-postavljen-na-magistrali-kroz-novu-varos\/"},"wordCount":232,"commentCount":0,"publisher":{"@id":"https:\/\/sandzakpress.net\/arhiva\/#\/schema\/person\/6e72b67d6e51910a1117b3b483ba20bd"},"image":{"@id":"https:\/\/sandzakpress.net\/arhiva\/dopler-radar-postavljen-na-magistrali-kroz-novu-varos\/#primaryimage"},"thumbnailUrl":"https:\/\/sandzakpress.net\/arhiva\/wp-content\/uploads\/2019\/12\/usporivaci-1024x498.jpg","articleSection":["Nova Varo\u0161","Dru\u0161tvo"],"inLanguage":"bs-BA","potentialAction":[{"@type":"CommentAction","name":"Comment","target":["https:\/\/sandzakpress.net\/arhiva\/dopler-radar-postavljen-na-magistrali-kroz-novu-varos\/#respond"]}]},{"@type":"WebPage","@id":"https:\/\/sandzakpress.net\/arhiva\/dopler-radar-postavljen-na-magistrali-kroz-novu-varos\/","url":"https:\/\/sandzakpress.net\/arhiva\/dopler-radar-postavljen-na-magistrali-kroz-novu-varos\/","name":"Dopler radar postavljen na magistrali kroz Novu Varo\u0161","isPartOf":{"@id":"https:\/\/sandzakpress.net\/arhiva\/#website"},"primaryImageOfPage":{"@id":"https:\/\/sandzakpress.net\/arhiva\/dopler-radar-postavljen-na-magistrali-kroz-novu-varos\/#primaryimage"},"image":{"@id":"https:\/\/sandzakpress.net\/arhiva\/dopler-radar-postavljen-na-magistrali-kroz-novu-varos\/#primaryimage"},"thumbnailUrl":"https:\/\/sandzakpress.net\/arhiva\/wp-content\/uploads\/2019\/12\/usporivaci-1024x498.jpg","datePublished":"2019-12-19T13:29:55+00:00","breadcrumb":{"@id":"https:\/\/sandzakpress.net\/arhiva\/dopler-radar-postavljen-na-magistrali-kroz-novu-varos\/#breadcrumb"},"inLanguage":"bs-BA","potentialAction":[{"@type":"ReadAction","target":["https:\/\/sandzakpress.net\/arhiva\/dopler-radar-postavljen-na-magistrali-kroz-novu-varos\/"]}]},{"@type":"ImageObject","inLanguage":"bs-BA","@id":"https:\/\/sandzakpress.net\/arhiva\/dopler-radar-postavljen-na-magistrali-kroz-novu-varos\/#primaryimage","url":"https:\/\/sandzakpress.net\/arhiva\/wp-content\/uploads\/2019\/12\/usporivaci-1024x498.jpg","contentUrl":"https:\/\/sandzakpress.net\/arhiva\/wp-content\/uploads\/2019\/12\/usporivaci-1024x498.jpg","width":1024,"height":498},{"@type":"BreadcrumbList","@id":"https:\/\/sandzakpress.net\/arhiva\/dopler-radar-postavljen-na-magistrali-kroz-novu-varos\/#breadcrumb","itemListElement":[{"@type":"ListItem","position":1,"name":"Home","item":"https:\/\/sandzakpress.net\/arhiva\/"},{"@type":"ListItem","position":2,"name":"Dopler radar postavljen na magistrali kroz Novu Varo\u0161"}]},{"@type":"WebSite","@id":"https:\/\/sandzakpress.net\/arhiva\/#website","url":"https:\/\/sandzakpress.net\/arhiva\/","name":"Sand\u017eak PRESS","description":"Prve elektronske novine u Sand\u017eaku","publisher":{"@id":"https:\/\/sandzakpress.net\/arhiva\/#\/schema\/person\/6e72b67d6e51910a1117b3b483ba20bd"},"potentialAction":[{"@type":"SearchAction","target":{"@type":"EntryPoint","urlTemplate":"https:\/\/sandzakpress.net\/arhiva\/?s={search_term_string}"},"query-input":{"@type":"PropertyValueSpecification","valueRequired":true,"valueName":"search_term_string"}}],"inLanguage":"bs-BA"},{"@type":["Person","Organization"],"@id":"https:\/\/sandzakpress.net\/arhiva\/#\/schema\/person\/6e72b67d6e51910a1117b3b483ba20bd","name":"Kul","image":{"@type":"ImageObject","inLanguage":"bs-BA","@id":"https:\/\/sandzakpress.net\/arhiva\/#\/schema\/person\/image\/","url":"https:\/\/secure.gravatar.com\/avatar\/42263f39aa27ac04c43cab85c280eb2e?s=96&d=mm&r=pg","contentUrl":"https:\/\/secure.gravatar.com\/avatar\/42263f39aa27ac04c43cab85c280eb2e?s=96&d=mm&r=pg","caption":"Kul"},"logo":{"@id":"https:\/\/sandzakpress.net\/arhiva\/#\/schema\/person\/image\/"}},{"@type":"Person","@id":"https:\/\/sandzakpress.net\/arhiva\/#\/schema\/person\/cb59d7e3ab91ab90dd680ad0305a6185","name":"Agencija","image":{"@type":"ImageObject","inLanguage":"bs-BA","@id":"https:\/\/sandzakpress.net\/arhiva\/#\/schema\/person\/image\/","url":"https:\/\/secure.gravatar.com\/avatar\/4b7fafa80a22f0c2afe23966b3961fe0?s=96&d=mm&r=pg","contentUrl":"https:\/\/secure.gravatar.com\/avatar\/4b7fafa80a22f0c2afe23966b3961fe0?s=96&d=mm&r=pg","caption":"Agencija"},"url":"https:\/\/sandzakpress.net\/arhiva\/author\/agencija\/"}]}},"_links":{"self":[{"href":"https:\/\/sandzakpress.net\/arhiva\/wp-json\/wp\/v2\/posts\/232021"}],"collection":[{"href":"https:\/\/sandzakpress.net\/arhiva\/wp-json\/wp\/v2\/posts"}],"about":[{"href":"https:\/\/sandzakpress.net\/arhiva\/wp-json\/wp\/v2\/types\/post"}],"author":[{"embeddable":true,"href":"https:\/\/sandzakpress.net\/arhiva\/wp-json\/wp\/v2\/users\/509"}],"replies":[{"embeddable":true,"href":"https:\/\/sandzakpress.net\/arhiva\/wp-json\/wp\/v2\/comments?post=232021"}],"version-history":[{"count":0,"href":"https:\/\/sandzakpress.net\/arhiva\/wp-json\/wp\/v2\/posts\/232021\/revisions"}],"wp:featuredmedia":[{"embeddable":true,"href":"https:\/\/sandzakpress.net\/arhiva\/wp-json\/wp\/v2\/media\/232022"}],"wp:attachment":[{"href":"https:\/\/sandzakpress.net\/arhiva\/wp-json\/wp\/v2\/media?parent=232021"}],"wp:term":[{"taxonomy":"category","embeddable":true,"href":"https:\/\/sandzakpress.net\/arhiva\/wp-json\/wp\/v2\/categories?post=232021"},{"taxonomy":"post_tag","embeddable":true,"href":"https:\/\/sandzakpress.net\/arhiva\/wp-json\/wp\/v2\/tags?post=232021"}],"curies":[{"name":"wp","href":"https:\/\/api.w.org\/{rel}","templated":true}]}}