{"id":232003,"date":"2019-12-19T14:25:36","date_gmt":"2019-12-19T13:25:36","guid":{"rendered":"https:\/\/sandzakpress.net\/arhiva\/?p=232003"},"modified":"2019-12-19T14:25:36","modified_gmt":"2019-12-19T13:25:36","slug":"bjelopoljcu-25-dana-zatvora-zbog-voznje-u-pijanom-stanju","status":"publish","type":"post","link":"https:\/\/sandzakpress.net\/arhiva\/bjelopoljcu-25-dana-zatvora-zbog-voznje-u-pijanom-stanju\/","title":{"rendered":"Bjelopoljcu 25 dana zatvora zbog vo\u017enje u pijanom stanju"},"content":{"rendered":"<p><img decoding=\"async\" src=\"https:\/\/www.sandzaklive.rs\/images\/00\/5df9fb4a-3590-49ab-bb2a-29f50a0a0a67-test3373691280-preview.jpg\" alt=\"5df9fb4a 3590 49ab bb2a 29f50a0a0a67 test3373691280 preview\" \/><\/p>\n<p><strong>Bjelopoljac M.G.(40) osu\u0111en je 25 dana zatvora jer je ju\u010de 17. decembra, vozio pod dejstvom alkohola u krvi od 2,36 promila.<\/strong><\/p>\n<p>Slu\u017ebenici Centra bezbjednosti Bijelo Polje su vr\u0161e\u0107i redovne kontrole u saobra\u0107aju u ulici Tre\u0107e\u00a0Sand\u017ea\u010dke brigade zaustavili vozilo kojem je upravljao M.G.<\/p>\n<p>&#8220;Alkotestiranjem je kod M.G. utvr\u0111eno prisustvo alkohola od 2.36 promila&#8221;, saop\u0161teno je Kodexu iz policije.<\/p>\n<p>Bjelopoljac je li\u0161en slobode, a od strane Suda za prekr\u0161aje sankcionisan je sa 25 dana zatvora.<\/p>\n<p>Crnogorska policija apelovala je vi\u0161e puta na voza\u010de da ne upravljaju vozilom nakon konzumacije alkohola te najavila poja\u010dane kontrole, naro\u010dito u danima vikenda.<\/p>\n<p>Kako je po\u010detkom mjeseca saop\u0161teno iz Odsjeka za bezbjednost drumskog saobra\u0107aja upravljanje vozilom od strane voza\u010da koji su prethodno konzumirali alkohol i dalje je jedan od najzastupljenijih prekr\u0161aja i uzroka saobra\u0107ajnih nezgoda sa najte\u017eim posljedicama.<\/p>\n<p>&#8220;Jo\u0161 jednom apelujemo na voza\u010de, da nakon konzumiranja alkohola,\u00a0 ne upravljaju vozilom, jer ovakvim opasnim i neodgovornim pona\u0161anjem, ugro\u017eavaju, ne samo svoj \u017eivot, ve\u0107 i \u017eivote svojih saputnika i ostalih u\u010desnika u saobra\u0107aju&#8221;,poru\u010dili su ranije iz\u00a0Odsjeka za bezbjednost drumskog saobra\u0107aja. (Kodeks)<\/p>\n","protected":false},"excerpt":{"rendered":"<p>Bjelopoljac M.G.(40) osu\u0111en je 25 dana zatvora jer je ju\u010de 17. decembra, vozio pod dejstvom alkohola u krvi od 2,36 promila. Slu\u017ebenici Centra bezbjednosti Bijelo Polje su vr\u0161e\u0107i redovne kontrole u saobra\u0107aju u ulici Tre\u0107e\u00a0Sand\u017ea\u010dke brigade zaustavili vozilo kojem je upravljao M.G. &#8220;Alkotestiranjem je kod M.G. utvr\u0111eno prisustvo alkohola od 2.36 promila&#8221;, saop\u0161teno je Kodexu [&hellip;]<\/p>\n","protected":false},"author":509,"featured_media":232008,"comment_status":"open","ping_status":"open","sticky":false,"template":"","format":"standard","meta":{"footnotes":""},"categories":[396,801],"tags":[],"class_list":{"0":"post-232003","1":"post","2":"type-post","3":"status-publish","4":"format-standard","5":"has-post-thumbnail","7":"category-bijelo_polje","8":"category-crna_hronika"},"yoast_head":"<!-- This site is optimized with the Yoast SEO Premium plugin v23.1 (Yoast SEO v24.9) - https:\/\/yoast.com\/wordpress\/plugins\/seo\/ -->\n<title>Bjelopoljcu 25 dana zatvora zbog vo\u017enje u pijanom stanju<\/title>\n<meta name=\"robots\" content=\"index, follow, max-snippet:-1, max-image-preview:large, max-video-preview:-1\" \/>\n<link rel=\"canonical\" href=\"https:\/\/sandzakpress.net\/arhiva\/bjelopoljcu-25-dana-zatvora-zbog-voznje-u-pijanom-stanju\/\" \/>\n<meta property=\"og:locale\" content=\"bs_BA\" \/>\n<meta property=\"og:type\" content=\"article\" \/>\n<meta property=\"og:title\" content=\"Bjelopoljcu 25 dana zatvora zbog vo\u017enje u pijanom stanju\" \/>\n<meta property=\"og:description\" content=\"Bjelopoljac M.G.(40) osu\u0111en je 25 dana zatvora jer je ju\u010de 17. decembra, vozio pod dejstvom alkohola u krvi od 2,36 promila. Slu\u017ebenici Centra bezbjednosti Bijelo Polje su vr\u0161e\u0107i redovne kontrole u saobra\u0107aju u ulici Tre\u0107e\u00a0Sand\u017ea\u010dke brigade zaustavili vozilo kojem je upravljao M.G. &#8220;Alkotestiranjem je kod M.G. utvr\u0111eno prisustvo alkohola od 2.36 promila&#8221;, saop\u0161teno je Kodexu [&hellip;]\" \/>\n<meta property=\"og:url\" content=\"https:\/\/sandzakpress.net\/arhiva\/bjelopoljcu-25-dana-zatvora-zbog-voznje-u-pijanom-stanju\/\" \/>\n<meta property=\"og:site_name\" content=\"Sand\u017eak PRESS\" \/>\n<meta property=\"article:published_time\" content=\"2019-12-19T13:25:36+00:00\" \/>\n<meta property=\"og:image\" content=\"https:\/\/sandzakpress.net\/arhiva\/wp-content\/uploads\/2019\/12\/5df9fb4a-3590-49ab-bb2a-29f50a0a0a67-test3373691280-preview.jpg\" \/>\n\t<meta property=\"og:image:width\" content=\"670\" \/>\n\t<meta property=\"og:image:height\" content=\"433\" \/>\n\t<meta property=\"og:image:type\" content=\"image\/jpeg\" \/>\n<meta name=\"author\" content=\"Agencija\" \/>\n<meta name=\"twitter:card\" content=\"summary_large_image\" \/>\n<meta name=\"twitter:label1\" content=\"Written by\" \/>\n\t<meta name=\"twitter:data1\" content=\"Agencija\" \/>\n\t<meta name=\"twitter:label2\" content=\"Est. reading time\" \/>\n\t<meta name=\"twitter:data2\" content=\"1 minuta\" \/>\n<script type=\"application\/ld+json\" class=\"yoast-schema-graph\">{\"@context\":\"https:\/\/schema.org\",\"@graph\":[{\"@type\":\"Article\",\"@id\":\"https:\/\/sandzakpress.net\/arhiva\/bjelopoljcu-25-dana-zatvora-zbog-voznje-u-pijanom-stanju\/#article\",\"isPartOf\":{\"@id\":\"https:\/\/sandzakpress.net\/arhiva\/bjelopoljcu-25-dana-zatvora-zbog-voznje-u-pijanom-stanju\/\"},\"author\":{\"name\":\"Agencija\",\"@id\":\"https:\/\/sandzakpress.net\/arhiva\/#\/schema\/person\/cb59d7e3ab91ab90dd680ad0305a6185\"},\"headline\":\"Bjelopoljcu 25 dana zatvora zbog vo\u017enje u pijanom stanju\",\"datePublished\":\"2019-12-19T13:25:36+00:00\",\"mainEntityOfPage\":{\"@id\":\"https:\/\/sandzakpress.net\/arhiva\/bjelopoljcu-25-dana-zatvora-zbog-voznje-u-pijanom-stanju\/\"},\"wordCount\":213,\"commentCount\":0,\"publisher\":{\"@id\":\"https:\/\/sandzakpress.net\/arhiva\/#\/schema\/person\/6e72b67d6e51910a1117b3b483ba20bd\"},\"image\":{\"@id\":\"https:\/\/sandzakpress.net\/arhiva\/bjelopoljcu-25-dana-zatvora-zbog-voznje-u-pijanom-stanju\/#primaryimage\"},\"thumbnailUrl\":\"https:\/\/sandzakpress.net\/arhiva\/wp-content\/uploads\/2019\/12\/5df9fb4a-3590-49ab-bb2a-29f50a0a0a67-test3373691280-preview.jpg\",\"articleSection\":[\"Bijelo Polje\",\"Hronika\"],\"inLanguage\":\"bs-BA\",\"potentialAction\":[{\"@type\":\"CommentAction\",\"name\":\"Comment\",\"target\":[\"https:\/\/sandzakpress.net\/arhiva\/bjelopoljcu-25-dana-zatvora-zbog-voznje-u-pijanom-stanju\/#respond\"]}]},{\"@type\":\"WebPage\",\"@id\":\"https:\/\/sandzakpress.net\/arhiva\/bjelopoljcu-25-dana-zatvora-zbog-voznje-u-pijanom-stanju\/\",\"url\":\"https:\/\/sandzakpress.net\/arhiva\/bjelopoljcu-25-dana-zatvora-zbog-voznje-u-pijanom-stanju\/\",\"name\":\"Bjelopoljcu 25 dana zatvora zbog vo\u017enje u pijanom stanju\",\"isPartOf\":{\"@id\":\"https:\/\/sandzakpress.net\/arhiva\/#website\"},\"primaryImageOfPage\":{\"@id\":\"https:\/\/sandzakpress.net\/arhiva\/bjelopoljcu-25-dana-zatvora-zbog-voznje-u-pijanom-stanju\/#primaryimage\"},\"image\":{\"@id\":\"https:\/\/sandzakpress.net\/arhiva\/bjelopoljcu-25-dana-zatvora-zbog-voznje-u-pijanom-stanju\/#primaryimage\"},\"thumbnailUrl\":\"https:\/\/sandzakpress.net\/arhiva\/wp-content\/uploads\/2019\/12\/5df9fb4a-3590-49ab-bb2a-29f50a0a0a67-test3373691280-preview.jpg\",\"datePublished\":\"2019-12-19T13:25:36+00:00\",\"breadcrumb\":{\"@id\":\"https:\/\/sandzakpress.net\/arhiva\/bjelopoljcu-25-dana-zatvora-zbog-voznje-u-pijanom-stanju\/#breadcrumb\"},\"inLanguage\":\"bs-BA\",\"potentialAction\":[{\"@type\":\"ReadAction\",\"target\":[\"https:\/\/sandzakpress.net\/arhiva\/bjelopoljcu-25-dana-zatvora-zbog-voznje-u-pijanom-stanju\/\"]}]},{\"@type\":\"ImageObject\",\"inLanguage\":\"bs-BA\",\"@id\":\"https:\/\/sandzakpress.net\/arhiva\/bjelopoljcu-25-dana-zatvora-zbog-voznje-u-pijanom-stanju\/#primaryimage\",\"url\":\"https:\/\/sandzakpress.net\/arhiva\/wp-content\/uploads\/2019\/12\/5df9fb4a-3590-49ab-bb2a-29f50a0a0a67-test3373691280-preview.jpg\",\"contentUrl\":\"https:\/\/sandzakpress.net\/arhiva\/wp-content\/uploads\/2019\/12\/5df9fb4a-3590-49ab-bb2a-29f50a0a0a67-test3373691280-preview.jpg\",\"width\":670,\"height\":433},{\"@type\":\"BreadcrumbList\",\"@id\":\"https:\/\/sandzakpress.net\/arhiva\/bjelopoljcu-25-dana-zatvora-zbog-voznje-u-pijanom-stanju\/#breadcrumb\",\"itemListElement\":[{\"@type\":\"ListItem\",\"position\":1,\"name\":\"Home\",\"item\":\"https:\/\/sandzakpress.net\/arhiva\/\"},{\"@type\":\"ListItem\",\"position\":2,\"name\":\"Bjelopoljcu 25 dana zatvora zbog vo\u017enje u pijanom stanju\"}]},{\"@type\":\"WebSite\",\"@id\":\"https:\/\/sandzakpress.net\/arhiva\/#website\",\"url\":\"https:\/\/sandzakpress.net\/arhiva\/\",\"name\":\"Sand\u017eak PRESS\",\"description\":\"Prve elektronske novine u Sand\u017eaku\",\"publisher\":{\"@id\":\"https:\/\/sandzakpress.net\/arhiva\/#\/schema\/person\/6e72b67d6e51910a1117b3b483ba20bd\"},\"potentialAction\":[{\"@type\":\"SearchAction\",\"target\":{\"@type\":\"EntryPoint\",\"urlTemplate\":\"https:\/\/sandzakpress.net\/arhiva\/?s={search_term_string}\"},\"query-input\":{\"@type\":\"PropertyValueSpecification\",\"valueRequired\":true,\"valueName\":\"search_term_string\"}}],\"inLanguage\":\"bs-BA\"},{\"@type\":[\"Person\",\"Organization\"],\"@id\":\"https:\/\/sandzakpress.net\/arhiva\/#\/schema\/person\/6e72b67d6e51910a1117b3b483ba20bd\",\"name\":\"Kul\",\"image\":{\"@type\":\"ImageObject\",\"inLanguage\":\"bs-BA\",\"@id\":\"https:\/\/sandzakpress.net\/arhiva\/#\/schema\/person\/image\/\",\"url\":\"https:\/\/secure.gravatar.com\/avatar\/42263f39aa27ac04c43cab85c280eb2e?s=96&d=mm&r=pg\",\"contentUrl\":\"https:\/\/secure.gravatar.com\/avatar\/42263f39aa27ac04c43cab85c280eb2e?s=96&d=mm&r=pg\",\"caption\":\"Kul\"},\"logo\":{\"@id\":\"https:\/\/sandzakpress.net\/arhiva\/#\/schema\/person\/image\/\"}},{\"@type\":\"Person\",\"@id\":\"https:\/\/sandzakpress.net\/arhiva\/#\/schema\/person\/cb59d7e3ab91ab90dd680ad0305a6185\",\"name\":\"Agencija\",\"image\":{\"@type\":\"ImageObject\",\"inLanguage\":\"bs-BA\",\"@id\":\"https:\/\/sandzakpress.net\/arhiva\/#\/schema\/person\/image\/\",\"url\":\"https:\/\/secure.gravatar.com\/avatar\/4b7fafa80a22f0c2afe23966b3961fe0?s=96&d=mm&r=pg\",\"contentUrl\":\"https:\/\/secure.gravatar.com\/avatar\/4b7fafa80a22f0c2afe23966b3961fe0?s=96&d=mm&r=pg\",\"caption\":\"Agencija\"},\"url\":\"https:\/\/sandzakpress.net\/arhiva\/author\/agencija\/\"}]}<\/script>\n<!-- \/ Yoast SEO Premium plugin. -->","yoast_head_json":{"title":"Bjelopoljcu 25 dana zatvora zbog vo\u017enje u pijanom stanju","robots":{"index":"index","follow":"follow","max-snippet":"max-snippet:-1","max-image-preview":"max-image-preview:large","max-video-preview":"max-video-preview:-1"},"canonical":"https:\/\/sandzakpress.net\/arhiva\/bjelopoljcu-25-dana-zatvora-zbog-voznje-u-pijanom-stanju\/","og_locale":"bs_BA","og_type":"article","og_title":"Bjelopoljcu 25 dana zatvora zbog vo\u017enje u pijanom stanju","og_description":"Bjelopoljac M.G.(40) osu\u0111en je 25 dana zatvora jer je ju\u010de 17. decembra, vozio pod dejstvom alkohola u krvi od 2,36 promila. Slu\u017ebenici Centra bezbjednosti Bijelo Polje su vr\u0161e\u0107i redovne kontrole u saobra\u0107aju u ulici Tre\u0107e\u00a0Sand\u017ea\u010dke brigade zaustavili vozilo kojem je upravljao M.G. &#8220;Alkotestiranjem je kod M.G. utvr\u0111eno prisustvo alkohola od 2.36 promila&#8221;, saop\u0161teno je Kodexu [&hellip;]","og_url":"https:\/\/sandzakpress.net\/arhiva\/bjelopoljcu-25-dana-zatvora-zbog-voznje-u-pijanom-stanju\/","og_site_name":"Sand\u017eak PRESS","article_published_time":"2019-12-19T13:25:36+00:00","og_image":[{"width":670,"height":433,"url":"https:\/\/sandzakpress.net\/arhiva\/wp-content\/uploads\/2019\/12\/5df9fb4a-3590-49ab-bb2a-29f50a0a0a67-test3373691280-preview.jpg","type":"image\/jpeg"}],"author":"Agencija","twitter_card":"summary_large_image","twitter_misc":{"Written by":"Agencija","Est. reading time":"1 minuta"},"schema":{"@context":"https:\/\/schema.org","@graph":[{"@type":"Article","@id":"https:\/\/sandzakpress.net\/arhiva\/bjelopoljcu-25-dana-zatvora-zbog-voznje-u-pijanom-stanju\/#article","isPartOf":{"@id":"https:\/\/sandzakpress.net\/arhiva\/bjelopoljcu-25-dana-zatvora-zbog-voznje-u-pijanom-stanju\/"},"author":{"name":"Agencija","@id":"https:\/\/sandzakpress.net\/arhiva\/#\/schema\/person\/cb59d7e3ab91ab90dd680ad0305a6185"},"headline":"Bjelopoljcu 25 dana zatvora zbog vo\u017enje u pijanom stanju","datePublished":"2019-12-19T13:25:36+00:00","mainEntityOfPage":{"@id":"https:\/\/sandzakpress.net\/arhiva\/bjelopoljcu-25-dana-zatvora-zbog-voznje-u-pijanom-stanju\/"},"wordCount":213,"commentCount":0,"publisher":{"@id":"https:\/\/sandzakpress.net\/arhiva\/#\/schema\/person\/6e72b67d6e51910a1117b3b483ba20bd"},"image":{"@id":"https:\/\/sandzakpress.net\/arhiva\/bjelopoljcu-25-dana-zatvora-zbog-voznje-u-pijanom-stanju\/#primaryimage"},"thumbnailUrl":"https:\/\/sandzakpress.net\/arhiva\/wp-content\/uploads\/2019\/12\/5df9fb4a-3590-49ab-bb2a-29f50a0a0a67-test3373691280-preview.jpg","articleSection":["Bijelo Polje","Hronika"],"inLanguage":"bs-BA","potentialAction":[{"@type":"CommentAction","name":"Comment","target":["https:\/\/sandzakpress.net\/arhiva\/bjelopoljcu-25-dana-zatvora-zbog-voznje-u-pijanom-stanju\/#respond"]}]},{"@type":"WebPage","@id":"https:\/\/sandzakpress.net\/arhiva\/bjelopoljcu-25-dana-zatvora-zbog-voznje-u-pijanom-stanju\/","url":"https:\/\/sandzakpress.net\/arhiva\/bjelopoljcu-25-dana-zatvora-zbog-voznje-u-pijanom-stanju\/","name":"Bjelopoljcu 25 dana zatvora zbog vo\u017enje u pijanom stanju","isPartOf":{"@id":"https:\/\/sandzakpress.net\/arhiva\/#website"},"primaryImageOfPage":{"@id":"https:\/\/sandzakpress.net\/arhiva\/bjelopoljcu-25-dana-zatvora-zbog-voznje-u-pijanom-stanju\/#primaryimage"},"image":{"@id":"https:\/\/sandzakpress.net\/arhiva\/bjelopoljcu-25-dana-zatvora-zbog-voznje-u-pijanom-stanju\/#primaryimage"},"thumbnailUrl":"https:\/\/sandzakpress.net\/arhiva\/wp-content\/uploads\/2019\/12\/5df9fb4a-3590-49ab-bb2a-29f50a0a0a67-test3373691280-preview.jpg","datePublished":"2019-12-19T13:25:36+00:00","breadcrumb":{"@id":"https:\/\/sandzakpress.net\/arhiva\/bjelopoljcu-25-dana-zatvora-zbog-voznje-u-pijanom-stanju\/#breadcrumb"},"inLanguage":"bs-BA","potentialAction":[{"@type":"ReadAction","target":["https:\/\/sandzakpress.net\/arhiva\/bjelopoljcu-25-dana-zatvora-zbog-voznje-u-pijanom-stanju\/"]}]},{"@type":"ImageObject","inLanguage":"bs-BA","@id":"https:\/\/sandzakpress.net\/arhiva\/bjelopoljcu-25-dana-zatvora-zbog-voznje-u-pijanom-stanju\/#primaryimage","url":"https:\/\/sandzakpress.net\/arhiva\/wp-content\/uploads\/2019\/12\/5df9fb4a-3590-49ab-bb2a-29f50a0a0a67-test3373691280-preview.jpg","contentUrl":"https:\/\/sandzakpress.net\/arhiva\/wp-content\/uploads\/2019\/12\/5df9fb4a-3590-49ab-bb2a-29f50a0a0a67-test3373691280-preview.jpg","width":670,"height":433},{"@type":"BreadcrumbList","@id":"https:\/\/sandzakpress.net\/arhiva\/bjelopoljcu-25-dana-zatvora-zbog-voznje-u-pijanom-stanju\/#breadcrumb","itemListElement":[{"@type":"ListItem","position":1,"name":"Home","item":"https:\/\/sandzakpress.net\/arhiva\/"},{"@type":"ListItem","position":2,"name":"Bjelopoljcu 25 dana zatvora zbog vo\u017enje u pijanom stanju"}]},{"@type":"WebSite","@id":"https:\/\/sandzakpress.net\/arhiva\/#website","url":"https:\/\/sandzakpress.net\/arhiva\/","name":"Sand\u017eak PRESS","description":"Prve elektronske novine u Sand\u017eaku","publisher":{"@id":"https:\/\/sandzakpress.net\/arhiva\/#\/schema\/person\/6e72b67d6e51910a1117b3b483ba20bd"},"potentialAction":[{"@type":"SearchAction","target":{"@type":"EntryPoint","urlTemplate":"https:\/\/sandzakpress.net\/arhiva\/?s={search_term_string}"},"query-input":{"@type":"PropertyValueSpecification","valueRequired":true,"valueName":"search_term_string"}}],"inLanguage":"bs-BA"},{"@type":["Person","Organization"],"@id":"https:\/\/sandzakpress.net\/arhiva\/#\/schema\/person\/6e72b67d6e51910a1117b3b483ba20bd","name":"Kul","image":{"@type":"ImageObject","inLanguage":"bs-BA","@id":"https:\/\/sandzakpress.net\/arhiva\/#\/schema\/person\/image\/","url":"https:\/\/secure.gravatar.com\/avatar\/42263f39aa27ac04c43cab85c280eb2e?s=96&d=mm&r=pg","contentUrl":"https:\/\/secure.gravatar.com\/avatar\/42263f39aa27ac04c43cab85c280eb2e?s=96&d=mm&r=pg","caption":"Kul"},"logo":{"@id":"https:\/\/sandzakpress.net\/arhiva\/#\/schema\/person\/image\/"}},{"@type":"Person","@id":"https:\/\/sandzakpress.net\/arhiva\/#\/schema\/person\/cb59d7e3ab91ab90dd680ad0305a6185","name":"Agencija","image":{"@type":"ImageObject","inLanguage":"bs-BA","@id":"https:\/\/sandzakpress.net\/arhiva\/#\/schema\/person\/image\/","url":"https:\/\/secure.gravatar.com\/avatar\/4b7fafa80a22f0c2afe23966b3961fe0?s=96&d=mm&r=pg","contentUrl":"https:\/\/secure.gravatar.com\/avatar\/4b7fafa80a22f0c2afe23966b3961fe0?s=96&d=mm&r=pg","caption":"Agencija"},"url":"https:\/\/sandzakpress.net\/arhiva\/author\/agencija\/"}]}},"_links":{"self":[{"href":"https:\/\/sandzakpress.net\/arhiva\/wp-json\/wp\/v2\/posts\/232003"}],"collection":[{"href":"https:\/\/sandzakpress.net\/arhiva\/wp-json\/wp\/v2\/posts"}],"about":[{"href":"https:\/\/sandzakpress.net\/arhiva\/wp-json\/wp\/v2\/types\/post"}],"author":[{"embeddable":true,"href":"https:\/\/sandzakpress.net\/arhiva\/wp-json\/wp\/v2\/users\/509"}],"replies":[{"embeddable":true,"href":"https:\/\/sandzakpress.net\/arhiva\/wp-json\/wp\/v2\/comments?post=232003"}],"version-history":[{"count":0,"href":"https:\/\/sandzakpress.net\/arhiva\/wp-json\/wp\/v2\/posts\/232003\/revisions"}],"wp:featuredmedia":[{"embeddable":true,"href":"https:\/\/sandzakpress.net\/arhiva\/wp-json\/wp\/v2\/media\/232008"}],"wp:attachment":[{"href":"https:\/\/sandzakpress.net\/arhiva\/wp-json\/wp\/v2\/media?parent=232003"}],"wp:term":[{"taxonomy":"category","embeddable":true,"href":"https:\/\/sandzakpress.net\/arhiva\/wp-json\/wp\/v2\/categories?post=232003"},{"taxonomy":"post_tag","embeddable":true,"href":"https:\/\/sandzakpress.net\/arhiva\/wp-json\/wp\/v2\/tags?post=232003"}],"curies":[{"name":"wp","href":"https:\/\/api.w.org\/{rel}","templated":true}]}}