{"id":232000,"date":"2019-12-19T14:23:57","date_gmt":"2019-12-19T13:23:57","guid":{"rendered":"https:\/\/sandzakpress.net\/arhiva\/?p=232000"},"modified":"2019-12-19T14:23:57","modified_gmt":"2019-12-19T13:23:57","slug":"rozajcu-20-mjeseci-zatvora-prodao-drogu-maloletniku","status":"publish","type":"post","link":"https:\/\/sandzakpress.net\/arhiva\/rozajcu-20-mjeseci-zatvora-prodao-drogu-maloletniku\/","title":{"rendered":"Ro\u017eajcu 20. mjeseci zatvora &#8211; Prodao drogu maloletniku"},"content":{"rendered":"<p><img decoding=\"async\" src=\"https:\/\/www.sandzaklive.rs\/images\/00\/20190121144524_518914.jpg\" alt=\"20190121144524 518914\" \/><\/p>\n<p><strong>Krivi\u010dno vije\u0107e bjelopoljskog Vi\u0161eg suda kojim je predsjedavao\u00a0Dragan Mrdak\u00a0osudilo je ju\u010de\u00a0Adisa Daci\u0107a\u00a0na godinu i osam mjeseci zatvora zbog krivi\u010dnog djela davanje droge na u\u017eivanje maloljetnom licu.<\/strong><\/p>\n<p>Tokom su\u0111enja Daci\u0107 je tvrdio da nije izvr\u0161io djelo koje mu je optu\u017enicom stavljeno na teret.<\/p>\n<p>Sudija Mrdak je u obrazlo\u017eenju presude naveo da je za ovo djelo zaprije\u0107ena kazna u trajanju od tri godine do petnaest godina i da je kao olak\u0161avaju\u0107a okolnost uzeta mladost optu\u017eenog.<\/p>\n<p>Prema optu\u017enici, Daci\u0107 je 7. maja ove godine u Ro\u017eajama dr\u017eao neutvr\u0111enu koli\u010dinu marihuane u devet ru\u010dno pravljenih zamotuljaka. U naselju Ribarac dao je maloljetnom sugra\u0111aninu tri zamotuljaka za deset eura, a kad je nai\u0161la policija od sebe je odbacio preostalih \u0161est. Tom prilikom je prona\u0111eno ukupno 9,84 grama marihuane.<\/p>\n","protected":false},"excerpt":{"rendered":"<p>Krivi\u010dno vije\u0107e bjelopoljskog Vi\u0161eg suda kojim je predsjedavao\u00a0Dragan Mrdak\u00a0osudilo je ju\u010de\u00a0Adisa Daci\u0107a\u00a0na godinu i osam mjeseci zatvora zbog krivi\u010dnog djela davanje droge na u\u017eivanje maloljetnom licu. Tokom su\u0111enja Daci\u0107 je tvrdio da nije izvr\u0161io djelo koje mu je optu\u017enicom stavljeno na teret. Sudija Mrdak je u obrazlo\u017eenju presude naveo da je za ovo djelo zaprije\u0107ena [&hellip;]<\/p>\n","protected":false},"author":509,"featured_media":232004,"comment_status":"open","ping_status":"open","sticky":false,"template":"","format":"standard","meta":{"footnotes":""},"categories":[398,801,10429],"tags":[],"class_list":{"0":"post-232000","1":"post","2":"type-post","3":"status-publish","4":"format-standard","5":"has-post-thumbnail","7":"category-rozaje","8":"category-crna_hronika","9":"category-vazno"},"yoast_head":"<!-- This site is optimized with the Yoast SEO Premium plugin v23.1 (Yoast SEO v24.9) - https:\/\/yoast.com\/wordpress\/plugins\/seo\/ -->\n<title>Ro\u017eajcu 20. mjeseci zatvora - Prodao drogu maloletniku<\/title>\n<meta name=\"robots\" content=\"index, follow, max-snippet:-1, max-image-preview:large, max-video-preview:-1\" \/>\n<link rel=\"canonical\" href=\"https:\/\/sandzakpress.net\/arhiva\/rozajcu-20-mjeseci-zatvora-prodao-drogu-maloletniku\/\" \/>\n<meta property=\"og:locale\" content=\"bs_BA\" \/>\n<meta property=\"og:type\" content=\"article\" \/>\n<meta property=\"og:title\" content=\"Ro\u017eajcu 20. mjeseci zatvora - Prodao drogu maloletniku\" \/>\n<meta property=\"og:description\" content=\"Krivi\u010dno vije\u0107e bjelopoljskog Vi\u0161eg suda kojim je predsjedavao\u00a0Dragan Mrdak\u00a0osudilo je ju\u010de\u00a0Adisa Daci\u0107a\u00a0na godinu i osam mjeseci zatvora zbog krivi\u010dnog djela davanje droge na u\u017eivanje maloljetnom licu. Tokom su\u0111enja Daci\u0107 je tvrdio da nije izvr\u0161io djelo koje mu je optu\u017enicom stavljeno na teret. Sudija Mrdak je u obrazlo\u017eenju presude naveo da je za ovo djelo zaprije\u0107ena [&hellip;]\" \/>\n<meta property=\"og:url\" content=\"https:\/\/sandzakpress.net\/arhiva\/rozajcu-20-mjeseci-zatvora-prodao-drogu-maloletniku\/\" \/>\n<meta property=\"og:site_name\" content=\"Sand\u017eak PRESS\" \/>\n<meta property=\"article:published_time\" content=\"2019-12-19T13:23:57+00:00\" \/>\n<meta property=\"og:image\" content=\"https:\/\/sandzakpress.net\/arhiva\/wp-content\/uploads\/2019\/12\/20190121144524_518914.jpg\" \/>\n\t<meta property=\"og:image:width\" content=\"750\" \/>\n\t<meta property=\"og:image:height\" content=\"500\" \/>\n\t<meta property=\"og:image:type\" content=\"image\/jpeg\" \/>\n<meta name=\"author\" content=\"Agencija\" \/>\n<meta name=\"twitter:card\" content=\"summary_large_image\" \/>\n<meta name=\"twitter:label1\" content=\"Written by\" \/>\n\t<meta name=\"twitter:data1\" content=\"Agencija\" \/>\n\t<meta name=\"twitter:label2\" content=\"Est. reading time\" \/>\n\t<meta name=\"twitter:data2\" content=\"1 minuta\" \/>\n<script type=\"application\/ld+json\" class=\"yoast-schema-graph\">{\"@context\":\"https:\/\/schema.org\",\"@graph\":[{\"@type\":\"Article\",\"@id\":\"https:\/\/sandzakpress.net\/arhiva\/rozajcu-20-mjeseci-zatvora-prodao-drogu-maloletniku\/#article\",\"isPartOf\":{\"@id\":\"https:\/\/sandzakpress.net\/arhiva\/rozajcu-20-mjeseci-zatvora-prodao-drogu-maloletniku\/\"},\"author\":{\"name\":\"Agencija\",\"@id\":\"https:\/\/sandzakpress.net\/arhiva\/#\/schema\/person\/cb59d7e3ab91ab90dd680ad0305a6185\"},\"headline\":\"Ro\u017eajcu 20. mjeseci zatvora &#8211; Prodao drogu maloletniku\",\"datePublished\":\"2019-12-19T13:23:57+00:00\",\"mainEntityOfPage\":{\"@id\":\"https:\/\/sandzakpress.net\/arhiva\/rozajcu-20-mjeseci-zatvora-prodao-drogu-maloletniku\/\"},\"wordCount\":157,\"commentCount\":0,\"publisher\":{\"@id\":\"https:\/\/sandzakpress.net\/arhiva\/#\/schema\/person\/6e72b67d6e51910a1117b3b483ba20bd\"},\"image\":{\"@id\":\"https:\/\/sandzakpress.net\/arhiva\/rozajcu-20-mjeseci-zatvora-prodao-drogu-maloletniku\/#primaryimage\"},\"thumbnailUrl\":\"https:\/\/sandzakpress.net\/arhiva\/wp-content\/uploads\/2019\/12\/20190121144524_518914.jpg\",\"articleSection\":[\"Ro\u017eaje\",\"Hronika\",\"VA\u017dNO!\"],\"inLanguage\":\"bs-BA\",\"potentialAction\":[{\"@type\":\"CommentAction\",\"name\":\"Comment\",\"target\":[\"https:\/\/sandzakpress.net\/arhiva\/rozajcu-20-mjeseci-zatvora-prodao-drogu-maloletniku\/#respond\"]}]},{\"@type\":\"WebPage\",\"@id\":\"https:\/\/sandzakpress.net\/arhiva\/rozajcu-20-mjeseci-zatvora-prodao-drogu-maloletniku\/\",\"url\":\"https:\/\/sandzakpress.net\/arhiva\/rozajcu-20-mjeseci-zatvora-prodao-drogu-maloletniku\/\",\"name\":\"Ro\u017eajcu 20. mjeseci zatvora - Prodao drogu maloletniku\",\"isPartOf\":{\"@id\":\"https:\/\/sandzakpress.net\/arhiva\/#website\"},\"primaryImageOfPage\":{\"@id\":\"https:\/\/sandzakpress.net\/arhiva\/rozajcu-20-mjeseci-zatvora-prodao-drogu-maloletniku\/#primaryimage\"},\"image\":{\"@id\":\"https:\/\/sandzakpress.net\/arhiva\/rozajcu-20-mjeseci-zatvora-prodao-drogu-maloletniku\/#primaryimage\"},\"thumbnailUrl\":\"https:\/\/sandzakpress.net\/arhiva\/wp-content\/uploads\/2019\/12\/20190121144524_518914.jpg\",\"datePublished\":\"2019-12-19T13:23:57+00:00\",\"breadcrumb\":{\"@id\":\"https:\/\/sandzakpress.net\/arhiva\/rozajcu-20-mjeseci-zatvora-prodao-drogu-maloletniku\/#breadcrumb\"},\"inLanguage\":\"bs-BA\",\"potentialAction\":[{\"@type\":\"ReadAction\",\"target\":[\"https:\/\/sandzakpress.net\/arhiva\/rozajcu-20-mjeseci-zatvora-prodao-drogu-maloletniku\/\"]}]},{\"@type\":\"ImageObject\",\"inLanguage\":\"bs-BA\",\"@id\":\"https:\/\/sandzakpress.net\/arhiva\/rozajcu-20-mjeseci-zatvora-prodao-drogu-maloletniku\/#primaryimage\",\"url\":\"https:\/\/sandzakpress.net\/arhiva\/wp-content\/uploads\/2019\/12\/20190121144524_518914.jpg\",\"contentUrl\":\"https:\/\/sandzakpress.net\/arhiva\/wp-content\/uploads\/2019\/12\/20190121144524_518914.jpg\",\"width\":750,\"height\":500},{\"@type\":\"BreadcrumbList\",\"@id\":\"https:\/\/sandzakpress.net\/arhiva\/rozajcu-20-mjeseci-zatvora-prodao-drogu-maloletniku\/#breadcrumb\",\"itemListElement\":[{\"@type\":\"ListItem\",\"position\":1,\"name\":\"Home\",\"item\":\"https:\/\/sandzakpress.net\/arhiva\/\"},{\"@type\":\"ListItem\",\"position\":2,\"name\":\"Ro\u017eajcu 20. mjeseci zatvora &#8211; Prodao drogu maloletniku\"}]},{\"@type\":\"WebSite\",\"@id\":\"https:\/\/sandzakpress.net\/arhiva\/#website\",\"url\":\"https:\/\/sandzakpress.net\/arhiva\/\",\"name\":\"Sand\u017eak PRESS\",\"description\":\"Prve elektronske novine u Sand\u017eaku\",\"publisher\":{\"@id\":\"https:\/\/sandzakpress.net\/arhiva\/#\/schema\/person\/6e72b67d6e51910a1117b3b483ba20bd\"},\"potentialAction\":[{\"@type\":\"SearchAction\",\"target\":{\"@type\":\"EntryPoint\",\"urlTemplate\":\"https:\/\/sandzakpress.net\/arhiva\/?s={search_term_string}\"},\"query-input\":{\"@type\":\"PropertyValueSpecification\",\"valueRequired\":true,\"valueName\":\"search_term_string\"}}],\"inLanguage\":\"bs-BA\"},{\"@type\":[\"Person\",\"Organization\"],\"@id\":\"https:\/\/sandzakpress.net\/arhiva\/#\/schema\/person\/6e72b67d6e51910a1117b3b483ba20bd\",\"name\":\"Kul\",\"image\":{\"@type\":\"ImageObject\",\"inLanguage\":\"bs-BA\",\"@id\":\"https:\/\/sandzakpress.net\/arhiva\/#\/schema\/person\/image\/\",\"url\":\"https:\/\/secure.gravatar.com\/avatar\/42263f39aa27ac04c43cab85c280eb2e?s=96&d=mm&r=pg\",\"contentUrl\":\"https:\/\/secure.gravatar.com\/avatar\/42263f39aa27ac04c43cab85c280eb2e?s=96&d=mm&r=pg\",\"caption\":\"Kul\"},\"logo\":{\"@id\":\"https:\/\/sandzakpress.net\/arhiva\/#\/schema\/person\/image\/\"}},{\"@type\":\"Person\",\"@id\":\"https:\/\/sandzakpress.net\/arhiva\/#\/schema\/person\/cb59d7e3ab91ab90dd680ad0305a6185\",\"name\":\"Agencija\",\"image\":{\"@type\":\"ImageObject\",\"inLanguage\":\"bs-BA\",\"@id\":\"https:\/\/sandzakpress.net\/arhiva\/#\/schema\/person\/image\/\",\"url\":\"https:\/\/secure.gravatar.com\/avatar\/4b7fafa80a22f0c2afe23966b3961fe0?s=96&d=mm&r=pg\",\"contentUrl\":\"https:\/\/secure.gravatar.com\/avatar\/4b7fafa80a22f0c2afe23966b3961fe0?s=96&d=mm&r=pg\",\"caption\":\"Agencija\"},\"url\":\"https:\/\/sandzakpress.net\/arhiva\/author\/agencija\/\"}]}<\/script>\n<!-- \/ Yoast SEO Premium plugin. -->","yoast_head_json":{"title":"Ro\u017eajcu 20. mjeseci zatvora - Prodao drogu maloletniku","robots":{"index":"index","follow":"follow","max-snippet":"max-snippet:-1","max-image-preview":"max-image-preview:large","max-video-preview":"max-video-preview:-1"},"canonical":"https:\/\/sandzakpress.net\/arhiva\/rozajcu-20-mjeseci-zatvora-prodao-drogu-maloletniku\/","og_locale":"bs_BA","og_type":"article","og_title":"Ro\u017eajcu 20. mjeseci zatvora - Prodao drogu maloletniku","og_description":"Krivi\u010dno vije\u0107e bjelopoljskog Vi\u0161eg suda kojim je predsjedavao\u00a0Dragan Mrdak\u00a0osudilo je ju\u010de\u00a0Adisa Daci\u0107a\u00a0na godinu i osam mjeseci zatvora zbog krivi\u010dnog djela davanje droge na u\u017eivanje maloljetnom licu. Tokom su\u0111enja Daci\u0107 je tvrdio da nije izvr\u0161io djelo koje mu je optu\u017enicom stavljeno na teret. Sudija Mrdak je u obrazlo\u017eenju presude naveo da je za ovo djelo zaprije\u0107ena [&hellip;]","og_url":"https:\/\/sandzakpress.net\/arhiva\/rozajcu-20-mjeseci-zatvora-prodao-drogu-maloletniku\/","og_site_name":"Sand\u017eak PRESS","article_published_time":"2019-12-19T13:23:57+00:00","og_image":[{"width":750,"height":500,"url":"https:\/\/sandzakpress.net\/arhiva\/wp-content\/uploads\/2019\/12\/20190121144524_518914.jpg","type":"image\/jpeg"}],"author":"Agencija","twitter_card":"summary_large_image","twitter_misc":{"Written by":"Agencija","Est. reading time":"1 minuta"},"schema":{"@context":"https:\/\/schema.org","@graph":[{"@type":"Article","@id":"https:\/\/sandzakpress.net\/arhiva\/rozajcu-20-mjeseci-zatvora-prodao-drogu-maloletniku\/#article","isPartOf":{"@id":"https:\/\/sandzakpress.net\/arhiva\/rozajcu-20-mjeseci-zatvora-prodao-drogu-maloletniku\/"},"author":{"name":"Agencija","@id":"https:\/\/sandzakpress.net\/arhiva\/#\/schema\/person\/cb59d7e3ab91ab90dd680ad0305a6185"},"headline":"Ro\u017eajcu 20. mjeseci zatvora &#8211; Prodao drogu maloletniku","datePublished":"2019-12-19T13:23:57+00:00","mainEntityOfPage":{"@id":"https:\/\/sandzakpress.net\/arhiva\/rozajcu-20-mjeseci-zatvora-prodao-drogu-maloletniku\/"},"wordCount":157,"commentCount":0,"publisher":{"@id":"https:\/\/sandzakpress.net\/arhiva\/#\/schema\/person\/6e72b67d6e51910a1117b3b483ba20bd"},"image":{"@id":"https:\/\/sandzakpress.net\/arhiva\/rozajcu-20-mjeseci-zatvora-prodao-drogu-maloletniku\/#primaryimage"},"thumbnailUrl":"https:\/\/sandzakpress.net\/arhiva\/wp-content\/uploads\/2019\/12\/20190121144524_518914.jpg","articleSection":["Ro\u017eaje","Hronika","VA\u017dNO!"],"inLanguage":"bs-BA","potentialAction":[{"@type":"CommentAction","name":"Comment","target":["https:\/\/sandzakpress.net\/arhiva\/rozajcu-20-mjeseci-zatvora-prodao-drogu-maloletniku\/#respond"]}]},{"@type":"WebPage","@id":"https:\/\/sandzakpress.net\/arhiva\/rozajcu-20-mjeseci-zatvora-prodao-drogu-maloletniku\/","url":"https:\/\/sandzakpress.net\/arhiva\/rozajcu-20-mjeseci-zatvora-prodao-drogu-maloletniku\/","name":"Ro\u017eajcu 20. mjeseci zatvora - Prodao drogu maloletniku","isPartOf":{"@id":"https:\/\/sandzakpress.net\/arhiva\/#website"},"primaryImageOfPage":{"@id":"https:\/\/sandzakpress.net\/arhiva\/rozajcu-20-mjeseci-zatvora-prodao-drogu-maloletniku\/#primaryimage"},"image":{"@id":"https:\/\/sandzakpress.net\/arhiva\/rozajcu-20-mjeseci-zatvora-prodao-drogu-maloletniku\/#primaryimage"},"thumbnailUrl":"https:\/\/sandzakpress.net\/arhiva\/wp-content\/uploads\/2019\/12\/20190121144524_518914.jpg","datePublished":"2019-12-19T13:23:57+00:00","breadcrumb":{"@id":"https:\/\/sandzakpress.net\/arhiva\/rozajcu-20-mjeseci-zatvora-prodao-drogu-maloletniku\/#breadcrumb"},"inLanguage":"bs-BA","potentialAction":[{"@type":"ReadAction","target":["https:\/\/sandzakpress.net\/arhiva\/rozajcu-20-mjeseci-zatvora-prodao-drogu-maloletniku\/"]}]},{"@type":"ImageObject","inLanguage":"bs-BA","@id":"https:\/\/sandzakpress.net\/arhiva\/rozajcu-20-mjeseci-zatvora-prodao-drogu-maloletniku\/#primaryimage","url":"https:\/\/sandzakpress.net\/arhiva\/wp-content\/uploads\/2019\/12\/20190121144524_518914.jpg","contentUrl":"https:\/\/sandzakpress.net\/arhiva\/wp-content\/uploads\/2019\/12\/20190121144524_518914.jpg","width":750,"height":500},{"@type":"BreadcrumbList","@id":"https:\/\/sandzakpress.net\/arhiva\/rozajcu-20-mjeseci-zatvora-prodao-drogu-maloletniku\/#breadcrumb","itemListElement":[{"@type":"ListItem","position":1,"name":"Home","item":"https:\/\/sandzakpress.net\/arhiva\/"},{"@type":"ListItem","position":2,"name":"Ro\u017eajcu 20. mjeseci zatvora &#8211; Prodao drogu maloletniku"}]},{"@type":"WebSite","@id":"https:\/\/sandzakpress.net\/arhiva\/#website","url":"https:\/\/sandzakpress.net\/arhiva\/","name":"Sand\u017eak PRESS","description":"Prve elektronske novine u Sand\u017eaku","publisher":{"@id":"https:\/\/sandzakpress.net\/arhiva\/#\/schema\/person\/6e72b67d6e51910a1117b3b483ba20bd"},"potentialAction":[{"@type":"SearchAction","target":{"@type":"EntryPoint","urlTemplate":"https:\/\/sandzakpress.net\/arhiva\/?s={search_term_string}"},"query-input":{"@type":"PropertyValueSpecification","valueRequired":true,"valueName":"search_term_string"}}],"inLanguage":"bs-BA"},{"@type":["Person","Organization"],"@id":"https:\/\/sandzakpress.net\/arhiva\/#\/schema\/person\/6e72b67d6e51910a1117b3b483ba20bd","name":"Kul","image":{"@type":"ImageObject","inLanguage":"bs-BA","@id":"https:\/\/sandzakpress.net\/arhiva\/#\/schema\/person\/image\/","url":"https:\/\/secure.gravatar.com\/avatar\/42263f39aa27ac04c43cab85c280eb2e?s=96&d=mm&r=pg","contentUrl":"https:\/\/secure.gravatar.com\/avatar\/42263f39aa27ac04c43cab85c280eb2e?s=96&d=mm&r=pg","caption":"Kul"},"logo":{"@id":"https:\/\/sandzakpress.net\/arhiva\/#\/schema\/person\/image\/"}},{"@type":"Person","@id":"https:\/\/sandzakpress.net\/arhiva\/#\/schema\/person\/cb59d7e3ab91ab90dd680ad0305a6185","name":"Agencija","image":{"@type":"ImageObject","inLanguage":"bs-BA","@id":"https:\/\/sandzakpress.net\/arhiva\/#\/schema\/person\/image\/","url":"https:\/\/secure.gravatar.com\/avatar\/4b7fafa80a22f0c2afe23966b3961fe0?s=96&d=mm&r=pg","contentUrl":"https:\/\/secure.gravatar.com\/avatar\/4b7fafa80a22f0c2afe23966b3961fe0?s=96&d=mm&r=pg","caption":"Agencija"},"url":"https:\/\/sandzakpress.net\/arhiva\/author\/agencija\/"}]}},"_links":{"self":[{"href":"https:\/\/sandzakpress.net\/arhiva\/wp-json\/wp\/v2\/posts\/232000"}],"collection":[{"href":"https:\/\/sandzakpress.net\/arhiva\/wp-json\/wp\/v2\/posts"}],"about":[{"href":"https:\/\/sandzakpress.net\/arhiva\/wp-json\/wp\/v2\/types\/post"}],"author":[{"embeddable":true,"href":"https:\/\/sandzakpress.net\/arhiva\/wp-json\/wp\/v2\/users\/509"}],"replies":[{"embeddable":true,"href":"https:\/\/sandzakpress.net\/arhiva\/wp-json\/wp\/v2\/comments?post=232000"}],"version-history":[{"count":0,"href":"https:\/\/sandzakpress.net\/arhiva\/wp-json\/wp\/v2\/posts\/232000\/revisions"}],"wp:featuredmedia":[{"embeddable":true,"href":"https:\/\/sandzakpress.net\/arhiva\/wp-json\/wp\/v2\/media\/232004"}],"wp:attachment":[{"href":"https:\/\/sandzakpress.net\/arhiva\/wp-json\/wp\/v2\/media?parent=232000"}],"wp:term":[{"taxonomy":"category","embeddable":true,"href":"https:\/\/sandzakpress.net\/arhiva\/wp-json\/wp\/v2\/categories?post=232000"},{"taxonomy":"post_tag","embeddable":true,"href":"https:\/\/sandzakpress.net\/arhiva\/wp-json\/wp\/v2\/tags?post=232000"}],"curies":[{"name":"wp","href":"https:\/\/api.w.org\/{rel}","templated":true}]}}