{"id":231982,"date":"2019-12-19T11:36:40","date_gmt":"2019-12-19T10:36:40","guid":{"rendered":"https:\/\/sandzakpress.net\/arhiva\/?p=231982"},"modified":"2019-12-19T11:36:40","modified_gmt":"2019-12-19T10:36:40","slug":"drama-u-pendiku-sejfic-presudio-kosarkasima-novog-pazara","status":"publish","type":"post","link":"https:\/\/sandzakpress.net\/arhiva\/drama-u-pendiku-sejfic-presudio-kosarkasima-novog-pazara\/","title":{"rendered":"Drama u Pendiku: Sejfi\u0107 presudio ko\u0161arka\u0161ima Novog Pazara"},"content":{"rendered":"<p><img loading=\"lazy\" decoding=\"async\" class=\"size-full wp-image-231984 aligncenter\" src=\"https:\/\/sandzakpress.net\/arhiva\/wp-content\/uploads\/2019\/12\/80404617_2558482247533580_7094748938871242752_n.jpg\" alt=\"\" width=\"960\" height=\"720\" srcset=\"https:\/\/sandzakpress.net\/arhiva\/wp-content\/uploads\/2019\/12\/80404617_2558482247533580_7094748938871242752_n.jpg 960w, https:\/\/sandzakpress.net\/arhiva\/wp-content\/uploads\/2019\/12\/80404617_2558482247533580_7094748938871242752_n-768x576.jpg 768w, https:\/\/sandzakpress.net\/arhiva\/wp-content\/uploads\/2019\/12\/80404617_2558482247533580_7094748938871242752_n-616x462.jpg 616w\" sizes=\"(max-width: 960px) 100vw, 960px\" \/><\/p>\n<p><b>Ko\u0161arka\u0161i Novog Pazara pora\u017eeni su od Sutjeske sa 79:83 (14:26, 28:13, 17:25, 20:19), u utakmici 12. kola regionalne ABA 2 lige.<\/b><\/p>\n<p>U neizvesnoj zavr\u0161nici, pri rezultatu 77:77, presudio je Ismet Sejfi\u0107 trojkom sa oko devet metara na 37 sekundi pre kraja, a isti igra\u010d je 11 sekundi kasnije realizovao jedno od dva slobodna bacanja za, ispostavi\u0107e se, nedosti\u017enih \u010detiri razlike za Sutjesku.<\/p>\n<p>Goste iz Nik\u0161i\u0107a do trijumfa je predvodio Nikola Pavli\u0107evi\u0107 sa 28 poena, a pratili su ga Sejfi\u0107 sa 14, te Dra\u0161ko Kne\u017eevi\u0107 i Milo\u0161 Vujovi\u0107 sa po 10 poena.<\/p>\n<p>Bolji od ostalih kod Pazaraca, oslabljenih neigranjem povre\u0111enog Aleksandra Todorovi\u0107a i Milana Vuli\u0107a, koji je napustio klub, bili su Nikola Kora\u0107 sa 24, Majkl Melori sa 18 i Nemanja Vu\u010di\u0107evi\u0107 sa 13 poena.<\/p>\n<p>Me\u010d u dvorani Pendik pratilo je oko 500 gledalaca.<\/p>\n<p>Sutjeska je zadr\u017eala \u010detvrto mesto na tabeli sa sedam pobeda i pet poraza, dok je Pazar na skoru 4\/8 i ima 10. u\u010dinak u ligi.<\/p>\n<p>Novi Pazar \u0107e u 13. kolu gostovati ekipi Splita, a Sutjeska \u0107e biti doma\u0107in Lov\u0107enu 1947.<\/p>\n<p>izvor: Radiostoplus<\/p>\n<p>&nbsp;<\/p>\n","protected":false},"excerpt":{"rendered":"<p>Ko\u0161arka\u0161i Novog Pazara pora\u017eeni su od Sutjeske sa 79:83 (14:26, 28:13, 17:25, 20:19), u utakmici 12. kola regionalne ABA 2 lige. U neizvesnoj zavr\u0161nici, pri rezultatu 77:77, presudio je Ismet Sejfi\u0107 trojkom sa oko devet metara na 37 sekundi pre kraja, a isti igra\u010d je 11 sekundi kasnije realizovao jedno od dva slobodna bacanja za, [&hellip;]<\/p>\n","protected":false},"author":509,"featured_media":231984,"comment_status":"open","ping_status":"open","sticky":false,"template":"","format":"standard","meta":{"footnotes":""},"categories":[72,13,8957],"tags":[],"class_list":{"0":"post-231982","1":"post","2":"type-post","3":"status-publish","4":"format-standard","5":"has-post-thumbnail","7":"category-novi-pazar","8":"category-sport","9":"category-vijesti-dana"},"yoast_head":"<!-- This site is optimized with the Yoast SEO Premium plugin v23.1 (Yoast SEO v24.9) - https:\/\/yoast.com\/wordpress\/plugins\/seo\/ -->\n<title>Drama u Pendiku: Sejfi\u0107 presudio ko\u0161arka\u0161ima Novog Pazara<\/title>\n<meta name=\"robots\" content=\"index, follow, max-snippet:-1, max-image-preview:large, max-video-preview:-1\" \/>\n<link rel=\"canonical\" href=\"https:\/\/sandzakpress.net\/arhiva\/drama-u-pendiku-sejfic-presudio-kosarkasima-novog-pazara\/\" \/>\n<meta property=\"og:locale\" content=\"bs_BA\" \/>\n<meta property=\"og:type\" content=\"article\" \/>\n<meta property=\"og:title\" content=\"Drama u Pendiku: Sejfi\u0107 presudio ko\u0161arka\u0161ima Novog Pazara\" \/>\n<meta property=\"og:description\" content=\"Ko\u0161arka\u0161i Novog Pazara pora\u017eeni su od Sutjeske sa 79:83 (14:26, 28:13, 17:25, 20:19), u utakmici 12. kola regionalne ABA 2 lige. U neizvesnoj zavr\u0161nici, pri rezultatu 77:77, presudio je Ismet Sejfi\u0107 trojkom sa oko devet metara na 37 sekundi pre kraja, a isti igra\u010d je 11 sekundi kasnije realizovao jedno od dva slobodna bacanja za, [&hellip;]\" \/>\n<meta property=\"og:url\" content=\"https:\/\/sandzakpress.net\/arhiva\/drama-u-pendiku-sejfic-presudio-kosarkasima-novog-pazara\/\" \/>\n<meta property=\"og:site_name\" content=\"Sand\u017eak PRESS\" \/>\n<meta property=\"article:published_time\" content=\"2019-12-19T10:36:40+00:00\" \/>\n<meta property=\"og:image\" content=\"https:\/\/sandzakpress.net\/arhiva\/wp-content\/uploads\/2019\/12\/80404617_2558482247533580_7094748938871242752_n.jpg\" \/>\n\t<meta property=\"og:image:width\" content=\"960\" \/>\n\t<meta property=\"og:image:height\" content=\"720\" \/>\n\t<meta property=\"og:image:type\" content=\"image\/jpeg\" \/>\n<meta name=\"author\" content=\"Agencija\" \/>\n<meta name=\"twitter:card\" content=\"summary_large_image\" \/>\n<meta name=\"twitter:label1\" content=\"Written by\" \/>\n\t<meta name=\"twitter:data1\" content=\"Agencija\" \/>\n\t<meta name=\"twitter:label2\" content=\"Est. reading time\" \/>\n\t<meta name=\"twitter:data2\" content=\"1 minuta\" \/>\n<script type=\"application\/ld+json\" class=\"yoast-schema-graph\">{\"@context\":\"https:\/\/schema.org\",\"@graph\":[{\"@type\":\"Article\",\"@id\":\"https:\/\/sandzakpress.net\/arhiva\/drama-u-pendiku-sejfic-presudio-kosarkasima-novog-pazara\/#article\",\"isPartOf\":{\"@id\":\"https:\/\/sandzakpress.net\/arhiva\/drama-u-pendiku-sejfic-presudio-kosarkasima-novog-pazara\/\"},\"author\":{\"name\":\"Agencija\",\"@id\":\"https:\/\/sandzakpress.net\/arhiva\/#\/schema\/person\/cb59d7e3ab91ab90dd680ad0305a6185\"},\"headline\":\"Drama u Pendiku: Sejfi\u0107 presudio ko\u0161arka\u0161ima Novog Pazara\",\"datePublished\":\"2019-12-19T10:36:40+00:00\",\"mainEntityOfPage\":{\"@id\":\"https:\/\/sandzakpress.net\/arhiva\/drama-u-pendiku-sejfic-presudio-kosarkasima-novog-pazara\/\"},\"wordCount\":186,\"commentCount\":0,\"publisher\":{\"@id\":\"https:\/\/sandzakpress.net\/arhiva\/#\/schema\/person\/6e72b67d6e51910a1117b3b483ba20bd\"},\"image\":{\"@id\":\"https:\/\/sandzakpress.net\/arhiva\/drama-u-pendiku-sejfic-presudio-kosarkasima-novog-pazara\/#primaryimage\"},\"thumbnailUrl\":\"https:\/\/sandzakpress.net\/arhiva\/wp-content\/uploads\/2019\/12\/80404617_2558482247533580_7094748938871242752_n.jpg\",\"articleSection\":[\"Novi Pazar\",\"Sport\",\"VIJESTI DANA\"],\"inLanguage\":\"bs-BA\",\"potentialAction\":[{\"@type\":\"CommentAction\",\"name\":\"Comment\",\"target\":[\"https:\/\/sandzakpress.net\/arhiva\/drama-u-pendiku-sejfic-presudio-kosarkasima-novog-pazara\/#respond\"]}]},{\"@type\":\"WebPage\",\"@id\":\"https:\/\/sandzakpress.net\/arhiva\/drama-u-pendiku-sejfic-presudio-kosarkasima-novog-pazara\/\",\"url\":\"https:\/\/sandzakpress.net\/arhiva\/drama-u-pendiku-sejfic-presudio-kosarkasima-novog-pazara\/\",\"name\":\"Drama u Pendiku: Sejfi\u0107 presudio ko\u0161arka\u0161ima Novog Pazara\",\"isPartOf\":{\"@id\":\"https:\/\/sandzakpress.net\/arhiva\/#website\"},\"primaryImageOfPage\":{\"@id\":\"https:\/\/sandzakpress.net\/arhiva\/drama-u-pendiku-sejfic-presudio-kosarkasima-novog-pazara\/#primaryimage\"},\"image\":{\"@id\":\"https:\/\/sandzakpress.net\/arhiva\/drama-u-pendiku-sejfic-presudio-kosarkasima-novog-pazara\/#primaryimage\"},\"thumbnailUrl\":\"https:\/\/sandzakpress.net\/arhiva\/wp-content\/uploads\/2019\/12\/80404617_2558482247533580_7094748938871242752_n.jpg\",\"datePublished\":\"2019-12-19T10:36:40+00:00\",\"breadcrumb\":{\"@id\":\"https:\/\/sandzakpress.net\/arhiva\/drama-u-pendiku-sejfic-presudio-kosarkasima-novog-pazara\/#breadcrumb\"},\"inLanguage\":\"bs-BA\",\"potentialAction\":[{\"@type\":\"ReadAction\",\"target\":[\"https:\/\/sandzakpress.net\/arhiva\/drama-u-pendiku-sejfic-presudio-kosarkasima-novog-pazara\/\"]}]},{\"@type\":\"ImageObject\",\"inLanguage\":\"bs-BA\",\"@id\":\"https:\/\/sandzakpress.net\/arhiva\/drama-u-pendiku-sejfic-presudio-kosarkasima-novog-pazara\/#primaryimage\",\"url\":\"https:\/\/sandzakpress.net\/arhiva\/wp-content\/uploads\/2019\/12\/80404617_2558482247533580_7094748938871242752_n.jpg\",\"contentUrl\":\"https:\/\/sandzakpress.net\/arhiva\/wp-content\/uploads\/2019\/12\/80404617_2558482247533580_7094748938871242752_n.jpg\",\"width\":960,\"height\":720},{\"@type\":\"BreadcrumbList\",\"@id\":\"https:\/\/sandzakpress.net\/arhiva\/drama-u-pendiku-sejfic-presudio-kosarkasima-novog-pazara\/#breadcrumb\",\"itemListElement\":[{\"@type\":\"ListItem\",\"position\":1,\"name\":\"Home\",\"item\":\"https:\/\/sandzakpress.net\/arhiva\/\"},{\"@type\":\"ListItem\",\"position\":2,\"name\":\"Drama u Pendiku: Sejfi\u0107 presudio ko\u0161arka\u0161ima Novog Pazara\"}]},{\"@type\":\"WebSite\",\"@id\":\"https:\/\/sandzakpress.net\/arhiva\/#website\",\"url\":\"https:\/\/sandzakpress.net\/arhiva\/\",\"name\":\"Sand\u017eak PRESS\",\"description\":\"Prve elektronske novine u Sand\u017eaku\",\"publisher\":{\"@id\":\"https:\/\/sandzakpress.net\/arhiva\/#\/schema\/person\/6e72b67d6e51910a1117b3b483ba20bd\"},\"potentialAction\":[{\"@type\":\"SearchAction\",\"target\":{\"@type\":\"EntryPoint\",\"urlTemplate\":\"https:\/\/sandzakpress.net\/arhiva\/?s={search_term_string}\"},\"query-input\":{\"@type\":\"PropertyValueSpecification\",\"valueRequired\":true,\"valueName\":\"search_term_string\"}}],\"inLanguage\":\"bs-BA\"},{\"@type\":[\"Person\",\"Organization\"],\"@id\":\"https:\/\/sandzakpress.net\/arhiva\/#\/schema\/person\/6e72b67d6e51910a1117b3b483ba20bd\",\"name\":\"Kul\",\"image\":{\"@type\":\"ImageObject\",\"inLanguage\":\"bs-BA\",\"@id\":\"https:\/\/sandzakpress.net\/arhiva\/#\/schema\/person\/image\/\",\"url\":\"https:\/\/secure.gravatar.com\/avatar\/42263f39aa27ac04c43cab85c280eb2e?s=96&d=mm&r=pg\",\"contentUrl\":\"https:\/\/secure.gravatar.com\/avatar\/42263f39aa27ac04c43cab85c280eb2e?s=96&d=mm&r=pg\",\"caption\":\"Kul\"},\"logo\":{\"@id\":\"https:\/\/sandzakpress.net\/arhiva\/#\/schema\/person\/image\/\"}},{\"@type\":\"Person\",\"@id\":\"https:\/\/sandzakpress.net\/arhiva\/#\/schema\/person\/cb59d7e3ab91ab90dd680ad0305a6185\",\"name\":\"Agencija\",\"image\":{\"@type\":\"ImageObject\",\"inLanguage\":\"bs-BA\",\"@id\":\"https:\/\/sandzakpress.net\/arhiva\/#\/schema\/person\/image\/\",\"url\":\"https:\/\/secure.gravatar.com\/avatar\/4b7fafa80a22f0c2afe23966b3961fe0?s=96&d=mm&r=pg\",\"contentUrl\":\"https:\/\/secure.gravatar.com\/avatar\/4b7fafa80a22f0c2afe23966b3961fe0?s=96&d=mm&r=pg\",\"caption\":\"Agencija\"},\"url\":\"https:\/\/sandzakpress.net\/arhiva\/author\/agencija\/\"}]}<\/script>\n<!-- \/ Yoast SEO Premium plugin. -->","yoast_head_json":{"title":"Drama u Pendiku: Sejfi\u0107 presudio ko\u0161arka\u0161ima Novog Pazara","robots":{"index":"index","follow":"follow","max-snippet":"max-snippet:-1","max-image-preview":"max-image-preview:large","max-video-preview":"max-video-preview:-1"},"canonical":"https:\/\/sandzakpress.net\/arhiva\/drama-u-pendiku-sejfic-presudio-kosarkasima-novog-pazara\/","og_locale":"bs_BA","og_type":"article","og_title":"Drama u Pendiku: Sejfi\u0107 presudio ko\u0161arka\u0161ima Novog Pazara","og_description":"Ko\u0161arka\u0161i Novog Pazara pora\u017eeni su od Sutjeske sa 79:83 (14:26, 28:13, 17:25, 20:19), u utakmici 12. kola regionalne ABA 2 lige. U neizvesnoj zavr\u0161nici, pri rezultatu 77:77, presudio je Ismet Sejfi\u0107 trojkom sa oko devet metara na 37 sekundi pre kraja, a isti igra\u010d je 11 sekundi kasnije realizovao jedno od dva slobodna bacanja za, [&hellip;]","og_url":"https:\/\/sandzakpress.net\/arhiva\/drama-u-pendiku-sejfic-presudio-kosarkasima-novog-pazara\/","og_site_name":"Sand\u017eak PRESS","article_published_time":"2019-12-19T10:36:40+00:00","og_image":[{"width":960,"height":720,"url":"https:\/\/sandzakpress.net\/arhiva\/wp-content\/uploads\/2019\/12\/80404617_2558482247533580_7094748938871242752_n.jpg","type":"image\/jpeg"}],"author":"Agencija","twitter_card":"summary_large_image","twitter_misc":{"Written by":"Agencija","Est. reading time":"1 minuta"},"schema":{"@context":"https:\/\/schema.org","@graph":[{"@type":"Article","@id":"https:\/\/sandzakpress.net\/arhiva\/drama-u-pendiku-sejfic-presudio-kosarkasima-novog-pazara\/#article","isPartOf":{"@id":"https:\/\/sandzakpress.net\/arhiva\/drama-u-pendiku-sejfic-presudio-kosarkasima-novog-pazara\/"},"author":{"name":"Agencija","@id":"https:\/\/sandzakpress.net\/arhiva\/#\/schema\/person\/cb59d7e3ab91ab90dd680ad0305a6185"},"headline":"Drama u Pendiku: Sejfi\u0107 presudio ko\u0161arka\u0161ima Novog Pazara","datePublished":"2019-12-19T10:36:40+00:00","mainEntityOfPage":{"@id":"https:\/\/sandzakpress.net\/arhiva\/drama-u-pendiku-sejfic-presudio-kosarkasima-novog-pazara\/"},"wordCount":186,"commentCount":0,"publisher":{"@id":"https:\/\/sandzakpress.net\/arhiva\/#\/schema\/person\/6e72b67d6e51910a1117b3b483ba20bd"},"image":{"@id":"https:\/\/sandzakpress.net\/arhiva\/drama-u-pendiku-sejfic-presudio-kosarkasima-novog-pazara\/#primaryimage"},"thumbnailUrl":"https:\/\/sandzakpress.net\/arhiva\/wp-content\/uploads\/2019\/12\/80404617_2558482247533580_7094748938871242752_n.jpg","articleSection":["Novi Pazar","Sport","VIJESTI DANA"],"inLanguage":"bs-BA","potentialAction":[{"@type":"CommentAction","name":"Comment","target":["https:\/\/sandzakpress.net\/arhiva\/drama-u-pendiku-sejfic-presudio-kosarkasima-novog-pazara\/#respond"]}]},{"@type":"WebPage","@id":"https:\/\/sandzakpress.net\/arhiva\/drama-u-pendiku-sejfic-presudio-kosarkasima-novog-pazara\/","url":"https:\/\/sandzakpress.net\/arhiva\/drama-u-pendiku-sejfic-presudio-kosarkasima-novog-pazara\/","name":"Drama u Pendiku: Sejfi\u0107 presudio ko\u0161arka\u0161ima Novog Pazara","isPartOf":{"@id":"https:\/\/sandzakpress.net\/arhiva\/#website"},"primaryImageOfPage":{"@id":"https:\/\/sandzakpress.net\/arhiva\/drama-u-pendiku-sejfic-presudio-kosarkasima-novog-pazara\/#primaryimage"},"image":{"@id":"https:\/\/sandzakpress.net\/arhiva\/drama-u-pendiku-sejfic-presudio-kosarkasima-novog-pazara\/#primaryimage"},"thumbnailUrl":"https:\/\/sandzakpress.net\/arhiva\/wp-content\/uploads\/2019\/12\/80404617_2558482247533580_7094748938871242752_n.jpg","datePublished":"2019-12-19T10:36:40+00:00","breadcrumb":{"@id":"https:\/\/sandzakpress.net\/arhiva\/drama-u-pendiku-sejfic-presudio-kosarkasima-novog-pazara\/#breadcrumb"},"inLanguage":"bs-BA","potentialAction":[{"@type":"ReadAction","target":["https:\/\/sandzakpress.net\/arhiva\/drama-u-pendiku-sejfic-presudio-kosarkasima-novog-pazara\/"]}]},{"@type":"ImageObject","inLanguage":"bs-BA","@id":"https:\/\/sandzakpress.net\/arhiva\/drama-u-pendiku-sejfic-presudio-kosarkasima-novog-pazara\/#primaryimage","url":"https:\/\/sandzakpress.net\/arhiva\/wp-content\/uploads\/2019\/12\/80404617_2558482247533580_7094748938871242752_n.jpg","contentUrl":"https:\/\/sandzakpress.net\/arhiva\/wp-content\/uploads\/2019\/12\/80404617_2558482247533580_7094748938871242752_n.jpg","width":960,"height":720},{"@type":"BreadcrumbList","@id":"https:\/\/sandzakpress.net\/arhiva\/drama-u-pendiku-sejfic-presudio-kosarkasima-novog-pazara\/#breadcrumb","itemListElement":[{"@type":"ListItem","position":1,"name":"Home","item":"https:\/\/sandzakpress.net\/arhiva\/"},{"@type":"ListItem","position":2,"name":"Drama u Pendiku: Sejfi\u0107 presudio ko\u0161arka\u0161ima Novog Pazara"}]},{"@type":"WebSite","@id":"https:\/\/sandzakpress.net\/arhiva\/#website","url":"https:\/\/sandzakpress.net\/arhiva\/","name":"Sand\u017eak PRESS","description":"Prve elektronske novine u Sand\u017eaku","publisher":{"@id":"https:\/\/sandzakpress.net\/arhiva\/#\/schema\/person\/6e72b67d6e51910a1117b3b483ba20bd"},"potentialAction":[{"@type":"SearchAction","target":{"@type":"EntryPoint","urlTemplate":"https:\/\/sandzakpress.net\/arhiva\/?s={search_term_string}"},"query-input":{"@type":"PropertyValueSpecification","valueRequired":true,"valueName":"search_term_string"}}],"inLanguage":"bs-BA"},{"@type":["Person","Organization"],"@id":"https:\/\/sandzakpress.net\/arhiva\/#\/schema\/person\/6e72b67d6e51910a1117b3b483ba20bd","name":"Kul","image":{"@type":"ImageObject","inLanguage":"bs-BA","@id":"https:\/\/sandzakpress.net\/arhiva\/#\/schema\/person\/image\/","url":"https:\/\/secure.gravatar.com\/avatar\/42263f39aa27ac04c43cab85c280eb2e?s=96&d=mm&r=pg","contentUrl":"https:\/\/secure.gravatar.com\/avatar\/42263f39aa27ac04c43cab85c280eb2e?s=96&d=mm&r=pg","caption":"Kul"},"logo":{"@id":"https:\/\/sandzakpress.net\/arhiva\/#\/schema\/person\/image\/"}},{"@type":"Person","@id":"https:\/\/sandzakpress.net\/arhiva\/#\/schema\/person\/cb59d7e3ab91ab90dd680ad0305a6185","name":"Agencija","image":{"@type":"ImageObject","inLanguage":"bs-BA","@id":"https:\/\/sandzakpress.net\/arhiva\/#\/schema\/person\/image\/","url":"https:\/\/secure.gravatar.com\/avatar\/4b7fafa80a22f0c2afe23966b3961fe0?s=96&d=mm&r=pg","contentUrl":"https:\/\/secure.gravatar.com\/avatar\/4b7fafa80a22f0c2afe23966b3961fe0?s=96&d=mm&r=pg","caption":"Agencija"},"url":"https:\/\/sandzakpress.net\/arhiva\/author\/agencija\/"}]}},"_links":{"self":[{"href":"https:\/\/sandzakpress.net\/arhiva\/wp-json\/wp\/v2\/posts\/231982"}],"collection":[{"href":"https:\/\/sandzakpress.net\/arhiva\/wp-json\/wp\/v2\/posts"}],"about":[{"href":"https:\/\/sandzakpress.net\/arhiva\/wp-json\/wp\/v2\/types\/post"}],"author":[{"embeddable":true,"href":"https:\/\/sandzakpress.net\/arhiva\/wp-json\/wp\/v2\/users\/509"}],"replies":[{"embeddable":true,"href":"https:\/\/sandzakpress.net\/arhiva\/wp-json\/wp\/v2\/comments?post=231982"}],"version-history":[{"count":0,"href":"https:\/\/sandzakpress.net\/arhiva\/wp-json\/wp\/v2\/posts\/231982\/revisions"}],"wp:featuredmedia":[{"embeddable":true,"href":"https:\/\/sandzakpress.net\/arhiva\/wp-json\/wp\/v2\/media\/231984"}],"wp:attachment":[{"href":"https:\/\/sandzakpress.net\/arhiva\/wp-json\/wp\/v2\/media?parent=231982"}],"wp:term":[{"taxonomy":"category","embeddable":true,"href":"https:\/\/sandzakpress.net\/arhiva\/wp-json\/wp\/v2\/categories?post=231982"},{"taxonomy":"post_tag","embeddable":true,"href":"https:\/\/sandzakpress.net\/arhiva\/wp-json\/wp\/v2\/tags?post=231982"}],"curies":[{"name":"wp","href":"https:\/\/api.w.org\/{rel}","templated":true}]}}