{"id":231964,"date":"2019-12-18T20:04:45","date_gmt":"2019-12-18T19:04:45","guid":{"rendered":"https:\/\/sandzakpress.net\/arhiva\/?p=231964"},"modified":"2019-12-18T20:04:45","modified_gmt":"2019-12-18T19:04:45","slug":"sastanak-u-nsz-poslodavcima-predstavljene-mere-aktivne-politike-zaposljavanja","status":"publish","type":"post","link":"https:\/\/sandzakpress.net\/arhiva\/sastanak-u-nsz-poslodavcima-predstavljene-mere-aktivne-politike-zaposljavanja\/","title":{"rendered":"Sastanak u NSZ: Poslodavcima predstavljene mere aktivne politike zapo\u0161ljavanja"},"content":{"rendered":"<p><img decoding=\"async\" src=\"http:\/\/foruminfo.rs\/wp-content\/uploads\/2019\/12\/nsz-2-681x356.jpg\" \/><\/p>\n<p><strong>Prema re\u010dima direktorke prijepoljske Filijale Nacionalne slu\u017ebe za zapo\u0161ljavanje Ane Pejovi\u0107 sastanak je organizovan kako bi se pro\u0161irio krug poslodavaca koji koriste programe i mere koje nudi Nacionalna slu\u017eba za zapo\u0161ljavanje, a sve u cilju smanjenja nezaposlenosti i pomo\u0107i poslodavcima u pro\u0161irivanju svojih delatnosti .<\/strong><\/p>\n<p>Utvrdili smo da postoji jedan broj poslodavaca koji ne konkuri\u0161e uop\u0161te ili koji nisu u ovom periodu konkurisali. Iz tih razloga mi smo danas organizovali sastanak upravo sa tim poslodavcima, da ih informi\u0161emo o stanju na tr\u017ei\u0161tu rada, da ih informi\u0161emo o programima i merama koje sprovodimo i koje \u0107emo sprovoditi, a za koje o\u010dekujemo javne pozive po\u010detkom slede\u0107e godine \u2013 ka\u017ee direktorka Filijale NSZ u Prijepolju Ana Pejovi\u0107.<\/p>\n<p>Sastanku je prisustvovalo dvadesetak poslodavaca iz Prijepolja koji u prethodnom periodu nisu koristili programe i mere aktivne politike zapo\u0161ljavanja. O\u010dekivanja su sli\u010dna.<\/p>\n<p>Mislim da je ovo dobra \u0161ansa za mene. Meni trebaju stru\u010dni ljudi, trebaju mi arhitekte, in\u017eenjeri, trebaju mi stru\u010dni radnici. Ja znam da na Zavodu ima takvih ljudi, ali ja od svojih sredstava ne mogu da ih pla\u0107am pa bih hteo preko NSZ, kao \u0161to dosta njih radi, da konkuri\u0161em i da zaposlim nekoga i da ga obu\u010dim \u2013 ka\u017ee vlasnik gra\u0111evinske firme \u201eBau gradnja\u201c iz Brodareva D\u017eemail Bali\u0107evac.<\/p>\n<p>Sli\u010dno razmi\u0161lja i Said Hamzi\u0107, vlasnik firme \u201eElektro S\u201c.<\/p>\n<p>Poslujem od 2017. godine. Tada sam koristio sredstva kao nezaposleno lice, a sada bih to uradio kao preduzetnik. Tu sam da bih unapredio svoje poslovanje, pro\u0161irio delatnost i uposlio jo\u0161 ljudi ako za to bude bilo potrebe. Mislim da su ovo prave mere upravom trenutku kako bi se zapo\u0161ljavalebmlade osobe \u2013 smatra Said.<\/p>\n<p>U narednoj godini Nacionalna slu\u017eba za zapo\u0161ljavanje sprovodi\u0107e iste programe kao i ove godine, ka\u017ee Ana Pejovi\u0107 s tim \u0161to se o\u010dekuje ne\u0161to ve\u0107i iznos za program samozapo\u0161ljavanja. Od po\u010detka godine kroz programe i mere aktivne politike zapo\u0161ljavanja uklju\u010deno je 720 lica za \u0161ta je utro\u0161eno oko 143 miliona dinara.<\/p>\n","protected":false},"excerpt":{"rendered":"<p>Prema re\u010dima direktorke prijepoljske Filijale Nacionalne slu\u017ebe za zapo\u0161ljavanje Ane Pejovi\u0107 sastanak je organizovan kako bi se pro\u0161irio krug poslodavaca koji koriste programe i mere koje nudi Nacionalna slu\u017eba za zapo\u0161ljavanje, a sve u cilju smanjenja nezaposlenosti i pomo\u0107i poslodavcima u pro\u0161irivanju svojih delatnosti . Utvrdili smo da postoji jedan broj poslodavaca koji ne konkuri\u0161e [&hellip;]<\/p>\n","protected":false},"author":509,"featured_media":231965,"comment_status":"open","ping_status":"open","sticky":false,"template":"","format":"standard","meta":{"footnotes":""},"categories":[3,392],"tags":[],"class_list":{"0":"post-231964","1":"post","2":"type-post","3":"status-publish","4":"format-standard","5":"has-post-thumbnail","7":"category-privreda","8":"category-prijepolje_"},"yoast_head":"<!-- This site is optimized with the Yoast SEO Premium plugin v23.1 (Yoast SEO v24.9) - https:\/\/yoast.com\/wordpress\/plugins\/seo\/ -->\n<title>Sastanak u NSZ: Poslodavcima predstavljene mere aktivne politike zapo\u0161ljavanja<\/title>\n<meta name=\"robots\" content=\"index, follow, max-snippet:-1, max-image-preview:large, max-video-preview:-1\" \/>\n<link rel=\"canonical\" href=\"https:\/\/sandzakpress.net\/arhiva\/sastanak-u-nsz-poslodavcima-predstavljene-mere-aktivne-politike-zaposljavanja\/\" \/>\n<meta property=\"og:locale\" content=\"bs_BA\" \/>\n<meta property=\"og:type\" content=\"article\" \/>\n<meta property=\"og:title\" content=\"Sastanak u NSZ: Poslodavcima predstavljene mere aktivne politike zapo\u0161ljavanja\" \/>\n<meta property=\"og:description\" content=\"Prema re\u010dima direktorke prijepoljske Filijale Nacionalne slu\u017ebe za zapo\u0161ljavanje Ane Pejovi\u0107 sastanak je organizovan kako bi se pro\u0161irio krug poslodavaca koji koriste programe i mere koje nudi Nacionalna slu\u017eba za zapo\u0161ljavanje, a sve u cilju smanjenja nezaposlenosti i pomo\u0107i poslodavcima u pro\u0161irivanju svojih delatnosti . Utvrdili smo da postoji jedan broj poslodavaca koji ne konkuri\u0161e [&hellip;]\" \/>\n<meta property=\"og:url\" content=\"https:\/\/sandzakpress.net\/arhiva\/sastanak-u-nsz-poslodavcima-predstavljene-mere-aktivne-politike-zaposljavanja\/\" \/>\n<meta property=\"og:site_name\" content=\"Sand\u017eak PRESS\" \/>\n<meta property=\"article:published_time\" content=\"2019-12-18T19:04:45+00:00\" \/>\n<meta property=\"og:image\" content=\"https:\/\/sandzakpress.net\/arhiva\/wp-content\/uploads\/2019\/12\/nsz-2-681x356.jpg\" \/>\n\t<meta property=\"og:image:width\" content=\"681\" \/>\n\t<meta property=\"og:image:height\" content=\"356\" \/>\n\t<meta property=\"og:image:type\" content=\"image\/jpeg\" \/>\n<meta name=\"author\" content=\"Agencija\" \/>\n<meta name=\"twitter:card\" content=\"summary_large_image\" \/>\n<meta name=\"twitter:label1\" content=\"Written by\" \/>\n\t<meta name=\"twitter:data1\" content=\"Agencija\" \/>\n\t<meta name=\"twitter:label2\" content=\"Est. reading time\" \/>\n\t<meta name=\"twitter:data2\" content=\"2 minute\" \/>\n<script type=\"application\/ld+json\" class=\"yoast-schema-graph\">{\"@context\":\"https:\/\/schema.org\",\"@graph\":[{\"@type\":\"Article\",\"@id\":\"https:\/\/sandzakpress.net\/arhiva\/sastanak-u-nsz-poslodavcima-predstavljene-mere-aktivne-politike-zaposljavanja\/#article\",\"isPartOf\":{\"@id\":\"https:\/\/sandzakpress.net\/arhiva\/sastanak-u-nsz-poslodavcima-predstavljene-mere-aktivne-politike-zaposljavanja\/\"},\"author\":{\"name\":\"Agencija\",\"@id\":\"https:\/\/sandzakpress.net\/arhiva\/#\/schema\/person\/cb59d7e3ab91ab90dd680ad0305a6185\"},\"headline\":\"Sastanak u NSZ: Poslodavcima predstavljene mere aktivne politike zapo\u0161ljavanja\",\"datePublished\":\"2019-12-18T19:04:45+00:00\",\"mainEntityOfPage\":{\"@id\":\"https:\/\/sandzakpress.net\/arhiva\/sastanak-u-nsz-poslodavcima-predstavljene-mere-aktivne-politike-zaposljavanja\/\"},\"wordCount\":367,\"commentCount\":0,\"publisher\":{\"@id\":\"https:\/\/sandzakpress.net\/arhiva\/#\/schema\/person\/6e72b67d6e51910a1117b3b483ba20bd\"},\"image\":{\"@id\":\"https:\/\/sandzakpress.net\/arhiva\/sastanak-u-nsz-poslodavcima-predstavljene-mere-aktivne-politike-zaposljavanja\/#primaryimage\"},\"thumbnailUrl\":\"https:\/\/sandzakpress.net\/arhiva\/wp-content\/uploads\/2019\/12\/nsz-2-681x356.jpg\",\"articleSection\":[\"Privreda\",\"Prijepolje\"],\"inLanguage\":\"bs-BA\",\"potentialAction\":[{\"@type\":\"CommentAction\",\"name\":\"Comment\",\"target\":[\"https:\/\/sandzakpress.net\/arhiva\/sastanak-u-nsz-poslodavcima-predstavljene-mere-aktivne-politike-zaposljavanja\/#respond\"]}]},{\"@type\":\"WebPage\",\"@id\":\"https:\/\/sandzakpress.net\/arhiva\/sastanak-u-nsz-poslodavcima-predstavljene-mere-aktivne-politike-zaposljavanja\/\",\"url\":\"https:\/\/sandzakpress.net\/arhiva\/sastanak-u-nsz-poslodavcima-predstavljene-mere-aktivne-politike-zaposljavanja\/\",\"name\":\"Sastanak u NSZ: Poslodavcima predstavljene mere aktivne politike zapo\u0161ljavanja\",\"isPartOf\":{\"@id\":\"https:\/\/sandzakpress.net\/arhiva\/#website\"},\"primaryImageOfPage\":{\"@id\":\"https:\/\/sandzakpress.net\/arhiva\/sastanak-u-nsz-poslodavcima-predstavljene-mere-aktivne-politike-zaposljavanja\/#primaryimage\"},\"image\":{\"@id\":\"https:\/\/sandzakpress.net\/arhiva\/sastanak-u-nsz-poslodavcima-predstavljene-mere-aktivne-politike-zaposljavanja\/#primaryimage\"},\"thumbnailUrl\":\"https:\/\/sandzakpress.net\/arhiva\/wp-content\/uploads\/2019\/12\/nsz-2-681x356.jpg\",\"datePublished\":\"2019-12-18T19:04:45+00:00\",\"breadcrumb\":{\"@id\":\"https:\/\/sandzakpress.net\/arhiva\/sastanak-u-nsz-poslodavcima-predstavljene-mere-aktivne-politike-zaposljavanja\/#breadcrumb\"},\"inLanguage\":\"bs-BA\",\"potentialAction\":[{\"@type\":\"ReadAction\",\"target\":[\"https:\/\/sandzakpress.net\/arhiva\/sastanak-u-nsz-poslodavcima-predstavljene-mere-aktivne-politike-zaposljavanja\/\"]}]},{\"@type\":\"ImageObject\",\"inLanguage\":\"bs-BA\",\"@id\":\"https:\/\/sandzakpress.net\/arhiva\/sastanak-u-nsz-poslodavcima-predstavljene-mere-aktivne-politike-zaposljavanja\/#primaryimage\",\"url\":\"https:\/\/sandzakpress.net\/arhiva\/wp-content\/uploads\/2019\/12\/nsz-2-681x356.jpg\",\"contentUrl\":\"https:\/\/sandzakpress.net\/arhiva\/wp-content\/uploads\/2019\/12\/nsz-2-681x356.jpg\",\"width\":681,\"height\":356},{\"@type\":\"BreadcrumbList\",\"@id\":\"https:\/\/sandzakpress.net\/arhiva\/sastanak-u-nsz-poslodavcima-predstavljene-mere-aktivne-politike-zaposljavanja\/#breadcrumb\",\"itemListElement\":[{\"@type\":\"ListItem\",\"position\":1,\"name\":\"Home\",\"item\":\"https:\/\/sandzakpress.net\/arhiva\/\"},{\"@type\":\"ListItem\",\"position\":2,\"name\":\"Sastanak u NSZ: Poslodavcima predstavljene mere aktivne politike zapo\u0161ljavanja\"}]},{\"@type\":\"WebSite\",\"@id\":\"https:\/\/sandzakpress.net\/arhiva\/#website\",\"url\":\"https:\/\/sandzakpress.net\/arhiva\/\",\"name\":\"Sand\u017eak PRESS\",\"description\":\"Prve elektronske novine u Sand\u017eaku\",\"publisher\":{\"@id\":\"https:\/\/sandzakpress.net\/arhiva\/#\/schema\/person\/6e72b67d6e51910a1117b3b483ba20bd\"},\"potentialAction\":[{\"@type\":\"SearchAction\",\"target\":{\"@type\":\"EntryPoint\",\"urlTemplate\":\"https:\/\/sandzakpress.net\/arhiva\/?s={search_term_string}\"},\"query-input\":{\"@type\":\"PropertyValueSpecification\",\"valueRequired\":true,\"valueName\":\"search_term_string\"}}],\"inLanguage\":\"bs-BA\"},{\"@type\":[\"Person\",\"Organization\"],\"@id\":\"https:\/\/sandzakpress.net\/arhiva\/#\/schema\/person\/6e72b67d6e51910a1117b3b483ba20bd\",\"name\":\"Kul\",\"image\":{\"@type\":\"ImageObject\",\"inLanguage\":\"bs-BA\",\"@id\":\"https:\/\/sandzakpress.net\/arhiva\/#\/schema\/person\/image\/\",\"url\":\"https:\/\/secure.gravatar.com\/avatar\/42263f39aa27ac04c43cab85c280eb2e?s=96&d=mm&r=pg\",\"contentUrl\":\"https:\/\/secure.gravatar.com\/avatar\/42263f39aa27ac04c43cab85c280eb2e?s=96&d=mm&r=pg\",\"caption\":\"Kul\"},\"logo\":{\"@id\":\"https:\/\/sandzakpress.net\/arhiva\/#\/schema\/person\/image\/\"}},{\"@type\":\"Person\",\"@id\":\"https:\/\/sandzakpress.net\/arhiva\/#\/schema\/person\/cb59d7e3ab91ab90dd680ad0305a6185\",\"name\":\"Agencija\",\"image\":{\"@type\":\"ImageObject\",\"inLanguage\":\"bs-BA\",\"@id\":\"https:\/\/sandzakpress.net\/arhiva\/#\/schema\/person\/image\/\",\"url\":\"https:\/\/secure.gravatar.com\/avatar\/4b7fafa80a22f0c2afe23966b3961fe0?s=96&d=mm&r=pg\",\"contentUrl\":\"https:\/\/secure.gravatar.com\/avatar\/4b7fafa80a22f0c2afe23966b3961fe0?s=96&d=mm&r=pg\",\"caption\":\"Agencija\"},\"url\":\"https:\/\/sandzakpress.net\/arhiva\/author\/agencija\/\"}]}<\/script>\n<!-- \/ Yoast SEO Premium plugin. -->","yoast_head_json":{"title":"Sastanak u NSZ: Poslodavcima predstavljene mere aktivne politike zapo\u0161ljavanja","robots":{"index":"index","follow":"follow","max-snippet":"max-snippet:-1","max-image-preview":"max-image-preview:large","max-video-preview":"max-video-preview:-1"},"canonical":"https:\/\/sandzakpress.net\/arhiva\/sastanak-u-nsz-poslodavcima-predstavljene-mere-aktivne-politike-zaposljavanja\/","og_locale":"bs_BA","og_type":"article","og_title":"Sastanak u NSZ: Poslodavcima predstavljene mere aktivne politike zapo\u0161ljavanja","og_description":"Prema re\u010dima direktorke prijepoljske Filijale Nacionalne slu\u017ebe za zapo\u0161ljavanje Ane Pejovi\u0107 sastanak je organizovan kako bi se pro\u0161irio krug poslodavaca koji koriste programe i mere koje nudi Nacionalna slu\u017eba za zapo\u0161ljavanje, a sve u cilju smanjenja nezaposlenosti i pomo\u0107i poslodavcima u pro\u0161irivanju svojih delatnosti . Utvrdili smo da postoji jedan broj poslodavaca koji ne konkuri\u0161e [&hellip;]","og_url":"https:\/\/sandzakpress.net\/arhiva\/sastanak-u-nsz-poslodavcima-predstavljene-mere-aktivne-politike-zaposljavanja\/","og_site_name":"Sand\u017eak PRESS","article_published_time":"2019-12-18T19:04:45+00:00","og_image":[{"width":681,"height":356,"url":"https:\/\/sandzakpress.net\/arhiva\/wp-content\/uploads\/2019\/12\/nsz-2-681x356.jpg","type":"image\/jpeg"}],"author":"Agencija","twitter_card":"summary_large_image","twitter_misc":{"Written by":"Agencija","Est. reading time":"2 minute"},"schema":{"@context":"https:\/\/schema.org","@graph":[{"@type":"Article","@id":"https:\/\/sandzakpress.net\/arhiva\/sastanak-u-nsz-poslodavcima-predstavljene-mere-aktivne-politike-zaposljavanja\/#article","isPartOf":{"@id":"https:\/\/sandzakpress.net\/arhiva\/sastanak-u-nsz-poslodavcima-predstavljene-mere-aktivne-politike-zaposljavanja\/"},"author":{"name":"Agencija","@id":"https:\/\/sandzakpress.net\/arhiva\/#\/schema\/person\/cb59d7e3ab91ab90dd680ad0305a6185"},"headline":"Sastanak u NSZ: Poslodavcima predstavljene mere aktivne politike zapo\u0161ljavanja","datePublished":"2019-12-18T19:04:45+00:00","mainEntityOfPage":{"@id":"https:\/\/sandzakpress.net\/arhiva\/sastanak-u-nsz-poslodavcima-predstavljene-mere-aktivne-politike-zaposljavanja\/"},"wordCount":367,"commentCount":0,"publisher":{"@id":"https:\/\/sandzakpress.net\/arhiva\/#\/schema\/person\/6e72b67d6e51910a1117b3b483ba20bd"},"image":{"@id":"https:\/\/sandzakpress.net\/arhiva\/sastanak-u-nsz-poslodavcima-predstavljene-mere-aktivne-politike-zaposljavanja\/#primaryimage"},"thumbnailUrl":"https:\/\/sandzakpress.net\/arhiva\/wp-content\/uploads\/2019\/12\/nsz-2-681x356.jpg","articleSection":["Privreda","Prijepolje"],"inLanguage":"bs-BA","potentialAction":[{"@type":"CommentAction","name":"Comment","target":["https:\/\/sandzakpress.net\/arhiva\/sastanak-u-nsz-poslodavcima-predstavljene-mere-aktivne-politike-zaposljavanja\/#respond"]}]},{"@type":"WebPage","@id":"https:\/\/sandzakpress.net\/arhiva\/sastanak-u-nsz-poslodavcima-predstavljene-mere-aktivne-politike-zaposljavanja\/","url":"https:\/\/sandzakpress.net\/arhiva\/sastanak-u-nsz-poslodavcima-predstavljene-mere-aktivne-politike-zaposljavanja\/","name":"Sastanak u NSZ: Poslodavcima predstavljene mere aktivne politike zapo\u0161ljavanja","isPartOf":{"@id":"https:\/\/sandzakpress.net\/arhiva\/#website"},"primaryImageOfPage":{"@id":"https:\/\/sandzakpress.net\/arhiva\/sastanak-u-nsz-poslodavcima-predstavljene-mere-aktivne-politike-zaposljavanja\/#primaryimage"},"image":{"@id":"https:\/\/sandzakpress.net\/arhiva\/sastanak-u-nsz-poslodavcima-predstavljene-mere-aktivne-politike-zaposljavanja\/#primaryimage"},"thumbnailUrl":"https:\/\/sandzakpress.net\/arhiva\/wp-content\/uploads\/2019\/12\/nsz-2-681x356.jpg","datePublished":"2019-12-18T19:04:45+00:00","breadcrumb":{"@id":"https:\/\/sandzakpress.net\/arhiva\/sastanak-u-nsz-poslodavcima-predstavljene-mere-aktivne-politike-zaposljavanja\/#breadcrumb"},"inLanguage":"bs-BA","potentialAction":[{"@type":"ReadAction","target":["https:\/\/sandzakpress.net\/arhiva\/sastanak-u-nsz-poslodavcima-predstavljene-mere-aktivne-politike-zaposljavanja\/"]}]},{"@type":"ImageObject","inLanguage":"bs-BA","@id":"https:\/\/sandzakpress.net\/arhiva\/sastanak-u-nsz-poslodavcima-predstavljene-mere-aktivne-politike-zaposljavanja\/#primaryimage","url":"https:\/\/sandzakpress.net\/arhiva\/wp-content\/uploads\/2019\/12\/nsz-2-681x356.jpg","contentUrl":"https:\/\/sandzakpress.net\/arhiva\/wp-content\/uploads\/2019\/12\/nsz-2-681x356.jpg","width":681,"height":356},{"@type":"BreadcrumbList","@id":"https:\/\/sandzakpress.net\/arhiva\/sastanak-u-nsz-poslodavcima-predstavljene-mere-aktivne-politike-zaposljavanja\/#breadcrumb","itemListElement":[{"@type":"ListItem","position":1,"name":"Home","item":"https:\/\/sandzakpress.net\/arhiva\/"},{"@type":"ListItem","position":2,"name":"Sastanak u NSZ: Poslodavcima predstavljene mere aktivne politike zapo\u0161ljavanja"}]},{"@type":"WebSite","@id":"https:\/\/sandzakpress.net\/arhiva\/#website","url":"https:\/\/sandzakpress.net\/arhiva\/","name":"Sand\u017eak PRESS","description":"Prve elektronske novine u Sand\u017eaku","publisher":{"@id":"https:\/\/sandzakpress.net\/arhiva\/#\/schema\/person\/6e72b67d6e51910a1117b3b483ba20bd"},"potentialAction":[{"@type":"SearchAction","target":{"@type":"EntryPoint","urlTemplate":"https:\/\/sandzakpress.net\/arhiva\/?s={search_term_string}"},"query-input":{"@type":"PropertyValueSpecification","valueRequired":true,"valueName":"search_term_string"}}],"inLanguage":"bs-BA"},{"@type":["Person","Organization"],"@id":"https:\/\/sandzakpress.net\/arhiva\/#\/schema\/person\/6e72b67d6e51910a1117b3b483ba20bd","name":"Kul","image":{"@type":"ImageObject","inLanguage":"bs-BA","@id":"https:\/\/sandzakpress.net\/arhiva\/#\/schema\/person\/image\/","url":"https:\/\/secure.gravatar.com\/avatar\/42263f39aa27ac04c43cab85c280eb2e?s=96&d=mm&r=pg","contentUrl":"https:\/\/secure.gravatar.com\/avatar\/42263f39aa27ac04c43cab85c280eb2e?s=96&d=mm&r=pg","caption":"Kul"},"logo":{"@id":"https:\/\/sandzakpress.net\/arhiva\/#\/schema\/person\/image\/"}},{"@type":"Person","@id":"https:\/\/sandzakpress.net\/arhiva\/#\/schema\/person\/cb59d7e3ab91ab90dd680ad0305a6185","name":"Agencija","image":{"@type":"ImageObject","inLanguage":"bs-BA","@id":"https:\/\/sandzakpress.net\/arhiva\/#\/schema\/person\/image\/","url":"https:\/\/secure.gravatar.com\/avatar\/4b7fafa80a22f0c2afe23966b3961fe0?s=96&d=mm&r=pg","contentUrl":"https:\/\/secure.gravatar.com\/avatar\/4b7fafa80a22f0c2afe23966b3961fe0?s=96&d=mm&r=pg","caption":"Agencija"},"url":"https:\/\/sandzakpress.net\/arhiva\/author\/agencija\/"}]}},"_links":{"self":[{"href":"https:\/\/sandzakpress.net\/arhiva\/wp-json\/wp\/v2\/posts\/231964"}],"collection":[{"href":"https:\/\/sandzakpress.net\/arhiva\/wp-json\/wp\/v2\/posts"}],"about":[{"href":"https:\/\/sandzakpress.net\/arhiva\/wp-json\/wp\/v2\/types\/post"}],"author":[{"embeddable":true,"href":"https:\/\/sandzakpress.net\/arhiva\/wp-json\/wp\/v2\/users\/509"}],"replies":[{"embeddable":true,"href":"https:\/\/sandzakpress.net\/arhiva\/wp-json\/wp\/v2\/comments?post=231964"}],"version-history":[{"count":0,"href":"https:\/\/sandzakpress.net\/arhiva\/wp-json\/wp\/v2\/posts\/231964\/revisions"}],"wp:featuredmedia":[{"embeddable":true,"href":"https:\/\/sandzakpress.net\/arhiva\/wp-json\/wp\/v2\/media\/231965"}],"wp:attachment":[{"href":"https:\/\/sandzakpress.net\/arhiva\/wp-json\/wp\/v2\/media?parent=231964"}],"wp:term":[{"taxonomy":"category","embeddable":true,"href":"https:\/\/sandzakpress.net\/arhiva\/wp-json\/wp\/v2\/categories?post=231964"},{"taxonomy":"post_tag","embeddable":true,"href":"https:\/\/sandzakpress.net\/arhiva\/wp-json\/wp\/v2\/tags?post=231964"}],"curies":[{"name":"wp","href":"https:\/\/api.w.org\/{rel}","templated":true}]}}