{"id":231918,"date":"2019-12-18T16:10:35","date_gmt":"2019-12-18T15:10:35","guid":{"rendered":"https:\/\/sandzakpress.net\/arhiva\/?p=231918"},"modified":"2019-12-18T16:10:35","modified_gmt":"2019-12-18T15:10:35","slug":"dr-zukorlic-zeljko-komsic-je-jedna-velika-podvala-bosnjacima-i-bih","status":"publish","type":"post","link":"https:\/\/sandzakpress.net\/arhiva\/dr-zukorlic-zeljko-komsic-je-jedna-velika-podvala-bosnjacima-i-bih\/","title":{"rendered":"Dr. Zukorli\u0107: \u017deljko Kom\u0161i\u0107 je jedna velika podvala Bo\u0161njacima i BiH"},"content":{"rendered":"<p><img loading=\"lazy\" decoding=\"async\" class=\"size-full wp-image-52136 aligncenter\" src=\"http:\/\/sanapress.info\/wp-content\/uploads\/2019\/12\/zukorlic-komsic.jpg\" alt=\"\" width=\"953\" height=\"629\" \/><\/p>\n<p><strong>Narodni poslanik u Skup\u0161tini Srbije i generalni sekretar BANU-a, akademik Muamer Zukorli\u0107 kazao da je iznena\u0111en nedavnim intervjuom \u017deljka Kom\u0161i\u0107a, predsjedavaju\u0107eg Predsjedni\u0161tva BiH, u kojem je vi\u0161e puta u negativnom tonu spomenuo upravo njega, Muamera Zukorli\u0107a, te ga naveo kao glavni razlog zbog kojeg je DF odlu\u010dio da napusti vladaju\u0107u \u201c\u0161estorku\u201d u Vladi Kantona Sarajevo, te napravi novu koaliciju sa SDA i SBB.<\/strong><\/p>\n<p>&#8211; Jako sam iznena\u0111en i utisak mi je vrlo neprijatan iz razloga \u0161to dolazi od nekog ko obavlja funkciju \u0161efa dr\u017eave. Dakle, da neko ko je na toj poziciji spomene vi\u0161e desetina puta imenom i prezimenom to je prosto nepoznato u ozbiljnoj medijskoj korespondenciji. Sa druge strane, sve \u0161to je izre\u010deno je gola la\u017e koja nema nikakve veze sa istinom, jer cjelokupna pri\u010da se odnosila na Zukorli\u0107u dao, Zukorli\u0107u predao, Zukorli\u0107 odlu\u010divao, Zukorli\u0107 preuzeo kanton, Zukorli\u0107u tri milijarde&#8230;. dakle zaista ne\u0161to \u0161to ne mogu tek tako shvatiti kao normalno, dakle gole la\u017ee i gole neistine, nivo politi\u010dke i medijske komunikacije koji ne prili\u010di ni nekom op\u0107inskom \u010dinovniku a kamo li predsjedniku dr\u017eave, odnosno predsjedavaju\u0107em Predsjedni\u0161tva BiH. Utisak mi je i poku\u0161aj da se zapravo to kako je definirao ta dva vrijednosna koncepta &#8220;koncept Zukorli\u0107 i koncept Nenadi\u0107&#8221; postavi tako dijametralno suprotnostavljenima u jednom usplahirenom o\u010dekivanju kako \u0107e sada ve\u0107ina gra\u0111ana da se odu\u0161evi \u0161to on sa Nenadi\u0107em spa\u0161ava Sarajevski kanton od Zukorli\u0107a. Sa druge strane vi u Sarajevu gdje \u017eivi mali procenat gra\u0111ana hrvatske nacionalnosti tako drsko name\u0107ete bo\u0161nja\u010dkoj ve\u0107ini Hrvata Nenadi\u0107a kao ispravan koncept u odnosnu na koncept Zukorli\u0107a pri tom uop\u0107e ne definirati \u0161ta je koncept Zukorli\u0107a.<\/p>\n<div class=\"youtube-embed\" data-video_id=\"BHwz5m5YwYc\"><iframe loading=\"lazy\" title=\"Dr. Zukorli\u0107: \u017deljko Kom\u0161i\u0107 je jedna velika podvala Bo\u0161njacima i BiH\" width=\"696\" height=\"392\" src=\"https:\/\/www.youtube.com\/embed\/BHwz5m5YwYc?feature=oembed&#038;enablejsapi=1\" frameborder=\"0\" allow=\"accelerometer; autoplay; encrypted-media; gyroscope; picture-in-picture\" allowfullscreen><\/iframe><\/div>\n<p>Akademik Zukorli\u0107 smatra da se Kom\u0161i\u0107 na tom intervju potpuno &#8220;razgolitijo&#8221; te da je pokazao neprimjerenu mr\u017enju.<\/p>\n<p>&#8211; Zna\u010di radi se o jednoj idelo\u0161koj mr\u017enji koja je meni neobja\u0161njiva ali je evidentna koja se jedino mo\u017ee tuma\u010diti poku\u0161ajem da se skrene pa\u017enja sa njegove politi\u010dke nedoslednosti koja je o\u010digledna jer je imala jedne dogovore pa sada o\u010dito iz li\u010dnih interesa pravi nove dogovore \u0161to je na kraju krajeva njegovo pravo ali potreba da mene uklju\u010di u cijelu tu igru da na taj na\u010din svoje bruke sakrije jeste o\u010dito njegov izbor ali ne\u0161to \u0161to je po meni uru\u0161ilo i ugled BiH i ugled Predsjedni\u0161tva BiH. U svemu ovome ima i ne\u0161to pozitivno, vjerujem da \u0107e ve\u0107ina gra\u0111ana Bosne a posebno ve\u0107ina Bo\u0161njaka koji su ga glasali zapravo shvatiti da je \u017deljko Kom\u0161i\u0107 jedna velika podvala i velika prevara i Bo\u0161njacima i BiH.<\/p>\n<p>Komentari\u0161u\u0107i mr\u017enju koju je Kom\u0161i\u0107 iskazao premu njemu navodi da je stra\u0161no kada se neko ko se do sada predstavljao kao bosanski patriota gra\u0111anske orijentacije poka\u017ee toliko \u0161ovinizam.<\/p>\n<p>&#8211; Meni te\u017ee pada \u010dinjenica da su tako mentalno i moralno nedorasli profili na pozicijima dr\u017eavnika i koji su u prilici da donose odluke o sudbini dr\u017eave a svojim izjavama zapravo pokazuju koji je njihov moralni i intelektualni kapacitet. To meni mnogo te\u017ee pada jer \u010dovjek kada izgovori li\u010dnu uvredu ona se vra\u0107a na njega, ona mnogo vi\u0161e u ovom slu\u010daju govori o njemu nego o meni. Stra\u0161no je kada neko ko se do sada predstavljao kao bosanski patriota gra\u0111anske orijentacije poka\u017ee toliko \u0161ovinizam. Ovo je \u010disti \u0161ovinizam, mr\u017enja jer samo iz mr\u017enje mo\u017eete toliko izgubiti osje\u0107aj za moralne vrijednosti, za donju granicu. Vi da analizirati psiholo\u0161ki i intelektualno profil \u017deljka Kom\u0161i\u0107a on u ozbiljnoj dr\u017eavi ne bi mogao da bude ni menad\u017eer u srednjoj firmi a on se sada nalazi na poziciji \u0161efa dr\u017eave i glumi Hrvata u ulozi koja je potpuno neprirodna. To je samo raskrinkalo stanje duha \u010dovjeka koji se nalazi na pogre\u0161noj poziciji. Sa druge strane uvijek pominjenje radikalizma ima za cilj izazivanje problema jer ljudima stavljate mete na \u010delo. Zna se kako se danas reaguje na pojam radikalnosti, posebno kada se zaka\u010di nekom muslimanu i \u0161ta su posledice, jo\u0161 ako to radite prema imamu, prema autoritetima u IZ, u Akademiji ili op\u0107enito me\u0111u Bo\u0161njacima sasvim je jasno da je to zapravo jo\u0161 jedno podrivanje protiv muslimana. Pogledajte tu drskost, BANU je jedna od najzna\u010dajnijih nacionalnih institucija i drzne se jedan \u017deljko da iz srca Sarajeva napada jednu od vitalnih bo\u0161nja\u010dkih institucija. Zna\u010di taj \u017deljko Kom\u0161i\u0107 je trebalo da \u0161titi Bo\u0161njake \u0161irom svijeta, i one u Sand\u017eaku i one u dijaspori zato \u0161to je Bosna mati\u010dna zemlja svih Bo\u0161njaka a vidite kakvu on poruku \u0161alje da ni institucija bo\u0161nja\u010dka u Sarajevu nije bezbijedna od njega.<\/p>\n<p>Na pitanja da li je bio u kombinacijama za premijera Kantona Sarajevo i da li je odlu\u010divao o preraspodjeli bud\u017eetskog novca, kako je to naveo \u017deljko Kom\u0161i\u0107, akademik Zukorli\u0107 ka\u017ee da da bi trebalo provjeriti da li je Kom\u0161i\u0107 bio na psiho-aktivnim susptancama.<\/p>\n<p>&#8211; Mislim da treba \u010dovjeka provjeriti da li je bio na psiho-aktivnim susptancama toga dana jer to su stvari koje nemaju nikakvog smisla. Zna\u010di, svu vezu koju je na\u0161ao izme\u0111u mene i Kantona jeste da sam ja generalni sekretar BANU, da je BANU kao i druge organizacije, udru\u017eenja i ustanove kandidirala svoje projekte bud\u017eetu KS i dobila po zakonu na konkursu 60.000 konvertibilnih maraka ili oko 30.000 eura. Dakle, to je jedina veza mene kao generalnog seketara BANU koji je tu dokumentaciju pripremao i genijalac Kom\u0161i\u0107 je na\u0161ao liniju da je Akademija kojoj ja pripadam dobila 60.000 konvertibilnih maraka on je tu na\u0161ao veliku opasnost za Santon Sarajevo i ustao da ru\u0161i dogovore i pravi nove sa onim koje je do ju\u010de smatrao velikim du\u0161manima a na\u0161ao je Zukorli\u0107a kao ne\u0161to sa \u010dime \u0107e zastra\u0161iti Sarajevo odnosno opravdati svoje prevare.<\/p>\n<p>izvor: SANA<\/p>\n","protected":false},"excerpt":{"rendered":"<p>Narodni poslanik u Skup\u0161tini Srbije i generalni sekretar BANU-a, akademik Muamer Zukorli\u0107 kazao da je iznena\u0111en nedavnim intervjuom \u017deljka Kom\u0161i\u0107a, predsjedavaju\u0107eg Predsjedni\u0161tva BiH, u kojem je vi\u0161e puta u negativnom tonu spomenuo upravo njega, Muamera Zukorli\u0107a, te ga naveo kao glavni razlog zbog kojeg je DF odlu\u010dio da napusti vladaju\u0107u \u201c\u0161estorku\u201d u Vladi Kantona Sarajevo, [&hellip;]<\/p>\n","protected":false},"author":509,"featured_media":231940,"comment_status":"open","ping_status":"open","sticky":false,"template":"","format":"standard","meta":{"footnotes":""},"categories":[72,2860,1,8957,16],"tags":[10204,10541],"class_list":{"0":"post-231918","1":"post","2":"type-post","3":"status-publish","4":"format-standard","5":"has-post-thumbnail","7":"category-novi-pazar","8":"category-bosna-i-hercegovina-gradovi","9":"category-politika","10":"category-vijesti-dana","11":"category-novine","12":"tag-muftija-muamer-zukorlic","13":"tag-spp"},"yoast_head":"<!-- This site is optimized with the Yoast SEO Premium plugin v23.1 (Yoast SEO v24.9) - https:\/\/yoast.com\/wordpress\/plugins\/seo\/ -->\n<title>Dr. Zukorli\u0107: \u017deljko Kom\u0161i\u0107 je jedna velika podvala Bo\u0161njacima i BiH<\/title>\n<meta name=\"robots\" content=\"index, follow, max-snippet:-1, max-image-preview:large, max-video-preview:-1\" \/>\n<link rel=\"canonical\" href=\"https:\/\/sandzakpress.net\/arhiva\/dr-zukorlic-zeljko-komsic-je-jedna-velika-podvala-bosnjacima-i-bih\/\" \/>\n<meta property=\"og:locale\" content=\"bs_BA\" \/>\n<meta property=\"og:type\" content=\"article\" \/>\n<meta property=\"og:title\" content=\"Dr. Zukorli\u0107: \u017deljko Kom\u0161i\u0107 je jedna velika podvala Bo\u0161njacima i BiH\" \/>\n<meta property=\"og:description\" content=\"Narodni poslanik u Skup\u0161tini Srbije i generalni sekretar BANU-a, akademik Muamer Zukorli\u0107 kazao da je iznena\u0111en nedavnim intervjuom \u017deljka Kom\u0161i\u0107a, predsjedavaju\u0107eg Predsjedni\u0161tva BiH, u kojem je vi\u0161e puta u negativnom tonu spomenuo upravo njega, Muamera Zukorli\u0107a, te ga naveo kao glavni razlog zbog kojeg je DF odlu\u010dio da napusti vladaju\u0107u \u201c\u0161estorku\u201d u Vladi Kantona Sarajevo, [&hellip;]\" \/>\n<meta property=\"og:url\" content=\"https:\/\/sandzakpress.net\/arhiva\/dr-zukorlic-zeljko-komsic-je-jedna-velika-podvala-bosnjacima-i-bih\/\" \/>\n<meta property=\"og:site_name\" content=\"Sand\u017eak PRESS\" \/>\n<meta property=\"article:published_time\" content=\"2019-12-18T15:10:35+00:00\" \/>\n<meta property=\"og:image\" content=\"https:\/\/sandzakpress.net\/arhiva\/wp-content\/uploads\/2019\/12\/zukorlic-komsic.jpg\" \/>\n\t<meta property=\"og:image:width\" content=\"953\" \/>\n\t<meta property=\"og:image:height\" content=\"629\" \/>\n\t<meta property=\"og:image:type\" content=\"image\/jpeg\" \/>\n<meta name=\"author\" content=\"Agencija\" \/>\n<meta name=\"twitter:card\" content=\"summary_large_image\" \/>\n<meta name=\"twitter:label1\" content=\"Written by\" \/>\n\t<meta name=\"twitter:data1\" content=\"Agencija\" \/>\n\t<meta name=\"twitter:label2\" content=\"Est. reading time\" \/>\n\t<meta name=\"twitter:data2\" content=\"5 minuta\" \/>\n<script type=\"application\/ld+json\" class=\"yoast-schema-graph\">{\"@context\":\"https:\/\/schema.org\",\"@graph\":[{\"@type\":\"Article\",\"@id\":\"https:\/\/sandzakpress.net\/arhiva\/dr-zukorlic-zeljko-komsic-je-jedna-velika-podvala-bosnjacima-i-bih\/#article\",\"isPartOf\":{\"@id\":\"https:\/\/sandzakpress.net\/arhiva\/dr-zukorlic-zeljko-komsic-je-jedna-velika-podvala-bosnjacima-i-bih\/\"},\"author\":{\"name\":\"Agencija\",\"@id\":\"https:\/\/sandzakpress.net\/arhiva\/#\/schema\/person\/cb59d7e3ab91ab90dd680ad0305a6185\"},\"headline\":\"Dr. Zukorli\u0107: \u017deljko Kom\u0161i\u0107 je jedna velika podvala Bo\u0161njacima i BiH\",\"datePublished\":\"2019-12-18T15:10:35+00:00\",\"mainEntityOfPage\":{\"@id\":\"https:\/\/sandzakpress.net\/arhiva\/dr-zukorlic-zeljko-komsic-je-jedna-velika-podvala-bosnjacima-i-bih\/\"},\"wordCount\":1063,\"commentCount\":4,\"publisher\":{\"@id\":\"https:\/\/sandzakpress.net\/arhiva\/#\/schema\/person\/6e72b67d6e51910a1117b3b483ba20bd\"},\"image\":{\"@id\":\"https:\/\/sandzakpress.net\/arhiva\/dr-zukorlic-zeljko-komsic-je-jedna-velika-podvala-bosnjacima-i-bih\/#primaryimage\"},\"thumbnailUrl\":\"https:\/\/sandzakpress.net\/arhiva\/wp-content\/uploads\/2019\/12\/zukorlic-komsic.jpg\",\"keywords\":[\"muftija Muamer Zukorli\u0107\",\"SPP\"],\"articleSection\":[\"Novi Pazar\",\"Bosna i Hercegovina\",\"Politika\",\"VIJESTI DANA\",\"Novine\"],\"inLanguage\":\"bs-BA\",\"potentialAction\":[{\"@type\":\"CommentAction\",\"name\":\"Comment\",\"target\":[\"https:\/\/sandzakpress.net\/arhiva\/dr-zukorlic-zeljko-komsic-je-jedna-velika-podvala-bosnjacima-i-bih\/#respond\"]}]},{\"@type\":\"WebPage\",\"@id\":\"https:\/\/sandzakpress.net\/arhiva\/dr-zukorlic-zeljko-komsic-je-jedna-velika-podvala-bosnjacima-i-bih\/\",\"url\":\"https:\/\/sandzakpress.net\/arhiva\/dr-zukorlic-zeljko-komsic-je-jedna-velika-podvala-bosnjacima-i-bih\/\",\"name\":\"Dr. Zukorli\u0107: \u017deljko Kom\u0161i\u0107 je jedna velika podvala Bo\u0161njacima i BiH\",\"isPartOf\":{\"@id\":\"https:\/\/sandzakpress.net\/arhiva\/#website\"},\"primaryImageOfPage\":{\"@id\":\"https:\/\/sandzakpress.net\/arhiva\/dr-zukorlic-zeljko-komsic-je-jedna-velika-podvala-bosnjacima-i-bih\/#primaryimage\"},\"image\":{\"@id\":\"https:\/\/sandzakpress.net\/arhiva\/dr-zukorlic-zeljko-komsic-je-jedna-velika-podvala-bosnjacima-i-bih\/#primaryimage\"},\"thumbnailUrl\":\"https:\/\/sandzakpress.net\/arhiva\/wp-content\/uploads\/2019\/12\/zukorlic-komsic.jpg\",\"datePublished\":\"2019-12-18T15:10:35+00:00\",\"breadcrumb\":{\"@id\":\"https:\/\/sandzakpress.net\/arhiva\/dr-zukorlic-zeljko-komsic-je-jedna-velika-podvala-bosnjacima-i-bih\/#breadcrumb\"},\"inLanguage\":\"bs-BA\",\"potentialAction\":[{\"@type\":\"ReadAction\",\"target\":[\"https:\/\/sandzakpress.net\/arhiva\/dr-zukorlic-zeljko-komsic-je-jedna-velika-podvala-bosnjacima-i-bih\/\"]}]},{\"@type\":\"ImageObject\",\"inLanguage\":\"bs-BA\",\"@id\":\"https:\/\/sandzakpress.net\/arhiva\/dr-zukorlic-zeljko-komsic-je-jedna-velika-podvala-bosnjacima-i-bih\/#primaryimage\",\"url\":\"https:\/\/sandzakpress.net\/arhiva\/wp-content\/uploads\/2019\/12\/zukorlic-komsic.jpg\",\"contentUrl\":\"https:\/\/sandzakpress.net\/arhiva\/wp-content\/uploads\/2019\/12\/zukorlic-komsic.jpg\",\"width\":953,\"height\":629},{\"@type\":\"BreadcrumbList\",\"@id\":\"https:\/\/sandzakpress.net\/arhiva\/dr-zukorlic-zeljko-komsic-je-jedna-velika-podvala-bosnjacima-i-bih\/#breadcrumb\",\"itemListElement\":[{\"@type\":\"ListItem\",\"position\":1,\"name\":\"Home\",\"item\":\"https:\/\/sandzakpress.net\/arhiva\/\"},{\"@type\":\"ListItem\",\"position\":2,\"name\":\"Dr. Zukorli\u0107: \u017deljko Kom\u0161i\u0107 je jedna velika podvala Bo\u0161njacima i BiH\"}]},{\"@type\":\"WebSite\",\"@id\":\"https:\/\/sandzakpress.net\/arhiva\/#website\",\"url\":\"https:\/\/sandzakpress.net\/arhiva\/\",\"name\":\"Sand\u017eak PRESS\",\"description\":\"Prve elektronske novine u Sand\u017eaku\",\"publisher\":{\"@id\":\"https:\/\/sandzakpress.net\/arhiva\/#\/schema\/person\/6e72b67d6e51910a1117b3b483ba20bd\"},\"potentialAction\":[{\"@type\":\"SearchAction\",\"target\":{\"@type\":\"EntryPoint\",\"urlTemplate\":\"https:\/\/sandzakpress.net\/arhiva\/?s={search_term_string}\"},\"query-input\":{\"@type\":\"PropertyValueSpecification\",\"valueRequired\":true,\"valueName\":\"search_term_string\"}}],\"inLanguage\":\"bs-BA\"},{\"@type\":[\"Person\",\"Organization\"],\"@id\":\"https:\/\/sandzakpress.net\/arhiva\/#\/schema\/person\/6e72b67d6e51910a1117b3b483ba20bd\",\"name\":\"Kul\",\"image\":{\"@type\":\"ImageObject\",\"inLanguage\":\"bs-BA\",\"@id\":\"https:\/\/sandzakpress.net\/arhiva\/#\/schema\/person\/image\/\",\"url\":\"https:\/\/secure.gravatar.com\/avatar\/42263f39aa27ac04c43cab85c280eb2e?s=96&d=mm&r=pg\",\"contentUrl\":\"https:\/\/secure.gravatar.com\/avatar\/42263f39aa27ac04c43cab85c280eb2e?s=96&d=mm&r=pg\",\"caption\":\"Kul\"},\"logo\":{\"@id\":\"https:\/\/sandzakpress.net\/arhiva\/#\/schema\/person\/image\/\"}},{\"@type\":\"Person\",\"@id\":\"https:\/\/sandzakpress.net\/arhiva\/#\/schema\/person\/cb59d7e3ab91ab90dd680ad0305a6185\",\"name\":\"Agencija\",\"image\":{\"@type\":\"ImageObject\",\"inLanguage\":\"bs-BA\",\"@id\":\"https:\/\/sandzakpress.net\/arhiva\/#\/schema\/person\/image\/\",\"url\":\"https:\/\/secure.gravatar.com\/avatar\/4b7fafa80a22f0c2afe23966b3961fe0?s=96&d=mm&r=pg\",\"contentUrl\":\"https:\/\/secure.gravatar.com\/avatar\/4b7fafa80a22f0c2afe23966b3961fe0?s=96&d=mm&r=pg\",\"caption\":\"Agencija\"},\"url\":\"https:\/\/sandzakpress.net\/arhiva\/author\/agencija\/\"}]}<\/script>\n<!-- \/ Yoast SEO Premium plugin. -->","yoast_head_json":{"title":"Dr. Zukorli\u0107: \u017deljko Kom\u0161i\u0107 je jedna velika podvala Bo\u0161njacima i BiH","robots":{"index":"index","follow":"follow","max-snippet":"max-snippet:-1","max-image-preview":"max-image-preview:large","max-video-preview":"max-video-preview:-1"},"canonical":"https:\/\/sandzakpress.net\/arhiva\/dr-zukorlic-zeljko-komsic-je-jedna-velika-podvala-bosnjacima-i-bih\/","og_locale":"bs_BA","og_type":"article","og_title":"Dr. Zukorli\u0107: \u017deljko Kom\u0161i\u0107 je jedna velika podvala Bo\u0161njacima i BiH","og_description":"Narodni poslanik u Skup\u0161tini Srbije i generalni sekretar BANU-a, akademik Muamer Zukorli\u0107 kazao da je iznena\u0111en nedavnim intervjuom \u017deljka Kom\u0161i\u0107a, predsjedavaju\u0107eg Predsjedni\u0161tva BiH, u kojem je vi\u0161e puta u negativnom tonu spomenuo upravo njega, Muamera Zukorli\u0107a, te ga naveo kao glavni razlog zbog kojeg je DF odlu\u010dio da napusti vladaju\u0107u \u201c\u0161estorku\u201d u Vladi Kantona Sarajevo, [&hellip;]","og_url":"https:\/\/sandzakpress.net\/arhiva\/dr-zukorlic-zeljko-komsic-je-jedna-velika-podvala-bosnjacima-i-bih\/","og_site_name":"Sand\u017eak PRESS","article_published_time":"2019-12-18T15:10:35+00:00","og_image":[{"width":953,"height":629,"url":"https:\/\/sandzakpress.net\/arhiva\/wp-content\/uploads\/2019\/12\/zukorlic-komsic.jpg","type":"image\/jpeg"}],"author":"Agencija","twitter_card":"summary_large_image","twitter_misc":{"Written by":"Agencija","Est. reading time":"5 minuta"},"schema":{"@context":"https:\/\/schema.org","@graph":[{"@type":"Article","@id":"https:\/\/sandzakpress.net\/arhiva\/dr-zukorlic-zeljko-komsic-je-jedna-velika-podvala-bosnjacima-i-bih\/#article","isPartOf":{"@id":"https:\/\/sandzakpress.net\/arhiva\/dr-zukorlic-zeljko-komsic-je-jedna-velika-podvala-bosnjacima-i-bih\/"},"author":{"name":"Agencija","@id":"https:\/\/sandzakpress.net\/arhiva\/#\/schema\/person\/cb59d7e3ab91ab90dd680ad0305a6185"},"headline":"Dr. Zukorli\u0107: \u017deljko Kom\u0161i\u0107 je jedna velika podvala Bo\u0161njacima i BiH","datePublished":"2019-12-18T15:10:35+00:00","mainEntityOfPage":{"@id":"https:\/\/sandzakpress.net\/arhiva\/dr-zukorlic-zeljko-komsic-je-jedna-velika-podvala-bosnjacima-i-bih\/"},"wordCount":1063,"commentCount":4,"publisher":{"@id":"https:\/\/sandzakpress.net\/arhiva\/#\/schema\/person\/6e72b67d6e51910a1117b3b483ba20bd"},"image":{"@id":"https:\/\/sandzakpress.net\/arhiva\/dr-zukorlic-zeljko-komsic-je-jedna-velika-podvala-bosnjacima-i-bih\/#primaryimage"},"thumbnailUrl":"https:\/\/sandzakpress.net\/arhiva\/wp-content\/uploads\/2019\/12\/zukorlic-komsic.jpg","keywords":["muftija Muamer Zukorli\u0107","SPP"],"articleSection":["Novi Pazar","Bosna i Hercegovina","Politika","VIJESTI DANA","Novine"],"inLanguage":"bs-BA","potentialAction":[{"@type":"CommentAction","name":"Comment","target":["https:\/\/sandzakpress.net\/arhiva\/dr-zukorlic-zeljko-komsic-je-jedna-velika-podvala-bosnjacima-i-bih\/#respond"]}]},{"@type":"WebPage","@id":"https:\/\/sandzakpress.net\/arhiva\/dr-zukorlic-zeljko-komsic-je-jedna-velika-podvala-bosnjacima-i-bih\/","url":"https:\/\/sandzakpress.net\/arhiva\/dr-zukorlic-zeljko-komsic-je-jedna-velika-podvala-bosnjacima-i-bih\/","name":"Dr. Zukorli\u0107: \u017deljko Kom\u0161i\u0107 je jedna velika podvala Bo\u0161njacima i BiH","isPartOf":{"@id":"https:\/\/sandzakpress.net\/arhiva\/#website"},"primaryImageOfPage":{"@id":"https:\/\/sandzakpress.net\/arhiva\/dr-zukorlic-zeljko-komsic-je-jedna-velika-podvala-bosnjacima-i-bih\/#primaryimage"},"image":{"@id":"https:\/\/sandzakpress.net\/arhiva\/dr-zukorlic-zeljko-komsic-je-jedna-velika-podvala-bosnjacima-i-bih\/#primaryimage"},"thumbnailUrl":"https:\/\/sandzakpress.net\/arhiva\/wp-content\/uploads\/2019\/12\/zukorlic-komsic.jpg","datePublished":"2019-12-18T15:10:35+00:00","breadcrumb":{"@id":"https:\/\/sandzakpress.net\/arhiva\/dr-zukorlic-zeljko-komsic-je-jedna-velika-podvala-bosnjacima-i-bih\/#breadcrumb"},"inLanguage":"bs-BA","potentialAction":[{"@type":"ReadAction","target":["https:\/\/sandzakpress.net\/arhiva\/dr-zukorlic-zeljko-komsic-je-jedna-velika-podvala-bosnjacima-i-bih\/"]}]},{"@type":"ImageObject","inLanguage":"bs-BA","@id":"https:\/\/sandzakpress.net\/arhiva\/dr-zukorlic-zeljko-komsic-je-jedna-velika-podvala-bosnjacima-i-bih\/#primaryimage","url":"https:\/\/sandzakpress.net\/arhiva\/wp-content\/uploads\/2019\/12\/zukorlic-komsic.jpg","contentUrl":"https:\/\/sandzakpress.net\/arhiva\/wp-content\/uploads\/2019\/12\/zukorlic-komsic.jpg","width":953,"height":629},{"@type":"BreadcrumbList","@id":"https:\/\/sandzakpress.net\/arhiva\/dr-zukorlic-zeljko-komsic-je-jedna-velika-podvala-bosnjacima-i-bih\/#breadcrumb","itemListElement":[{"@type":"ListItem","position":1,"name":"Home","item":"https:\/\/sandzakpress.net\/arhiva\/"},{"@type":"ListItem","position":2,"name":"Dr. Zukorli\u0107: \u017deljko Kom\u0161i\u0107 je jedna velika podvala Bo\u0161njacima i BiH"}]},{"@type":"WebSite","@id":"https:\/\/sandzakpress.net\/arhiva\/#website","url":"https:\/\/sandzakpress.net\/arhiva\/","name":"Sand\u017eak PRESS","description":"Prve elektronske novine u Sand\u017eaku","publisher":{"@id":"https:\/\/sandzakpress.net\/arhiva\/#\/schema\/person\/6e72b67d6e51910a1117b3b483ba20bd"},"potentialAction":[{"@type":"SearchAction","target":{"@type":"EntryPoint","urlTemplate":"https:\/\/sandzakpress.net\/arhiva\/?s={search_term_string}"},"query-input":{"@type":"PropertyValueSpecification","valueRequired":true,"valueName":"search_term_string"}}],"inLanguage":"bs-BA"},{"@type":["Person","Organization"],"@id":"https:\/\/sandzakpress.net\/arhiva\/#\/schema\/person\/6e72b67d6e51910a1117b3b483ba20bd","name":"Kul","image":{"@type":"ImageObject","inLanguage":"bs-BA","@id":"https:\/\/sandzakpress.net\/arhiva\/#\/schema\/person\/image\/","url":"https:\/\/secure.gravatar.com\/avatar\/42263f39aa27ac04c43cab85c280eb2e?s=96&d=mm&r=pg","contentUrl":"https:\/\/secure.gravatar.com\/avatar\/42263f39aa27ac04c43cab85c280eb2e?s=96&d=mm&r=pg","caption":"Kul"},"logo":{"@id":"https:\/\/sandzakpress.net\/arhiva\/#\/schema\/person\/image\/"}},{"@type":"Person","@id":"https:\/\/sandzakpress.net\/arhiva\/#\/schema\/person\/cb59d7e3ab91ab90dd680ad0305a6185","name":"Agencija","image":{"@type":"ImageObject","inLanguage":"bs-BA","@id":"https:\/\/sandzakpress.net\/arhiva\/#\/schema\/person\/image\/","url":"https:\/\/secure.gravatar.com\/avatar\/4b7fafa80a22f0c2afe23966b3961fe0?s=96&d=mm&r=pg","contentUrl":"https:\/\/secure.gravatar.com\/avatar\/4b7fafa80a22f0c2afe23966b3961fe0?s=96&d=mm&r=pg","caption":"Agencija"},"url":"https:\/\/sandzakpress.net\/arhiva\/author\/agencija\/"}]}},"_links":{"self":[{"href":"https:\/\/sandzakpress.net\/arhiva\/wp-json\/wp\/v2\/posts\/231918"}],"collection":[{"href":"https:\/\/sandzakpress.net\/arhiva\/wp-json\/wp\/v2\/posts"}],"about":[{"href":"https:\/\/sandzakpress.net\/arhiva\/wp-json\/wp\/v2\/types\/post"}],"author":[{"embeddable":true,"href":"https:\/\/sandzakpress.net\/arhiva\/wp-json\/wp\/v2\/users\/509"}],"replies":[{"embeddable":true,"href":"https:\/\/sandzakpress.net\/arhiva\/wp-json\/wp\/v2\/comments?post=231918"}],"version-history":[{"count":0,"href":"https:\/\/sandzakpress.net\/arhiva\/wp-json\/wp\/v2\/posts\/231918\/revisions"}],"wp:featuredmedia":[{"embeddable":true,"href":"https:\/\/sandzakpress.net\/arhiva\/wp-json\/wp\/v2\/media\/231940"}],"wp:attachment":[{"href":"https:\/\/sandzakpress.net\/arhiva\/wp-json\/wp\/v2\/media?parent=231918"}],"wp:term":[{"taxonomy":"category","embeddable":true,"href":"https:\/\/sandzakpress.net\/arhiva\/wp-json\/wp\/v2\/categories?post=231918"},{"taxonomy":"post_tag","embeddable":true,"href":"https:\/\/sandzakpress.net\/arhiva\/wp-json\/wp\/v2\/tags?post=231918"}],"curies":[{"name":"wp","href":"https:\/\/api.w.org\/{rel}","templated":true}]}}