{"id":231903,"date":"2019-12-17T13:59:50","date_gmt":"2019-12-17T12:59:50","guid":{"rendered":"https:\/\/sandzakpress.net\/arhiva\/?p=231903"},"modified":"2019-12-17T13:59:50","modified_gmt":"2019-12-17T12:59:50","slug":"kosarkasice-os-milosav-stikovic-trece-u-srbiji","status":"publish","type":"post","link":"https:\/\/sandzakpress.net\/arhiva\/kosarkasice-os-milosav-stikovic-trece-u-srbiji\/","title":{"rendered":"Ko\u0161arka\u0161ice O\u0160 \u201eMilosav Stikovi\u0107\u201c tre\u0107e u Srbiji"},"content":{"rendered":"<p><img decoding=\"async\" src=\"http:\/\/foruminfo.rs\/wp-content\/uploads\/2019\/12\/milosav-stikovic-2-681x511.jpg\" \/><\/p>\n<p><strong>Mlade ko\u0161arka\u0161ice Osnovne \u0161kole \u201eMilosav Stikovi\u0107\u201c iz Kolovrata osvojile su tre\u0107e mesto na dr\u017eavnom \u0161kolskom prventvu koje je odr\u017eano u Karata\u0161u kod Kladova. Nakon osvojenog drugog mesta u svojoj grupi one su u borbi za tre\u0107e mesto bile bolje od vr\u0161njakinja iz Smederevske Palanke i tako ostvarile najbolji rezultat u poslednje tri godine.<\/strong><\/p>\n<p>Pre dve godine u\u010denice Osnovne \u0161kole \u201eMilosav Stikovi\u0107\u201c osvojile su \u0161esto mesto, dok su pro\u0161le godine bile \u010detvrte. Prvo mesto na turniru pripalo je devoj\u010dicama iz Opova od kojih su prijepoljske ko\u0161arka\u0161ice pora\u017eene u grupnoj fazi, i one \u0107e predstavljati Srbiju na Svetskom \u0161kolskom prvenstvu u Zadru.<\/p>\n<p>Odbojka\u0161i \u201eFap Livnice\u201c pora\u017eeni su u 8. kolu Druge lige Zapad. Bolji od prijepoljskih odbojka\u0161a bio je \u201eGra\u010dac\u201c, koji je u sali Prijepoljske gimnazije, nakon pet odigranih setova, slavio rezultatom 3:2. Nakon osvojenog boda odbojka\u0161i \u201eFap Livnice\u201c ostali su na pretposlednjem mestu na tabeli sa pet osvojenih bodova. U narednom kolu prijepoljski odbojka\u0161i gostuju u Kru\u0161evcu, ekipi \u201eAntene\u201c.<\/p>\n<p>U 10. kolu Me\u0111uregionalne lige Zlatiborskog i Moravi\u010dkog okruga odbojka\u0161ice \u201eTrendteksa\u201c pora\u017eene su na svom parketu od ekipe \u201eTare\u201c iz Bajine Ba\u0161te rezultatom 3:1. Nakon devet odigranih utakmica prijepoljske odbojka\u0161ice su \u0161este na tabeli, ali imaju i utakmicu manje. U poslednjem kolu jesenjeg dela prvenstva odbojka\u0161ice \u201eTrndteksa\u201c gostuju u Arilju ekipi \u201eBudu\u0107nosti\u201c.<\/p>\n","protected":false},"excerpt":{"rendered":"<p>Mlade ko\u0161arka\u0161ice Osnovne \u0161kole \u201eMilosav Stikovi\u0107\u201c iz Kolovrata osvojile su tre\u0107e mesto na dr\u017eavnom \u0161kolskom prventvu koje je odr\u017eano u Karata\u0161u kod Kladova. Nakon osvojenog drugog mesta u svojoj grupi one su u borbi za tre\u0107e mesto bile bolje od vr\u0161njakinja iz Smederevske Palanke i tako ostvarile najbolji rezultat u poslednje tri godine. Pre dve [&hellip;]<\/p>\n","protected":false},"author":509,"featured_media":231905,"comment_status":"open","ping_status":"open","sticky":false,"template":"","format":"standard","meta":{"footnotes":""},"categories":[13,392],"tags":[],"class_list":{"0":"post-231903","1":"post","2":"type-post","3":"status-publish","4":"format-standard","5":"has-post-thumbnail","7":"category-sport","8":"category-prijepolje_"},"yoast_head":"<!-- This site is optimized with the Yoast SEO Premium plugin v23.1 (Yoast SEO v24.9) - https:\/\/yoast.com\/wordpress\/plugins\/seo\/ -->\n<title>Ko\u0161arka\u0161ice O\u0160 \u201eMilosav Stikovi\u0107\u201c tre\u0107e u Srbiji<\/title>\n<meta name=\"robots\" content=\"index, follow, max-snippet:-1, max-image-preview:large, max-video-preview:-1\" \/>\n<link rel=\"canonical\" href=\"https:\/\/sandzakpress.net\/arhiva\/kosarkasice-os-milosav-stikovic-trece-u-srbiji\/\" \/>\n<meta property=\"og:locale\" content=\"bs_BA\" \/>\n<meta property=\"og:type\" content=\"article\" \/>\n<meta property=\"og:title\" content=\"Ko\u0161arka\u0161ice O\u0160 \u201eMilosav Stikovi\u0107\u201c tre\u0107e u Srbiji\" \/>\n<meta property=\"og:description\" content=\"Mlade ko\u0161arka\u0161ice Osnovne \u0161kole \u201eMilosav Stikovi\u0107\u201c iz Kolovrata osvojile su tre\u0107e mesto na dr\u017eavnom \u0161kolskom prventvu koje je odr\u017eano u Karata\u0161u kod Kladova. Nakon osvojenog drugog mesta u svojoj grupi one su u borbi za tre\u0107e mesto bile bolje od vr\u0161njakinja iz Smederevske Palanke i tako ostvarile najbolji rezultat u poslednje tri godine. Pre dve [&hellip;]\" \/>\n<meta property=\"og:url\" content=\"https:\/\/sandzakpress.net\/arhiva\/kosarkasice-os-milosav-stikovic-trece-u-srbiji\/\" \/>\n<meta property=\"og:site_name\" content=\"Sand\u017eak PRESS\" \/>\n<meta property=\"article:published_time\" content=\"2019-12-17T12:59:50+00:00\" \/>\n<meta property=\"og:image\" content=\"https:\/\/sandzakpress.net\/arhiva\/wp-content\/uploads\/2019\/12\/milosav-stikovic-2-681x511.jpg\" \/>\n\t<meta property=\"og:image:width\" content=\"681\" \/>\n\t<meta property=\"og:image:height\" content=\"511\" \/>\n\t<meta property=\"og:image:type\" content=\"image\/jpeg\" \/>\n<meta name=\"author\" content=\"Agencija\" \/>\n<meta name=\"twitter:card\" content=\"summary_large_image\" \/>\n<meta name=\"twitter:label1\" content=\"Written by\" \/>\n\t<meta name=\"twitter:data1\" content=\"Agencija\" \/>\n\t<meta name=\"twitter:label2\" content=\"Est. reading time\" \/>\n\t<meta name=\"twitter:data2\" content=\"1 minuta\" \/>\n<script type=\"application\/ld+json\" class=\"yoast-schema-graph\">{\"@context\":\"https:\/\/schema.org\",\"@graph\":[{\"@type\":\"Article\",\"@id\":\"https:\/\/sandzakpress.net\/arhiva\/kosarkasice-os-milosav-stikovic-trece-u-srbiji\/#article\",\"isPartOf\":{\"@id\":\"https:\/\/sandzakpress.net\/arhiva\/kosarkasice-os-milosav-stikovic-trece-u-srbiji\/\"},\"author\":{\"name\":\"Agencija\",\"@id\":\"https:\/\/sandzakpress.net\/arhiva\/#\/schema\/person\/cb59d7e3ab91ab90dd680ad0305a6185\"},\"headline\":\"Ko\u0161arka\u0161ice O\u0160 \u201eMilosav Stikovi\u0107\u201c tre\u0107e u Srbiji\",\"datePublished\":\"2019-12-17T12:59:50+00:00\",\"mainEntityOfPage\":{\"@id\":\"https:\/\/sandzakpress.net\/arhiva\/kosarkasice-os-milosav-stikovic-trece-u-srbiji\/\"},\"wordCount\":245,\"commentCount\":0,\"publisher\":{\"@id\":\"https:\/\/sandzakpress.net\/arhiva\/#\/schema\/person\/6e72b67d6e51910a1117b3b483ba20bd\"},\"image\":{\"@id\":\"https:\/\/sandzakpress.net\/arhiva\/kosarkasice-os-milosav-stikovic-trece-u-srbiji\/#primaryimage\"},\"thumbnailUrl\":\"https:\/\/sandzakpress.net\/arhiva\/wp-content\/uploads\/2019\/12\/milosav-stikovic-2-681x511.jpg\",\"articleSection\":[\"Sport\",\"Prijepolje\"],\"inLanguage\":\"bs-BA\",\"potentialAction\":[{\"@type\":\"CommentAction\",\"name\":\"Comment\",\"target\":[\"https:\/\/sandzakpress.net\/arhiva\/kosarkasice-os-milosav-stikovic-trece-u-srbiji\/#respond\"]}]},{\"@type\":\"WebPage\",\"@id\":\"https:\/\/sandzakpress.net\/arhiva\/kosarkasice-os-milosav-stikovic-trece-u-srbiji\/\",\"url\":\"https:\/\/sandzakpress.net\/arhiva\/kosarkasice-os-milosav-stikovic-trece-u-srbiji\/\",\"name\":\"Ko\u0161arka\u0161ice O\u0160 \u201eMilosav Stikovi\u0107\u201c tre\u0107e u Srbiji\",\"isPartOf\":{\"@id\":\"https:\/\/sandzakpress.net\/arhiva\/#website\"},\"primaryImageOfPage\":{\"@id\":\"https:\/\/sandzakpress.net\/arhiva\/kosarkasice-os-milosav-stikovic-trece-u-srbiji\/#primaryimage\"},\"image\":{\"@id\":\"https:\/\/sandzakpress.net\/arhiva\/kosarkasice-os-milosav-stikovic-trece-u-srbiji\/#primaryimage\"},\"thumbnailUrl\":\"https:\/\/sandzakpress.net\/arhiva\/wp-content\/uploads\/2019\/12\/milosav-stikovic-2-681x511.jpg\",\"datePublished\":\"2019-12-17T12:59:50+00:00\",\"breadcrumb\":{\"@id\":\"https:\/\/sandzakpress.net\/arhiva\/kosarkasice-os-milosav-stikovic-trece-u-srbiji\/#breadcrumb\"},\"inLanguage\":\"bs-BA\",\"potentialAction\":[{\"@type\":\"ReadAction\",\"target\":[\"https:\/\/sandzakpress.net\/arhiva\/kosarkasice-os-milosav-stikovic-trece-u-srbiji\/\"]}]},{\"@type\":\"ImageObject\",\"inLanguage\":\"bs-BA\",\"@id\":\"https:\/\/sandzakpress.net\/arhiva\/kosarkasice-os-milosav-stikovic-trece-u-srbiji\/#primaryimage\",\"url\":\"https:\/\/sandzakpress.net\/arhiva\/wp-content\/uploads\/2019\/12\/milosav-stikovic-2-681x511.jpg\",\"contentUrl\":\"https:\/\/sandzakpress.net\/arhiva\/wp-content\/uploads\/2019\/12\/milosav-stikovic-2-681x511.jpg\",\"width\":681,\"height\":511},{\"@type\":\"BreadcrumbList\",\"@id\":\"https:\/\/sandzakpress.net\/arhiva\/kosarkasice-os-milosav-stikovic-trece-u-srbiji\/#breadcrumb\",\"itemListElement\":[{\"@type\":\"ListItem\",\"position\":1,\"name\":\"Home\",\"item\":\"https:\/\/sandzakpress.net\/arhiva\/\"},{\"@type\":\"ListItem\",\"position\":2,\"name\":\"Ko\u0161arka\u0161ice O\u0160 \u201eMilosav Stikovi\u0107\u201c tre\u0107e u Srbiji\"}]},{\"@type\":\"WebSite\",\"@id\":\"https:\/\/sandzakpress.net\/arhiva\/#website\",\"url\":\"https:\/\/sandzakpress.net\/arhiva\/\",\"name\":\"Sand\u017eak PRESS\",\"description\":\"Prve elektronske novine u Sand\u017eaku\",\"publisher\":{\"@id\":\"https:\/\/sandzakpress.net\/arhiva\/#\/schema\/person\/6e72b67d6e51910a1117b3b483ba20bd\"},\"potentialAction\":[{\"@type\":\"SearchAction\",\"target\":{\"@type\":\"EntryPoint\",\"urlTemplate\":\"https:\/\/sandzakpress.net\/arhiva\/?s={search_term_string}\"},\"query-input\":{\"@type\":\"PropertyValueSpecification\",\"valueRequired\":true,\"valueName\":\"search_term_string\"}}],\"inLanguage\":\"bs-BA\"},{\"@type\":[\"Person\",\"Organization\"],\"@id\":\"https:\/\/sandzakpress.net\/arhiva\/#\/schema\/person\/6e72b67d6e51910a1117b3b483ba20bd\",\"name\":\"Kul\",\"image\":{\"@type\":\"ImageObject\",\"inLanguage\":\"bs-BA\",\"@id\":\"https:\/\/sandzakpress.net\/arhiva\/#\/schema\/person\/image\/\",\"url\":\"https:\/\/secure.gravatar.com\/avatar\/42263f39aa27ac04c43cab85c280eb2e?s=96&d=mm&r=pg\",\"contentUrl\":\"https:\/\/secure.gravatar.com\/avatar\/42263f39aa27ac04c43cab85c280eb2e?s=96&d=mm&r=pg\",\"caption\":\"Kul\"},\"logo\":{\"@id\":\"https:\/\/sandzakpress.net\/arhiva\/#\/schema\/person\/image\/\"}},{\"@type\":\"Person\",\"@id\":\"https:\/\/sandzakpress.net\/arhiva\/#\/schema\/person\/cb59d7e3ab91ab90dd680ad0305a6185\",\"name\":\"Agencija\",\"image\":{\"@type\":\"ImageObject\",\"inLanguage\":\"bs-BA\",\"@id\":\"https:\/\/sandzakpress.net\/arhiva\/#\/schema\/person\/image\/\",\"url\":\"https:\/\/secure.gravatar.com\/avatar\/4b7fafa80a22f0c2afe23966b3961fe0?s=96&d=mm&r=pg\",\"contentUrl\":\"https:\/\/secure.gravatar.com\/avatar\/4b7fafa80a22f0c2afe23966b3961fe0?s=96&d=mm&r=pg\",\"caption\":\"Agencija\"},\"url\":\"https:\/\/sandzakpress.net\/arhiva\/author\/agencija\/\"}]}<\/script>\n<!-- \/ Yoast SEO Premium plugin. -->","yoast_head_json":{"title":"Ko\u0161arka\u0161ice O\u0160 \u201eMilosav Stikovi\u0107\u201c tre\u0107e u Srbiji","robots":{"index":"index","follow":"follow","max-snippet":"max-snippet:-1","max-image-preview":"max-image-preview:large","max-video-preview":"max-video-preview:-1"},"canonical":"https:\/\/sandzakpress.net\/arhiva\/kosarkasice-os-milosav-stikovic-trece-u-srbiji\/","og_locale":"bs_BA","og_type":"article","og_title":"Ko\u0161arka\u0161ice O\u0160 \u201eMilosav Stikovi\u0107\u201c tre\u0107e u Srbiji","og_description":"Mlade ko\u0161arka\u0161ice Osnovne \u0161kole \u201eMilosav Stikovi\u0107\u201c iz Kolovrata osvojile su tre\u0107e mesto na dr\u017eavnom \u0161kolskom prventvu koje je odr\u017eano u Karata\u0161u kod Kladova. Nakon osvojenog drugog mesta u svojoj grupi one su u borbi za tre\u0107e mesto bile bolje od vr\u0161njakinja iz Smederevske Palanke i tako ostvarile najbolji rezultat u poslednje tri godine. Pre dve [&hellip;]","og_url":"https:\/\/sandzakpress.net\/arhiva\/kosarkasice-os-milosav-stikovic-trece-u-srbiji\/","og_site_name":"Sand\u017eak PRESS","article_published_time":"2019-12-17T12:59:50+00:00","og_image":[{"width":681,"height":511,"url":"https:\/\/sandzakpress.net\/arhiva\/wp-content\/uploads\/2019\/12\/milosav-stikovic-2-681x511.jpg","type":"image\/jpeg"}],"author":"Agencija","twitter_card":"summary_large_image","twitter_misc":{"Written by":"Agencija","Est. reading time":"1 minuta"},"schema":{"@context":"https:\/\/schema.org","@graph":[{"@type":"Article","@id":"https:\/\/sandzakpress.net\/arhiva\/kosarkasice-os-milosav-stikovic-trece-u-srbiji\/#article","isPartOf":{"@id":"https:\/\/sandzakpress.net\/arhiva\/kosarkasice-os-milosav-stikovic-trece-u-srbiji\/"},"author":{"name":"Agencija","@id":"https:\/\/sandzakpress.net\/arhiva\/#\/schema\/person\/cb59d7e3ab91ab90dd680ad0305a6185"},"headline":"Ko\u0161arka\u0161ice O\u0160 \u201eMilosav Stikovi\u0107\u201c tre\u0107e u Srbiji","datePublished":"2019-12-17T12:59:50+00:00","mainEntityOfPage":{"@id":"https:\/\/sandzakpress.net\/arhiva\/kosarkasice-os-milosav-stikovic-trece-u-srbiji\/"},"wordCount":245,"commentCount":0,"publisher":{"@id":"https:\/\/sandzakpress.net\/arhiva\/#\/schema\/person\/6e72b67d6e51910a1117b3b483ba20bd"},"image":{"@id":"https:\/\/sandzakpress.net\/arhiva\/kosarkasice-os-milosav-stikovic-trece-u-srbiji\/#primaryimage"},"thumbnailUrl":"https:\/\/sandzakpress.net\/arhiva\/wp-content\/uploads\/2019\/12\/milosav-stikovic-2-681x511.jpg","articleSection":["Sport","Prijepolje"],"inLanguage":"bs-BA","potentialAction":[{"@type":"CommentAction","name":"Comment","target":["https:\/\/sandzakpress.net\/arhiva\/kosarkasice-os-milosav-stikovic-trece-u-srbiji\/#respond"]}]},{"@type":"WebPage","@id":"https:\/\/sandzakpress.net\/arhiva\/kosarkasice-os-milosav-stikovic-trece-u-srbiji\/","url":"https:\/\/sandzakpress.net\/arhiva\/kosarkasice-os-milosav-stikovic-trece-u-srbiji\/","name":"Ko\u0161arka\u0161ice O\u0160 \u201eMilosav Stikovi\u0107\u201c tre\u0107e u Srbiji","isPartOf":{"@id":"https:\/\/sandzakpress.net\/arhiva\/#website"},"primaryImageOfPage":{"@id":"https:\/\/sandzakpress.net\/arhiva\/kosarkasice-os-milosav-stikovic-trece-u-srbiji\/#primaryimage"},"image":{"@id":"https:\/\/sandzakpress.net\/arhiva\/kosarkasice-os-milosav-stikovic-trece-u-srbiji\/#primaryimage"},"thumbnailUrl":"https:\/\/sandzakpress.net\/arhiva\/wp-content\/uploads\/2019\/12\/milosav-stikovic-2-681x511.jpg","datePublished":"2019-12-17T12:59:50+00:00","breadcrumb":{"@id":"https:\/\/sandzakpress.net\/arhiva\/kosarkasice-os-milosav-stikovic-trece-u-srbiji\/#breadcrumb"},"inLanguage":"bs-BA","potentialAction":[{"@type":"ReadAction","target":["https:\/\/sandzakpress.net\/arhiva\/kosarkasice-os-milosav-stikovic-trece-u-srbiji\/"]}]},{"@type":"ImageObject","inLanguage":"bs-BA","@id":"https:\/\/sandzakpress.net\/arhiva\/kosarkasice-os-milosav-stikovic-trece-u-srbiji\/#primaryimage","url":"https:\/\/sandzakpress.net\/arhiva\/wp-content\/uploads\/2019\/12\/milosav-stikovic-2-681x511.jpg","contentUrl":"https:\/\/sandzakpress.net\/arhiva\/wp-content\/uploads\/2019\/12\/milosav-stikovic-2-681x511.jpg","width":681,"height":511},{"@type":"BreadcrumbList","@id":"https:\/\/sandzakpress.net\/arhiva\/kosarkasice-os-milosav-stikovic-trece-u-srbiji\/#breadcrumb","itemListElement":[{"@type":"ListItem","position":1,"name":"Home","item":"https:\/\/sandzakpress.net\/arhiva\/"},{"@type":"ListItem","position":2,"name":"Ko\u0161arka\u0161ice O\u0160 \u201eMilosav Stikovi\u0107\u201c tre\u0107e u Srbiji"}]},{"@type":"WebSite","@id":"https:\/\/sandzakpress.net\/arhiva\/#website","url":"https:\/\/sandzakpress.net\/arhiva\/","name":"Sand\u017eak PRESS","description":"Prve elektronske novine u Sand\u017eaku","publisher":{"@id":"https:\/\/sandzakpress.net\/arhiva\/#\/schema\/person\/6e72b67d6e51910a1117b3b483ba20bd"},"potentialAction":[{"@type":"SearchAction","target":{"@type":"EntryPoint","urlTemplate":"https:\/\/sandzakpress.net\/arhiva\/?s={search_term_string}"},"query-input":{"@type":"PropertyValueSpecification","valueRequired":true,"valueName":"search_term_string"}}],"inLanguage":"bs-BA"},{"@type":["Person","Organization"],"@id":"https:\/\/sandzakpress.net\/arhiva\/#\/schema\/person\/6e72b67d6e51910a1117b3b483ba20bd","name":"Kul","image":{"@type":"ImageObject","inLanguage":"bs-BA","@id":"https:\/\/sandzakpress.net\/arhiva\/#\/schema\/person\/image\/","url":"https:\/\/secure.gravatar.com\/avatar\/42263f39aa27ac04c43cab85c280eb2e?s=96&d=mm&r=pg","contentUrl":"https:\/\/secure.gravatar.com\/avatar\/42263f39aa27ac04c43cab85c280eb2e?s=96&d=mm&r=pg","caption":"Kul"},"logo":{"@id":"https:\/\/sandzakpress.net\/arhiva\/#\/schema\/person\/image\/"}},{"@type":"Person","@id":"https:\/\/sandzakpress.net\/arhiva\/#\/schema\/person\/cb59d7e3ab91ab90dd680ad0305a6185","name":"Agencija","image":{"@type":"ImageObject","inLanguage":"bs-BA","@id":"https:\/\/sandzakpress.net\/arhiva\/#\/schema\/person\/image\/","url":"https:\/\/secure.gravatar.com\/avatar\/4b7fafa80a22f0c2afe23966b3961fe0?s=96&d=mm&r=pg","contentUrl":"https:\/\/secure.gravatar.com\/avatar\/4b7fafa80a22f0c2afe23966b3961fe0?s=96&d=mm&r=pg","caption":"Agencija"},"url":"https:\/\/sandzakpress.net\/arhiva\/author\/agencija\/"}]}},"_links":{"self":[{"href":"https:\/\/sandzakpress.net\/arhiva\/wp-json\/wp\/v2\/posts\/231903"}],"collection":[{"href":"https:\/\/sandzakpress.net\/arhiva\/wp-json\/wp\/v2\/posts"}],"about":[{"href":"https:\/\/sandzakpress.net\/arhiva\/wp-json\/wp\/v2\/types\/post"}],"author":[{"embeddable":true,"href":"https:\/\/sandzakpress.net\/arhiva\/wp-json\/wp\/v2\/users\/509"}],"replies":[{"embeddable":true,"href":"https:\/\/sandzakpress.net\/arhiva\/wp-json\/wp\/v2\/comments?post=231903"}],"version-history":[{"count":0,"href":"https:\/\/sandzakpress.net\/arhiva\/wp-json\/wp\/v2\/posts\/231903\/revisions"}],"wp:featuredmedia":[{"embeddable":true,"href":"https:\/\/sandzakpress.net\/arhiva\/wp-json\/wp\/v2\/media\/231905"}],"wp:attachment":[{"href":"https:\/\/sandzakpress.net\/arhiva\/wp-json\/wp\/v2\/media?parent=231903"}],"wp:term":[{"taxonomy":"category","embeddable":true,"href":"https:\/\/sandzakpress.net\/arhiva\/wp-json\/wp\/v2\/categories?post=231903"},{"taxonomy":"post_tag","embeddable":true,"href":"https:\/\/sandzakpress.net\/arhiva\/wp-json\/wp\/v2\/tags?post=231903"}],"curies":[{"name":"wp","href":"https:\/\/api.w.org\/{rel}","templated":true}]}}