{"id":231888,"date":"2019-12-17T13:54:33","date_gmt":"2019-12-17T12:54:33","guid":{"rendered":"https:\/\/sandzakpress.net\/arhiva\/?p=231888"},"modified":"2019-12-17T13:54:33","modified_gmt":"2019-12-17T12:54:33","slug":"dr-tokovic-ne-pamtim-ovako-veliki-broj-oboljele-djece-od-astme-i-upale-pluca","status":"publish","type":"post","link":"https:\/\/sandzakpress.net\/arhiva\/dr-tokovic-ne-pamtim-ovako-veliki-broj-oboljele-djece-od-astme-i-upale-pluca\/","title":{"rendered":"dr Tokovi\u0107 : Ne pamtim ovako veliki broj oboljele djece od astme i upale plu\u0107a"},"content":{"rendered":"<p><img decoding=\"async\" src=\"https:\/\/www.sandzaklive.rs\/images\/00\/kineski-doktor-pregled-lekar-bolnica.jpg\" alt=\"kineski doktor pregled lekar bolnica\" \/><\/p>\n<p><strong>Zbog naglih promena vremena i dnevnih temperatura koje su prili\u010dno visoke za ovo doba godine, lekari na De\u010dijem odeljenju Op\u0161te bolnice Novi Pazar imaju mnogo vi\u0161e posla i vi\u0161e pacijenata poslednjih nekoliko dana. Najve\u0107i broj pacijenata, i to vi\u0161e od sedamdeset posto, javlja se zbog respiratornih infekcija.<\/strong><\/p>\n<p>\u201cKa\u0161alj, curenje iz nosa, povi\u0161ena telesna tgemperatura, op\u0161ta malaksalost i ote\u017eano disanje, razlozi su zbog kojih poslednjih pet dana roditelji dovode decu na De\u010dije odeljenje\u201d, kazala je na\u010delnica De\u010dijeg odeljenja pedijatar dr Hadija Tokovi\u0107. Ona je rekla da nakon izvr\u0161enog\u00a0 pregleda, rendgenskog izve\u0161taja i obavljenih rezultata, u preko sedamdeset posto slu\u010dajeva, lekari konstatuju upalu plu\u0107a i astmu.<\/p>\n<p>Glavni uzrok pojave astme i upale plu\u0107a je velika oscilacija u temperaturama poslednjih dana.<\/p>\n<p>Dr Tokovi\u0107 ka\u017ee da se zbog lepog vremena i neuobi\u010dajeno visokih temperatura za ovo doba godine koje najavljuju meteorolozi za naredne dane, o\u010dekuje jo\u0161 ve\u0107i\u00a0 broj pacijenata. Ona savetuje roditeljima da deci daju da piju \u0161to vi\u0161e te\u010dnosti, da jedu vo\u0107a i povr\u0107a, da u organizam unose dosta vitamina pogotovo preparate cinka za koje se zna da smanjuju broj respiratornih infekcija a pored toga savetuje \u0161to manje okupljanja u velikom broju na jednom mestu, naro\u010dito ako se zna da je neko ve\u0107 bolestan od virusa. (rtv)<\/p>\n","protected":false},"excerpt":{"rendered":"<p>Zbog naglih promena vremena i dnevnih temperatura koje su prili\u010dno visoke za ovo doba godine, lekari na De\u010dijem odeljenju Op\u0161te bolnice Novi Pazar imaju mnogo vi\u0161e posla i vi\u0161e pacijenata poslednjih nekoliko dana. Najve\u0107i broj pacijenata, i to vi\u0161e od sedamdeset posto, javlja se zbog respiratornih infekcija. \u201cKa\u0161alj, curenje iz nosa, povi\u0161ena telesna tgemperatura, op\u0161ta [&hellip;]<\/p>\n","protected":false},"author":509,"featured_media":231891,"comment_status":"open","ping_status":"open","sticky":false,"template":"","format":"standard","meta":{"footnotes":""},"categories":[72,5,10429],"tags":[],"class_list":{"0":"post-231888","1":"post","2":"type-post","3":"status-publish","4":"format-standard","5":"has-post-thumbnail","7":"category-novi-pazar","8":"category-drustvo","9":"category-vazno"},"yoast_head":"<!-- This site is optimized with the Yoast SEO Premium plugin v23.1 (Yoast SEO v24.9) - https:\/\/yoast.com\/wordpress\/plugins\/seo\/ -->\n<title>dr Tokovi\u0107 : Ne pamtim ovako veliki broj oboljele djece od astme i upale plu\u0107a<\/title>\n<meta name=\"robots\" content=\"index, follow, max-snippet:-1, max-image-preview:large, max-video-preview:-1\" \/>\n<link rel=\"canonical\" href=\"https:\/\/sandzakpress.net\/arhiva\/dr-tokovic-ne-pamtim-ovako-veliki-broj-oboljele-djece-od-astme-i-upale-pluca\/\" \/>\n<meta property=\"og:locale\" content=\"bs_BA\" \/>\n<meta property=\"og:type\" content=\"article\" \/>\n<meta property=\"og:title\" content=\"dr Tokovi\u0107 : Ne pamtim ovako veliki broj oboljele djece od astme i upale plu\u0107a\" \/>\n<meta property=\"og:description\" content=\"Zbog naglih promena vremena i dnevnih temperatura koje su prili\u010dno visoke za ovo doba godine, lekari na De\u010dijem odeljenju Op\u0161te bolnice Novi Pazar imaju mnogo vi\u0161e posla i vi\u0161e pacijenata poslednjih nekoliko dana. Najve\u0107i broj pacijenata, i to vi\u0161e od sedamdeset posto, javlja se zbog respiratornih infekcija. \u201cKa\u0161alj, curenje iz nosa, povi\u0161ena telesna tgemperatura, op\u0161ta [&hellip;]\" \/>\n<meta property=\"og:url\" content=\"https:\/\/sandzakpress.net\/arhiva\/dr-tokovic-ne-pamtim-ovako-veliki-broj-oboljele-djece-od-astme-i-upale-pluca\/\" \/>\n<meta property=\"og:site_name\" content=\"Sand\u017eak PRESS\" \/>\n<meta property=\"article:published_time\" content=\"2019-12-17T12:54:33+00:00\" \/>\n<meta property=\"og:image\" content=\"https:\/\/sandzakpress.net\/arhiva\/wp-content\/uploads\/2019\/12\/kineski-doktor-pregled-lekar-bolnica.jpg\" \/>\n\t<meta property=\"og:image:width\" content=\"620\" \/>\n\t<meta property=\"og:image:height\" content=\"387\" \/>\n\t<meta property=\"og:image:type\" content=\"image\/jpeg\" \/>\n<meta name=\"author\" content=\"Agencija\" \/>\n<meta name=\"twitter:card\" content=\"summary_large_image\" \/>\n<meta name=\"twitter:label1\" content=\"Written by\" \/>\n\t<meta name=\"twitter:data1\" content=\"Agencija\" \/>\n\t<meta name=\"twitter:label2\" content=\"Est. reading time\" \/>\n\t<meta name=\"twitter:data2\" content=\"1 minuta\" \/>\n<script type=\"application\/ld+json\" class=\"yoast-schema-graph\">{\"@context\":\"https:\/\/schema.org\",\"@graph\":[{\"@type\":\"Article\",\"@id\":\"https:\/\/sandzakpress.net\/arhiva\/dr-tokovic-ne-pamtim-ovako-veliki-broj-oboljele-djece-od-astme-i-upale-pluca\/#article\",\"isPartOf\":{\"@id\":\"https:\/\/sandzakpress.net\/arhiva\/dr-tokovic-ne-pamtim-ovako-veliki-broj-oboljele-djece-od-astme-i-upale-pluca\/\"},\"author\":{\"name\":\"Agencija\",\"@id\":\"https:\/\/sandzakpress.net\/arhiva\/#\/schema\/person\/cb59d7e3ab91ab90dd680ad0305a6185\"},\"headline\":\"dr Tokovi\u0107 : Ne pamtim ovako veliki broj oboljele djece od astme i upale plu\u0107a\",\"datePublished\":\"2019-12-17T12:54:33+00:00\",\"mainEntityOfPage\":{\"@id\":\"https:\/\/sandzakpress.net\/arhiva\/dr-tokovic-ne-pamtim-ovako-veliki-broj-oboljele-djece-od-astme-i-upale-pluca\/\"},\"wordCount\":247,\"commentCount\":0,\"publisher\":{\"@id\":\"https:\/\/sandzakpress.net\/arhiva\/#\/schema\/person\/6e72b67d6e51910a1117b3b483ba20bd\"},\"image\":{\"@id\":\"https:\/\/sandzakpress.net\/arhiva\/dr-tokovic-ne-pamtim-ovako-veliki-broj-oboljele-djece-od-astme-i-upale-pluca\/#primaryimage\"},\"thumbnailUrl\":\"https:\/\/sandzakpress.net\/arhiva\/wp-content\/uploads\/2019\/12\/kineski-doktor-pregled-lekar-bolnica.jpg\",\"articleSection\":[\"Novi Pazar\",\"Dru\u0161tvo\",\"VA\u017dNO!\"],\"inLanguage\":\"bs-BA\",\"potentialAction\":[{\"@type\":\"CommentAction\",\"name\":\"Comment\",\"target\":[\"https:\/\/sandzakpress.net\/arhiva\/dr-tokovic-ne-pamtim-ovako-veliki-broj-oboljele-djece-od-astme-i-upale-pluca\/#respond\"]}]},{\"@type\":\"WebPage\",\"@id\":\"https:\/\/sandzakpress.net\/arhiva\/dr-tokovic-ne-pamtim-ovako-veliki-broj-oboljele-djece-od-astme-i-upale-pluca\/\",\"url\":\"https:\/\/sandzakpress.net\/arhiva\/dr-tokovic-ne-pamtim-ovako-veliki-broj-oboljele-djece-od-astme-i-upale-pluca\/\",\"name\":\"dr Tokovi\u0107 : Ne pamtim ovako veliki broj oboljele djece od astme i upale plu\u0107a\",\"isPartOf\":{\"@id\":\"https:\/\/sandzakpress.net\/arhiva\/#website\"},\"primaryImageOfPage\":{\"@id\":\"https:\/\/sandzakpress.net\/arhiva\/dr-tokovic-ne-pamtim-ovako-veliki-broj-oboljele-djece-od-astme-i-upale-pluca\/#primaryimage\"},\"image\":{\"@id\":\"https:\/\/sandzakpress.net\/arhiva\/dr-tokovic-ne-pamtim-ovako-veliki-broj-oboljele-djece-od-astme-i-upale-pluca\/#primaryimage\"},\"thumbnailUrl\":\"https:\/\/sandzakpress.net\/arhiva\/wp-content\/uploads\/2019\/12\/kineski-doktor-pregled-lekar-bolnica.jpg\",\"datePublished\":\"2019-12-17T12:54:33+00:00\",\"breadcrumb\":{\"@id\":\"https:\/\/sandzakpress.net\/arhiva\/dr-tokovic-ne-pamtim-ovako-veliki-broj-oboljele-djece-od-astme-i-upale-pluca\/#breadcrumb\"},\"inLanguage\":\"bs-BA\",\"potentialAction\":[{\"@type\":\"ReadAction\",\"target\":[\"https:\/\/sandzakpress.net\/arhiva\/dr-tokovic-ne-pamtim-ovako-veliki-broj-oboljele-djece-od-astme-i-upale-pluca\/\"]}]},{\"@type\":\"ImageObject\",\"inLanguage\":\"bs-BA\",\"@id\":\"https:\/\/sandzakpress.net\/arhiva\/dr-tokovic-ne-pamtim-ovako-veliki-broj-oboljele-djece-od-astme-i-upale-pluca\/#primaryimage\",\"url\":\"https:\/\/sandzakpress.net\/arhiva\/wp-content\/uploads\/2019\/12\/kineski-doktor-pregled-lekar-bolnica.jpg\",\"contentUrl\":\"https:\/\/sandzakpress.net\/arhiva\/wp-content\/uploads\/2019\/12\/kineski-doktor-pregled-lekar-bolnica.jpg\",\"width\":620,\"height\":387},{\"@type\":\"BreadcrumbList\",\"@id\":\"https:\/\/sandzakpress.net\/arhiva\/dr-tokovic-ne-pamtim-ovako-veliki-broj-oboljele-djece-od-astme-i-upale-pluca\/#breadcrumb\",\"itemListElement\":[{\"@type\":\"ListItem\",\"position\":1,\"name\":\"Home\",\"item\":\"https:\/\/sandzakpress.net\/arhiva\/\"},{\"@type\":\"ListItem\",\"position\":2,\"name\":\"dr Tokovi\u0107 : Ne pamtim ovako veliki broj oboljele djece od astme i upale plu\u0107a\"}]},{\"@type\":\"WebSite\",\"@id\":\"https:\/\/sandzakpress.net\/arhiva\/#website\",\"url\":\"https:\/\/sandzakpress.net\/arhiva\/\",\"name\":\"Sand\u017eak PRESS\",\"description\":\"Prve elektronske novine u Sand\u017eaku\",\"publisher\":{\"@id\":\"https:\/\/sandzakpress.net\/arhiva\/#\/schema\/person\/6e72b67d6e51910a1117b3b483ba20bd\"},\"potentialAction\":[{\"@type\":\"SearchAction\",\"target\":{\"@type\":\"EntryPoint\",\"urlTemplate\":\"https:\/\/sandzakpress.net\/arhiva\/?s={search_term_string}\"},\"query-input\":{\"@type\":\"PropertyValueSpecification\",\"valueRequired\":true,\"valueName\":\"search_term_string\"}}],\"inLanguage\":\"bs-BA\"},{\"@type\":[\"Person\",\"Organization\"],\"@id\":\"https:\/\/sandzakpress.net\/arhiva\/#\/schema\/person\/6e72b67d6e51910a1117b3b483ba20bd\",\"name\":\"Kul\",\"image\":{\"@type\":\"ImageObject\",\"inLanguage\":\"bs-BA\",\"@id\":\"https:\/\/sandzakpress.net\/arhiva\/#\/schema\/person\/image\/\",\"url\":\"https:\/\/secure.gravatar.com\/avatar\/42263f39aa27ac04c43cab85c280eb2e?s=96&d=mm&r=pg\",\"contentUrl\":\"https:\/\/secure.gravatar.com\/avatar\/42263f39aa27ac04c43cab85c280eb2e?s=96&d=mm&r=pg\",\"caption\":\"Kul\"},\"logo\":{\"@id\":\"https:\/\/sandzakpress.net\/arhiva\/#\/schema\/person\/image\/\"}},{\"@type\":\"Person\",\"@id\":\"https:\/\/sandzakpress.net\/arhiva\/#\/schema\/person\/cb59d7e3ab91ab90dd680ad0305a6185\",\"name\":\"Agencija\",\"image\":{\"@type\":\"ImageObject\",\"inLanguage\":\"bs-BA\",\"@id\":\"https:\/\/sandzakpress.net\/arhiva\/#\/schema\/person\/image\/\",\"url\":\"https:\/\/secure.gravatar.com\/avatar\/4b7fafa80a22f0c2afe23966b3961fe0?s=96&d=mm&r=pg\",\"contentUrl\":\"https:\/\/secure.gravatar.com\/avatar\/4b7fafa80a22f0c2afe23966b3961fe0?s=96&d=mm&r=pg\",\"caption\":\"Agencija\"},\"url\":\"https:\/\/sandzakpress.net\/arhiva\/author\/agencija\/\"}]}<\/script>\n<!-- \/ Yoast SEO Premium plugin. -->","yoast_head_json":{"title":"dr Tokovi\u0107 : Ne pamtim ovako veliki broj oboljele djece od astme i upale plu\u0107a","robots":{"index":"index","follow":"follow","max-snippet":"max-snippet:-1","max-image-preview":"max-image-preview:large","max-video-preview":"max-video-preview:-1"},"canonical":"https:\/\/sandzakpress.net\/arhiva\/dr-tokovic-ne-pamtim-ovako-veliki-broj-oboljele-djece-od-astme-i-upale-pluca\/","og_locale":"bs_BA","og_type":"article","og_title":"dr Tokovi\u0107 : Ne pamtim ovako veliki broj oboljele djece od astme i upale plu\u0107a","og_description":"Zbog naglih promena vremena i dnevnih temperatura koje su prili\u010dno visoke za ovo doba godine, lekari na De\u010dijem odeljenju Op\u0161te bolnice Novi Pazar imaju mnogo vi\u0161e posla i vi\u0161e pacijenata poslednjih nekoliko dana. Najve\u0107i broj pacijenata, i to vi\u0161e od sedamdeset posto, javlja se zbog respiratornih infekcija. \u201cKa\u0161alj, curenje iz nosa, povi\u0161ena telesna tgemperatura, op\u0161ta [&hellip;]","og_url":"https:\/\/sandzakpress.net\/arhiva\/dr-tokovic-ne-pamtim-ovako-veliki-broj-oboljele-djece-od-astme-i-upale-pluca\/","og_site_name":"Sand\u017eak PRESS","article_published_time":"2019-12-17T12:54:33+00:00","og_image":[{"width":620,"height":387,"url":"https:\/\/sandzakpress.net\/arhiva\/wp-content\/uploads\/2019\/12\/kineski-doktor-pregled-lekar-bolnica.jpg","type":"image\/jpeg"}],"author":"Agencija","twitter_card":"summary_large_image","twitter_misc":{"Written by":"Agencija","Est. reading time":"1 minuta"},"schema":{"@context":"https:\/\/schema.org","@graph":[{"@type":"Article","@id":"https:\/\/sandzakpress.net\/arhiva\/dr-tokovic-ne-pamtim-ovako-veliki-broj-oboljele-djece-od-astme-i-upale-pluca\/#article","isPartOf":{"@id":"https:\/\/sandzakpress.net\/arhiva\/dr-tokovic-ne-pamtim-ovako-veliki-broj-oboljele-djece-od-astme-i-upale-pluca\/"},"author":{"name":"Agencija","@id":"https:\/\/sandzakpress.net\/arhiva\/#\/schema\/person\/cb59d7e3ab91ab90dd680ad0305a6185"},"headline":"dr Tokovi\u0107 : Ne pamtim ovako veliki broj oboljele djece od astme i upale plu\u0107a","datePublished":"2019-12-17T12:54:33+00:00","mainEntityOfPage":{"@id":"https:\/\/sandzakpress.net\/arhiva\/dr-tokovic-ne-pamtim-ovako-veliki-broj-oboljele-djece-od-astme-i-upale-pluca\/"},"wordCount":247,"commentCount":0,"publisher":{"@id":"https:\/\/sandzakpress.net\/arhiva\/#\/schema\/person\/6e72b67d6e51910a1117b3b483ba20bd"},"image":{"@id":"https:\/\/sandzakpress.net\/arhiva\/dr-tokovic-ne-pamtim-ovako-veliki-broj-oboljele-djece-od-astme-i-upale-pluca\/#primaryimage"},"thumbnailUrl":"https:\/\/sandzakpress.net\/arhiva\/wp-content\/uploads\/2019\/12\/kineski-doktor-pregled-lekar-bolnica.jpg","articleSection":["Novi Pazar","Dru\u0161tvo","VA\u017dNO!"],"inLanguage":"bs-BA","potentialAction":[{"@type":"CommentAction","name":"Comment","target":["https:\/\/sandzakpress.net\/arhiva\/dr-tokovic-ne-pamtim-ovako-veliki-broj-oboljele-djece-od-astme-i-upale-pluca\/#respond"]}]},{"@type":"WebPage","@id":"https:\/\/sandzakpress.net\/arhiva\/dr-tokovic-ne-pamtim-ovako-veliki-broj-oboljele-djece-od-astme-i-upale-pluca\/","url":"https:\/\/sandzakpress.net\/arhiva\/dr-tokovic-ne-pamtim-ovako-veliki-broj-oboljele-djece-od-astme-i-upale-pluca\/","name":"dr Tokovi\u0107 : Ne pamtim ovako veliki broj oboljele djece od astme i upale plu\u0107a","isPartOf":{"@id":"https:\/\/sandzakpress.net\/arhiva\/#website"},"primaryImageOfPage":{"@id":"https:\/\/sandzakpress.net\/arhiva\/dr-tokovic-ne-pamtim-ovako-veliki-broj-oboljele-djece-od-astme-i-upale-pluca\/#primaryimage"},"image":{"@id":"https:\/\/sandzakpress.net\/arhiva\/dr-tokovic-ne-pamtim-ovako-veliki-broj-oboljele-djece-od-astme-i-upale-pluca\/#primaryimage"},"thumbnailUrl":"https:\/\/sandzakpress.net\/arhiva\/wp-content\/uploads\/2019\/12\/kineski-doktor-pregled-lekar-bolnica.jpg","datePublished":"2019-12-17T12:54:33+00:00","breadcrumb":{"@id":"https:\/\/sandzakpress.net\/arhiva\/dr-tokovic-ne-pamtim-ovako-veliki-broj-oboljele-djece-od-astme-i-upale-pluca\/#breadcrumb"},"inLanguage":"bs-BA","potentialAction":[{"@type":"ReadAction","target":["https:\/\/sandzakpress.net\/arhiva\/dr-tokovic-ne-pamtim-ovako-veliki-broj-oboljele-djece-od-astme-i-upale-pluca\/"]}]},{"@type":"ImageObject","inLanguage":"bs-BA","@id":"https:\/\/sandzakpress.net\/arhiva\/dr-tokovic-ne-pamtim-ovako-veliki-broj-oboljele-djece-od-astme-i-upale-pluca\/#primaryimage","url":"https:\/\/sandzakpress.net\/arhiva\/wp-content\/uploads\/2019\/12\/kineski-doktor-pregled-lekar-bolnica.jpg","contentUrl":"https:\/\/sandzakpress.net\/arhiva\/wp-content\/uploads\/2019\/12\/kineski-doktor-pregled-lekar-bolnica.jpg","width":620,"height":387},{"@type":"BreadcrumbList","@id":"https:\/\/sandzakpress.net\/arhiva\/dr-tokovic-ne-pamtim-ovako-veliki-broj-oboljele-djece-od-astme-i-upale-pluca\/#breadcrumb","itemListElement":[{"@type":"ListItem","position":1,"name":"Home","item":"https:\/\/sandzakpress.net\/arhiva\/"},{"@type":"ListItem","position":2,"name":"dr Tokovi\u0107 : Ne pamtim ovako veliki broj oboljele djece od astme i upale plu\u0107a"}]},{"@type":"WebSite","@id":"https:\/\/sandzakpress.net\/arhiva\/#website","url":"https:\/\/sandzakpress.net\/arhiva\/","name":"Sand\u017eak PRESS","description":"Prve elektronske novine u Sand\u017eaku","publisher":{"@id":"https:\/\/sandzakpress.net\/arhiva\/#\/schema\/person\/6e72b67d6e51910a1117b3b483ba20bd"},"potentialAction":[{"@type":"SearchAction","target":{"@type":"EntryPoint","urlTemplate":"https:\/\/sandzakpress.net\/arhiva\/?s={search_term_string}"},"query-input":{"@type":"PropertyValueSpecification","valueRequired":true,"valueName":"search_term_string"}}],"inLanguage":"bs-BA"},{"@type":["Person","Organization"],"@id":"https:\/\/sandzakpress.net\/arhiva\/#\/schema\/person\/6e72b67d6e51910a1117b3b483ba20bd","name":"Kul","image":{"@type":"ImageObject","inLanguage":"bs-BA","@id":"https:\/\/sandzakpress.net\/arhiva\/#\/schema\/person\/image\/","url":"https:\/\/secure.gravatar.com\/avatar\/42263f39aa27ac04c43cab85c280eb2e?s=96&d=mm&r=pg","contentUrl":"https:\/\/secure.gravatar.com\/avatar\/42263f39aa27ac04c43cab85c280eb2e?s=96&d=mm&r=pg","caption":"Kul"},"logo":{"@id":"https:\/\/sandzakpress.net\/arhiva\/#\/schema\/person\/image\/"}},{"@type":"Person","@id":"https:\/\/sandzakpress.net\/arhiva\/#\/schema\/person\/cb59d7e3ab91ab90dd680ad0305a6185","name":"Agencija","image":{"@type":"ImageObject","inLanguage":"bs-BA","@id":"https:\/\/sandzakpress.net\/arhiva\/#\/schema\/person\/image\/","url":"https:\/\/secure.gravatar.com\/avatar\/4b7fafa80a22f0c2afe23966b3961fe0?s=96&d=mm&r=pg","contentUrl":"https:\/\/secure.gravatar.com\/avatar\/4b7fafa80a22f0c2afe23966b3961fe0?s=96&d=mm&r=pg","caption":"Agencija"},"url":"https:\/\/sandzakpress.net\/arhiva\/author\/agencija\/"}]}},"_links":{"self":[{"href":"https:\/\/sandzakpress.net\/arhiva\/wp-json\/wp\/v2\/posts\/231888"}],"collection":[{"href":"https:\/\/sandzakpress.net\/arhiva\/wp-json\/wp\/v2\/posts"}],"about":[{"href":"https:\/\/sandzakpress.net\/arhiva\/wp-json\/wp\/v2\/types\/post"}],"author":[{"embeddable":true,"href":"https:\/\/sandzakpress.net\/arhiva\/wp-json\/wp\/v2\/users\/509"}],"replies":[{"embeddable":true,"href":"https:\/\/sandzakpress.net\/arhiva\/wp-json\/wp\/v2\/comments?post=231888"}],"version-history":[{"count":0,"href":"https:\/\/sandzakpress.net\/arhiva\/wp-json\/wp\/v2\/posts\/231888\/revisions"}],"wp:featuredmedia":[{"embeddable":true,"href":"https:\/\/sandzakpress.net\/arhiva\/wp-json\/wp\/v2\/media\/231891"}],"wp:attachment":[{"href":"https:\/\/sandzakpress.net\/arhiva\/wp-json\/wp\/v2\/media?parent=231888"}],"wp:term":[{"taxonomy":"category","embeddable":true,"href":"https:\/\/sandzakpress.net\/arhiva\/wp-json\/wp\/v2\/categories?post=231888"},{"taxonomy":"post_tag","embeddable":true,"href":"https:\/\/sandzakpress.net\/arhiva\/wp-json\/wp\/v2\/tags?post=231888"}],"curies":[{"name":"wp","href":"https:\/\/api.w.org\/{rel}","templated":true}]}}