{"id":231871,"date":"2019-12-17T13:42:09","date_gmt":"2019-12-17T12:42:09","guid":{"rendered":"https:\/\/sandzakpress.net\/arhiva\/?p=231871"},"modified":"2019-12-20T17:27:12","modified_gmt":"2019-12-20T16:27:12","slug":"ubistvo-studenta-na-pjesackom-prijelazu-bakan-za-n1-istraga-se-vozi-neprofesionalno","status":"publish","type":"post","link":"https:\/\/sandzakpress.net\/arhiva\/ubistvo-studenta-na-pjesackom-prijelazu-bakan-za-n1-istraga-se-vozi-neprofesionalno\/","title":{"rendered":"UBISTVO STUDENTA NA PJE\u0160A\u010cKOM PRIJELAZU &#8211; Bakan za N1: Istraga se vodi neprofesionalno"},"content":{"rendered":"<p><img decoding=\"async\" class=\"aligncenter\" src=\"https:\/\/www.sandzaklive.rs\/images\/00\/gftr567899.jpg\" alt=\"gftr567899\" \/><\/p>\n<p><strong>Mirsat Bakan iz Novog Pazara, otac studenta Ernada Bakana koji je preminuo po\u010detkom marta po\u0161to ga je automobil udario na pe\u0161a\u010dkom prelazu u Zemunu, ka\u017ee da ni nakon devet meseci, istraga nije gotova i da sumnja da se vr\u0161e opstrukcije.<\/strong><\/p>\n<p class=\"story-lead\">Saobra\u0107ajni fakultet u Beogradu nije uradio ve\u0161ta\u010denje, jer im Tu\u017eila\u0161tvo nije uplatilo oko 140 hiljada dinara. Mirsat Bakan je \u010dak ponudio da sam uplati taj iznos, ali mu to nije bilo dozvoljeno.<\/p>\n<p>Ernad Bakan bio je bruco\u0161 na Visokoj zdravstvenoj \u0161koli u Zemunu u blizini koje se i desila nezgoda. Mladi\u0107a je, dok je prelazio ulicu na pe\u0161a\u010dkom prelazu, udario automobil. Od zadobijenih povreda, preminuo je dva dana kasnije.<\/p>\n<p>Od marta, kada je Ernad poginuo, pa do danas, istraga jo\u0161 nije zavr\u0161ena. \u010cak jo\u0161 nije poznato ni kojom se brzinom kretao automobil koji ga je udario, iako se nedugo nakon toga na dru\u0161tvenim mre\u017eama pojavio snimak sa sigurnosnih kamera na kojem se vidi kako automobil udara mladi\u0107a.<\/p>\n<p>&#8220;Ispostavilo se da je za to isto Tu\u017eila\u0161tvo koje je nalo\u017eilo ve\u0161ta\u010denje, 140.000 dinara bilo mnogo. I predmet im je vra\u0107en. Iako su im iz Saobra\u0107ajnog fakulteta u Beogradu jo\u0161 po\u010detkom novembra dostavili cenovnik i zatra\u017eili da plate, Tu\u017eila\u0161tvo nije preduzelo ni\u0161ta. Ako ve\u0107 nisu imali novca ili mo\u017eda nisu \u017eeleli da plate, mogli su da na vreme obaveste taj fakultet&#8221;, kazao je Bakan.<\/p>\n<p>Otac stradalog mladi\u0107a veruje da se istraga vodi neprofesionalno, da nisu saslu\u0161ani pravi svedoci, poput onih koji su bili najbli\u017ei njegovom sinu, da voza\u010d nije testiran na drogu i da nije provereno da li je imao probnu voza\u010dku dozvolu.<\/p>\n<p>&#8220;Kvalifikovano je da se delo desilo iz nehata. Ko god je gledao snimak zaklju\u010dio bi suprotno. Mnogi ljudi iz pravosu\u0111a i policije su mi rekli da je mala verovatno\u0107a da se radi o nehatu. On bi bio da je recimo ko\u010dnica otkazala, ali auto je bio ispravan. Plus je bio neregistrovan, jer je neposredno pre nesre\u0107e uzet sa popravke. Ima li tu mesta nehatu? Uzmete auto od majstora i neregistrovanog ga zaletite preko dva pe\u0161a\u010dka prelaza&#8221;, navodi Bakan.<\/p>\n<p>Iz Tre\u0107eg osnovnog tu\u017eila\u0161tva u Beogradu odbacuju navode Mirsata Bakana da se istraga vr\u0161i neprofesionalno, nagla\u0161avaju\u0107i da su do sada zavr\u0161ene sve istra\u017ene radnje, osim spornog saobra\u0107ajno-tehni\u010dkog ve\u0161ta\u010denja.<\/p>\n<p>&#8220;Tu\u017eila\u0161tvo je tokom godine bilo u finansijskim problemima, ra\u010dun nam je bio blokiran i tek nedavno je rebalansom bud\u017eeta popravljeno stanje, ali i pored toga smatramo da je iznos od 142.200 dinara, koliko je Saobra\u0107ajni fakultet tra\u017eio za ve\u0161ta\u010denje, previsok, a jo\u0161 su zahtevali i da se plati unapred. Zbog toga smo odustali&#8221;, saop\u0161teno je iz Tu\u017eila\u0161tva.<\/p>\n<p>Porodica Bakan ka\u017ee za N1 da su na izmaku \u017eivaca, ne znaju u \u0161ta da sumnjaju, a \u0161ta da veruju. Ne znaju vi\u0161e ni za \u017ealost ni za radost. Znaju samo da se oko njih gradi zid nepravde.<\/p>\n<p><iframe loading=\"lazy\" title=\"Dnevnik u 19\/ Beograd\/ 16.12.2019.\" width=\"696\" height=\"392\" src=\"https:\/\/www.youtube.com\/embed\/d62wXOpyM9s?start=1295&#038;feature=oembed\" frameborder=\"0\" allow=\"accelerometer; autoplay; encrypted-media; gyroscope; picture-in-picture\" allowfullscreen><\/iframe><\/p>\n","protected":false},"excerpt":{"rendered":"<p>Mirsat Bakan iz Novog Pazara, otac studenta Ernada Bakana koji je preminuo po\u010detkom marta po\u0161to ga je automobil udario na pe\u0161a\u010dkom prelazu u Zemunu, ka\u017ee da ni nakon devet meseci, istraga nije gotova i da sumnja da se vr\u0161e opstrukcije. Saobra\u0107ajni fakultet u Beogradu nije uradio ve\u0161ta\u010denje, jer im Tu\u017eila\u0161tvo nije uplatilo oko 140 hiljada [&hellip;]<\/p>\n","protected":false},"author":509,"featured_media":231872,"comment_status":"open","ping_status":"open","sticky":false,"template":"","format":"standard","meta":{"footnotes":""},"categories":[72,801,8957],"tags":[],"class_list":{"0":"post-231871","1":"post","2":"type-post","3":"status-publish","4":"format-standard","5":"has-post-thumbnail","7":"category-novi-pazar","8":"category-crna_hronika","9":"category-vijesti-dana"},"yoast_head":"<!-- This site is optimized with the Yoast SEO Premium plugin v23.1 (Yoast SEO v24.9) - https:\/\/yoast.com\/wordpress\/plugins\/seo\/ -->\n<title>UBISTVO STUDENTA NA PJE\u0160A\u010cKOM PRIJELAZU - Bakan za N1: Istraga se vodi neprofesionalno<\/title>\n<meta name=\"robots\" content=\"index, follow, max-snippet:-1, max-image-preview:large, max-video-preview:-1\" \/>\n<link rel=\"canonical\" href=\"https:\/\/sandzakpress.net\/arhiva\/ubistvo-studenta-na-pjesackom-prijelazu-bakan-za-n1-istraga-se-vozi-neprofesionalno\/\" \/>\n<meta property=\"og:locale\" content=\"bs_BA\" \/>\n<meta property=\"og:type\" content=\"article\" \/>\n<meta property=\"og:title\" content=\"UBISTVO STUDENTA NA PJE\u0160A\u010cKOM PRIJELAZU - Bakan za N1: Istraga se vodi neprofesionalno\" \/>\n<meta property=\"og:description\" content=\"Mirsat Bakan iz Novog Pazara, otac studenta Ernada Bakana koji je preminuo po\u010detkom marta po\u0161to ga je automobil udario na pe\u0161a\u010dkom prelazu u Zemunu, ka\u017ee da ni nakon devet meseci, istraga nije gotova i da sumnja da se vr\u0161e opstrukcije. Saobra\u0107ajni fakultet u Beogradu nije uradio ve\u0161ta\u010denje, jer im Tu\u017eila\u0161tvo nije uplatilo oko 140 hiljada [&hellip;]\" \/>\n<meta property=\"og:url\" content=\"https:\/\/sandzakpress.net\/arhiva\/ubistvo-studenta-na-pjesackom-prijelazu-bakan-za-n1-istraga-se-vozi-neprofesionalno\/\" \/>\n<meta property=\"og:site_name\" content=\"Sand\u017eak PRESS\" \/>\n<meta property=\"article:published_time\" content=\"2019-12-17T12:42:09+00:00\" \/>\n<meta property=\"article:modified_time\" content=\"2019-12-20T16:27:12+00:00\" \/>\n<meta property=\"og:image\" content=\"https:\/\/sandzakpress.net\/arhiva\/wp-content\/uploads\/2019\/12\/gftr567899.jpg\" \/>\n\t<meta property=\"og:image:width\" content=\"902\" \/>\n\t<meta property=\"og:image:height\" content=\"503\" \/>\n\t<meta property=\"og:image:type\" content=\"image\/jpeg\" \/>\n<meta name=\"author\" content=\"Agencija\" \/>\n<meta name=\"twitter:card\" content=\"summary_large_image\" \/>\n<meta name=\"twitter:label1\" content=\"Written by\" \/>\n\t<meta name=\"twitter:data1\" content=\"Agencija\" \/>\n\t<meta name=\"twitter:label2\" content=\"Est. reading time\" \/>\n\t<meta name=\"twitter:data2\" content=\"3 minute\" \/>\n<script type=\"application\/ld+json\" class=\"yoast-schema-graph\">{\"@context\":\"https:\/\/schema.org\",\"@graph\":[{\"@type\":\"Article\",\"@id\":\"https:\/\/sandzakpress.net\/arhiva\/ubistvo-studenta-na-pjesackom-prijelazu-bakan-za-n1-istraga-se-vozi-neprofesionalno\/#article\",\"isPartOf\":{\"@id\":\"https:\/\/sandzakpress.net\/arhiva\/ubistvo-studenta-na-pjesackom-prijelazu-bakan-za-n1-istraga-se-vozi-neprofesionalno\/\"},\"author\":{\"name\":\"Agencija\",\"@id\":\"https:\/\/sandzakpress.net\/arhiva\/#\/schema\/person\/cb59d7e3ab91ab90dd680ad0305a6185\"},\"headline\":\"UBISTVO STUDENTA NA PJE\u0160A\u010cKOM PRIJELAZU &#8211; Bakan za N1: Istraga se vodi neprofesionalno\",\"datePublished\":\"2019-12-17T12:42:09+00:00\",\"dateModified\":\"2019-12-20T16:27:12+00:00\",\"mainEntityOfPage\":{\"@id\":\"https:\/\/sandzakpress.net\/arhiva\/ubistvo-studenta-na-pjesackom-prijelazu-bakan-za-n1-istraga-se-vozi-neprofesionalno\/\"},\"wordCount\":547,\"commentCount\":0,\"publisher\":{\"@id\":\"https:\/\/sandzakpress.net\/arhiva\/#\/schema\/person\/6e72b67d6e51910a1117b3b483ba20bd\"},\"image\":{\"@id\":\"https:\/\/sandzakpress.net\/arhiva\/ubistvo-studenta-na-pjesackom-prijelazu-bakan-za-n1-istraga-se-vozi-neprofesionalno\/#primaryimage\"},\"thumbnailUrl\":\"https:\/\/sandzakpress.net\/arhiva\/wp-content\/uploads\/2019\/12\/gftr567899.jpg\",\"articleSection\":[\"Novi Pazar\",\"Hronika\",\"VIJESTI DANA\"],\"inLanguage\":\"bs-BA\",\"potentialAction\":[{\"@type\":\"CommentAction\",\"name\":\"Comment\",\"target\":[\"https:\/\/sandzakpress.net\/arhiva\/ubistvo-studenta-na-pjesackom-prijelazu-bakan-za-n1-istraga-se-vozi-neprofesionalno\/#respond\"]}]},{\"@type\":\"WebPage\",\"@id\":\"https:\/\/sandzakpress.net\/arhiva\/ubistvo-studenta-na-pjesackom-prijelazu-bakan-za-n1-istraga-se-vozi-neprofesionalno\/\",\"url\":\"https:\/\/sandzakpress.net\/arhiva\/ubistvo-studenta-na-pjesackom-prijelazu-bakan-za-n1-istraga-se-vozi-neprofesionalno\/\",\"name\":\"UBISTVO STUDENTA NA PJE\u0160A\u010cKOM PRIJELAZU - Bakan za N1: Istraga se vodi neprofesionalno\",\"isPartOf\":{\"@id\":\"https:\/\/sandzakpress.net\/arhiva\/#website\"},\"primaryImageOfPage\":{\"@id\":\"https:\/\/sandzakpress.net\/arhiva\/ubistvo-studenta-na-pjesackom-prijelazu-bakan-za-n1-istraga-se-vozi-neprofesionalno\/#primaryimage\"},\"image\":{\"@id\":\"https:\/\/sandzakpress.net\/arhiva\/ubistvo-studenta-na-pjesackom-prijelazu-bakan-za-n1-istraga-se-vozi-neprofesionalno\/#primaryimage\"},\"thumbnailUrl\":\"https:\/\/sandzakpress.net\/arhiva\/wp-content\/uploads\/2019\/12\/gftr567899.jpg\",\"datePublished\":\"2019-12-17T12:42:09+00:00\",\"dateModified\":\"2019-12-20T16:27:12+00:00\",\"breadcrumb\":{\"@id\":\"https:\/\/sandzakpress.net\/arhiva\/ubistvo-studenta-na-pjesackom-prijelazu-bakan-za-n1-istraga-se-vozi-neprofesionalno\/#breadcrumb\"},\"inLanguage\":\"bs-BA\",\"potentialAction\":[{\"@type\":\"ReadAction\",\"target\":[\"https:\/\/sandzakpress.net\/arhiva\/ubistvo-studenta-na-pjesackom-prijelazu-bakan-za-n1-istraga-se-vozi-neprofesionalno\/\"]}]},{\"@type\":\"ImageObject\",\"inLanguage\":\"bs-BA\",\"@id\":\"https:\/\/sandzakpress.net\/arhiva\/ubistvo-studenta-na-pjesackom-prijelazu-bakan-za-n1-istraga-se-vozi-neprofesionalno\/#primaryimage\",\"url\":\"https:\/\/sandzakpress.net\/arhiva\/wp-content\/uploads\/2019\/12\/gftr567899.jpg\",\"contentUrl\":\"https:\/\/sandzakpress.net\/arhiva\/wp-content\/uploads\/2019\/12\/gftr567899.jpg\",\"width\":902,\"height\":503},{\"@type\":\"BreadcrumbList\",\"@id\":\"https:\/\/sandzakpress.net\/arhiva\/ubistvo-studenta-na-pjesackom-prijelazu-bakan-za-n1-istraga-se-vozi-neprofesionalno\/#breadcrumb\",\"itemListElement\":[{\"@type\":\"ListItem\",\"position\":1,\"name\":\"Home\",\"item\":\"https:\/\/sandzakpress.net\/arhiva\/\"},{\"@type\":\"ListItem\",\"position\":2,\"name\":\"UBISTVO STUDENTA NA PJE\u0160A\u010cKOM PRIJELAZU &#8211; Bakan za N1: Istraga se vodi neprofesionalno\"}]},{\"@type\":\"WebSite\",\"@id\":\"https:\/\/sandzakpress.net\/arhiva\/#website\",\"url\":\"https:\/\/sandzakpress.net\/arhiva\/\",\"name\":\"Sand\u017eak PRESS\",\"description\":\"Prve elektronske novine u Sand\u017eaku\",\"publisher\":{\"@id\":\"https:\/\/sandzakpress.net\/arhiva\/#\/schema\/person\/6e72b67d6e51910a1117b3b483ba20bd\"},\"potentialAction\":[{\"@type\":\"SearchAction\",\"target\":{\"@type\":\"EntryPoint\",\"urlTemplate\":\"https:\/\/sandzakpress.net\/arhiva\/?s={search_term_string}\"},\"query-input\":{\"@type\":\"PropertyValueSpecification\",\"valueRequired\":true,\"valueName\":\"search_term_string\"}}],\"inLanguage\":\"bs-BA\"},{\"@type\":[\"Person\",\"Organization\"],\"@id\":\"https:\/\/sandzakpress.net\/arhiva\/#\/schema\/person\/6e72b67d6e51910a1117b3b483ba20bd\",\"name\":\"Kul\",\"image\":{\"@type\":\"ImageObject\",\"inLanguage\":\"bs-BA\",\"@id\":\"https:\/\/sandzakpress.net\/arhiva\/#\/schema\/person\/image\/\",\"url\":\"https:\/\/secure.gravatar.com\/avatar\/42263f39aa27ac04c43cab85c280eb2e?s=96&d=mm&r=pg\",\"contentUrl\":\"https:\/\/secure.gravatar.com\/avatar\/42263f39aa27ac04c43cab85c280eb2e?s=96&d=mm&r=pg\",\"caption\":\"Kul\"},\"logo\":{\"@id\":\"https:\/\/sandzakpress.net\/arhiva\/#\/schema\/person\/image\/\"}},{\"@type\":\"Person\",\"@id\":\"https:\/\/sandzakpress.net\/arhiva\/#\/schema\/person\/cb59d7e3ab91ab90dd680ad0305a6185\",\"name\":\"Agencija\",\"image\":{\"@type\":\"ImageObject\",\"inLanguage\":\"bs-BA\",\"@id\":\"https:\/\/sandzakpress.net\/arhiva\/#\/schema\/person\/image\/\",\"url\":\"https:\/\/secure.gravatar.com\/avatar\/4b7fafa80a22f0c2afe23966b3961fe0?s=96&d=mm&r=pg\",\"contentUrl\":\"https:\/\/secure.gravatar.com\/avatar\/4b7fafa80a22f0c2afe23966b3961fe0?s=96&d=mm&r=pg\",\"caption\":\"Agencija\"},\"url\":\"https:\/\/sandzakpress.net\/arhiva\/author\/agencija\/\"}]}<\/script>\n<!-- \/ Yoast SEO Premium plugin. -->","yoast_head_json":{"title":"UBISTVO STUDENTA NA PJE\u0160A\u010cKOM PRIJELAZU - Bakan za N1: Istraga se vodi neprofesionalno","robots":{"index":"index","follow":"follow","max-snippet":"max-snippet:-1","max-image-preview":"max-image-preview:large","max-video-preview":"max-video-preview:-1"},"canonical":"https:\/\/sandzakpress.net\/arhiva\/ubistvo-studenta-na-pjesackom-prijelazu-bakan-za-n1-istraga-se-vozi-neprofesionalno\/","og_locale":"bs_BA","og_type":"article","og_title":"UBISTVO STUDENTA NA PJE\u0160A\u010cKOM PRIJELAZU - Bakan za N1: Istraga se vodi neprofesionalno","og_description":"Mirsat Bakan iz Novog Pazara, otac studenta Ernada Bakana koji je preminuo po\u010detkom marta po\u0161to ga je automobil udario na pe\u0161a\u010dkom prelazu u Zemunu, ka\u017ee da ni nakon devet meseci, istraga nije gotova i da sumnja da se vr\u0161e opstrukcije. Saobra\u0107ajni fakultet u Beogradu nije uradio ve\u0161ta\u010denje, jer im Tu\u017eila\u0161tvo nije uplatilo oko 140 hiljada [&hellip;]","og_url":"https:\/\/sandzakpress.net\/arhiva\/ubistvo-studenta-na-pjesackom-prijelazu-bakan-za-n1-istraga-se-vozi-neprofesionalno\/","og_site_name":"Sand\u017eak PRESS","article_published_time":"2019-12-17T12:42:09+00:00","article_modified_time":"2019-12-20T16:27:12+00:00","og_image":[{"width":902,"height":503,"url":"https:\/\/sandzakpress.net\/arhiva\/wp-content\/uploads\/2019\/12\/gftr567899.jpg","type":"image\/jpeg"}],"author":"Agencija","twitter_card":"summary_large_image","twitter_misc":{"Written by":"Agencija","Est. reading time":"3 minute"},"schema":{"@context":"https:\/\/schema.org","@graph":[{"@type":"Article","@id":"https:\/\/sandzakpress.net\/arhiva\/ubistvo-studenta-na-pjesackom-prijelazu-bakan-za-n1-istraga-se-vozi-neprofesionalno\/#article","isPartOf":{"@id":"https:\/\/sandzakpress.net\/arhiva\/ubistvo-studenta-na-pjesackom-prijelazu-bakan-za-n1-istraga-se-vozi-neprofesionalno\/"},"author":{"name":"Agencija","@id":"https:\/\/sandzakpress.net\/arhiva\/#\/schema\/person\/cb59d7e3ab91ab90dd680ad0305a6185"},"headline":"UBISTVO STUDENTA NA PJE\u0160A\u010cKOM PRIJELAZU &#8211; Bakan za N1: Istraga se vodi neprofesionalno","datePublished":"2019-12-17T12:42:09+00:00","dateModified":"2019-12-20T16:27:12+00:00","mainEntityOfPage":{"@id":"https:\/\/sandzakpress.net\/arhiva\/ubistvo-studenta-na-pjesackom-prijelazu-bakan-za-n1-istraga-se-vozi-neprofesionalno\/"},"wordCount":547,"commentCount":0,"publisher":{"@id":"https:\/\/sandzakpress.net\/arhiva\/#\/schema\/person\/6e72b67d6e51910a1117b3b483ba20bd"},"image":{"@id":"https:\/\/sandzakpress.net\/arhiva\/ubistvo-studenta-na-pjesackom-prijelazu-bakan-za-n1-istraga-se-vozi-neprofesionalno\/#primaryimage"},"thumbnailUrl":"https:\/\/sandzakpress.net\/arhiva\/wp-content\/uploads\/2019\/12\/gftr567899.jpg","articleSection":["Novi Pazar","Hronika","VIJESTI DANA"],"inLanguage":"bs-BA","potentialAction":[{"@type":"CommentAction","name":"Comment","target":["https:\/\/sandzakpress.net\/arhiva\/ubistvo-studenta-na-pjesackom-prijelazu-bakan-za-n1-istraga-se-vozi-neprofesionalno\/#respond"]}]},{"@type":"WebPage","@id":"https:\/\/sandzakpress.net\/arhiva\/ubistvo-studenta-na-pjesackom-prijelazu-bakan-za-n1-istraga-se-vozi-neprofesionalno\/","url":"https:\/\/sandzakpress.net\/arhiva\/ubistvo-studenta-na-pjesackom-prijelazu-bakan-za-n1-istraga-se-vozi-neprofesionalno\/","name":"UBISTVO STUDENTA NA PJE\u0160A\u010cKOM PRIJELAZU - Bakan za N1: Istraga se vodi neprofesionalno","isPartOf":{"@id":"https:\/\/sandzakpress.net\/arhiva\/#website"},"primaryImageOfPage":{"@id":"https:\/\/sandzakpress.net\/arhiva\/ubistvo-studenta-na-pjesackom-prijelazu-bakan-za-n1-istraga-se-vozi-neprofesionalno\/#primaryimage"},"image":{"@id":"https:\/\/sandzakpress.net\/arhiva\/ubistvo-studenta-na-pjesackom-prijelazu-bakan-za-n1-istraga-se-vozi-neprofesionalno\/#primaryimage"},"thumbnailUrl":"https:\/\/sandzakpress.net\/arhiva\/wp-content\/uploads\/2019\/12\/gftr567899.jpg","datePublished":"2019-12-17T12:42:09+00:00","dateModified":"2019-12-20T16:27:12+00:00","breadcrumb":{"@id":"https:\/\/sandzakpress.net\/arhiva\/ubistvo-studenta-na-pjesackom-prijelazu-bakan-za-n1-istraga-se-vozi-neprofesionalno\/#breadcrumb"},"inLanguage":"bs-BA","potentialAction":[{"@type":"ReadAction","target":["https:\/\/sandzakpress.net\/arhiva\/ubistvo-studenta-na-pjesackom-prijelazu-bakan-za-n1-istraga-se-vozi-neprofesionalno\/"]}]},{"@type":"ImageObject","inLanguage":"bs-BA","@id":"https:\/\/sandzakpress.net\/arhiva\/ubistvo-studenta-na-pjesackom-prijelazu-bakan-za-n1-istraga-se-vozi-neprofesionalno\/#primaryimage","url":"https:\/\/sandzakpress.net\/arhiva\/wp-content\/uploads\/2019\/12\/gftr567899.jpg","contentUrl":"https:\/\/sandzakpress.net\/arhiva\/wp-content\/uploads\/2019\/12\/gftr567899.jpg","width":902,"height":503},{"@type":"BreadcrumbList","@id":"https:\/\/sandzakpress.net\/arhiva\/ubistvo-studenta-na-pjesackom-prijelazu-bakan-za-n1-istraga-se-vozi-neprofesionalno\/#breadcrumb","itemListElement":[{"@type":"ListItem","position":1,"name":"Home","item":"https:\/\/sandzakpress.net\/arhiva\/"},{"@type":"ListItem","position":2,"name":"UBISTVO STUDENTA NA PJE\u0160A\u010cKOM PRIJELAZU &#8211; Bakan za N1: Istraga se vodi neprofesionalno"}]},{"@type":"WebSite","@id":"https:\/\/sandzakpress.net\/arhiva\/#website","url":"https:\/\/sandzakpress.net\/arhiva\/","name":"Sand\u017eak PRESS","description":"Prve elektronske novine u Sand\u017eaku","publisher":{"@id":"https:\/\/sandzakpress.net\/arhiva\/#\/schema\/person\/6e72b67d6e51910a1117b3b483ba20bd"},"potentialAction":[{"@type":"SearchAction","target":{"@type":"EntryPoint","urlTemplate":"https:\/\/sandzakpress.net\/arhiva\/?s={search_term_string}"},"query-input":{"@type":"PropertyValueSpecification","valueRequired":true,"valueName":"search_term_string"}}],"inLanguage":"bs-BA"},{"@type":["Person","Organization"],"@id":"https:\/\/sandzakpress.net\/arhiva\/#\/schema\/person\/6e72b67d6e51910a1117b3b483ba20bd","name":"Kul","image":{"@type":"ImageObject","inLanguage":"bs-BA","@id":"https:\/\/sandzakpress.net\/arhiva\/#\/schema\/person\/image\/","url":"https:\/\/secure.gravatar.com\/avatar\/42263f39aa27ac04c43cab85c280eb2e?s=96&d=mm&r=pg","contentUrl":"https:\/\/secure.gravatar.com\/avatar\/42263f39aa27ac04c43cab85c280eb2e?s=96&d=mm&r=pg","caption":"Kul"},"logo":{"@id":"https:\/\/sandzakpress.net\/arhiva\/#\/schema\/person\/image\/"}},{"@type":"Person","@id":"https:\/\/sandzakpress.net\/arhiva\/#\/schema\/person\/cb59d7e3ab91ab90dd680ad0305a6185","name":"Agencija","image":{"@type":"ImageObject","inLanguage":"bs-BA","@id":"https:\/\/sandzakpress.net\/arhiva\/#\/schema\/person\/image\/","url":"https:\/\/secure.gravatar.com\/avatar\/4b7fafa80a22f0c2afe23966b3961fe0?s=96&d=mm&r=pg","contentUrl":"https:\/\/secure.gravatar.com\/avatar\/4b7fafa80a22f0c2afe23966b3961fe0?s=96&d=mm&r=pg","caption":"Agencija"},"url":"https:\/\/sandzakpress.net\/arhiva\/author\/agencija\/"}]}},"_links":{"self":[{"href":"https:\/\/sandzakpress.net\/arhiva\/wp-json\/wp\/v2\/posts\/231871"}],"collection":[{"href":"https:\/\/sandzakpress.net\/arhiva\/wp-json\/wp\/v2\/posts"}],"about":[{"href":"https:\/\/sandzakpress.net\/arhiva\/wp-json\/wp\/v2\/types\/post"}],"author":[{"embeddable":true,"href":"https:\/\/sandzakpress.net\/arhiva\/wp-json\/wp\/v2\/users\/509"}],"replies":[{"embeddable":true,"href":"https:\/\/sandzakpress.net\/arhiva\/wp-json\/wp\/v2\/comments?post=231871"}],"version-history":[{"count":0,"href":"https:\/\/sandzakpress.net\/arhiva\/wp-json\/wp\/v2\/posts\/231871\/revisions"}],"wp:featuredmedia":[{"embeddable":true,"href":"https:\/\/sandzakpress.net\/arhiva\/wp-json\/wp\/v2\/media\/231872"}],"wp:attachment":[{"href":"https:\/\/sandzakpress.net\/arhiva\/wp-json\/wp\/v2\/media?parent=231871"}],"wp:term":[{"taxonomy":"category","embeddable":true,"href":"https:\/\/sandzakpress.net\/arhiva\/wp-json\/wp\/v2\/categories?post=231871"},{"taxonomy":"post_tag","embeddable":true,"href":"https:\/\/sandzakpress.net\/arhiva\/wp-json\/wp\/v2\/tags?post=231871"}],"curies":[{"name":"wp","href":"https:\/\/api.w.org\/{rel}","templated":true}]}}