{"id":231847,"date":"2019-12-17T09:13:21","date_gmt":"2019-12-17T08:13:21","guid":{"rendered":"https:\/\/sandzakpress.net\/arhiva\/?p=231847"},"modified":"2019-12-17T09:13:21","modified_gmt":"2019-12-17T08:13:21","slug":"svetski-kup-u-spustu-na-divljim-vodama-tahirovic-14-u-klasiku","status":"publish","type":"post","link":"https:\/\/sandzakpress.net\/arhiva\/svetski-kup-u-spustu-na-divljim-vodama-tahirovic-14-u-klasiku\/","title":{"rendered":"Svetski kup u spustu na divljim vodama: Tahirovi\u0107 14. u klasiku"},"content":{"rendered":"<p><img decoding=\"async\" src=\"https:\/\/i1.wp.com\/rtvnp.rs\/wp-content\/uploads\/2019\/12\/alenkina.jpg?resize=800%2C445&amp;ssl=1\" \/><\/p>\n<p><strong>Kajaka\u0161 Starog grada iz Novog Pazara Alen Tahirovi\u0107 zauzeo je 14. mesto u klasiku na poslednjem ovosezonskom Svetskom kupu u spustu na divljim vodama u kineskom gradu Liuku\u017eenu.<\/strong><\/p>\n<p>Me\u0111u 38 kajaka\u0161a, drugi \u010dlan selekcije Srbije Marko Marjanovi\u0107 klasik je zavr\u0161io na 13. poziciji, dok Sreten Bilji\u0107 nije startovao zbog povrede.<\/p>\n<p>Reprezentativci Srbije nastupili su i u sprintu, gde je Marjanovi\u0107 bio 10, Bilji\u0107 14, a Tahirovi\u0107 15. u finalu.<\/p>\n","protected":false},"excerpt":{"rendered":"<p>Kajaka\u0161 Starog grada iz Novog Pazara Alen Tahirovi\u0107 zauzeo je 14. mesto u klasiku na poslednjem ovosezonskom Svetskom kupu u spustu na divljim vodama u kineskom gradu Liuku\u017eenu. Me\u0111u 38 kajaka\u0161a, drugi \u010dlan selekcije Srbije Marko Marjanovi\u0107 klasik je zavr\u0161io na 13. poziciji, dok Sreten Bilji\u0107 nije startovao zbog povrede. Reprezentativci Srbije nastupili su i [&hellip;]<\/p>\n","protected":false},"author":509,"featured_media":231848,"comment_status":"open","ping_status":"open","sticky":false,"template":"","format":"standard","meta":{"footnotes":""},"categories":[72,13],"tags":[],"class_list":{"0":"post-231847","1":"post","2":"type-post","3":"status-publish","4":"format-standard","5":"has-post-thumbnail","7":"category-novi-pazar","8":"category-sport"},"yoast_head":"<!-- This site is optimized with the Yoast SEO Premium plugin v23.1 (Yoast SEO v24.9) - https:\/\/yoast.com\/wordpress\/plugins\/seo\/ -->\n<title>Svetski kup u spustu na divljim vodama: Tahirovi\u0107 14. u klasiku<\/title>\n<meta name=\"robots\" content=\"index, follow, max-snippet:-1, max-image-preview:large, max-video-preview:-1\" \/>\n<link rel=\"canonical\" href=\"https:\/\/sandzakpress.net\/arhiva\/svetski-kup-u-spustu-na-divljim-vodama-tahirovic-14-u-klasiku\/\" \/>\n<meta property=\"og:locale\" content=\"bs_BA\" \/>\n<meta property=\"og:type\" content=\"article\" \/>\n<meta property=\"og:title\" content=\"Svetski kup u spustu na divljim vodama: Tahirovi\u0107 14. u klasiku\" \/>\n<meta property=\"og:description\" content=\"Kajaka\u0161 Starog grada iz Novog Pazara Alen Tahirovi\u0107 zauzeo je 14. mesto u klasiku na poslednjem ovosezonskom Svetskom kupu u spustu na divljim vodama u kineskom gradu Liuku\u017eenu. Me\u0111u 38 kajaka\u0161a, drugi \u010dlan selekcije Srbije Marko Marjanovi\u0107 klasik je zavr\u0161io na 13. poziciji, dok Sreten Bilji\u0107 nije startovao zbog povrede. Reprezentativci Srbije nastupili su i [&hellip;]\" \/>\n<meta property=\"og:url\" content=\"https:\/\/sandzakpress.net\/arhiva\/svetski-kup-u-spustu-na-divljim-vodama-tahirovic-14-u-klasiku\/\" \/>\n<meta property=\"og:site_name\" content=\"Sand\u017eak PRESS\" \/>\n<meta property=\"article:published_time\" content=\"2019-12-17T08:13:21+00:00\" \/>\n<meta property=\"og:image\" content=\"https:\/\/sandzakpress.net\/arhiva\/wp-content\/uploads\/2019\/12\/alenkina.jpg\" \/>\n\t<meta property=\"og:image:width\" content=\"800\" \/>\n\t<meta property=\"og:image:height\" content=\"445\" \/>\n\t<meta property=\"og:image:type\" content=\"image\/jpeg\" \/>\n<meta name=\"author\" content=\"Agencija\" \/>\n<meta name=\"twitter:card\" content=\"summary_large_image\" \/>\n<meta name=\"twitter:label1\" content=\"Written by\" \/>\n\t<meta name=\"twitter:data1\" content=\"Agencija\" \/>\n<script type=\"application\/ld+json\" class=\"yoast-schema-graph\">{\"@context\":\"https:\/\/schema.org\",\"@graph\":[{\"@type\":\"Article\",\"@id\":\"https:\/\/sandzakpress.net\/arhiva\/svetski-kup-u-spustu-na-divljim-vodama-tahirovic-14-u-klasiku\/#article\",\"isPartOf\":{\"@id\":\"https:\/\/sandzakpress.net\/arhiva\/svetski-kup-u-spustu-na-divljim-vodama-tahirovic-14-u-klasiku\/\"},\"author\":{\"name\":\"Agencija\",\"@id\":\"https:\/\/sandzakpress.net\/arhiva\/#\/schema\/person\/cb59d7e3ab91ab90dd680ad0305a6185\"},\"headline\":\"Svetski kup u spustu na divljim vodama: Tahirovi\u0107 14. u klasiku\",\"datePublished\":\"2019-12-17T08:13:21+00:00\",\"mainEntityOfPage\":{\"@id\":\"https:\/\/sandzakpress.net\/arhiva\/svetski-kup-u-spustu-na-divljim-vodama-tahirovic-14-u-klasiku\/\"},\"wordCount\":77,\"commentCount\":0,\"publisher\":{\"@id\":\"https:\/\/sandzakpress.net\/arhiva\/#\/schema\/person\/6e72b67d6e51910a1117b3b483ba20bd\"},\"image\":{\"@id\":\"https:\/\/sandzakpress.net\/arhiva\/svetski-kup-u-spustu-na-divljim-vodama-tahirovic-14-u-klasiku\/#primaryimage\"},\"thumbnailUrl\":\"https:\/\/sandzakpress.net\/arhiva\/wp-content\/uploads\/2019\/12\/alenkina.jpg\",\"articleSection\":[\"Novi Pazar\",\"Sport\"],\"inLanguage\":\"bs-BA\",\"potentialAction\":[{\"@type\":\"CommentAction\",\"name\":\"Comment\",\"target\":[\"https:\/\/sandzakpress.net\/arhiva\/svetski-kup-u-spustu-na-divljim-vodama-tahirovic-14-u-klasiku\/#respond\"]}]},{\"@type\":\"WebPage\",\"@id\":\"https:\/\/sandzakpress.net\/arhiva\/svetski-kup-u-spustu-na-divljim-vodama-tahirovic-14-u-klasiku\/\",\"url\":\"https:\/\/sandzakpress.net\/arhiva\/svetski-kup-u-spustu-na-divljim-vodama-tahirovic-14-u-klasiku\/\",\"name\":\"Svetski kup u spustu na divljim vodama: Tahirovi\u0107 14. u klasiku\",\"isPartOf\":{\"@id\":\"https:\/\/sandzakpress.net\/arhiva\/#website\"},\"primaryImageOfPage\":{\"@id\":\"https:\/\/sandzakpress.net\/arhiva\/svetski-kup-u-spustu-na-divljim-vodama-tahirovic-14-u-klasiku\/#primaryimage\"},\"image\":{\"@id\":\"https:\/\/sandzakpress.net\/arhiva\/svetski-kup-u-spustu-na-divljim-vodama-tahirovic-14-u-klasiku\/#primaryimage\"},\"thumbnailUrl\":\"https:\/\/sandzakpress.net\/arhiva\/wp-content\/uploads\/2019\/12\/alenkina.jpg\",\"datePublished\":\"2019-12-17T08:13:21+00:00\",\"breadcrumb\":{\"@id\":\"https:\/\/sandzakpress.net\/arhiva\/svetski-kup-u-spustu-na-divljim-vodama-tahirovic-14-u-klasiku\/#breadcrumb\"},\"inLanguage\":\"bs-BA\",\"potentialAction\":[{\"@type\":\"ReadAction\",\"target\":[\"https:\/\/sandzakpress.net\/arhiva\/svetski-kup-u-spustu-na-divljim-vodama-tahirovic-14-u-klasiku\/\"]}]},{\"@type\":\"ImageObject\",\"inLanguage\":\"bs-BA\",\"@id\":\"https:\/\/sandzakpress.net\/arhiva\/svetski-kup-u-spustu-na-divljim-vodama-tahirovic-14-u-klasiku\/#primaryimage\",\"url\":\"https:\/\/sandzakpress.net\/arhiva\/wp-content\/uploads\/2019\/12\/alenkina.jpg\",\"contentUrl\":\"https:\/\/sandzakpress.net\/arhiva\/wp-content\/uploads\/2019\/12\/alenkina.jpg\",\"width\":800,\"height\":445},{\"@type\":\"BreadcrumbList\",\"@id\":\"https:\/\/sandzakpress.net\/arhiva\/svetski-kup-u-spustu-na-divljim-vodama-tahirovic-14-u-klasiku\/#breadcrumb\",\"itemListElement\":[{\"@type\":\"ListItem\",\"position\":1,\"name\":\"Home\",\"item\":\"https:\/\/sandzakpress.net\/arhiva\/\"},{\"@type\":\"ListItem\",\"position\":2,\"name\":\"Svetski kup u spustu na divljim vodama: Tahirovi\u0107 14. u klasiku\"}]},{\"@type\":\"WebSite\",\"@id\":\"https:\/\/sandzakpress.net\/arhiva\/#website\",\"url\":\"https:\/\/sandzakpress.net\/arhiva\/\",\"name\":\"Sand\u017eak PRESS\",\"description\":\"Prve elektronske novine u Sand\u017eaku\",\"publisher\":{\"@id\":\"https:\/\/sandzakpress.net\/arhiva\/#\/schema\/person\/6e72b67d6e51910a1117b3b483ba20bd\"},\"potentialAction\":[{\"@type\":\"SearchAction\",\"target\":{\"@type\":\"EntryPoint\",\"urlTemplate\":\"https:\/\/sandzakpress.net\/arhiva\/?s={search_term_string}\"},\"query-input\":{\"@type\":\"PropertyValueSpecification\",\"valueRequired\":true,\"valueName\":\"search_term_string\"}}],\"inLanguage\":\"bs-BA\"},{\"@type\":[\"Person\",\"Organization\"],\"@id\":\"https:\/\/sandzakpress.net\/arhiva\/#\/schema\/person\/6e72b67d6e51910a1117b3b483ba20bd\",\"name\":\"Kul\",\"image\":{\"@type\":\"ImageObject\",\"inLanguage\":\"bs-BA\",\"@id\":\"https:\/\/sandzakpress.net\/arhiva\/#\/schema\/person\/image\/\",\"url\":\"https:\/\/secure.gravatar.com\/avatar\/42263f39aa27ac04c43cab85c280eb2e?s=96&d=mm&r=pg\",\"contentUrl\":\"https:\/\/secure.gravatar.com\/avatar\/42263f39aa27ac04c43cab85c280eb2e?s=96&d=mm&r=pg\",\"caption\":\"Kul\"},\"logo\":{\"@id\":\"https:\/\/sandzakpress.net\/arhiva\/#\/schema\/person\/image\/\"}},{\"@type\":\"Person\",\"@id\":\"https:\/\/sandzakpress.net\/arhiva\/#\/schema\/person\/cb59d7e3ab91ab90dd680ad0305a6185\",\"name\":\"Agencija\",\"image\":{\"@type\":\"ImageObject\",\"inLanguage\":\"bs-BA\",\"@id\":\"https:\/\/sandzakpress.net\/arhiva\/#\/schema\/person\/image\/\",\"url\":\"https:\/\/secure.gravatar.com\/avatar\/4b7fafa80a22f0c2afe23966b3961fe0?s=96&d=mm&r=pg\",\"contentUrl\":\"https:\/\/secure.gravatar.com\/avatar\/4b7fafa80a22f0c2afe23966b3961fe0?s=96&d=mm&r=pg\",\"caption\":\"Agencija\"},\"url\":\"https:\/\/sandzakpress.net\/arhiva\/author\/agencija\/\"}]}<\/script>\n<!-- \/ Yoast SEO Premium plugin. -->","yoast_head_json":{"title":"Svetski kup u spustu na divljim vodama: Tahirovi\u0107 14. u klasiku","robots":{"index":"index","follow":"follow","max-snippet":"max-snippet:-1","max-image-preview":"max-image-preview:large","max-video-preview":"max-video-preview:-1"},"canonical":"https:\/\/sandzakpress.net\/arhiva\/svetski-kup-u-spustu-na-divljim-vodama-tahirovic-14-u-klasiku\/","og_locale":"bs_BA","og_type":"article","og_title":"Svetski kup u spustu na divljim vodama: Tahirovi\u0107 14. u klasiku","og_description":"Kajaka\u0161 Starog grada iz Novog Pazara Alen Tahirovi\u0107 zauzeo je 14. mesto u klasiku na poslednjem ovosezonskom Svetskom kupu u spustu na divljim vodama u kineskom gradu Liuku\u017eenu. Me\u0111u 38 kajaka\u0161a, drugi \u010dlan selekcije Srbije Marko Marjanovi\u0107 klasik je zavr\u0161io na 13. poziciji, dok Sreten Bilji\u0107 nije startovao zbog povrede. Reprezentativci Srbije nastupili su i [&hellip;]","og_url":"https:\/\/sandzakpress.net\/arhiva\/svetski-kup-u-spustu-na-divljim-vodama-tahirovic-14-u-klasiku\/","og_site_name":"Sand\u017eak PRESS","article_published_time":"2019-12-17T08:13:21+00:00","og_image":[{"width":800,"height":445,"url":"https:\/\/sandzakpress.net\/arhiva\/wp-content\/uploads\/2019\/12\/alenkina.jpg","type":"image\/jpeg"}],"author":"Agencija","twitter_card":"summary_large_image","twitter_misc":{"Written by":"Agencija"},"schema":{"@context":"https:\/\/schema.org","@graph":[{"@type":"Article","@id":"https:\/\/sandzakpress.net\/arhiva\/svetski-kup-u-spustu-na-divljim-vodama-tahirovic-14-u-klasiku\/#article","isPartOf":{"@id":"https:\/\/sandzakpress.net\/arhiva\/svetski-kup-u-spustu-na-divljim-vodama-tahirovic-14-u-klasiku\/"},"author":{"name":"Agencija","@id":"https:\/\/sandzakpress.net\/arhiva\/#\/schema\/person\/cb59d7e3ab91ab90dd680ad0305a6185"},"headline":"Svetski kup u spustu na divljim vodama: Tahirovi\u0107 14. u klasiku","datePublished":"2019-12-17T08:13:21+00:00","mainEntityOfPage":{"@id":"https:\/\/sandzakpress.net\/arhiva\/svetski-kup-u-spustu-na-divljim-vodama-tahirovic-14-u-klasiku\/"},"wordCount":77,"commentCount":0,"publisher":{"@id":"https:\/\/sandzakpress.net\/arhiva\/#\/schema\/person\/6e72b67d6e51910a1117b3b483ba20bd"},"image":{"@id":"https:\/\/sandzakpress.net\/arhiva\/svetski-kup-u-spustu-na-divljim-vodama-tahirovic-14-u-klasiku\/#primaryimage"},"thumbnailUrl":"https:\/\/sandzakpress.net\/arhiva\/wp-content\/uploads\/2019\/12\/alenkina.jpg","articleSection":["Novi Pazar","Sport"],"inLanguage":"bs-BA","potentialAction":[{"@type":"CommentAction","name":"Comment","target":["https:\/\/sandzakpress.net\/arhiva\/svetski-kup-u-spustu-na-divljim-vodama-tahirovic-14-u-klasiku\/#respond"]}]},{"@type":"WebPage","@id":"https:\/\/sandzakpress.net\/arhiva\/svetski-kup-u-spustu-na-divljim-vodama-tahirovic-14-u-klasiku\/","url":"https:\/\/sandzakpress.net\/arhiva\/svetski-kup-u-spustu-na-divljim-vodama-tahirovic-14-u-klasiku\/","name":"Svetski kup u spustu na divljim vodama: Tahirovi\u0107 14. u klasiku","isPartOf":{"@id":"https:\/\/sandzakpress.net\/arhiva\/#website"},"primaryImageOfPage":{"@id":"https:\/\/sandzakpress.net\/arhiva\/svetski-kup-u-spustu-na-divljim-vodama-tahirovic-14-u-klasiku\/#primaryimage"},"image":{"@id":"https:\/\/sandzakpress.net\/arhiva\/svetski-kup-u-spustu-na-divljim-vodama-tahirovic-14-u-klasiku\/#primaryimage"},"thumbnailUrl":"https:\/\/sandzakpress.net\/arhiva\/wp-content\/uploads\/2019\/12\/alenkina.jpg","datePublished":"2019-12-17T08:13:21+00:00","breadcrumb":{"@id":"https:\/\/sandzakpress.net\/arhiva\/svetski-kup-u-spustu-na-divljim-vodama-tahirovic-14-u-klasiku\/#breadcrumb"},"inLanguage":"bs-BA","potentialAction":[{"@type":"ReadAction","target":["https:\/\/sandzakpress.net\/arhiva\/svetski-kup-u-spustu-na-divljim-vodama-tahirovic-14-u-klasiku\/"]}]},{"@type":"ImageObject","inLanguage":"bs-BA","@id":"https:\/\/sandzakpress.net\/arhiva\/svetski-kup-u-spustu-na-divljim-vodama-tahirovic-14-u-klasiku\/#primaryimage","url":"https:\/\/sandzakpress.net\/arhiva\/wp-content\/uploads\/2019\/12\/alenkina.jpg","contentUrl":"https:\/\/sandzakpress.net\/arhiva\/wp-content\/uploads\/2019\/12\/alenkina.jpg","width":800,"height":445},{"@type":"BreadcrumbList","@id":"https:\/\/sandzakpress.net\/arhiva\/svetski-kup-u-spustu-na-divljim-vodama-tahirovic-14-u-klasiku\/#breadcrumb","itemListElement":[{"@type":"ListItem","position":1,"name":"Home","item":"https:\/\/sandzakpress.net\/arhiva\/"},{"@type":"ListItem","position":2,"name":"Svetski kup u spustu na divljim vodama: Tahirovi\u0107 14. u klasiku"}]},{"@type":"WebSite","@id":"https:\/\/sandzakpress.net\/arhiva\/#website","url":"https:\/\/sandzakpress.net\/arhiva\/","name":"Sand\u017eak PRESS","description":"Prve elektronske novine u Sand\u017eaku","publisher":{"@id":"https:\/\/sandzakpress.net\/arhiva\/#\/schema\/person\/6e72b67d6e51910a1117b3b483ba20bd"},"potentialAction":[{"@type":"SearchAction","target":{"@type":"EntryPoint","urlTemplate":"https:\/\/sandzakpress.net\/arhiva\/?s={search_term_string}"},"query-input":{"@type":"PropertyValueSpecification","valueRequired":true,"valueName":"search_term_string"}}],"inLanguage":"bs-BA"},{"@type":["Person","Organization"],"@id":"https:\/\/sandzakpress.net\/arhiva\/#\/schema\/person\/6e72b67d6e51910a1117b3b483ba20bd","name":"Kul","image":{"@type":"ImageObject","inLanguage":"bs-BA","@id":"https:\/\/sandzakpress.net\/arhiva\/#\/schema\/person\/image\/","url":"https:\/\/secure.gravatar.com\/avatar\/42263f39aa27ac04c43cab85c280eb2e?s=96&d=mm&r=pg","contentUrl":"https:\/\/secure.gravatar.com\/avatar\/42263f39aa27ac04c43cab85c280eb2e?s=96&d=mm&r=pg","caption":"Kul"},"logo":{"@id":"https:\/\/sandzakpress.net\/arhiva\/#\/schema\/person\/image\/"}},{"@type":"Person","@id":"https:\/\/sandzakpress.net\/arhiva\/#\/schema\/person\/cb59d7e3ab91ab90dd680ad0305a6185","name":"Agencija","image":{"@type":"ImageObject","inLanguage":"bs-BA","@id":"https:\/\/sandzakpress.net\/arhiva\/#\/schema\/person\/image\/","url":"https:\/\/secure.gravatar.com\/avatar\/4b7fafa80a22f0c2afe23966b3961fe0?s=96&d=mm&r=pg","contentUrl":"https:\/\/secure.gravatar.com\/avatar\/4b7fafa80a22f0c2afe23966b3961fe0?s=96&d=mm&r=pg","caption":"Agencija"},"url":"https:\/\/sandzakpress.net\/arhiva\/author\/agencija\/"}]}},"_links":{"self":[{"href":"https:\/\/sandzakpress.net\/arhiva\/wp-json\/wp\/v2\/posts\/231847"}],"collection":[{"href":"https:\/\/sandzakpress.net\/arhiva\/wp-json\/wp\/v2\/posts"}],"about":[{"href":"https:\/\/sandzakpress.net\/arhiva\/wp-json\/wp\/v2\/types\/post"}],"author":[{"embeddable":true,"href":"https:\/\/sandzakpress.net\/arhiva\/wp-json\/wp\/v2\/users\/509"}],"replies":[{"embeddable":true,"href":"https:\/\/sandzakpress.net\/arhiva\/wp-json\/wp\/v2\/comments?post=231847"}],"version-history":[{"count":0,"href":"https:\/\/sandzakpress.net\/arhiva\/wp-json\/wp\/v2\/posts\/231847\/revisions"}],"wp:featuredmedia":[{"embeddable":true,"href":"https:\/\/sandzakpress.net\/arhiva\/wp-json\/wp\/v2\/media\/231848"}],"wp:attachment":[{"href":"https:\/\/sandzakpress.net\/arhiva\/wp-json\/wp\/v2\/media?parent=231847"}],"wp:term":[{"taxonomy":"category","embeddable":true,"href":"https:\/\/sandzakpress.net\/arhiva\/wp-json\/wp\/v2\/categories?post=231847"},{"taxonomy":"post_tag","embeddable":true,"href":"https:\/\/sandzakpress.net\/arhiva\/wp-json\/wp\/v2\/tags?post=231847"}],"curies":[{"name":"wp","href":"https:\/\/api.w.org\/{rel}","templated":true}]}}