{"id":231729,"date":"2019-12-13T15:48:01","date_gmt":"2019-12-13T14:48:01","guid":{"rendered":"https:\/\/sandzakpress.net\/arhiva\/?p=231729"},"modified":"2019-12-13T15:48:01","modified_gmt":"2019-12-13T14:48:01","slug":"memic-partizan-sve-bolji-ali-vjerujem-u-pobjedu","status":"publish","type":"post","link":"https:\/\/sandzakpress.net\/arhiva\/memic-partizan-sve-bolji-ali-vjerujem-u-pobjedu\/","title":{"rendered":"Memi\u0107: Partizan sve bolji, ali vjerujem u pobjedu"},"content":{"rendered":"<p><strong><img decoding=\"async\" src=\"http:\/\/www.radiostoplus.com\/images\/clanci\/SPORT\/hasan_memic.jpg\" \/><\/strong><\/p>\n<p><b>Trener rukometa\u0161a Novog Pazara Hasan Memi\u0107 rekao je danas da Partizan igra sve bolje, ali da veruje u pobedu nad tim rivalom u Beogradu, u predstoje\u0107em me\u010du 14. kola Arkus lige.<\/b><\/p>\n<p>\u201cUbedljivo su dobili Proleter u Zranjaninu, \u0161to je i mene malo iznenadilo. Protiv nas \u0107e poku\u0161ati da uhvate mo\u017eda i poslednji voz za plej-of, tako da sledi velika borba. Verujem da ne\u0107emo ponoviti neke gre\u0161ke i da \u0107emo ostvariti pozitivan rezultat\u201d, rekao je Memi\u0107.<\/p>\n<p>Kolo pre kraja jesenjeg dela sezone, Pazar je drugi na tabeli sa 19 bodova, \u0161est vi\u0161e od \u0161estoplasiranog Partizan.<\/p>\n<p>\u201cNa njihovoj strani su mladost i brzina, nas krase iskustvo i mudrost. Ako zaustavimo protivni\u010dke bekove, bi\u0107emo blizu uspeha. Mu\u010di nas povreda Petra \u017dujovi\u0107a, koji skoro sigurno ne\u0107e igrati, ali ne tra\u017eimo alibi\u201d, zaklju\u010dio je Memi\u0107.<\/p>\n<p>Rukometna utakmica Partizan \u2013 Novi Pazar zakazana je za subotu od 18.30 u Sportskom centru Vo\u017edovac na Banjici.<\/p>\n","protected":false},"excerpt":{"rendered":"<p>Trener rukometa\u0161a Novog Pazara Hasan Memi\u0107 rekao je danas da Partizan igra sve bolje, ali da veruje u pobedu nad tim rivalom u Beogradu, u predstoje\u0107em me\u010du 14. kola Arkus lige. \u201cUbedljivo su dobili Proleter u Zranjaninu, \u0161to je i mene malo iznenadilo. Protiv nas \u0107e poku\u0161ati da uhvate mo\u017eda i poslednji voz za plej-of, [&hellip;]<\/p>\n","protected":false},"author":509,"featured_media":231734,"comment_status":"open","ping_status":"open","sticky":false,"template":"","format":"standard","meta":{"footnotes":""},"categories":[72,13],"tags":[],"class_list":{"0":"post-231729","1":"post","2":"type-post","3":"status-publish","4":"format-standard","5":"has-post-thumbnail","7":"category-novi-pazar","8":"category-sport"},"yoast_head":"<!-- This site is optimized with the Yoast SEO Premium plugin v23.1 (Yoast SEO v24.9) - https:\/\/yoast.com\/wordpress\/plugins\/seo\/ -->\n<title>Memi\u0107: Partizan sve bolji, ali vjerujem u pobjedu<\/title>\n<meta name=\"robots\" content=\"index, follow, max-snippet:-1, max-image-preview:large, max-video-preview:-1\" \/>\n<link rel=\"canonical\" href=\"https:\/\/sandzakpress.net\/arhiva\/memic-partizan-sve-bolji-ali-vjerujem-u-pobjedu\/\" \/>\n<meta property=\"og:locale\" content=\"bs_BA\" \/>\n<meta property=\"og:type\" content=\"article\" \/>\n<meta property=\"og:title\" content=\"Memi\u0107: Partizan sve bolji, ali vjerujem u pobjedu\" \/>\n<meta property=\"og:description\" content=\"Trener rukometa\u0161a Novog Pazara Hasan Memi\u0107 rekao je danas da Partizan igra sve bolje, ali da veruje u pobedu nad tim rivalom u Beogradu, u predstoje\u0107em me\u010du 14. kola Arkus lige. \u201cUbedljivo su dobili Proleter u Zranjaninu, \u0161to je i mene malo iznenadilo. Protiv nas \u0107e poku\u0161ati da uhvate mo\u017eda i poslednji voz za plej-of, [&hellip;]\" \/>\n<meta property=\"og:url\" content=\"https:\/\/sandzakpress.net\/arhiva\/memic-partizan-sve-bolji-ali-vjerujem-u-pobjedu\/\" \/>\n<meta property=\"og:site_name\" content=\"Sand\u017eak PRESS\" \/>\n<meta property=\"article:published_time\" content=\"2019-12-13T14:48:01+00:00\" \/>\n<meta property=\"og:image\" content=\"https:\/\/sandzakpress.net\/arhiva\/wp-content\/uploads\/2019\/12\/hasan_memic.jpg\" \/>\n\t<meta property=\"og:image:width\" content=\"1247\" \/>\n\t<meta property=\"og:image:height\" content=\"813\" \/>\n\t<meta property=\"og:image:type\" content=\"image\/jpeg\" \/>\n<meta name=\"author\" content=\"Agencija\" \/>\n<meta name=\"twitter:card\" content=\"summary_large_image\" \/>\n<meta name=\"twitter:label1\" content=\"Written by\" \/>\n\t<meta name=\"twitter:data1\" content=\"Agencija\" \/>\n\t<meta name=\"twitter:label2\" content=\"Est. reading time\" \/>\n\t<meta name=\"twitter:data2\" content=\"1 minuta\" \/>\n<script type=\"application\/ld+json\" class=\"yoast-schema-graph\">{\"@context\":\"https:\/\/schema.org\",\"@graph\":[{\"@type\":\"Article\",\"@id\":\"https:\/\/sandzakpress.net\/arhiva\/memic-partizan-sve-bolji-ali-vjerujem-u-pobjedu\/#article\",\"isPartOf\":{\"@id\":\"https:\/\/sandzakpress.net\/arhiva\/memic-partizan-sve-bolji-ali-vjerujem-u-pobjedu\/\"},\"author\":{\"name\":\"Agencija\",\"@id\":\"https:\/\/sandzakpress.net\/arhiva\/#\/schema\/person\/cb59d7e3ab91ab90dd680ad0305a6185\"},\"headline\":\"Memi\u0107: Partizan sve bolji, ali vjerujem u pobjedu\",\"datePublished\":\"2019-12-13T14:48:01+00:00\",\"mainEntityOfPage\":{\"@id\":\"https:\/\/sandzakpress.net\/arhiva\/memic-partizan-sve-bolji-ali-vjerujem-u-pobjedu\/\"},\"wordCount\":168,\"commentCount\":0,\"publisher\":{\"@id\":\"https:\/\/sandzakpress.net\/arhiva\/#\/schema\/person\/6e72b67d6e51910a1117b3b483ba20bd\"},\"image\":{\"@id\":\"https:\/\/sandzakpress.net\/arhiva\/memic-partizan-sve-bolji-ali-vjerujem-u-pobjedu\/#primaryimage\"},\"thumbnailUrl\":\"https:\/\/sandzakpress.net\/arhiva\/wp-content\/uploads\/2019\/12\/hasan_memic.jpg\",\"articleSection\":[\"Novi Pazar\",\"Sport\"],\"inLanguage\":\"bs-BA\",\"potentialAction\":[{\"@type\":\"CommentAction\",\"name\":\"Comment\",\"target\":[\"https:\/\/sandzakpress.net\/arhiva\/memic-partizan-sve-bolji-ali-vjerujem-u-pobjedu\/#respond\"]}]},{\"@type\":\"WebPage\",\"@id\":\"https:\/\/sandzakpress.net\/arhiva\/memic-partizan-sve-bolji-ali-vjerujem-u-pobjedu\/\",\"url\":\"https:\/\/sandzakpress.net\/arhiva\/memic-partizan-sve-bolji-ali-vjerujem-u-pobjedu\/\",\"name\":\"Memi\u0107: Partizan sve bolji, ali vjerujem u pobjedu\",\"isPartOf\":{\"@id\":\"https:\/\/sandzakpress.net\/arhiva\/#website\"},\"primaryImageOfPage\":{\"@id\":\"https:\/\/sandzakpress.net\/arhiva\/memic-partizan-sve-bolji-ali-vjerujem-u-pobjedu\/#primaryimage\"},\"image\":{\"@id\":\"https:\/\/sandzakpress.net\/arhiva\/memic-partizan-sve-bolji-ali-vjerujem-u-pobjedu\/#primaryimage\"},\"thumbnailUrl\":\"https:\/\/sandzakpress.net\/arhiva\/wp-content\/uploads\/2019\/12\/hasan_memic.jpg\",\"datePublished\":\"2019-12-13T14:48:01+00:00\",\"breadcrumb\":{\"@id\":\"https:\/\/sandzakpress.net\/arhiva\/memic-partizan-sve-bolji-ali-vjerujem-u-pobjedu\/#breadcrumb\"},\"inLanguage\":\"bs-BA\",\"potentialAction\":[{\"@type\":\"ReadAction\",\"target\":[\"https:\/\/sandzakpress.net\/arhiva\/memic-partizan-sve-bolji-ali-vjerujem-u-pobjedu\/\"]}]},{\"@type\":\"ImageObject\",\"inLanguage\":\"bs-BA\",\"@id\":\"https:\/\/sandzakpress.net\/arhiva\/memic-partizan-sve-bolji-ali-vjerujem-u-pobjedu\/#primaryimage\",\"url\":\"https:\/\/sandzakpress.net\/arhiva\/wp-content\/uploads\/2019\/12\/hasan_memic.jpg\",\"contentUrl\":\"https:\/\/sandzakpress.net\/arhiva\/wp-content\/uploads\/2019\/12\/hasan_memic.jpg\",\"width\":1247,\"height\":813},{\"@type\":\"BreadcrumbList\",\"@id\":\"https:\/\/sandzakpress.net\/arhiva\/memic-partizan-sve-bolji-ali-vjerujem-u-pobjedu\/#breadcrumb\",\"itemListElement\":[{\"@type\":\"ListItem\",\"position\":1,\"name\":\"Home\",\"item\":\"https:\/\/sandzakpress.net\/arhiva\/\"},{\"@type\":\"ListItem\",\"position\":2,\"name\":\"Memi\u0107: Partizan sve bolji, ali vjerujem u pobjedu\"}]},{\"@type\":\"WebSite\",\"@id\":\"https:\/\/sandzakpress.net\/arhiva\/#website\",\"url\":\"https:\/\/sandzakpress.net\/arhiva\/\",\"name\":\"Sand\u017eak PRESS\",\"description\":\"Prve elektronske novine u Sand\u017eaku\",\"publisher\":{\"@id\":\"https:\/\/sandzakpress.net\/arhiva\/#\/schema\/person\/6e72b67d6e51910a1117b3b483ba20bd\"},\"potentialAction\":[{\"@type\":\"SearchAction\",\"target\":{\"@type\":\"EntryPoint\",\"urlTemplate\":\"https:\/\/sandzakpress.net\/arhiva\/?s={search_term_string}\"},\"query-input\":{\"@type\":\"PropertyValueSpecification\",\"valueRequired\":true,\"valueName\":\"search_term_string\"}}],\"inLanguage\":\"bs-BA\"},{\"@type\":[\"Person\",\"Organization\"],\"@id\":\"https:\/\/sandzakpress.net\/arhiva\/#\/schema\/person\/6e72b67d6e51910a1117b3b483ba20bd\",\"name\":\"Kul\",\"image\":{\"@type\":\"ImageObject\",\"inLanguage\":\"bs-BA\",\"@id\":\"https:\/\/sandzakpress.net\/arhiva\/#\/schema\/person\/image\/\",\"url\":\"https:\/\/secure.gravatar.com\/avatar\/42263f39aa27ac04c43cab85c280eb2e?s=96&d=mm&r=pg\",\"contentUrl\":\"https:\/\/secure.gravatar.com\/avatar\/42263f39aa27ac04c43cab85c280eb2e?s=96&d=mm&r=pg\",\"caption\":\"Kul\"},\"logo\":{\"@id\":\"https:\/\/sandzakpress.net\/arhiva\/#\/schema\/person\/image\/\"}},{\"@type\":\"Person\",\"@id\":\"https:\/\/sandzakpress.net\/arhiva\/#\/schema\/person\/cb59d7e3ab91ab90dd680ad0305a6185\",\"name\":\"Agencija\",\"image\":{\"@type\":\"ImageObject\",\"inLanguage\":\"bs-BA\",\"@id\":\"https:\/\/sandzakpress.net\/arhiva\/#\/schema\/person\/image\/\",\"url\":\"https:\/\/secure.gravatar.com\/avatar\/4b7fafa80a22f0c2afe23966b3961fe0?s=96&d=mm&r=pg\",\"contentUrl\":\"https:\/\/secure.gravatar.com\/avatar\/4b7fafa80a22f0c2afe23966b3961fe0?s=96&d=mm&r=pg\",\"caption\":\"Agencija\"},\"url\":\"https:\/\/sandzakpress.net\/arhiva\/author\/agencija\/\"}]}<\/script>\n<!-- \/ Yoast SEO Premium plugin. -->","yoast_head_json":{"title":"Memi\u0107: Partizan sve bolji, ali vjerujem u pobjedu","robots":{"index":"index","follow":"follow","max-snippet":"max-snippet:-1","max-image-preview":"max-image-preview:large","max-video-preview":"max-video-preview:-1"},"canonical":"https:\/\/sandzakpress.net\/arhiva\/memic-partizan-sve-bolji-ali-vjerujem-u-pobjedu\/","og_locale":"bs_BA","og_type":"article","og_title":"Memi\u0107: Partizan sve bolji, ali vjerujem u pobjedu","og_description":"Trener rukometa\u0161a Novog Pazara Hasan Memi\u0107 rekao je danas da Partizan igra sve bolje, ali da veruje u pobedu nad tim rivalom u Beogradu, u predstoje\u0107em me\u010du 14. kola Arkus lige. \u201cUbedljivo su dobili Proleter u Zranjaninu, \u0161to je i mene malo iznenadilo. Protiv nas \u0107e poku\u0161ati da uhvate mo\u017eda i poslednji voz za plej-of, [&hellip;]","og_url":"https:\/\/sandzakpress.net\/arhiva\/memic-partizan-sve-bolji-ali-vjerujem-u-pobjedu\/","og_site_name":"Sand\u017eak PRESS","article_published_time":"2019-12-13T14:48:01+00:00","og_image":[{"width":1247,"height":813,"url":"https:\/\/sandzakpress.net\/arhiva\/wp-content\/uploads\/2019\/12\/hasan_memic.jpg","type":"image\/jpeg"}],"author":"Agencija","twitter_card":"summary_large_image","twitter_misc":{"Written by":"Agencija","Est. reading time":"1 minuta"},"schema":{"@context":"https:\/\/schema.org","@graph":[{"@type":"Article","@id":"https:\/\/sandzakpress.net\/arhiva\/memic-partizan-sve-bolji-ali-vjerujem-u-pobjedu\/#article","isPartOf":{"@id":"https:\/\/sandzakpress.net\/arhiva\/memic-partizan-sve-bolji-ali-vjerujem-u-pobjedu\/"},"author":{"name":"Agencija","@id":"https:\/\/sandzakpress.net\/arhiva\/#\/schema\/person\/cb59d7e3ab91ab90dd680ad0305a6185"},"headline":"Memi\u0107: Partizan sve bolji, ali vjerujem u pobjedu","datePublished":"2019-12-13T14:48:01+00:00","mainEntityOfPage":{"@id":"https:\/\/sandzakpress.net\/arhiva\/memic-partizan-sve-bolji-ali-vjerujem-u-pobjedu\/"},"wordCount":168,"commentCount":0,"publisher":{"@id":"https:\/\/sandzakpress.net\/arhiva\/#\/schema\/person\/6e72b67d6e51910a1117b3b483ba20bd"},"image":{"@id":"https:\/\/sandzakpress.net\/arhiva\/memic-partizan-sve-bolji-ali-vjerujem-u-pobjedu\/#primaryimage"},"thumbnailUrl":"https:\/\/sandzakpress.net\/arhiva\/wp-content\/uploads\/2019\/12\/hasan_memic.jpg","articleSection":["Novi Pazar","Sport"],"inLanguage":"bs-BA","potentialAction":[{"@type":"CommentAction","name":"Comment","target":["https:\/\/sandzakpress.net\/arhiva\/memic-partizan-sve-bolji-ali-vjerujem-u-pobjedu\/#respond"]}]},{"@type":"WebPage","@id":"https:\/\/sandzakpress.net\/arhiva\/memic-partizan-sve-bolji-ali-vjerujem-u-pobjedu\/","url":"https:\/\/sandzakpress.net\/arhiva\/memic-partizan-sve-bolji-ali-vjerujem-u-pobjedu\/","name":"Memi\u0107: Partizan sve bolji, ali vjerujem u pobjedu","isPartOf":{"@id":"https:\/\/sandzakpress.net\/arhiva\/#website"},"primaryImageOfPage":{"@id":"https:\/\/sandzakpress.net\/arhiva\/memic-partizan-sve-bolji-ali-vjerujem-u-pobjedu\/#primaryimage"},"image":{"@id":"https:\/\/sandzakpress.net\/arhiva\/memic-partizan-sve-bolji-ali-vjerujem-u-pobjedu\/#primaryimage"},"thumbnailUrl":"https:\/\/sandzakpress.net\/arhiva\/wp-content\/uploads\/2019\/12\/hasan_memic.jpg","datePublished":"2019-12-13T14:48:01+00:00","breadcrumb":{"@id":"https:\/\/sandzakpress.net\/arhiva\/memic-partizan-sve-bolji-ali-vjerujem-u-pobjedu\/#breadcrumb"},"inLanguage":"bs-BA","potentialAction":[{"@type":"ReadAction","target":["https:\/\/sandzakpress.net\/arhiva\/memic-partizan-sve-bolji-ali-vjerujem-u-pobjedu\/"]}]},{"@type":"ImageObject","inLanguage":"bs-BA","@id":"https:\/\/sandzakpress.net\/arhiva\/memic-partizan-sve-bolji-ali-vjerujem-u-pobjedu\/#primaryimage","url":"https:\/\/sandzakpress.net\/arhiva\/wp-content\/uploads\/2019\/12\/hasan_memic.jpg","contentUrl":"https:\/\/sandzakpress.net\/arhiva\/wp-content\/uploads\/2019\/12\/hasan_memic.jpg","width":1247,"height":813},{"@type":"BreadcrumbList","@id":"https:\/\/sandzakpress.net\/arhiva\/memic-partizan-sve-bolji-ali-vjerujem-u-pobjedu\/#breadcrumb","itemListElement":[{"@type":"ListItem","position":1,"name":"Home","item":"https:\/\/sandzakpress.net\/arhiva\/"},{"@type":"ListItem","position":2,"name":"Memi\u0107: Partizan sve bolji, ali vjerujem u pobjedu"}]},{"@type":"WebSite","@id":"https:\/\/sandzakpress.net\/arhiva\/#website","url":"https:\/\/sandzakpress.net\/arhiva\/","name":"Sand\u017eak PRESS","description":"Prve elektronske novine u Sand\u017eaku","publisher":{"@id":"https:\/\/sandzakpress.net\/arhiva\/#\/schema\/person\/6e72b67d6e51910a1117b3b483ba20bd"},"potentialAction":[{"@type":"SearchAction","target":{"@type":"EntryPoint","urlTemplate":"https:\/\/sandzakpress.net\/arhiva\/?s={search_term_string}"},"query-input":{"@type":"PropertyValueSpecification","valueRequired":true,"valueName":"search_term_string"}}],"inLanguage":"bs-BA"},{"@type":["Person","Organization"],"@id":"https:\/\/sandzakpress.net\/arhiva\/#\/schema\/person\/6e72b67d6e51910a1117b3b483ba20bd","name":"Kul","image":{"@type":"ImageObject","inLanguage":"bs-BA","@id":"https:\/\/sandzakpress.net\/arhiva\/#\/schema\/person\/image\/","url":"https:\/\/secure.gravatar.com\/avatar\/42263f39aa27ac04c43cab85c280eb2e?s=96&d=mm&r=pg","contentUrl":"https:\/\/secure.gravatar.com\/avatar\/42263f39aa27ac04c43cab85c280eb2e?s=96&d=mm&r=pg","caption":"Kul"},"logo":{"@id":"https:\/\/sandzakpress.net\/arhiva\/#\/schema\/person\/image\/"}},{"@type":"Person","@id":"https:\/\/sandzakpress.net\/arhiva\/#\/schema\/person\/cb59d7e3ab91ab90dd680ad0305a6185","name":"Agencija","image":{"@type":"ImageObject","inLanguage":"bs-BA","@id":"https:\/\/sandzakpress.net\/arhiva\/#\/schema\/person\/image\/","url":"https:\/\/secure.gravatar.com\/avatar\/4b7fafa80a22f0c2afe23966b3961fe0?s=96&d=mm&r=pg","contentUrl":"https:\/\/secure.gravatar.com\/avatar\/4b7fafa80a22f0c2afe23966b3961fe0?s=96&d=mm&r=pg","caption":"Agencija"},"url":"https:\/\/sandzakpress.net\/arhiva\/author\/agencija\/"}]}},"_links":{"self":[{"href":"https:\/\/sandzakpress.net\/arhiva\/wp-json\/wp\/v2\/posts\/231729"}],"collection":[{"href":"https:\/\/sandzakpress.net\/arhiva\/wp-json\/wp\/v2\/posts"}],"about":[{"href":"https:\/\/sandzakpress.net\/arhiva\/wp-json\/wp\/v2\/types\/post"}],"author":[{"embeddable":true,"href":"https:\/\/sandzakpress.net\/arhiva\/wp-json\/wp\/v2\/users\/509"}],"replies":[{"embeddable":true,"href":"https:\/\/sandzakpress.net\/arhiva\/wp-json\/wp\/v2\/comments?post=231729"}],"version-history":[{"count":0,"href":"https:\/\/sandzakpress.net\/arhiva\/wp-json\/wp\/v2\/posts\/231729\/revisions"}],"wp:featuredmedia":[{"embeddable":true,"href":"https:\/\/sandzakpress.net\/arhiva\/wp-json\/wp\/v2\/media\/231734"}],"wp:attachment":[{"href":"https:\/\/sandzakpress.net\/arhiva\/wp-json\/wp\/v2\/media?parent=231729"}],"wp:term":[{"taxonomy":"category","embeddable":true,"href":"https:\/\/sandzakpress.net\/arhiva\/wp-json\/wp\/v2\/categories?post=231729"},{"taxonomy":"post_tag","embeddable":true,"href":"https:\/\/sandzakpress.net\/arhiva\/wp-json\/wp\/v2\/tags?post=231729"}],"curies":[{"name":"wp","href":"https:\/\/api.w.org\/{rel}","templated":true}]}}