{"id":231695,"date":"2019-12-12T19:24:45","date_gmt":"2019-12-12T18:24:45","guid":{"rendered":"https:\/\/sandzakpress.net\/arhiva\/porodica-husic-migrantu-dala-topli-dom-pakistanac-adil-uziva-u-tuzli-i-uci-bosanski-jezik"},"modified":"2019-12-12T19:24:45","modified_gmt":"2019-12-12T18:24:45","slug":"porodica-husic-migrantu-dala-topli-dom-pakistanac-adil-uziva-u-tuzli-i-uci-bosanski-jezik","status":"publish","type":"post","link":"https:\/\/sandzakpress.net\/arhiva\/porodica-husic-migrantu-dala-topli-dom-pakistanac-adil-uziva-u-tuzli-i-uci-bosanski-jezik\/","title":{"rendered":"Porodica Husi\u0107 migrantu dala topli dom: Pakistanac Adil u\u017eiva u Tuzli i u\u010di bosanski jezik"},"content":{"rendered":"<p><span class=\"cb-itemprop\"><\/p>\n<p><img decoding=\"async\" src=\"https:\/\/static.klix.ba\/media\/images\/vijesti\/b_191211142.jpg?v=1\" alt=\"Rezultat slika za Porodica Husi\u0107 migrantu dala topli dom: Pakistanac Adil u\u017eiva u Tuzli i u\u010di bosanski jezik\" \/><\/p>\n<div class=\"uvod uvod-clanka hidden-xs\"><strong>Nakon vi\u0161emjese\u010dnog pje\u0161a\u010denja na putu bezna\u0111a i nade Pakistanac Adil Amanet toplinu doma osjetio je uz porodicu Husi\u0107 iz Tuzle. Ova humana porodica je s hladnog betona sklonila 25-godi\u0161njeg migranta i olak\u0161ala mu \u017eivotnu borbu, a osmijeh na njegovom licu pokazuje koliko u\u017eiva u gradu soli u kojem u\u010di i bosanski jezik.<\/strong><\/div>\n<div><\/div>\n<div class=\"tekst clanak_vijesti\">Adil Amanet je 2017. godine u potrazi za boljim \u017eivotom odlu\u010dio napustiti rodni Pakistan. Sam je krenuo prema Gr\u010dkoj, a laganim koracima, uz sve neda\u0107e, prije mjesec je stigao do Bosne i Hercegovine.<\/p>\n<p>Na platou Glavne autobuske stanice u Tuzli, u nehumanim uslovima boravio je tri sedmice. Spletom, po njega sretnih okolnosti, s hladnog betona, prehla\u0111enog i promrzlog sklonila ga je porodica Husi\u0107 u \u010dijem stanu \u017eivi ve\u0107 nekoliko dana.<\/p>\n<p>Dom porodice Husi\u0107 u kontinuitetu je ispunjen njihovim prijateljima koji se osje\u0107aju kao kod svoje ku\u0107e. Za pozitivnu atmosferu, ali i to da gostima ni\u0161ta ne fali zadu\u017eena je Adira Husi\u0107 koja ve\u0107 godinu iskazuje svoju humanu stranu poma\u017eu\u0107i migrantima koji borave na platou Glavne autobuske stanice u Tuzli. U svemu tome joj poma\u017eu i suprug Jasminko, sin Ismar i k\u0107erka Edita.<\/p>\n<p>\u201cNa dru\u0161tvenoj mre\u017ei Facebook prije nekoliko dana sam vidjela da tuzlanski volonteri tra\u017ee pomo\u0107 za zbrinjavanje jednog migranta koji je imao upalu zuba, me\u0111utim zbog njihovog specifi\u010dnog me\u0111usobnog odnosa u kojem idu u grupama, nije ih bilo mogu\u0107e sve smjestiti u moj stan. Na kraju, pomo\u0107 je trebala jednom finom mladi\u0107u koji je bio prehla\u0111en i izuzetno stidan te sam sa sinom i njegovom djevojkom oti\u0161la po njega. Bio je to Adil koji je unio posebnu atmosferu u na\u0161 \u017eivot\u201d, ka\u017ee Adira na samom po\u010detku razgovora za Klix.ba.<\/p>\n<\/div>\n<div><\/div>\n<div>Glavnu autobusku stanicu okovanu mrazom Adil je sada zamijenio toplom sobom koju ima u stanu Husi\u0107a. Svako jutro prili\u010dno rano se budi, a kako bi mu dan bio \u0161to ispunjeniji Adira i Ismar ga sa sobom vode na posao. Za veoma kratko vrijeme Adil se \u201cpodvukao pod ko\u017eu\u201d i svim prijateljima ove tuzlanske porodice koji vole provoditi vrijeme u njegovom dru\u0161tvu.<\/p>\n<p>\u201cBog je naredio da se mi brinemo jedni o drugima, a ja sam zahvalna Bogu \u0161to sam u mogu\u0107nosti da sa svojom porodicom pomognem Adilu, ili bilo kome drugom. Ne volim ljude koji samo pri\u010daju, a nemaju nikakvih djela iza sebe. Svi govore kako migrantima treba pomo\u0107i, me\u0111utim, rijetki se za to odlu\u010duju. Mnogi mo\u017eda nisu spremni u\u010diniti ovo \u0161to sam ja, ali im mogu pomo\u0107i i na druge na\u010dine u vidu dono\u0161enja hrane i odje\u0107e na autobusku stanicu. To njima mnogo zna\u010di\u201d, nastavlja Adira.<\/p>\n<p>Uz porodicu Husi\u0107 Adil ve\u0107 u\u010di bosanski jezik, u na\u0161oj zemlji voli jesti jaja i \u0107evape, a za svoje Tuzlake ve\u0107 je pripremao i jedan od pakistanskih specijaliteta. Kroz na\u0161 razgovor isti\u010de da mu je u ovom gradu izuzetno prijatno, a posebno je zahvalan porodici koja ga je prihvatila kao svog \u010dlana.<\/p>\n<p>\u201cZbog lo\u0161eg ekonomskog statusa iz Pakistana sam u potrazi za poslom krenuo 2017. godine. Tamo sam ostavio majku, oca i sestru i oni mi sada mnogo nedostaju, ali smo konstantno u kontaktu. Nakon vremena provedenog u Gr\u010dkoj krenuo sam dalje i sada se nalazim u Tuzli. U samom po\u010detku problem mi je predstavljalo spavanje na otvorenom i nemogu\u0107nost obavljanja li\u010dne higijene. Me\u0111utim, za mene su se, na svu sre\u0107u, pojavili \u010dlanovi porodice kod koje se sada nalazim. Od samog po\u010detka su se prema meni ophodili kao da sam njihov \u010dlan, tako da uop\u0161te nisam osjetio strah prilikom dolaska u njihov dom. Mnogo sam zahvalan i sretan, a ovu porodicu gledam kao svoju\u201d, pri\u010da nam Adil koji je posebno vezan za Adiru, a od milja je oslovljava sa \u201cbig mama\u201d.<\/p>\n<div class=\"gallerywrapper vsl\">\n<div class=\"gallerycontainer samoslika utekstu\">\n<div class=\"novagalerija\"><\/div>\n<\/div>\n<\/div>\n<p>Adirin sin Ismar u Adilu ve\u0107 vidi prijatelja, a za njega ka\u017ee da je izrazito fin i kulturan.<\/p>\n<p>\u201cDrago mi je \u0161to smo nekome mogli pomo\u0107i makar na ovaj na\u010din, odnosno da ne boravi na otvorenom, na zimi i ki\u0161i. Adil uop\u0161te nije nametljiv, a toliko je miran da nekada nemamo osje\u0107aj da se nalazi u ku\u0107i. Dosad nisam imao nikakva negativna iskustva u vezi s njim, odnosno da mi je neko ne\u0161to lo\u0161e kazao na ulici i sli\u010dno. U su\u0161tini, kada bi neko ne\u0161to i rekao, prvenstveno bih stao u njegovu odbranu, a tek onda ostalo\u201d, isti\u010de Ismar.<\/p>\n<p>A kako se Adil osje\u0107a u tu\u0111oj zemlji najbolje znaju Jasminko i Adira koji su se sa svojim sinom Ismarom iz ratom zahva\u0107ene Bosne i Hercegovine zaputili 1995. godine ka Njema\u010dkoj. Tamo su proveli odre\u0111en vremenski period, a potom su se vratili u rodnu zemlju.<\/p>\n<p>\u201cJasminko je do Njema\u010dke putovao okvirno mjesec, a Ismar i ja smo u putu proveli skoro 20 dana. Ali, za razliku od ovih ljudi danas, mi nismo nijednog trenutka spavali na otvorenom. Posebno mi je \u017eao \u0161to migrante u Bosni i Hercegovini na svakom koraku prati diskirminacija, jer na\u0161i gra\u0111ani zaboravljaju da je ve\u0107ina nas u godinama rata bila u sli\u010dnoj situaciji\u201d, isti\u010de Adira.<\/p>\n<div class=\"gallerywrapper vsl\">\n<div class=\"gallerycontainer samoslika utekstu\">\n<div class=\"novagalerija\"><\/div>\n<\/div>\n<\/div>\n<p>Dok vrijeme provode skupa sa svojim gostom, Adira, Jasminko, Ismar i Edita razmi\u0161ljaju i o emocionalno te\u0161kom danu, jer \u0107e do\u0107i trenutak za njihov rastanak. Ovaj Pakistanac u idu\u0107oj godini planira nastaviti svoj put prema Italiji, a Adiri je obe\u0107ao da \u0107e je, kada do\u0111e vrijeme za to, odvesti u posjetu svom rodnom Pakistanu, \u0161to \u0107e biti samo jedan mali dio zahvalnosti za sve ono \u0161to je za njega skupa sa svojom porodicom ova humana Tuzlanka u\u010dinila.<\/p>\n<\/div>\n<p><\/span><br \/>\nPogledajte vijest na izvornom sajtu:<\/p>\n<p><a href=\"https:\/\/bosnapress.net\/porodica-husic-migrantu-dala-topli-dom-pakistanac-adil-uziva-u-tuzli-i-uci-bosanski-jezik\/\" target=\"_blank\">Porodica Husi\u0107 migrantu dala topli dom: Pakistanac Adil u\u017eiva u Tuzli i u\u010di bosanski jezik<\/a><\/p>\n","protected":false},"excerpt":{"rendered":"<p>Nakon vi\u0161emjese\u010dnog pje\u0161a\u010denja na putu bezna\u0111a i nade Pakistanac Adil Amanet toplinu doma osjetio je uz porodicu Husi\u0107 iz Tuzle. Ova humana porodica je s hladnog betona sklonila 25-godi\u0161njeg migranta i olak\u0161ala mu \u017eivotnu borbu, a osmijeh na njegovom licu pokazuje koliko u\u017eiva u gradu soli u kojem u\u010di i bosanski jezik. Adil Amanet je [&hellip;]<\/p>\n","protected":false},"author":83,"featured_media":0,"comment_status":"open","ping_status":"open","sticky":false,"template":"","format":"standard","meta":{"footnotes":""},"categories":[10513],"tags":[10466],"class_list":{"0":"post-231695","1":"post","2":"type-post","3":"status-publish","4":"format-standard","6":"category-bosna-press","7":"tag-bosna-i-hercegovina"},"yoast_head":"<!-- This site is optimized with the Yoast SEO Premium plugin v23.1 (Yoast SEO v24.9) - https:\/\/yoast.com\/wordpress\/plugins\/seo\/ -->\n<title>Porodica Husi\u0107 migrantu dala topli dom: Pakistanac Adil u\u017eiva u Tuzli i u\u010di bosanski jezik<\/title>\n<meta name=\"robots\" content=\"index, follow, max-snippet:-1, max-image-preview:large, max-video-preview:-1\" \/>\n<link rel=\"canonical\" href=\"https:\/\/sandzakpress.net\/arhiva\/porodica-husic-migrantu-dala-topli-dom-pakistanac-adil-uziva-u-tuzli-i-uci-bosanski-jezik\/\" \/>\n<meta property=\"og:locale\" content=\"bs_BA\" \/>\n<meta property=\"og:type\" content=\"article\" \/>\n<meta property=\"og:title\" content=\"Porodica Husi\u0107 migrantu dala topli dom: Pakistanac Adil u\u017eiva u Tuzli i u\u010di bosanski jezik\" \/>\n<meta property=\"og:description\" content=\"Nakon vi\u0161emjese\u010dnog pje\u0161a\u010denja na putu bezna\u0111a i nade Pakistanac Adil Amanet toplinu doma osjetio je uz porodicu Husi\u0107 iz Tuzle. Ova humana porodica je s hladnog betona sklonila 25-godi\u0161njeg migranta i olak\u0161ala mu \u017eivotnu borbu, a osmijeh na njegovom licu pokazuje koliko u\u017eiva u gradu soli u kojem u\u010di i bosanski jezik. Adil Amanet je [&hellip;]\" \/>\n<meta property=\"og:url\" content=\"https:\/\/sandzakpress.net\/arhiva\/porodica-husic-migrantu-dala-topli-dom-pakistanac-adil-uziva-u-tuzli-i-uci-bosanski-jezik\/\" \/>\n<meta property=\"og:site_name\" content=\"Sand\u017eak PRESS\" \/>\n<meta property=\"article:published_time\" content=\"2019-12-12T18:24:45+00:00\" \/>\n<meta property=\"og:image\" content=\"https:\/\/static.klix.ba\/media\/images\/vijesti\/b_191211142.jpg?v=1\" \/>\n<meta name=\"author\" content=\"bosniak\" \/>\n<meta name=\"twitter:card\" content=\"summary_large_image\" \/>\n<meta name=\"twitter:label1\" content=\"Written by\" \/>\n\t<meta name=\"twitter:data1\" content=\"bosniak\" \/>\n\t<meta name=\"twitter:label2\" content=\"Est. reading time\" \/>\n\t<meta name=\"twitter:data2\" content=\"5 minuta\" \/>\n<script type=\"application\/ld+json\" class=\"yoast-schema-graph\">{\"@context\":\"https:\/\/schema.org\",\"@graph\":[{\"@type\":\"Article\",\"@id\":\"https:\/\/sandzakpress.net\/arhiva\/porodica-husic-migrantu-dala-topli-dom-pakistanac-adil-uziva-u-tuzli-i-uci-bosanski-jezik\/#article\",\"isPartOf\":{\"@id\":\"https:\/\/sandzakpress.net\/arhiva\/porodica-husic-migrantu-dala-topli-dom-pakistanac-adil-uziva-u-tuzli-i-uci-bosanski-jezik\/\"},\"author\":{\"name\":\"bosniak\",\"@id\":\"https:\/\/sandzakpress.net\/arhiva\/#\/schema\/person\/c8baee722073534b583ea7bdb2e36c02\"},\"headline\":\"Porodica Husi\u0107 migrantu dala topli dom: Pakistanac Adil u\u017eiva u Tuzli i u\u010di bosanski jezik\",\"datePublished\":\"2019-12-12T18:24:45+00:00\",\"mainEntityOfPage\":{\"@id\":\"https:\/\/sandzakpress.net\/arhiva\/porodica-husic-migrantu-dala-topli-dom-pakistanac-adil-uziva-u-tuzli-i-uci-bosanski-jezik\/\"},\"wordCount\":1013,\"commentCount\":0,\"publisher\":{\"@id\":\"https:\/\/sandzakpress.net\/arhiva\/#\/schema\/person\/6e72b67d6e51910a1117b3b483ba20bd\"},\"image\":{\"@id\":\"https:\/\/sandzakpress.net\/arhiva\/porodica-husic-migrantu-dala-topli-dom-pakistanac-adil-uziva-u-tuzli-i-uci-bosanski-jezik\/#primaryimage\"},\"thumbnailUrl\":\"https:\/\/static.klix.ba\/media\/images\/vijesti\/b_191211142.jpg?v=1\",\"keywords\":[\"Bosna i Hercegovina\"],\"articleSection\":[\"Bosna PRESS\"],\"inLanguage\":\"bs-BA\",\"potentialAction\":[{\"@type\":\"CommentAction\",\"name\":\"Comment\",\"target\":[\"https:\/\/sandzakpress.net\/arhiva\/porodica-husic-migrantu-dala-topli-dom-pakistanac-adil-uziva-u-tuzli-i-uci-bosanski-jezik\/#respond\"]}]},{\"@type\":\"WebPage\",\"@id\":\"https:\/\/sandzakpress.net\/arhiva\/porodica-husic-migrantu-dala-topli-dom-pakistanac-adil-uziva-u-tuzli-i-uci-bosanski-jezik\/\",\"url\":\"https:\/\/sandzakpress.net\/arhiva\/porodica-husic-migrantu-dala-topli-dom-pakistanac-adil-uziva-u-tuzli-i-uci-bosanski-jezik\/\",\"name\":\"Porodica Husi\u0107 migrantu dala topli dom: Pakistanac Adil u\u017eiva u Tuzli i u\u010di bosanski jezik\",\"isPartOf\":{\"@id\":\"https:\/\/sandzakpress.net\/arhiva\/#website\"},\"primaryImageOfPage\":{\"@id\":\"https:\/\/sandzakpress.net\/arhiva\/porodica-husic-migrantu-dala-topli-dom-pakistanac-adil-uziva-u-tuzli-i-uci-bosanski-jezik\/#primaryimage\"},\"image\":{\"@id\":\"https:\/\/sandzakpress.net\/arhiva\/porodica-husic-migrantu-dala-topli-dom-pakistanac-adil-uziva-u-tuzli-i-uci-bosanski-jezik\/#primaryimage\"},\"thumbnailUrl\":\"https:\/\/static.klix.ba\/media\/images\/vijesti\/b_191211142.jpg?v=1\",\"datePublished\":\"2019-12-12T18:24:45+00:00\",\"breadcrumb\":{\"@id\":\"https:\/\/sandzakpress.net\/arhiva\/porodica-husic-migrantu-dala-topli-dom-pakistanac-adil-uziva-u-tuzli-i-uci-bosanski-jezik\/#breadcrumb\"},\"inLanguage\":\"bs-BA\",\"potentialAction\":[{\"@type\":\"ReadAction\",\"target\":[\"https:\/\/sandzakpress.net\/arhiva\/porodica-husic-migrantu-dala-topli-dom-pakistanac-adil-uziva-u-tuzli-i-uci-bosanski-jezik\/\"]}]},{\"@type\":\"ImageObject\",\"inLanguage\":\"bs-BA\",\"@id\":\"https:\/\/sandzakpress.net\/arhiva\/porodica-husic-migrantu-dala-topli-dom-pakistanac-adil-uziva-u-tuzli-i-uci-bosanski-jezik\/#primaryimage\",\"url\":\"https:\/\/static.klix.ba\/media\/images\/vijesti\/b_191211142.jpg?v=1\",\"contentUrl\":\"https:\/\/static.klix.ba\/media\/images\/vijesti\/b_191211142.jpg?v=1\"},{\"@type\":\"BreadcrumbList\",\"@id\":\"https:\/\/sandzakpress.net\/arhiva\/porodica-husic-migrantu-dala-topli-dom-pakistanac-adil-uziva-u-tuzli-i-uci-bosanski-jezik\/#breadcrumb\",\"itemListElement\":[{\"@type\":\"ListItem\",\"position\":1,\"name\":\"Home\",\"item\":\"https:\/\/sandzakpress.net\/arhiva\/\"},{\"@type\":\"ListItem\",\"position\":2,\"name\":\"Porodica Husi\u0107 migrantu dala topli dom: Pakistanac Adil u\u017eiva u Tuzli i u\u010di bosanski jezik\"}]},{\"@type\":\"WebSite\",\"@id\":\"https:\/\/sandzakpress.net\/arhiva\/#website\",\"url\":\"https:\/\/sandzakpress.net\/arhiva\/\",\"name\":\"Sand\u017eak PRESS\",\"description\":\"Prve elektronske novine u Sand\u017eaku\",\"publisher\":{\"@id\":\"https:\/\/sandzakpress.net\/arhiva\/#\/schema\/person\/6e72b67d6e51910a1117b3b483ba20bd\"},\"potentialAction\":[{\"@type\":\"SearchAction\",\"target\":{\"@type\":\"EntryPoint\",\"urlTemplate\":\"https:\/\/sandzakpress.net\/arhiva\/?s={search_term_string}\"},\"query-input\":{\"@type\":\"PropertyValueSpecification\",\"valueRequired\":true,\"valueName\":\"search_term_string\"}}],\"inLanguage\":\"bs-BA\"},{\"@type\":[\"Person\",\"Organization\"],\"@id\":\"https:\/\/sandzakpress.net\/arhiva\/#\/schema\/person\/6e72b67d6e51910a1117b3b483ba20bd\",\"name\":\"Kul\",\"image\":{\"@type\":\"ImageObject\",\"inLanguage\":\"bs-BA\",\"@id\":\"https:\/\/sandzakpress.net\/arhiva\/#\/schema\/person\/image\/\",\"url\":\"https:\/\/secure.gravatar.com\/avatar\/42263f39aa27ac04c43cab85c280eb2e?s=96&d=mm&r=pg\",\"contentUrl\":\"https:\/\/secure.gravatar.com\/avatar\/42263f39aa27ac04c43cab85c280eb2e?s=96&d=mm&r=pg\",\"caption\":\"Kul\"},\"logo\":{\"@id\":\"https:\/\/sandzakpress.net\/arhiva\/#\/schema\/person\/image\/\"}},{\"@type\":\"Person\",\"@id\":\"https:\/\/sandzakpress.net\/arhiva\/#\/schema\/person\/c8baee722073534b583ea7bdb2e36c02\",\"name\":\"bosniak\",\"image\":{\"@type\":\"ImageObject\",\"inLanguage\":\"bs-BA\",\"@id\":\"https:\/\/sandzakpress.net\/arhiva\/#\/schema\/person\/image\/\",\"url\":\"https:\/\/secure.gravatar.com\/avatar\/a04fd330bfe3a36a72a0ad4a6d89fca7?s=96&d=mm&r=pg\",\"contentUrl\":\"https:\/\/secure.gravatar.com\/avatar\/a04fd330bfe3a36a72a0ad4a6d89fca7?s=96&d=mm&r=pg\",\"caption\":\"bosniak\"},\"url\":\"https:\/\/sandzakpress.net\/arhiva\/author\/bosniak\/\"}]}<\/script>\n<!-- \/ Yoast SEO Premium plugin. -->","yoast_head_json":{"title":"Porodica Husi\u0107 migrantu dala topli dom: Pakistanac Adil u\u017eiva u Tuzli i u\u010di bosanski jezik","robots":{"index":"index","follow":"follow","max-snippet":"max-snippet:-1","max-image-preview":"max-image-preview:large","max-video-preview":"max-video-preview:-1"},"canonical":"https:\/\/sandzakpress.net\/arhiva\/porodica-husic-migrantu-dala-topli-dom-pakistanac-adil-uziva-u-tuzli-i-uci-bosanski-jezik\/","og_locale":"bs_BA","og_type":"article","og_title":"Porodica Husi\u0107 migrantu dala topli dom: Pakistanac Adil u\u017eiva u Tuzli i u\u010di bosanski jezik","og_description":"Nakon vi\u0161emjese\u010dnog pje\u0161a\u010denja na putu bezna\u0111a i nade Pakistanac Adil Amanet toplinu doma osjetio je uz porodicu Husi\u0107 iz Tuzle. Ova humana porodica je s hladnog betona sklonila 25-godi\u0161njeg migranta i olak\u0161ala mu \u017eivotnu borbu, a osmijeh na njegovom licu pokazuje koliko u\u017eiva u gradu soli u kojem u\u010di i bosanski jezik. Adil Amanet je [&hellip;]","og_url":"https:\/\/sandzakpress.net\/arhiva\/porodica-husic-migrantu-dala-topli-dom-pakistanac-adil-uziva-u-tuzli-i-uci-bosanski-jezik\/","og_site_name":"Sand\u017eak PRESS","article_published_time":"2019-12-12T18:24:45+00:00","og_image":[{"url":"https:\/\/static.klix.ba\/media\/images\/vijesti\/b_191211142.jpg?v=1","type":"","width":"","height":""}],"author":"bosniak","twitter_card":"summary_large_image","twitter_misc":{"Written by":"bosniak","Est. reading time":"5 minuta"},"schema":{"@context":"https:\/\/schema.org","@graph":[{"@type":"Article","@id":"https:\/\/sandzakpress.net\/arhiva\/porodica-husic-migrantu-dala-topli-dom-pakistanac-adil-uziva-u-tuzli-i-uci-bosanski-jezik\/#article","isPartOf":{"@id":"https:\/\/sandzakpress.net\/arhiva\/porodica-husic-migrantu-dala-topli-dom-pakistanac-adil-uziva-u-tuzli-i-uci-bosanski-jezik\/"},"author":{"name":"bosniak","@id":"https:\/\/sandzakpress.net\/arhiva\/#\/schema\/person\/c8baee722073534b583ea7bdb2e36c02"},"headline":"Porodica Husi\u0107 migrantu dala topli dom: Pakistanac Adil u\u017eiva u Tuzli i u\u010di bosanski jezik","datePublished":"2019-12-12T18:24:45+00:00","mainEntityOfPage":{"@id":"https:\/\/sandzakpress.net\/arhiva\/porodica-husic-migrantu-dala-topli-dom-pakistanac-adil-uziva-u-tuzli-i-uci-bosanski-jezik\/"},"wordCount":1013,"commentCount":0,"publisher":{"@id":"https:\/\/sandzakpress.net\/arhiva\/#\/schema\/person\/6e72b67d6e51910a1117b3b483ba20bd"},"image":{"@id":"https:\/\/sandzakpress.net\/arhiva\/porodica-husic-migrantu-dala-topli-dom-pakistanac-adil-uziva-u-tuzli-i-uci-bosanski-jezik\/#primaryimage"},"thumbnailUrl":"https:\/\/static.klix.ba\/media\/images\/vijesti\/b_191211142.jpg?v=1","keywords":["Bosna i Hercegovina"],"articleSection":["Bosna PRESS"],"inLanguage":"bs-BA","potentialAction":[{"@type":"CommentAction","name":"Comment","target":["https:\/\/sandzakpress.net\/arhiva\/porodica-husic-migrantu-dala-topli-dom-pakistanac-adil-uziva-u-tuzli-i-uci-bosanski-jezik\/#respond"]}]},{"@type":"WebPage","@id":"https:\/\/sandzakpress.net\/arhiva\/porodica-husic-migrantu-dala-topli-dom-pakistanac-adil-uziva-u-tuzli-i-uci-bosanski-jezik\/","url":"https:\/\/sandzakpress.net\/arhiva\/porodica-husic-migrantu-dala-topli-dom-pakistanac-adil-uziva-u-tuzli-i-uci-bosanski-jezik\/","name":"Porodica Husi\u0107 migrantu dala topli dom: Pakistanac Adil u\u017eiva u Tuzli i u\u010di bosanski jezik","isPartOf":{"@id":"https:\/\/sandzakpress.net\/arhiva\/#website"},"primaryImageOfPage":{"@id":"https:\/\/sandzakpress.net\/arhiva\/porodica-husic-migrantu-dala-topli-dom-pakistanac-adil-uziva-u-tuzli-i-uci-bosanski-jezik\/#primaryimage"},"image":{"@id":"https:\/\/sandzakpress.net\/arhiva\/porodica-husic-migrantu-dala-topli-dom-pakistanac-adil-uziva-u-tuzli-i-uci-bosanski-jezik\/#primaryimage"},"thumbnailUrl":"https:\/\/static.klix.ba\/media\/images\/vijesti\/b_191211142.jpg?v=1","datePublished":"2019-12-12T18:24:45+00:00","breadcrumb":{"@id":"https:\/\/sandzakpress.net\/arhiva\/porodica-husic-migrantu-dala-topli-dom-pakistanac-adil-uziva-u-tuzli-i-uci-bosanski-jezik\/#breadcrumb"},"inLanguage":"bs-BA","potentialAction":[{"@type":"ReadAction","target":["https:\/\/sandzakpress.net\/arhiva\/porodica-husic-migrantu-dala-topli-dom-pakistanac-adil-uziva-u-tuzli-i-uci-bosanski-jezik\/"]}]},{"@type":"ImageObject","inLanguage":"bs-BA","@id":"https:\/\/sandzakpress.net\/arhiva\/porodica-husic-migrantu-dala-topli-dom-pakistanac-adil-uziva-u-tuzli-i-uci-bosanski-jezik\/#primaryimage","url":"https:\/\/static.klix.ba\/media\/images\/vijesti\/b_191211142.jpg?v=1","contentUrl":"https:\/\/static.klix.ba\/media\/images\/vijesti\/b_191211142.jpg?v=1"},{"@type":"BreadcrumbList","@id":"https:\/\/sandzakpress.net\/arhiva\/porodica-husic-migrantu-dala-topli-dom-pakistanac-adil-uziva-u-tuzli-i-uci-bosanski-jezik\/#breadcrumb","itemListElement":[{"@type":"ListItem","position":1,"name":"Home","item":"https:\/\/sandzakpress.net\/arhiva\/"},{"@type":"ListItem","position":2,"name":"Porodica Husi\u0107 migrantu dala topli dom: Pakistanac Adil u\u017eiva u Tuzli i u\u010di bosanski jezik"}]},{"@type":"WebSite","@id":"https:\/\/sandzakpress.net\/arhiva\/#website","url":"https:\/\/sandzakpress.net\/arhiva\/","name":"Sand\u017eak PRESS","description":"Prve elektronske novine u Sand\u017eaku","publisher":{"@id":"https:\/\/sandzakpress.net\/arhiva\/#\/schema\/person\/6e72b67d6e51910a1117b3b483ba20bd"},"potentialAction":[{"@type":"SearchAction","target":{"@type":"EntryPoint","urlTemplate":"https:\/\/sandzakpress.net\/arhiva\/?s={search_term_string}"},"query-input":{"@type":"PropertyValueSpecification","valueRequired":true,"valueName":"search_term_string"}}],"inLanguage":"bs-BA"},{"@type":["Person","Organization"],"@id":"https:\/\/sandzakpress.net\/arhiva\/#\/schema\/person\/6e72b67d6e51910a1117b3b483ba20bd","name":"Kul","image":{"@type":"ImageObject","inLanguage":"bs-BA","@id":"https:\/\/sandzakpress.net\/arhiva\/#\/schema\/person\/image\/","url":"https:\/\/secure.gravatar.com\/avatar\/42263f39aa27ac04c43cab85c280eb2e?s=96&d=mm&r=pg","contentUrl":"https:\/\/secure.gravatar.com\/avatar\/42263f39aa27ac04c43cab85c280eb2e?s=96&d=mm&r=pg","caption":"Kul"},"logo":{"@id":"https:\/\/sandzakpress.net\/arhiva\/#\/schema\/person\/image\/"}},{"@type":"Person","@id":"https:\/\/sandzakpress.net\/arhiva\/#\/schema\/person\/c8baee722073534b583ea7bdb2e36c02","name":"bosniak","image":{"@type":"ImageObject","inLanguage":"bs-BA","@id":"https:\/\/sandzakpress.net\/arhiva\/#\/schema\/person\/image\/","url":"https:\/\/secure.gravatar.com\/avatar\/a04fd330bfe3a36a72a0ad4a6d89fca7?s=96&d=mm&r=pg","contentUrl":"https:\/\/secure.gravatar.com\/avatar\/a04fd330bfe3a36a72a0ad4a6d89fca7?s=96&d=mm&r=pg","caption":"bosniak"},"url":"https:\/\/sandzakpress.net\/arhiva\/author\/bosniak\/"}]}},"_links":{"self":[{"href":"https:\/\/sandzakpress.net\/arhiva\/wp-json\/wp\/v2\/posts\/231695"}],"collection":[{"href":"https:\/\/sandzakpress.net\/arhiva\/wp-json\/wp\/v2\/posts"}],"about":[{"href":"https:\/\/sandzakpress.net\/arhiva\/wp-json\/wp\/v2\/types\/post"}],"author":[{"embeddable":true,"href":"https:\/\/sandzakpress.net\/arhiva\/wp-json\/wp\/v2\/users\/83"}],"replies":[{"embeddable":true,"href":"https:\/\/sandzakpress.net\/arhiva\/wp-json\/wp\/v2\/comments?post=231695"}],"version-history":[{"count":0,"href":"https:\/\/sandzakpress.net\/arhiva\/wp-json\/wp\/v2\/posts\/231695\/revisions"}],"wp:attachment":[{"href":"https:\/\/sandzakpress.net\/arhiva\/wp-json\/wp\/v2\/media?parent=231695"}],"wp:term":[{"taxonomy":"category","embeddable":true,"href":"https:\/\/sandzakpress.net\/arhiva\/wp-json\/wp\/v2\/categories?post=231695"},{"taxonomy":"post_tag","embeddable":true,"href":"https:\/\/sandzakpress.net\/arhiva\/wp-json\/wp\/v2\/tags?post=231695"}],"curies":[{"name":"wp","href":"https:\/\/api.w.org\/{rel}","templated":true}]}}