{"id":231664,"date":"2019-12-12T18:58:20","date_gmt":"2019-12-12T17:58:20","guid":{"rendered":"https:\/\/sandzakpress.net\/arhiva\/?p=231664"},"modified":"2019-12-12T18:58:20","modified_gmt":"2019-12-12T17:58:20","slug":"bibic-vicesampion-u-lisabonu-porucio-da-iduce-godine-ide-po-zlato","status":"publish","type":"post","link":"https:\/\/sandzakpress.net\/arhiva\/bibic-vicesampion-u-lisabonu-porucio-da-iduce-godine-ide-po-zlato\/","title":{"rendered":"Bibi\u0107 vice\u0161ampion u Lisabonu, poru\u010dio da idu\u0107e godine ide po zlato"},"content":{"rendered":"<p><img decoding=\"async\" src=\"http:\/\/sanapress.info\/wp-content\/uploads\/2019\/12\/yuko3.jpg\" \/><\/p>\n<p><strong>Kao jedan od najmla\u0111ih seniora na trci, reprezentativac Srbije u atletici Elzan Bibi\u0107 osvojio je srebrnu medalju u trci mla\u0111ih seniora na Evropskom kros prvenstvu u Lisabonu. Dvadesetogodi\u0161nji Novopazarac je stazu od 8.225 metara pre\u0161ao za 24 minuta i 25 sekundi.<\/strong><\/p>\n<p>Jutro nakon \u0161to je stigao iz Lisabona sa svojim timom, premda da je na\u0161a saradnja na vrhunskom nivou, pozvao nas je da uz prvu jutarnju kahvu porazgovaramo o samoj trci, ali i o pripremama u Madridu na kojima je boravio ne\u0161to vi\u0161e od tri sedmice. Pro\u0161lu sezonu zavr\u0161io je evropskim juniorskim zlatom na krosu u Tilburgu, ove godine uzeo srebro kod mla\u0111ih seniora u Lisabonu, pa da se nada da \u0107e 2020. osvojiti zlato u Dablinu.<\/p>\n<p>Danas kada, pogotovu u atletici, dominira mladost i jako ogroman kvalitet te\u0161ko je do\u0107i do medalje. Elzan je to uradio me\u0111u 85 takmi\u010dara iz 27 zemalja, Oni su, istakao je trener Rifat Zilki\u0107, zasigurno imali i bolje uvjete za pripreme, obzirom da dolaze iz mnogo razvijenijih zemalja, gdje je atletika posebno cijenjen sport. To, me\u0111utim, nije bila prepreka Bibi\u0107u da ostvari svoje zamisli i kruni\u0161e svoju odli\u010dnu formu.<\/p>\n<p>Selektor atletske reprezentacije Srbije Edin Zukovi\u0107 za Elzana ima samo rije\u010di hvale. Vaspitan, motivisan, poslu\u0161an i vrijedan momak, kako ka\u017ee, ne mo\u017ee biti na drugom mjestu osim na podijumu za medalju.<\/p>\n<p>Cijelo dru\u017eenje sa za\u0161titnicima sporta u Novom Pazaru pogledajte u ve\u010dera\u0161njem izdanju emisije \u201cIz svijeta sporta\u201d na STV.<\/p>\n<div class=\"youtube-embed\" data-video_id=\"QJ6m2jBhiXM\"><iframe loading=\"lazy\" title=\"Bibi\u0107 vice\u0161ampion u Lisabonu, poru\u010dio da idu\u0107e godine ide po zlato\" width=\"696\" height=\"392\" src=\"https:\/\/www.youtube.com\/embed\/QJ6m2jBhiXM?feature=oembed&#038;enablejsapi=1\" frameborder=\"0\" allow=\"accelerometer; autoplay; encrypted-media; gyroscope; picture-in-picture\" allowfullscreen><\/iframe><\/div>\n","protected":false},"excerpt":{"rendered":"<p>Kao jedan od najmla\u0111ih seniora na trci, reprezentativac Srbije u atletici Elzan Bibi\u0107 osvojio je srebrnu medalju u trci mla\u0111ih seniora na Evropskom kros prvenstvu u Lisabonu. Dvadesetogodi\u0161nji Novopazarac je stazu od 8.225 metara pre\u0161ao za 24 minuta i 25 sekundi. Jutro nakon \u0161to je stigao iz Lisabona sa svojim timom, premda da je na\u0161a [&hellip;]<\/p>\n","protected":false},"author":509,"featured_media":231665,"comment_status":"open","ping_status":"open","sticky":false,"template":"","format":"standard","meta":{"footnotes":""},"categories":[72,13,10429],"tags":[],"class_list":{"0":"post-231664","1":"post","2":"type-post","3":"status-publish","4":"format-standard","5":"has-post-thumbnail","7":"category-novi-pazar","8":"category-sport","9":"category-vazno"},"yoast_head":"<!-- This site is optimized with the Yoast SEO Premium plugin v23.1 (Yoast SEO v24.9) - https:\/\/yoast.com\/wordpress\/plugins\/seo\/ -->\n<title>Bibi\u0107 vice\u0161ampion u Lisabonu, poru\u010dio da idu\u0107e godine ide po zlato<\/title>\n<meta name=\"robots\" content=\"index, follow, max-snippet:-1, max-image-preview:large, max-video-preview:-1\" \/>\n<link rel=\"canonical\" href=\"https:\/\/sandzakpress.net\/arhiva\/bibic-vicesampion-u-lisabonu-porucio-da-iduce-godine-ide-po-zlato\/\" \/>\n<meta property=\"og:locale\" content=\"bs_BA\" \/>\n<meta property=\"og:type\" content=\"article\" \/>\n<meta property=\"og:title\" content=\"Bibi\u0107 vice\u0161ampion u Lisabonu, poru\u010dio da idu\u0107e godine ide po zlato\" \/>\n<meta property=\"og:description\" content=\"Kao jedan od najmla\u0111ih seniora na trci, reprezentativac Srbije u atletici Elzan Bibi\u0107 osvojio je srebrnu medalju u trci mla\u0111ih seniora na Evropskom kros prvenstvu u Lisabonu. Dvadesetogodi\u0161nji Novopazarac je stazu od 8.225 metara pre\u0161ao za 24 minuta i 25 sekundi. Jutro nakon \u0161to je stigao iz Lisabona sa svojim timom, premda da je na\u0161a [&hellip;]\" \/>\n<meta property=\"og:url\" content=\"https:\/\/sandzakpress.net\/arhiva\/bibic-vicesampion-u-lisabonu-porucio-da-iduce-godine-ide-po-zlato\/\" \/>\n<meta property=\"og:site_name\" content=\"Sand\u017eak PRESS\" \/>\n<meta property=\"article:published_time\" content=\"2019-12-12T17:58:20+00:00\" \/>\n<meta property=\"og:image\" content=\"https:\/\/sandzakpress.net\/arhiva\/wp-content\/uploads\/2019\/12\/yuko3.jpg\" \/>\n\t<meta property=\"og:image:width\" content=\"1600\" \/>\n\t<meta property=\"og:image:height\" content=\"1200\" \/>\n\t<meta property=\"og:image:type\" content=\"image\/jpeg\" \/>\n<meta name=\"author\" content=\"Agencija\" \/>\n<meta name=\"twitter:card\" content=\"summary_large_image\" \/>\n<meta name=\"twitter:label1\" content=\"Written by\" \/>\n\t<meta name=\"twitter:data1\" content=\"Agencija\" \/>\n\t<meta name=\"twitter:label2\" content=\"Est. reading time\" \/>\n\t<meta name=\"twitter:data2\" content=\"1 minuta\" \/>\n<script type=\"application\/ld+json\" class=\"yoast-schema-graph\">{\"@context\":\"https:\/\/schema.org\",\"@graph\":[{\"@type\":\"Article\",\"@id\":\"https:\/\/sandzakpress.net\/arhiva\/bibic-vicesampion-u-lisabonu-porucio-da-iduce-godine-ide-po-zlato\/#article\",\"isPartOf\":{\"@id\":\"https:\/\/sandzakpress.net\/arhiva\/bibic-vicesampion-u-lisabonu-porucio-da-iduce-godine-ide-po-zlato\/\"},\"author\":{\"name\":\"Agencija\",\"@id\":\"https:\/\/sandzakpress.net\/arhiva\/#\/schema\/person\/cb59d7e3ab91ab90dd680ad0305a6185\"},\"headline\":\"Bibi\u0107 vice\u0161ampion u Lisabonu, poru\u010dio da idu\u0107e godine ide po zlato\",\"datePublished\":\"2019-12-12T17:58:20+00:00\",\"mainEntityOfPage\":{\"@id\":\"https:\/\/sandzakpress.net\/arhiva\/bibic-vicesampion-u-lisabonu-porucio-da-iduce-godine-ide-po-zlato\/\"},\"wordCount\":277,\"commentCount\":0,\"publisher\":{\"@id\":\"https:\/\/sandzakpress.net\/arhiva\/#\/schema\/person\/6e72b67d6e51910a1117b3b483ba20bd\"},\"image\":{\"@id\":\"https:\/\/sandzakpress.net\/arhiva\/bibic-vicesampion-u-lisabonu-porucio-da-iduce-godine-ide-po-zlato\/#primaryimage\"},\"thumbnailUrl\":\"https:\/\/sandzakpress.net\/arhiva\/wp-content\/uploads\/2019\/12\/yuko3.jpg\",\"articleSection\":[\"Novi Pazar\",\"Sport\",\"VA\u017dNO!\"],\"inLanguage\":\"bs-BA\",\"potentialAction\":[{\"@type\":\"CommentAction\",\"name\":\"Comment\",\"target\":[\"https:\/\/sandzakpress.net\/arhiva\/bibic-vicesampion-u-lisabonu-porucio-da-iduce-godine-ide-po-zlato\/#respond\"]}]},{\"@type\":\"WebPage\",\"@id\":\"https:\/\/sandzakpress.net\/arhiva\/bibic-vicesampion-u-lisabonu-porucio-da-iduce-godine-ide-po-zlato\/\",\"url\":\"https:\/\/sandzakpress.net\/arhiva\/bibic-vicesampion-u-lisabonu-porucio-da-iduce-godine-ide-po-zlato\/\",\"name\":\"Bibi\u0107 vice\u0161ampion u Lisabonu, poru\u010dio da idu\u0107e godine ide po zlato\",\"isPartOf\":{\"@id\":\"https:\/\/sandzakpress.net\/arhiva\/#website\"},\"primaryImageOfPage\":{\"@id\":\"https:\/\/sandzakpress.net\/arhiva\/bibic-vicesampion-u-lisabonu-porucio-da-iduce-godine-ide-po-zlato\/#primaryimage\"},\"image\":{\"@id\":\"https:\/\/sandzakpress.net\/arhiva\/bibic-vicesampion-u-lisabonu-porucio-da-iduce-godine-ide-po-zlato\/#primaryimage\"},\"thumbnailUrl\":\"https:\/\/sandzakpress.net\/arhiva\/wp-content\/uploads\/2019\/12\/yuko3.jpg\",\"datePublished\":\"2019-12-12T17:58:20+00:00\",\"breadcrumb\":{\"@id\":\"https:\/\/sandzakpress.net\/arhiva\/bibic-vicesampion-u-lisabonu-porucio-da-iduce-godine-ide-po-zlato\/#breadcrumb\"},\"inLanguage\":\"bs-BA\",\"potentialAction\":[{\"@type\":\"ReadAction\",\"target\":[\"https:\/\/sandzakpress.net\/arhiva\/bibic-vicesampion-u-lisabonu-porucio-da-iduce-godine-ide-po-zlato\/\"]}]},{\"@type\":\"ImageObject\",\"inLanguage\":\"bs-BA\",\"@id\":\"https:\/\/sandzakpress.net\/arhiva\/bibic-vicesampion-u-lisabonu-porucio-da-iduce-godine-ide-po-zlato\/#primaryimage\",\"url\":\"https:\/\/sandzakpress.net\/arhiva\/wp-content\/uploads\/2019\/12\/yuko3.jpg\",\"contentUrl\":\"https:\/\/sandzakpress.net\/arhiva\/wp-content\/uploads\/2019\/12\/yuko3.jpg\",\"width\":1600,\"height\":1200},{\"@type\":\"BreadcrumbList\",\"@id\":\"https:\/\/sandzakpress.net\/arhiva\/bibic-vicesampion-u-lisabonu-porucio-da-iduce-godine-ide-po-zlato\/#breadcrumb\",\"itemListElement\":[{\"@type\":\"ListItem\",\"position\":1,\"name\":\"Home\",\"item\":\"https:\/\/sandzakpress.net\/arhiva\/\"},{\"@type\":\"ListItem\",\"position\":2,\"name\":\"Bibi\u0107 vice\u0161ampion u Lisabonu, poru\u010dio da idu\u0107e godine ide po zlato\"}]},{\"@type\":\"WebSite\",\"@id\":\"https:\/\/sandzakpress.net\/arhiva\/#website\",\"url\":\"https:\/\/sandzakpress.net\/arhiva\/\",\"name\":\"Sand\u017eak PRESS\",\"description\":\"Prve elektronske novine u Sand\u017eaku\",\"publisher\":{\"@id\":\"https:\/\/sandzakpress.net\/arhiva\/#\/schema\/person\/6e72b67d6e51910a1117b3b483ba20bd\"},\"potentialAction\":[{\"@type\":\"SearchAction\",\"target\":{\"@type\":\"EntryPoint\",\"urlTemplate\":\"https:\/\/sandzakpress.net\/arhiva\/?s={search_term_string}\"},\"query-input\":{\"@type\":\"PropertyValueSpecification\",\"valueRequired\":true,\"valueName\":\"search_term_string\"}}],\"inLanguage\":\"bs-BA\"},{\"@type\":[\"Person\",\"Organization\"],\"@id\":\"https:\/\/sandzakpress.net\/arhiva\/#\/schema\/person\/6e72b67d6e51910a1117b3b483ba20bd\",\"name\":\"Kul\",\"image\":{\"@type\":\"ImageObject\",\"inLanguage\":\"bs-BA\",\"@id\":\"https:\/\/sandzakpress.net\/arhiva\/#\/schema\/person\/image\/\",\"url\":\"https:\/\/secure.gravatar.com\/avatar\/42263f39aa27ac04c43cab85c280eb2e?s=96&d=mm&r=pg\",\"contentUrl\":\"https:\/\/secure.gravatar.com\/avatar\/42263f39aa27ac04c43cab85c280eb2e?s=96&d=mm&r=pg\",\"caption\":\"Kul\"},\"logo\":{\"@id\":\"https:\/\/sandzakpress.net\/arhiva\/#\/schema\/person\/image\/\"}},{\"@type\":\"Person\",\"@id\":\"https:\/\/sandzakpress.net\/arhiva\/#\/schema\/person\/cb59d7e3ab91ab90dd680ad0305a6185\",\"name\":\"Agencija\",\"image\":{\"@type\":\"ImageObject\",\"inLanguage\":\"bs-BA\",\"@id\":\"https:\/\/sandzakpress.net\/arhiva\/#\/schema\/person\/image\/\",\"url\":\"https:\/\/secure.gravatar.com\/avatar\/4b7fafa80a22f0c2afe23966b3961fe0?s=96&d=mm&r=pg\",\"contentUrl\":\"https:\/\/secure.gravatar.com\/avatar\/4b7fafa80a22f0c2afe23966b3961fe0?s=96&d=mm&r=pg\",\"caption\":\"Agencija\"},\"url\":\"https:\/\/sandzakpress.net\/arhiva\/author\/agencija\/\"}]}<\/script>\n<!-- \/ Yoast SEO Premium plugin. -->","yoast_head_json":{"title":"Bibi\u0107 vice\u0161ampion u Lisabonu, poru\u010dio da idu\u0107e godine ide po zlato","robots":{"index":"index","follow":"follow","max-snippet":"max-snippet:-1","max-image-preview":"max-image-preview:large","max-video-preview":"max-video-preview:-1"},"canonical":"https:\/\/sandzakpress.net\/arhiva\/bibic-vicesampion-u-lisabonu-porucio-da-iduce-godine-ide-po-zlato\/","og_locale":"bs_BA","og_type":"article","og_title":"Bibi\u0107 vice\u0161ampion u Lisabonu, poru\u010dio da idu\u0107e godine ide po zlato","og_description":"Kao jedan od najmla\u0111ih seniora na trci, reprezentativac Srbije u atletici Elzan Bibi\u0107 osvojio je srebrnu medalju u trci mla\u0111ih seniora na Evropskom kros prvenstvu u Lisabonu. Dvadesetogodi\u0161nji Novopazarac je stazu od 8.225 metara pre\u0161ao za 24 minuta i 25 sekundi. Jutro nakon \u0161to je stigao iz Lisabona sa svojim timom, premda da je na\u0161a [&hellip;]","og_url":"https:\/\/sandzakpress.net\/arhiva\/bibic-vicesampion-u-lisabonu-porucio-da-iduce-godine-ide-po-zlato\/","og_site_name":"Sand\u017eak PRESS","article_published_time":"2019-12-12T17:58:20+00:00","og_image":[{"width":1600,"height":1200,"url":"https:\/\/sandzakpress.net\/arhiva\/wp-content\/uploads\/2019\/12\/yuko3.jpg","type":"image\/jpeg"}],"author":"Agencija","twitter_card":"summary_large_image","twitter_misc":{"Written by":"Agencija","Est. reading time":"1 minuta"},"schema":{"@context":"https:\/\/schema.org","@graph":[{"@type":"Article","@id":"https:\/\/sandzakpress.net\/arhiva\/bibic-vicesampion-u-lisabonu-porucio-da-iduce-godine-ide-po-zlato\/#article","isPartOf":{"@id":"https:\/\/sandzakpress.net\/arhiva\/bibic-vicesampion-u-lisabonu-porucio-da-iduce-godine-ide-po-zlato\/"},"author":{"name":"Agencija","@id":"https:\/\/sandzakpress.net\/arhiva\/#\/schema\/person\/cb59d7e3ab91ab90dd680ad0305a6185"},"headline":"Bibi\u0107 vice\u0161ampion u Lisabonu, poru\u010dio da idu\u0107e godine ide po zlato","datePublished":"2019-12-12T17:58:20+00:00","mainEntityOfPage":{"@id":"https:\/\/sandzakpress.net\/arhiva\/bibic-vicesampion-u-lisabonu-porucio-da-iduce-godine-ide-po-zlato\/"},"wordCount":277,"commentCount":0,"publisher":{"@id":"https:\/\/sandzakpress.net\/arhiva\/#\/schema\/person\/6e72b67d6e51910a1117b3b483ba20bd"},"image":{"@id":"https:\/\/sandzakpress.net\/arhiva\/bibic-vicesampion-u-lisabonu-porucio-da-iduce-godine-ide-po-zlato\/#primaryimage"},"thumbnailUrl":"https:\/\/sandzakpress.net\/arhiva\/wp-content\/uploads\/2019\/12\/yuko3.jpg","articleSection":["Novi Pazar","Sport","VA\u017dNO!"],"inLanguage":"bs-BA","potentialAction":[{"@type":"CommentAction","name":"Comment","target":["https:\/\/sandzakpress.net\/arhiva\/bibic-vicesampion-u-lisabonu-porucio-da-iduce-godine-ide-po-zlato\/#respond"]}]},{"@type":"WebPage","@id":"https:\/\/sandzakpress.net\/arhiva\/bibic-vicesampion-u-lisabonu-porucio-da-iduce-godine-ide-po-zlato\/","url":"https:\/\/sandzakpress.net\/arhiva\/bibic-vicesampion-u-lisabonu-porucio-da-iduce-godine-ide-po-zlato\/","name":"Bibi\u0107 vice\u0161ampion u Lisabonu, poru\u010dio da idu\u0107e godine ide po zlato","isPartOf":{"@id":"https:\/\/sandzakpress.net\/arhiva\/#website"},"primaryImageOfPage":{"@id":"https:\/\/sandzakpress.net\/arhiva\/bibic-vicesampion-u-lisabonu-porucio-da-iduce-godine-ide-po-zlato\/#primaryimage"},"image":{"@id":"https:\/\/sandzakpress.net\/arhiva\/bibic-vicesampion-u-lisabonu-porucio-da-iduce-godine-ide-po-zlato\/#primaryimage"},"thumbnailUrl":"https:\/\/sandzakpress.net\/arhiva\/wp-content\/uploads\/2019\/12\/yuko3.jpg","datePublished":"2019-12-12T17:58:20+00:00","breadcrumb":{"@id":"https:\/\/sandzakpress.net\/arhiva\/bibic-vicesampion-u-lisabonu-porucio-da-iduce-godine-ide-po-zlato\/#breadcrumb"},"inLanguage":"bs-BA","potentialAction":[{"@type":"ReadAction","target":["https:\/\/sandzakpress.net\/arhiva\/bibic-vicesampion-u-lisabonu-porucio-da-iduce-godine-ide-po-zlato\/"]}]},{"@type":"ImageObject","inLanguage":"bs-BA","@id":"https:\/\/sandzakpress.net\/arhiva\/bibic-vicesampion-u-lisabonu-porucio-da-iduce-godine-ide-po-zlato\/#primaryimage","url":"https:\/\/sandzakpress.net\/arhiva\/wp-content\/uploads\/2019\/12\/yuko3.jpg","contentUrl":"https:\/\/sandzakpress.net\/arhiva\/wp-content\/uploads\/2019\/12\/yuko3.jpg","width":1600,"height":1200},{"@type":"BreadcrumbList","@id":"https:\/\/sandzakpress.net\/arhiva\/bibic-vicesampion-u-lisabonu-porucio-da-iduce-godine-ide-po-zlato\/#breadcrumb","itemListElement":[{"@type":"ListItem","position":1,"name":"Home","item":"https:\/\/sandzakpress.net\/arhiva\/"},{"@type":"ListItem","position":2,"name":"Bibi\u0107 vice\u0161ampion u Lisabonu, poru\u010dio da idu\u0107e godine ide po zlato"}]},{"@type":"WebSite","@id":"https:\/\/sandzakpress.net\/arhiva\/#website","url":"https:\/\/sandzakpress.net\/arhiva\/","name":"Sand\u017eak PRESS","description":"Prve elektronske novine u Sand\u017eaku","publisher":{"@id":"https:\/\/sandzakpress.net\/arhiva\/#\/schema\/person\/6e72b67d6e51910a1117b3b483ba20bd"},"potentialAction":[{"@type":"SearchAction","target":{"@type":"EntryPoint","urlTemplate":"https:\/\/sandzakpress.net\/arhiva\/?s={search_term_string}"},"query-input":{"@type":"PropertyValueSpecification","valueRequired":true,"valueName":"search_term_string"}}],"inLanguage":"bs-BA"},{"@type":["Person","Organization"],"@id":"https:\/\/sandzakpress.net\/arhiva\/#\/schema\/person\/6e72b67d6e51910a1117b3b483ba20bd","name":"Kul","image":{"@type":"ImageObject","inLanguage":"bs-BA","@id":"https:\/\/sandzakpress.net\/arhiva\/#\/schema\/person\/image\/","url":"https:\/\/secure.gravatar.com\/avatar\/42263f39aa27ac04c43cab85c280eb2e?s=96&d=mm&r=pg","contentUrl":"https:\/\/secure.gravatar.com\/avatar\/42263f39aa27ac04c43cab85c280eb2e?s=96&d=mm&r=pg","caption":"Kul"},"logo":{"@id":"https:\/\/sandzakpress.net\/arhiva\/#\/schema\/person\/image\/"}},{"@type":"Person","@id":"https:\/\/sandzakpress.net\/arhiva\/#\/schema\/person\/cb59d7e3ab91ab90dd680ad0305a6185","name":"Agencija","image":{"@type":"ImageObject","inLanguage":"bs-BA","@id":"https:\/\/sandzakpress.net\/arhiva\/#\/schema\/person\/image\/","url":"https:\/\/secure.gravatar.com\/avatar\/4b7fafa80a22f0c2afe23966b3961fe0?s=96&d=mm&r=pg","contentUrl":"https:\/\/secure.gravatar.com\/avatar\/4b7fafa80a22f0c2afe23966b3961fe0?s=96&d=mm&r=pg","caption":"Agencija"},"url":"https:\/\/sandzakpress.net\/arhiva\/author\/agencija\/"}]}},"_links":{"self":[{"href":"https:\/\/sandzakpress.net\/arhiva\/wp-json\/wp\/v2\/posts\/231664"}],"collection":[{"href":"https:\/\/sandzakpress.net\/arhiva\/wp-json\/wp\/v2\/posts"}],"about":[{"href":"https:\/\/sandzakpress.net\/arhiva\/wp-json\/wp\/v2\/types\/post"}],"author":[{"embeddable":true,"href":"https:\/\/sandzakpress.net\/arhiva\/wp-json\/wp\/v2\/users\/509"}],"replies":[{"embeddable":true,"href":"https:\/\/sandzakpress.net\/arhiva\/wp-json\/wp\/v2\/comments?post=231664"}],"version-history":[{"count":0,"href":"https:\/\/sandzakpress.net\/arhiva\/wp-json\/wp\/v2\/posts\/231664\/revisions"}],"wp:featuredmedia":[{"embeddable":true,"href":"https:\/\/sandzakpress.net\/arhiva\/wp-json\/wp\/v2\/media\/231665"}],"wp:attachment":[{"href":"https:\/\/sandzakpress.net\/arhiva\/wp-json\/wp\/v2\/media?parent=231664"}],"wp:term":[{"taxonomy":"category","embeddable":true,"href":"https:\/\/sandzakpress.net\/arhiva\/wp-json\/wp\/v2\/categories?post=231664"},{"taxonomy":"post_tag","embeddable":true,"href":"https:\/\/sandzakpress.net\/arhiva\/wp-json\/wp\/v2\/tags?post=231664"}],"curies":[{"name":"wp","href":"https:\/\/api.w.org\/{rel}","templated":true}]}}