{"id":231619,"date":"2019-12-11T17:02:03","date_gmt":"2019-12-11T16:02:03","guid":{"rendered":"https:\/\/sandzakpress.net\/arhiva\/?p=231619"},"modified":"2019-12-11T17:02:03","modified_gmt":"2019-12-11T16:02:03","slug":"vijecnici-novog-pazara-usvojili-nacrt-budzeta-za-2020-godinu","status":"publish","type":"post","link":"https:\/\/sandzakpress.net\/arhiva\/vijecnici-novog-pazara-usvojili-nacrt-budzeta-za-2020-godinu\/","title":{"rendered":"Vije\u0107nici Novog Pazara usvojili nacrt bud\u017eeta za 2020. godinu"},"content":{"rendered":"<p><img decoding=\"async\" src=\"https:\/\/indeksonline.rs\/wp-content\/uploads\/2019\/12\/img_1248.jpg\" \/><\/p>\n<p><strong>Vije\u0107nici Novog Pazara usvojili su nacrt bud\u017eeta za 2020. godinu, koji je za 3 odsto uve\u0107an u odnosu na ovogodi\u0161nji bud\u017eet. Tako\u0111e, na ovom zasedanju, izme\u0111u ostalog, usvojeni su i planovi i programi rada svih javnih preduze\u0107a i ustanova.<\/strong><\/p>\n<p>Bud\u017eet Grada Novog Pazara za 2020.godinu projektovan je na 3 milijarde i 230 miliona dinara. Pre nego je uvr\u0161ten u dnevni red Gradskog ve\u0107a, sa raspodelom bud\u017eetskih sredstava upoznati su i gra\u0111ani Novog Pazara.Oni su, kroz javne rasprave i ankete imali i mogu\u0107nost da u\u010destvuju u kreiranju bud\u017eeta, koji \u0107e i naredne godine, kako se najavljuje, biti razvojni i \u0161tedljiv u isto vreme.<\/p>\n<p>\u201dBud\u017eet grada je uve\u0107an u odnosu na pro\u0161lu godinu. Najve\u0107i deo sredstava bi\u0107e opet za infrastrukturu, ali tako\u0111e dobar deo sredstava opredeljujem za obrazovanje i renoviranje \u0161kolskih ustanova. U narednoj godini izdvojena su sredstva i za kupovinu zemlji\u0161ta za izgradnju nove \u0161kole u \u0160utenovcu\u201d, izjavio je \u010dlan Gradskog ve\u0107a Latif \u0110erlek.<\/p>\n<p>Osim nacrta bud\u017eeta za narednu godinu, ve\u0107nici su usvojili i rebalans za teku\u0107u.<\/p>\n<p>Na ovom zasedanju gradski ve\u0107nici su usvojili i izmenu odluke o planu javnih nabavki. Na taj na\u010din izdvojena su finansijska sredstva Centru za socijalni rad, za adaptaciju prostorija nekoliko udru\u017eenja osoba sa invaliditetom.<\/p>\n","protected":false},"excerpt":{"rendered":"<p>Vije\u0107nici Novog Pazara usvojili su nacrt bud\u017eeta za 2020. godinu, koji je za 3 odsto uve\u0107an u odnosu na ovogodi\u0161nji bud\u017eet. Tako\u0111e, na ovom zasedanju, izme\u0111u ostalog, usvojeni su i planovi i programi rada svih javnih preduze\u0107a i ustanova. Bud\u017eet Grada Novog Pazara za 2020.godinu projektovan je na 3 milijarde i 230 miliona dinara. Pre [&hellip;]<\/p>\n","protected":false},"author":509,"featured_media":231624,"comment_status":"open","ping_status":"open","sticky":false,"template":"","format":"standard","meta":{"footnotes":""},"categories":[72,1],"tags":[],"class_list":{"0":"post-231619","1":"post","2":"type-post","3":"status-publish","4":"format-standard","5":"has-post-thumbnail","7":"category-novi-pazar","8":"category-politika"},"yoast_head":"<!-- This site is optimized with the Yoast SEO Premium plugin v23.1 (Yoast SEO v24.9) - https:\/\/yoast.com\/wordpress\/plugins\/seo\/ -->\n<title>Vije\u0107nici Novog Pazara usvojili nacrt bud\u017eeta za 2020. godinu<\/title>\n<meta name=\"robots\" content=\"index, follow, max-snippet:-1, max-image-preview:large, max-video-preview:-1\" \/>\n<link rel=\"canonical\" href=\"https:\/\/sandzakpress.net\/arhiva\/vijecnici-novog-pazara-usvojili-nacrt-budzeta-za-2020-godinu\/\" \/>\n<meta property=\"og:locale\" content=\"bs_BA\" \/>\n<meta property=\"og:type\" content=\"article\" \/>\n<meta property=\"og:title\" content=\"Vije\u0107nici Novog Pazara usvojili nacrt bud\u017eeta za 2020. godinu\" \/>\n<meta property=\"og:description\" content=\"Vije\u0107nici Novog Pazara usvojili su nacrt bud\u017eeta za 2020. godinu, koji je za 3 odsto uve\u0107an u odnosu na ovogodi\u0161nji bud\u017eet. Tako\u0111e, na ovom zasedanju, izme\u0111u ostalog, usvojeni su i planovi i programi rada svih javnih preduze\u0107a i ustanova. Bud\u017eet Grada Novog Pazara za 2020.godinu projektovan je na 3 milijarde i 230 miliona dinara. Pre [&hellip;]\" \/>\n<meta property=\"og:url\" content=\"https:\/\/sandzakpress.net\/arhiva\/vijecnici-novog-pazara-usvojili-nacrt-budzeta-za-2020-godinu\/\" \/>\n<meta property=\"og:site_name\" content=\"Sand\u017eak PRESS\" \/>\n<meta property=\"article:published_time\" content=\"2019-12-11T16:02:03+00:00\" \/>\n<meta property=\"og:image\" content=\"https:\/\/sandzakpress.net\/arhiva\/wp-content\/uploads\/2019\/12\/img_1248.jpg\" \/>\n\t<meta property=\"og:image:width\" content=\"800\" \/>\n\t<meta property=\"og:image:height\" content=\"450\" \/>\n\t<meta property=\"og:image:type\" content=\"image\/jpeg\" \/>\n<meta name=\"author\" content=\"Agencija\" \/>\n<meta name=\"twitter:card\" content=\"summary_large_image\" \/>\n<meta name=\"twitter:label1\" content=\"Written by\" \/>\n\t<meta name=\"twitter:data1\" content=\"Agencija\" \/>\n\t<meta name=\"twitter:label2\" content=\"Est. reading time\" \/>\n\t<meta name=\"twitter:data2\" content=\"1 minuta\" \/>\n<script type=\"application\/ld+json\" class=\"yoast-schema-graph\">{\"@context\":\"https:\/\/schema.org\",\"@graph\":[{\"@type\":\"Article\",\"@id\":\"https:\/\/sandzakpress.net\/arhiva\/vijecnici-novog-pazara-usvojili-nacrt-budzeta-za-2020-godinu\/#article\",\"isPartOf\":{\"@id\":\"https:\/\/sandzakpress.net\/arhiva\/vijecnici-novog-pazara-usvojili-nacrt-budzeta-za-2020-godinu\/\"},\"author\":{\"name\":\"Agencija\",\"@id\":\"https:\/\/sandzakpress.net\/arhiva\/#\/schema\/person\/cb59d7e3ab91ab90dd680ad0305a6185\"},\"headline\":\"Vije\u0107nici Novog Pazara usvojili nacrt bud\u017eeta za 2020. godinu\",\"datePublished\":\"2019-12-11T16:02:03+00:00\",\"mainEntityOfPage\":{\"@id\":\"https:\/\/sandzakpress.net\/arhiva\/vijecnici-novog-pazara-usvojili-nacrt-budzeta-za-2020-godinu\/\"},\"wordCount\":236,\"commentCount\":0,\"publisher\":{\"@id\":\"https:\/\/sandzakpress.net\/arhiva\/#\/schema\/person\/6e72b67d6e51910a1117b3b483ba20bd\"},\"image\":{\"@id\":\"https:\/\/sandzakpress.net\/arhiva\/vijecnici-novog-pazara-usvojili-nacrt-budzeta-za-2020-godinu\/#primaryimage\"},\"thumbnailUrl\":\"https:\/\/sandzakpress.net\/arhiva\/wp-content\/uploads\/2019\/12\/img_1248.jpg\",\"articleSection\":[\"Novi Pazar\",\"Politika\"],\"inLanguage\":\"bs-BA\",\"potentialAction\":[{\"@type\":\"CommentAction\",\"name\":\"Comment\",\"target\":[\"https:\/\/sandzakpress.net\/arhiva\/vijecnici-novog-pazara-usvojili-nacrt-budzeta-za-2020-godinu\/#respond\"]}]},{\"@type\":\"WebPage\",\"@id\":\"https:\/\/sandzakpress.net\/arhiva\/vijecnici-novog-pazara-usvojili-nacrt-budzeta-za-2020-godinu\/\",\"url\":\"https:\/\/sandzakpress.net\/arhiva\/vijecnici-novog-pazara-usvojili-nacrt-budzeta-za-2020-godinu\/\",\"name\":\"Vije\u0107nici Novog Pazara usvojili nacrt bud\u017eeta za 2020. godinu\",\"isPartOf\":{\"@id\":\"https:\/\/sandzakpress.net\/arhiva\/#website\"},\"primaryImageOfPage\":{\"@id\":\"https:\/\/sandzakpress.net\/arhiva\/vijecnici-novog-pazara-usvojili-nacrt-budzeta-za-2020-godinu\/#primaryimage\"},\"image\":{\"@id\":\"https:\/\/sandzakpress.net\/arhiva\/vijecnici-novog-pazara-usvojili-nacrt-budzeta-za-2020-godinu\/#primaryimage\"},\"thumbnailUrl\":\"https:\/\/sandzakpress.net\/arhiva\/wp-content\/uploads\/2019\/12\/img_1248.jpg\",\"datePublished\":\"2019-12-11T16:02:03+00:00\",\"breadcrumb\":{\"@id\":\"https:\/\/sandzakpress.net\/arhiva\/vijecnici-novog-pazara-usvojili-nacrt-budzeta-za-2020-godinu\/#breadcrumb\"},\"inLanguage\":\"bs-BA\",\"potentialAction\":[{\"@type\":\"ReadAction\",\"target\":[\"https:\/\/sandzakpress.net\/arhiva\/vijecnici-novog-pazara-usvojili-nacrt-budzeta-za-2020-godinu\/\"]}]},{\"@type\":\"ImageObject\",\"inLanguage\":\"bs-BA\",\"@id\":\"https:\/\/sandzakpress.net\/arhiva\/vijecnici-novog-pazara-usvojili-nacrt-budzeta-za-2020-godinu\/#primaryimage\",\"url\":\"https:\/\/sandzakpress.net\/arhiva\/wp-content\/uploads\/2019\/12\/img_1248.jpg\",\"contentUrl\":\"https:\/\/sandzakpress.net\/arhiva\/wp-content\/uploads\/2019\/12\/img_1248.jpg\",\"width\":800,\"height\":450},{\"@type\":\"BreadcrumbList\",\"@id\":\"https:\/\/sandzakpress.net\/arhiva\/vijecnici-novog-pazara-usvojili-nacrt-budzeta-za-2020-godinu\/#breadcrumb\",\"itemListElement\":[{\"@type\":\"ListItem\",\"position\":1,\"name\":\"Home\",\"item\":\"https:\/\/sandzakpress.net\/arhiva\/\"},{\"@type\":\"ListItem\",\"position\":2,\"name\":\"Vije\u0107nici Novog Pazara usvojili nacrt bud\u017eeta za 2020. godinu\"}]},{\"@type\":\"WebSite\",\"@id\":\"https:\/\/sandzakpress.net\/arhiva\/#website\",\"url\":\"https:\/\/sandzakpress.net\/arhiva\/\",\"name\":\"Sand\u017eak PRESS\",\"description\":\"Prve elektronske novine u Sand\u017eaku\",\"publisher\":{\"@id\":\"https:\/\/sandzakpress.net\/arhiva\/#\/schema\/person\/6e72b67d6e51910a1117b3b483ba20bd\"},\"potentialAction\":[{\"@type\":\"SearchAction\",\"target\":{\"@type\":\"EntryPoint\",\"urlTemplate\":\"https:\/\/sandzakpress.net\/arhiva\/?s={search_term_string}\"},\"query-input\":{\"@type\":\"PropertyValueSpecification\",\"valueRequired\":true,\"valueName\":\"search_term_string\"}}],\"inLanguage\":\"bs-BA\"},{\"@type\":[\"Person\",\"Organization\"],\"@id\":\"https:\/\/sandzakpress.net\/arhiva\/#\/schema\/person\/6e72b67d6e51910a1117b3b483ba20bd\",\"name\":\"Kul\",\"image\":{\"@type\":\"ImageObject\",\"inLanguage\":\"bs-BA\",\"@id\":\"https:\/\/sandzakpress.net\/arhiva\/#\/schema\/person\/image\/\",\"url\":\"https:\/\/secure.gravatar.com\/avatar\/42263f39aa27ac04c43cab85c280eb2e?s=96&d=mm&r=pg\",\"contentUrl\":\"https:\/\/secure.gravatar.com\/avatar\/42263f39aa27ac04c43cab85c280eb2e?s=96&d=mm&r=pg\",\"caption\":\"Kul\"},\"logo\":{\"@id\":\"https:\/\/sandzakpress.net\/arhiva\/#\/schema\/person\/image\/\"}},{\"@type\":\"Person\",\"@id\":\"https:\/\/sandzakpress.net\/arhiva\/#\/schema\/person\/cb59d7e3ab91ab90dd680ad0305a6185\",\"name\":\"Agencija\",\"image\":{\"@type\":\"ImageObject\",\"inLanguage\":\"bs-BA\",\"@id\":\"https:\/\/sandzakpress.net\/arhiva\/#\/schema\/person\/image\/\",\"url\":\"https:\/\/secure.gravatar.com\/avatar\/4b7fafa80a22f0c2afe23966b3961fe0?s=96&d=mm&r=pg\",\"contentUrl\":\"https:\/\/secure.gravatar.com\/avatar\/4b7fafa80a22f0c2afe23966b3961fe0?s=96&d=mm&r=pg\",\"caption\":\"Agencija\"},\"url\":\"https:\/\/sandzakpress.net\/arhiva\/author\/agencija\/\"}]}<\/script>\n<!-- \/ Yoast SEO Premium plugin. -->","yoast_head_json":{"title":"Vije\u0107nici Novog Pazara usvojili nacrt bud\u017eeta za 2020. godinu","robots":{"index":"index","follow":"follow","max-snippet":"max-snippet:-1","max-image-preview":"max-image-preview:large","max-video-preview":"max-video-preview:-1"},"canonical":"https:\/\/sandzakpress.net\/arhiva\/vijecnici-novog-pazara-usvojili-nacrt-budzeta-za-2020-godinu\/","og_locale":"bs_BA","og_type":"article","og_title":"Vije\u0107nici Novog Pazara usvojili nacrt bud\u017eeta za 2020. godinu","og_description":"Vije\u0107nici Novog Pazara usvojili su nacrt bud\u017eeta za 2020. godinu, koji je za 3 odsto uve\u0107an u odnosu na ovogodi\u0161nji bud\u017eet. Tako\u0111e, na ovom zasedanju, izme\u0111u ostalog, usvojeni su i planovi i programi rada svih javnih preduze\u0107a i ustanova. Bud\u017eet Grada Novog Pazara za 2020.godinu projektovan je na 3 milijarde i 230 miliona dinara. Pre [&hellip;]","og_url":"https:\/\/sandzakpress.net\/arhiva\/vijecnici-novog-pazara-usvojili-nacrt-budzeta-za-2020-godinu\/","og_site_name":"Sand\u017eak PRESS","article_published_time":"2019-12-11T16:02:03+00:00","og_image":[{"width":800,"height":450,"url":"https:\/\/sandzakpress.net\/arhiva\/wp-content\/uploads\/2019\/12\/img_1248.jpg","type":"image\/jpeg"}],"author":"Agencija","twitter_card":"summary_large_image","twitter_misc":{"Written by":"Agencija","Est. reading time":"1 minuta"},"schema":{"@context":"https:\/\/schema.org","@graph":[{"@type":"Article","@id":"https:\/\/sandzakpress.net\/arhiva\/vijecnici-novog-pazara-usvojili-nacrt-budzeta-za-2020-godinu\/#article","isPartOf":{"@id":"https:\/\/sandzakpress.net\/arhiva\/vijecnici-novog-pazara-usvojili-nacrt-budzeta-za-2020-godinu\/"},"author":{"name":"Agencija","@id":"https:\/\/sandzakpress.net\/arhiva\/#\/schema\/person\/cb59d7e3ab91ab90dd680ad0305a6185"},"headline":"Vije\u0107nici Novog Pazara usvojili nacrt bud\u017eeta za 2020. godinu","datePublished":"2019-12-11T16:02:03+00:00","mainEntityOfPage":{"@id":"https:\/\/sandzakpress.net\/arhiva\/vijecnici-novog-pazara-usvojili-nacrt-budzeta-za-2020-godinu\/"},"wordCount":236,"commentCount":0,"publisher":{"@id":"https:\/\/sandzakpress.net\/arhiva\/#\/schema\/person\/6e72b67d6e51910a1117b3b483ba20bd"},"image":{"@id":"https:\/\/sandzakpress.net\/arhiva\/vijecnici-novog-pazara-usvojili-nacrt-budzeta-za-2020-godinu\/#primaryimage"},"thumbnailUrl":"https:\/\/sandzakpress.net\/arhiva\/wp-content\/uploads\/2019\/12\/img_1248.jpg","articleSection":["Novi Pazar","Politika"],"inLanguage":"bs-BA","potentialAction":[{"@type":"CommentAction","name":"Comment","target":["https:\/\/sandzakpress.net\/arhiva\/vijecnici-novog-pazara-usvojili-nacrt-budzeta-za-2020-godinu\/#respond"]}]},{"@type":"WebPage","@id":"https:\/\/sandzakpress.net\/arhiva\/vijecnici-novog-pazara-usvojili-nacrt-budzeta-za-2020-godinu\/","url":"https:\/\/sandzakpress.net\/arhiva\/vijecnici-novog-pazara-usvojili-nacrt-budzeta-za-2020-godinu\/","name":"Vije\u0107nici Novog Pazara usvojili nacrt bud\u017eeta za 2020. godinu","isPartOf":{"@id":"https:\/\/sandzakpress.net\/arhiva\/#website"},"primaryImageOfPage":{"@id":"https:\/\/sandzakpress.net\/arhiva\/vijecnici-novog-pazara-usvojili-nacrt-budzeta-za-2020-godinu\/#primaryimage"},"image":{"@id":"https:\/\/sandzakpress.net\/arhiva\/vijecnici-novog-pazara-usvojili-nacrt-budzeta-za-2020-godinu\/#primaryimage"},"thumbnailUrl":"https:\/\/sandzakpress.net\/arhiva\/wp-content\/uploads\/2019\/12\/img_1248.jpg","datePublished":"2019-12-11T16:02:03+00:00","breadcrumb":{"@id":"https:\/\/sandzakpress.net\/arhiva\/vijecnici-novog-pazara-usvojili-nacrt-budzeta-za-2020-godinu\/#breadcrumb"},"inLanguage":"bs-BA","potentialAction":[{"@type":"ReadAction","target":["https:\/\/sandzakpress.net\/arhiva\/vijecnici-novog-pazara-usvojili-nacrt-budzeta-za-2020-godinu\/"]}]},{"@type":"ImageObject","inLanguage":"bs-BA","@id":"https:\/\/sandzakpress.net\/arhiva\/vijecnici-novog-pazara-usvojili-nacrt-budzeta-za-2020-godinu\/#primaryimage","url":"https:\/\/sandzakpress.net\/arhiva\/wp-content\/uploads\/2019\/12\/img_1248.jpg","contentUrl":"https:\/\/sandzakpress.net\/arhiva\/wp-content\/uploads\/2019\/12\/img_1248.jpg","width":800,"height":450},{"@type":"BreadcrumbList","@id":"https:\/\/sandzakpress.net\/arhiva\/vijecnici-novog-pazara-usvojili-nacrt-budzeta-za-2020-godinu\/#breadcrumb","itemListElement":[{"@type":"ListItem","position":1,"name":"Home","item":"https:\/\/sandzakpress.net\/arhiva\/"},{"@type":"ListItem","position":2,"name":"Vije\u0107nici Novog Pazara usvojili nacrt bud\u017eeta za 2020. godinu"}]},{"@type":"WebSite","@id":"https:\/\/sandzakpress.net\/arhiva\/#website","url":"https:\/\/sandzakpress.net\/arhiva\/","name":"Sand\u017eak PRESS","description":"Prve elektronske novine u Sand\u017eaku","publisher":{"@id":"https:\/\/sandzakpress.net\/arhiva\/#\/schema\/person\/6e72b67d6e51910a1117b3b483ba20bd"},"potentialAction":[{"@type":"SearchAction","target":{"@type":"EntryPoint","urlTemplate":"https:\/\/sandzakpress.net\/arhiva\/?s={search_term_string}"},"query-input":{"@type":"PropertyValueSpecification","valueRequired":true,"valueName":"search_term_string"}}],"inLanguage":"bs-BA"},{"@type":["Person","Organization"],"@id":"https:\/\/sandzakpress.net\/arhiva\/#\/schema\/person\/6e72b67d6e51910a1117b3b483ba20bd","name":"Kul","image":{"@type":"ImageObject","inLanguage":"bs-BA","@id":"https:\/\/sandzakpress.net\/arhiva\/#\/schema\/person\/image\/","url":"https:\/\/secure.gravatar.com\/avatar\/42263f39aa27ac04c43cab85c280eb2e?s=96&d=mm&r=pg","contentUrl":"https:\/\/secure.gravatar.com\/avatar\/42263f39aa27ac04c43cab85c280eb2e?s=96&d=mm&r=pg","caption":"Kul"},"logo":{"@id":"https:\/\/sandzakpress.net\/arhiva\/#\/schema\/person\/image\/"}},{"@type":"Person","@id":"https:\/\/sandzakpress.net\/arhiva\/#\/schema\/person\/cb59d7e3ab91ab90dd680ad0305a6185","name":"Agencija","image":{"@type":"ImageObject","inLanguage":"bs-BA","@id":"https:\/\/sandzakpress.net\/arhiva\/#\/schema\/person\/image\/","url":"https:\/\/secure.gravatar.com\/avatar\/4b7fafa80a22f0c2afe23966b3961fe0?s=96&d=mm&r=pg","contentUrl":"https:\/\/secure.gravatar.com\/avatar\/4b7fafa80a22f0c2afe23966b3961fe0?s=96&d=mm&r=pg","caption":"Agencija"},"url":"https:\/\/sandzakpress.net\/arhiva\/author\/agencija\/"}]}},"_links":{"self":[{"href":"https:\/\/sandzakpress.net\/arhiva\/wp-json\/wp\/v2\/posts\/231619"}],"collection":[{"href":"https:\/\/sandzakpress.net\/arhiva\/wp-json\/wp\/v2\/posts"}],"about":[{"href":"https:\/\/sandzakpress.net\/arhiva\/wp-json\/wp\/v2\/types\/post"}],"author":[{"embeddable":true,"href":"https:\/\/sandzakpress.net\/arhiva\/wp-json\/wp\/v2\/users\/509"}],"replies":[{"embeddable":true,"href":"https:\/\/sandzakpress.net\/arhiva\/wp-json\/wp\/v2\/comments?post=231619"}],"version-history":[{"count":0,"href":"https:\/\/sandzakpress.net\/arhiva\/wp-json\/wp\/v2\/posts\/231619\/revisions"}],"wp:featuredmedia":[{"embeddable":true,"href":"https:\/\/sandzakpress.net\/arhiva\/wp-json\/wp\/v2\/media\/231624"}],"wp:attachment":[{"href":"https:\/\/sandzakpress.net\/arhiva\/wp-json\/wp\/v2\/media?parent=231619"}],"wp:term":[{"taxonomy":"category","embeddable":true,"href":"https:\/\/sandzakpress.net\/arhiva\/wp-json\/wp\/v2\/categories?post=231619"},{"taxonomy":"post_tag","embeddable":true,"href":"https:\/\/sandzakpress.net\/arhiva\/wp-json\/wp\/v2\/tags?post=231619"}],"curies":[{"name":"wp","href":"https:\/\/api.w.org\/{rel}","templated":true}]}}