{"id":231598,"date":"2019-12-11T09:36:10","date_gmt":"2019-12-11T08:36:10","guid":{"rendered":"https:\/\/sandzakpress.net\/arhiva\/?p=231598"},"modified":"2019-12-11T13:15:36","modified_gmt":"2019-12-11T12:15:36","slug":"na-iunp-u-obiljezen-medjunarodni-dan-ljudskih-prava","status":"publish","type":"post","link":"https:\/\/sandzakpress.net\/arhiva\/na-iunp-u-obiljezen-medjunarodni-dan-ljudskih-prava\/","title":{"rendered":"Na IUNP-u obilje\u017een Me\u0111unarodni dan ljudskih prava"},"content":{"rendered":"<p><img decoding=\"async\" src=\"http:\/\/sanapress.info\/wp-content\/uploads\/2019\/12\/Studentska-besjeda.jpg\" \/><\/p>\n<p><strong>Povodom Me\u0111unarodnog dana ljudskih prava u okrugloj Sali Internacionalnog univerziteta organizirana je studentska besjeda o ljudskim pravima.<\/strong><\/p>\n<p>Studenti departmana za pravne nauke govorili o razvoju ljudskih prava, pravima \u017eena kao i o tome kako se pravo sprovodi u drugim dr\u017eavama ali i u na\u0161oj dr\u017eavi.<\/p>\n<p><em>\u201eDana\u0161nji dan je prilika da se podsjetimo da smo svi ro\u0111eni jednaki. Boja ko\u017ee, vjera, nacija ili invaliditet ne smije biti prepreka u po\u0161tivanju jedni drugih. Va\u017eno je naglasiti specifi\u010dnu ulogu obrazovanja koja nikako ne bi smjela biti zanemarena jer kada znamo svoja prava, znat \u0107emo i adekvatan na\u010din da ih za\u0161titimo.\u201c<\/em>, istakla Esma Ljaji\u0107.<\/p>\n<p><em>\u201eSagledala sam cjelokupno jednu situaciju kako u nekim drugim dr\u017eavama tako i kod nas, kako je pravo, kako se pravo sprovodi i predstavila jednu realnu situaciju. Naravno kroz to pravo sam predstavila jedan svoj kriti\u010dki stav ako ve\u0107 danas govorimo o pravu, o ljudskim pravima, onda je svakako potrebno i da jedno ljudsko pravo tj. slobodu govora predstavimo na ovakav na\u010din.\u201c<\/em>, istakla Nikolina Milunovi\u0107.<\/p>\n<div class=\"youtube-embed\" data-video_id=\"0-bnI6lF0RA\"><iframe loading=\"lazy\" title=\"Na IUNP-u obilje\u017een Me\u0111unarodni dan ljudskih prava\" width=\"696\" height=\"392\" src=\"https:\/\/www.youtube.com\/embed\/0-bnI6lF0RA?start=1&#038;feature=oembed\" frameborder=\"0\" allow=\"accelerometer; autoplay; encrypted-media; gyroscope; picture-in-picture\" allowfullscreen><\/iframe><\/div>\n<p><em>\u201eJa sam govorio o nastanku i razvoju ljudskih prava tokom historije do dana\u0161njih dana, o tome koji su najva\u017eniji akti bili za razvoj ljudskih prava, \u0161ta je to bila prekretnica u razvoju ljudskih prava. Smatram da je ova besjeda izuzetno bitna jer mi studenti pravnog fakulteta moramo da budemo noioci veoma va\u017enih funkcija kao \u0161to su neke od politi\u010dkih funkcija, tu\u017eila\u010dkih, sudijskih i sli\u010dno i veoma je korisno imati ovakve besjede iz razloga da razvijamo retori\u010dke vje\u0161tine.\u201c<\/em>, istakao Ramiz Memi\u0161ahovi\u0107.<\/p>\n<p><em>\u201eDanas sam govorila o pravima \u017eena u na\u0161oj zemlji, kakva prava imaju na\u0161e \u017eene. Ta\u010dno sam odredila taj prelaz kako je nekada bilo a kako je danas.\u201c<\/em>, istakla Nezrina Selmanovi\u0107.<\/p>\n<p>Besjednici su bili: Nikolina Milunovi\u0107, Esma Ljaji\u0107, Nezrina Selmanovi\u0107, Kemal \u0110eki\u0107, Rafet Nik\u0161i\u0107, Ramiz Memi\u0161ahovi\u0107.<\/p>\n<p><img decoding=\"async\" src=\"http:\/\/sanapress.info\/wp-content\/uploads\/2019\/12\/Studentska-besjeda-1.jpg\" \/><\/p>\n<p><img decoding=\"async\" src=\"http:\/\/sanapress.info\/wp-content\/uploads\/2019\/12\/Studentska-besjeda-2.jpg\" \/><\/p>\n","protected":false},"excerpt":{"rendered":"<p>Povodom Me\u0111unarodnog dana ljudskih prava u okrugloj Sali Internacionalnog univerziteta organizirana je studentska besjeda o ljudskim pravima. Studenti departmana za pravne nauke govorili o razvoju ljudskih prava, pravima \u017eena kao i o tome kako se pravo sprovodi u drugim dr\u017eavama ali i u na\u0161oj dr\u017eavi. \u201eDana\u0161nji dan je prilika da se podsjetimo da smo svi [&hellip;]<\/p>\n","protected":false},"author":509,"featured_media":231599,"comment_status":"open","ping_status":"open","sticky":false,"template":"","format":"standard","meta":{"footnotes":""},"categories":[72,4,8957],"tags":[],"class_list":{"0":"post-231598","1":"post","2":"type-post","3":"status-publish","4":"format-standard","5":"has-post-thumbnail","7":"category-novi-pazar","8":"category-obrazovanje","9":"category-vijesti-dana"},"yoast_head":"<!-- This site is optimized with the Yoast SEO Premium plugin v23.1 (Yoast SEO v24.9) - https:\/\/yoast.com\/wordpress\/plugins\/seo\/ -->\n<title>Na IUNP-u obilje\u017een Me\u0111unarodni dan ljudskih prava<\/title>\n<meta name=\"robots\" content=\"index, follow, max-snippet:-1, max-image-preview:large, max-video-preview:-1\" \/>\n<link rel=\"canonical\" href=\"https:\/\/sandzakpress.net\/arhiva\/na-iunp-u-obiljezen-medjunarodni-dan-ljudskih-prava\/\" \/>\n<meta property=\"og:locale\" content=\"bs_BA\" \/>\n<meta property=\"og:type\" content=\"article\" \/>\n<meta property=\"og:title\" content=\"Na IUNP-u obilje\u017een Me\u0111unarodni dan ljudskih prava\" \/>\n<meta property=\"og:description\" content=\"Povodom Me\u0111unarodnog dana ljudskih prava u okrugloj Sali Internacionalnog univerziteta organizirana je studentska besjeda o ljudskim pravima. Studenti departmana za pravne nauke govorili o razvoju ljudskih prava, pravima \u017eena kao i o tome kako se pravo sprovodi u drugim dr\u017eavama ali i u na\u0161oj dr\u017eavi. \u201eDana\u0161nji dan je prilika da se podsjetimo da smo svi [&hellip;]\" \/>\n<meta property=\"og:url\" content=\"https:\/\/sandzakpress.net\/arhiva\/na-iunp-u-obiljezen-medjunarodni-dan-ljudskih-prava\/\" \/>\n<meta property=\"og:site_name\" content=\"Sand\u017eak PRESS\" \/>\n<meta property=\"article:published_time\" content=\"2019-12-11T08:36:10+00:00\" \/>\n<meta property=\"article:modified_time\" content=\"2019-12-11T12:15:36+00:00\" \/>\n<meta property=\"og:image\" content=\"https:\/\/sandzakpress.net\/arhiva\/wp-content\/uploads\/2019\/12\/Studentska-besjeda.jpg\" \/>\n\t<meta property=\"og:image:width\" content=\"1600\" \/>\n\t<meta property=\"og:image:height\" content=\"1200\" \/>\n\t<meta property=\"og:image:type\" content=\"image\/jpeg\" \/>\n<meta name=\"author\" content=\"Agencija\" \/>\n<meta name=\"twitter:card\" content=\"summary_large_image\" \/>\n<meta name=\"twitter:label1\" content=\"Written by\" \/>\n\t<meta name=\"twitter:data1\" content=\"Agencija\" \/>\n\t<meta name=\"twitter:label2\" content=\"Est. reading time\" \/>\n\t<meta name=\"twitter:data2\" content=\"2 minute\" \/>\n<script type=\"application\/ld+json\" class=\"yoast-schema-graph\">{\"@context\":\"https:\/\/schema.org\",\"@graph\":[{\"@type\":\"Article\",\"@id\":\"https:\/\/sandzakpress.net\/arhiva\/na-iunp-u-obiljezen-medjunarodni-dan-ljudskih-prava\/#article\",\"isPartOf\":{\"@id\":\"https:\/\/sandzakpress.net\/arhiva\/na-iunp-u-obiljezen-medjunarodni-dan-ljudskih-prava\/\"},\"author\":{\"name\":\"Agencija\",\"@id\":\"https:\/\/sandzakpress.net\/arhiva\/#\/schema\/person\/cb59d7e3ab91ab90dd680ad0305a6185\"},\"headline\":\"Na IUNP-u obilje\u017een Me\u0111unarodni dan ljudskih prava\",\"datePublished\":\"2019-12-11T08:36:10+00:00\",\"dateModified\":\"2019-12-11T12:15:36+00:00\",\"mainEntityOfPage\":{\"@id\":\"https:\/\/sandzakpress.net\/arhiva\/na-iunp-u-obiljezen-medjunarodni-dan-ljudskih-prava\/\"},\"wordCount\":340,\"commentCount\":0,\"publisher\":{\"@id\":\"https:\/\/sandzakpress.net\/arhiva\/#\/schema\/person\/6e72b67d6e51910a1117b3b483ba20bd\"},\"image\":{\"@id\":\"https:\/\/sandzakpress.net\/arhiva\/na-iunp-u-obiljezen-medjunarodni-dan-ljudskih-prava\/#primaryimage\"},\"thumbnailUrl\":\"https:\/\/sandzakpress.net\/arhiva\/wp-content\/uploads\/2019\/12\/Studentska-besjeda.jpg\",\"articleSection\":[\"Novi Pazar\",\"Obrazovanje\",\"VIJESTI DANA\"],\"inLanguage\":\"bs-BA\",\"potentialAction\":[{\"@type\":\"CommentAction\",\"name\":\"Comment\",\"target\":[\"https:\/\/sandzakpress.net\/arhiva\/na-iunp-u-obiljezen-medjunarodni-dan-ljudskih-prava\/#respond\"]}]},{\"@type\":\"WebPage\",\"@id\":\"https:\/\/sandzakpress.net\/arhiva\/na-iunp-u-obiljezen-medjunarodni-dan-ljudskih-prava\/\",\"url\":\"https:\/\/sandzakpress.net\/arhiva\/na-iunp-u-obiljezen-medjunarodni-dan-ljudskih-prava\/\",\"name\":\"Na IUNP-u obilje\u017een Me\u0111unarodni dan ljudskih prava\",\"isPartOf\":{\"@id\":\"https:\/\/sandzakpress.net\/arhiva\/#website\"},\"primaryImageOfPage\":{\"@id\":\"https:\/\/sandzakpress.net\/arhiva\/na-iunp-u-obiljezen-medjunarodni-dan-ljudskih-prava\/#primaryimage\"},\"image\":{\"@id\":\"https:\/\/sandzakpress.net\/arhiva\/na-iunp-u-obiljezen-medjunarodni-dan-ljudskih-prava\/#primaryimage\"},\"thumbnailUrl\":\"https:\/\/sandzakpress.net\/arhiva\/wp-content\/uploads\/2019\/12\/Studentska-besjeda.jpg\",\"datePublished\":\"2019-12-11T08:36:10+00:00\",\"dateModified\":\"2019-12-11T12:15:36+00:00\",\"breadcrumb\":{\"@id\":\"https:\/\/sandzakpress.net\/arhiva\/na-iunp-u-obiljezen-medjunarodni-dan-ljudskih-prava\/#breadcrumb\"},\"inLanguage\":\"bs-BA\",\"potentialAction\":[{\"@type\":\"ReadAction\",\"target\":[\"https:\/\/sandzakpress.net\/arhiva\/na-iunp-u-obiljezen-medjunarodni-dan-ljudskih-prava\/\"]}]},{\"@type\":\"ImageObject\",\"inLanguage\":\"bs-BA\",\"@id\":\"https:\/\/sandzakpress.net\/arhiva\/na-iunp-u-obiljezen-medjunarodni-dan-ljudskih-prava\/#primaryimage\",\"url\":\"https:\/\/sandzakpress.net\/arhiva\/wp-content\/uploads\/2019\/12\/Studentska-besjeda.jpg\",\"contentUrl\":\"https:\/\/sandzakpress.net\/arhiva\/wp-content\/uploads\/2019\/12\/Studentska-besjeda.jpg\",\"width\":1600,\"height\":1200},{\"@type\":\"BreadcrumbList\",\"@id\":\"https:\/\/sandzakpress.net\/arhiva\/na-iunp-u-obiljezen-medjunarodni-dan-ljudskih-prava\/#breadcrumb\",\"itemListElement\":[{\"@type\":\"ListItem\",\"position\":1,\"name\":\"Home\",\"item\":\"https:\/\/sandzakpress.net\/arhiva\/\"},{\"@type\":\"ListItem\",\"position\":2,\"name\":\"Na IUNP-u obilje\u017een Me\u0111unarodni dan ljudskih prava\"}]},{\"@type\":\"WebSite\",\"@id\":\"https:\/\/sandzakpress.net\/arhiva\/#website\",\"url\":\"https:\/\/sandzakpress.net\/arhiva\/\",\"name\":\"Sand\u017eak PRESS\",\"description\":\"Prve elektronske novine u Sand\u017eaku\",\"publisher\":{\"@id\":\"https:\/\/sandzakpress.net\/arhiva\/#\/schema\/person\/6e72b67d6e51910a1117b3b483ba20bd\"},\"potentialAction\":[{\"@type\":\"SearchAction\",\"target\":{\"@type\":\"EntryPoint\",\"urlTemplate\":\"https:\/\/sandzakpress.net\/arhiva\/?s={search_term_string}\"},\"query-input\":{\"@type\":\"PropertyValueSpecification\",\"valueRequired\":true,\"valueName\":\"search_term_string\"}}],\"inLanguage\":\"bs-BA\"},{\"@type\":[\"Person\",\"Organization\"],\"@id\":\"https:\/\/sandzakpress.net\/arhiva\/#\/schema\/person\/6e72b67d6e51910a1117b3b483ba20bd\",\"name\":\"Kul\",\"image\":{\"@type\":\"ImageObject\",\"inLanguage\":\"bs-BA\",\"@id\":\"https:\/\/sandzakpress.net\/arhiva\/#\/schema\/person\/image\/\",\"url\":\"https:\/\/secure.gravatar.com\/avatar\/42263f39aa27ac04c43cab85c280eb2e?s=96&d=mm&r=pg\",\"contentUrl\":\"https:\/\/secure.gravatar.com\/avatar\/42263f39aa27ac04c43cab85c280eb2e?s=96&d=mm&r=pg\",\"caption\":\"Kul\"},\"logo\":{\"@id\":\"https:\/\/sandzakpress.net\/arhiva\/#\/schema\/person\/image\/\"}},{\"@type\":\"Person\",\"@id\":\"https:\/\/sandzakpress.net\/arhiva\/#\/schema\/person\/cb59d7e3ab91ab90dd680ad0305a6185\",\"name\":\"Agencija\",\"image\":{\"@type\":\"ImageObject\",\"inLanguage\":\"bs-BA\",\"@id\":\"https:\/\/sandzakpress.net\/arhiva\/#\/schema\/person\/image\/\",\"url\":\"https:\/\/secure.gravatar.com\/avatar\/4b7fafa80a22f0c2afe23966b3961fe0?s=96&d=mm&r=pg\",\"contentUrl\":\"https:\/\/secure.gravatar.com\/avatar\/4b7fafa80a22f0c2afe23966b3961fe0?s=96&d=mm&r=pg\",\"caption\":\"Agencija\"},\"url\":\"https:\/\/sandzakpress.net\/arhiva\/author\/agencija\/\"}]}<\/script>\n<!-- \/ Yoast SEO Premium plugin. -->","yoast_head_json":{"title":"Na IUNP-u obilje\u017een Me\u0111unarodni dan ljudskih prava","robots":{"index":"index","follow":"follow","max-snippet":"max-snippet:-1","max-image-preview":"max-image-preview:large","max-video-preview":"max-video-preview:-1"},"canonical":"https:\/\/sandzakpress.net\/arhiva\/na-iunp-u-obiljezen-medjunarodni-dan-ljudskih-prava\/","og_locale":"bs_BA","og_type":"article","og_title":"Na IUNP-u obilje\u017een Me\u0111unarodni dan ljudskih prava","og_description":"Povodom Me\u0111unarodnog dana ljudskih prava u okrugloj Sali Internacionalnog univerziteta organizirana je studentska besjeda o ljudskim pravima. Studenti departmana za pravne nauke govorili o razvoju ljudskih prava, pravima \u017eena kao i o tome kako se pravo sprovodi u drugim dr\u017eavama ali i u na\u0161oj dr\u017eavi. \u201eDana\u0161nji dan je prilika da se podsjetimo da smo svi [&hellip;]","og_url":"https:\/\/sandzakpress.net\/arhiva\/na-iunp-u-obiljezen-medjunarodni-dan-ljudskih-prava\/","og_site_name":"Sand\u017eak PRESS","article_published_time":"2019-12-11T08:36:10+00:00","article_modified_time":"2019-12-11T12:15:36+00:00","og_image":[{"width":1600,"height":1200,"url":"https:\/\/sandzakpress.net\/arhiva\/wp-content\/uploads\/2019\/12\/Studentska-besjeda.jpg","type":"image\/jpeg"}],"author":"Agencija","twitter_card":"summary_large_image","twitter_misc":{"Written by":"Agencija","Est. reading time":"2 minute"},"schema":{"@context":"https:\/\/schema.org","@graph":[{"@type":"Article","@id":"https:\/\/sandzakpress.net\/arhiva\/na-iunp-u-obiljezen-medjunarodni-dan-ljudskih-prava\/#article","isPartOf":{"@id":"https:\/\/sandzakpress.net\/arhiva\/na-iunp-u-obiljezen-medjunarodni-dan-ljudskih-prava\/"},"author":{"name":"Agencija","@id":"https:\/\/sandzakpress.net\/arhiva\/#\/schema\/person\/cb59d7e3ab91ab90dd680ad0305a6185"},"headline":"Na IUNP-u obilje\u017een Me\u0111unarodni dan ljudskih prava","datePublished":"2019-12-11T08:36:10+00:00","dateModified":"2019-12-11T12:15:36+00:00","mainEntityOfPage":{"@id":"https:\/\/sandzakpress.net\/arhiva\/na-iunp-u-obiljezen-medjunarodni-dan-ljudskih-prava\/"},"wordCount":340,"commentCount":0,"publisher":{"@id":"https:\/\/sandzakpress.net\/arhiva\/#\/schema\/person\/6e72b67d6e51910a1117b3b483ba20bd"},"image":{"@id":"https:\/\/sandzakpress.net\/arhiva\/na-iunp-u-obiljezen-medjunarodni-dan-ljudskih-prava\/#primaryimage"},"thumbnailUrl":"https:\/\/sandzakpress.net\/arhiva\/wp-content\/uploads\/2019\/12\/Studentska-besjeda.jpg","articleSection":["Novi Pazar","Obrazovanje","VIJESTI DANA"],"inLanguage":"bs-BA","potentialAction":[{"@type":"CommentAction","name":"Comment","target":["https:\/\/sandzakpress.net\/arhiva\/na-iunp-u-obiljezen-medjunarodni-dan-ljudskih-prava\/#respond"]}]},{"@type":"WebPage","@id":"https:\/\/sandzakpress.net\/arhiva\/na-iunp-u-obiljezen-medjunarodni-dan-ljudskih-prava\/","url":"https:\/\/sandzakpress.net\/arhiva\/na-iunp-u-obiljezen-medjunarodni-dan-ljudskih-prava\/","name":"Na IUNP-u obilje\u017een Me\u0111unarodni dan ljudskih prava","isPartOf":{"@id":"https:\/\/sandzakpress.net\/arhiva\/#website"},"primaryImageOfPage":{"@id":"https:\/\/sandzakpress.net\/arhiva\/na-iunp-u-obiljezen-medjunarodni-dan-ljudskih-prava\/#primaryimage"},"image":{"@id":"https:\/\/sandzakpress.net\/arhiva\/na-iunp-u-obiljezen-medjunarodni-dan-ljudskih-prava\/#primaryimage"},"thumbnailUrl":"https:\/\/sandzakpress.net\/arhiva\/wp-content\/uploads\/2019\/12\/Studentska-besjeda.jpg","datePublished":"2019-12-11T08:36:10+00:00","dateModified":"2019-12-11T12:15:36+00:00","breadcrumb":{"@id":"https:\/\/sandzakpress.net\/arhiva\/na-iunp-u-obiljezen-medjunarodni-dan-ljudskih-prava\/#breadcrumb"},"inLanguage":"bs-BA","potentialAction":[{"@type":"ReadAction","target":["https:\/\/sandzakpress.net\/arhiva\/na-iunp-u-obiljezen-medjunarodni-dan-ljudskih-prava\/"]}]},{"@type":"ImageObject","inLanguage":"bs-BA","@id":"https:\/\/sandzakpress.net\/arhiva\/na-iunp-u-obiljezen-medjunarodni-dan-ljudskih-prava\/#primaryimage","url":"https:\/\/sandzakpress.net\/arhiva\/wp-content\/uploads\/2019\/12\/Studentska-besjeda.jpg","contentUrl":"https:\/\/sandzakpress.net\/arhiva\/wp-content\/uploads\/2019\/12\/Studentska-besjeda.jpg","width":1600,"height":1200},{"@type":"BreadcrumbList","@id":"https:\/\/sandzakpress.net\/arhiva\/na-iunp-u-obiljezen-medjunarodni-dan-ljudskih-prava\/#breadcrumb","itemListElement":[{"@type":"ListItem","position":1,"name":"Home","item":"https:\/\/sandzakpress.net\/arhiva\/"},{"@type":"ListItem","position":2,"name":"Na IUNP-u obilje\u017een Me\u0111unarodni dan ljudskih prava"}]},{"@type":"WebSite","@id":"https:\/\/sandzakpress.net\/arhiva\/#website","url":"https:\/\/sandzakpress.net\/arhiva\/","name":"Sand\u017eak PRESS","description":"Prve elektronske novine u Sand\u017eaku","publisher":{"@id":"https:\/\/sandzakpress.net\/arhiva\/#\/schema\/person\/6e72b67d6e51910a1117b3b483ba20bd"},"potentialAction":[{"@type":"SearchAction","target":{"@type":"EntryPoint","urlTemplate":"https:\/\/sandzakpress.net\/arhiva\/?s={search_term_string}"},"query-input":{"@type":"PropertyValueSpecification","valueRequired":true,"valueName":"search_term_string"}}],"inLanguage":"bs-BA"},{"@type":["Person","Organization"],"@id":"https:\/\/sandzakpress.net\/arhiva\/#\/schema\/person\/6e72b67d6e51910a1117b3b483ba20bd","name":"Kul","image":{"@type":"ImageObject","inLanguage":"bs-BA","@id":"https:\/\/sandzakpress.net\/arhiva\/#\/schema\/person\/image\/","url":"https:\/\/secure.gravatar.com\/avatar\/42263f39aa27ac04c43cab85c280eb2e?s=96&d=mm&r=pg","contentUrl":"https:\/\/secure.gravatar.com\/avatar\/42263f39aa27ac04c43cab85c280eb2e?s=96&d=mm&r=pg","caption":"Kul"},"logo":{"@id":"https:\/\/sandzakpress.net\/arhiva\/#\/schema\/person\/image\/"}},{"@type":"Person","@id":"https:\/\/sandzakpress.net\/arhiva\/#\/schema\/person\/cb59d7e3ab91ab90dd680ad0305a6185","name":"Agencija","image":{"@type":"ImageObject","inLanguage":"bs-BA","@id":"https:\/\/sandzakpress.net\/arhiva\/#\/schema\/person\/image\/","url":"https:\/\/secure.gravatar.com\/avatar\/4b7fafa80a22f0c2afe23966b3961fe0?s=96&d=mm&r=pg","contentUrl":"https:\/\/secure.gravatar.com\/avatar\/4b7fafa80a22f0c2afe23966b3961fe0?s=96&d=mm&r=pg","caption":"Agencija"},"url":"https:\/\/sandzakpress.net\/arhiva\/author\/agencija\/"}]}},"_links":{"self":[{"href":"https:\/\/sandzakpress.net\/arhiva\/wp-json\/wp\/v2\/posts\/231598"}],"collection":[{"href":"https:\/\/sandzakpress.net\/arhiva\/wp-json\/wp\/v2\/posts"}],"about":[{"href":"https:\/\/sandzakpress.net\/arhiva\/wp-json\/wp\/v2\/types\/post"}],"author":[{"embeddable":true,"href":"https:\/\/sandzakpress.net\/arhiva\/wp-json\/wp\/v2\/users\/509"}],"replies":[{"embeddable":true,"href":"https:\/\/sandzakpress.net\/arhiva\/wp-json\/wp\/v2\/comments?post=231598"}],"version-history":[{"count":0,"href":"https:\/\/sandzakpress.net\/arhiva\/wp-json\/wp\/v2\/posts\/231598\/revisions"}],"wp:featuredmedia":[{"embeddable":true,"href":"https:\/\/sandzakpress.net\/arhiva\/wp-json\/wp\/v2\/media\/231599"}],"wp:attachment":[{"href":"https:\/\/sandzakpress.net\/arhiva\/wp-json\/wp\/v2\/media?parent=231598"}],"wp:term":[{"taxonomy":"category","embeddable":true,"href":"https:\/\/sandzakpress.net\/arhiva\/wp-json\/wp\/v2\/categories?post=231598"},{"taxonomy":"post_tag","embeddable":true,"href":"https:\/\/sandzakpress.net\/arhiva\/wp-json\/wp\/v2\/tags?post=231598"}],"curies":[{"name":"wp","href":"https:\/\/api.w.org\/{rel}","templated":true}]}}