{"id":231548,"date":"2019-12-10T14:14:41","date_gmt":"2019-12-10T13:14:41","guid":{"rendered":"https:\/\/sandzakpress.net\/arhiva\/?p=231548"},"modified":"2019-12-10T14:14:41","modified_gmt":"2019-12-10T13:14:41","slug":"djondic-ugrozena-je-bezbijednost-mene-i-moje-porodice-presla-se-crvena-linija","status":"publish","type":"post","link":"https:\/\/sandzakpress.net\/arhiva\/djondic-ugrozena-je-bezbijednost-mene-i-moje-porodice-presla-se-crvena-linija\/","title":{"rendered":"\u0110ondi\u0107: Ugro\u017eena je bezbijednost mene i moje porodice &#8211; pre\u0161la se crvena linija"},"content":{"rendered":"<p><img loading=\"lazy\" decoding=\"async\" class=\"size-full wp-image-231553 aligncenter\" src=\"https:\/\/sandzakpress.net\/arhiva\/wp-content\/uploads\/2019\/12\/djondic.jpg\" alt=\"\" width=\"696\" height=\"467\" srcset=\"https:\/\/sandzakpress.net\/arhiva\/wp-content\/uploads\/2019\/12\/djondic.jpg 696w, https:\/\/sandzakpress.net\/arhiva\/wp-content\/uploads\/2019\/12\/djondic-616x413.jpg 616w\" sizes=\"(max-width: 696px) 100vw, 696px\" \/><\/p>\n<p><strong>Za sada nepoznat automobil zaustavio se ispred porodi\u010dne ku\u0107e direktora Doma za lica ometena u razvoju Omera \u0110ondi\u0107a i tom prilikom na njegov automobil bacio Molotovljev koktel.<\/strong><\/p>\n<p>Kontaktirali smo porodicu \u0110ondi\u0107 koji su nas obavijestili da nema povrije\u0111enih, ali da je \u0161teta na privatnom vozilu velika.\u00a0\u0110ondi\u0107 je tom prilikom istakao da je ugro\u017eena bezbijednost njega i porodice, te da se pre\u0161la crvena linija.<\/p>\n<p><iframe loading=\"lazy\" title=\"\u0110ondi\u0107: Ugro\u017eena je bezbijednost mene i moje porodice - pre\u0161la se crvena linija\" width=\"696\" height=\"392\" src=\"https:\/\/www.youtube.com\/embed\/YLxh0IAyWOM?feature=oembed\" frameborder=\"0\" allow=\"accelerometer; autoplay; encrypted-media; gyroscope; picture-in-picture\" allowfullscreen><\/iframe><\/p>\n<p><iframe loading=\"lazy\" title=\"Po drugi put zapaljen automobil direktora Doma u Tutinu Omera \u0110ondi\u0107a\" width=\"696\" height=\"392\" src=\"https:\/\/www.youtube.com\/embed\/HqvddRLcLQ0?feature=oembed\" frameborder=\"0\" allow=\"accelerometer; autoplay; encrypted-media; gyroscope; picture-in-picture\" allowfullscreen><\/iframe><\/p>\n<p><img decoding=\"async\" src=\"https:\/\/sandzakpress.net\/arhiva\/wp-content\/uploads\/2019\/12\/IMG-88f0e3a2fd956b3ce8e863b50cd7d0f0-V-640x853-616x821.jpg\" \/><img decoding=\"async\" src=\"https:\/\/sandzakpress.net\/arhiva\/wp-content\/uploads\/2019\/12\/IMG-4c4182e85c6af0caa45918de77ba1a82-V-768x576-616x462.jpg\" \/><\/p>\n","protected":false},"excerpt":{"rendered":"<p>Za sada nepoznat automobil zaustavio se ispred porodi\u010dne ku\u0107e direktora Doma za lica ometena u razvoju Omera \u0110ondi\u0107a i tom prilikom na njegov automobil bacio Molotovljev koktel. Kontaktirali smo porodicu \u0110ondi\u0107 koji su nas obavijestili da nema povrije\u0111enih, ali da je \u0161teta na privatnom vozilu velika.\u00a0\u0110ondi\u0107 je tom prilikom istakao da je ugro\u017eena bezbijednost njega [&hellip;]<\/p>\n","protected":false},"author":509,"featured_media":231553,"comment_status":"open","ping_status":"open","sticky":false,"template":"","format":"standard","meta":{"footnotes":""},"categories":[327,801,8957],"tags":[],"class_list":{"0":"post-231548","1":"post","2":"type-post","3":"status-publish","4":"format-standard","5":"has-post-thumbnail","7":"category-tutin","8":"category-crna_hronika","9":"category-vijesti-dana"},"yoast_head":"<!-- This site is optimized with the Yoast SEO Premium plugin v23.1 (Yoast SEO v24.9) - https:\/\/yoast.com\/wordpress\/plugins\/seo\/ -->\n<title>\u0110ondi\u0107: Ugro\u017eena je bezbijednost mene i moje porodice - pre\u0161la se crvena linija<\/title>\n<meta name=\"robots\" content=\"index, follow, max-snippet:-1, max-image-preview:large, max-video-preview:-1\" \/>\n<link rel=\"canonical\" href=\"https:\/\/sandzakpress.net\/arhiva\/djondic-ugrozena-je-bezbijednost-mene-i-moje-porodice-presla-se-crvena-linija\/\" \/>\n<meta property=\"og:locale\" content=\"bs_BA\" \/>\n<meta property=\"og:type\" content=\"article\" \/>\n<meta property=\"og:title\" content=\"\u0110ondi\u0107: Ugro\u017eena je bezbijednost mene i moje porodice - pre\u0161la se crvena linija\" \/>\n<meta property=\"og:description\" content=\"Za sada nepoznat automobil zaustavio se ispred porodi\u010dne ku\u0107e direktora Doma za lica ometena u razvoju Omera \u0110ondi\u0107a i tom prilikom na njegov automobil bacio Molotovljev koktel. Kontaktirali smo porodicu \u0110ondi\u0107 koji su nas obavijestili da nema povrije\u0111enih, ali da je \u0161teta na privatnom vozilu velika.\u00a0\u0110ondi\u0107 je tom prilikom istakao da je ugro\u017eena bezbijednost njega [&hellip;]\" \/>\n<meta property=\"og:url\" content=\"https:\/\/sandzakpress.net\/arhiva\/djondic-ugrozena-je-bezbijednost-mene-i-moje-porodice-presla-se-crvena-linija\/\" \/>\n<meta property=\"og:site_name\" content=\"Sand\u017eak PRESS\" \/>\n<meta property=\"article:published_time\" content=\"2019-12-10T13:14:41+00:00\" \/>\n<meta property=\"og:image\" content=\"https:\/\/sandzakpress.net\/arhiva\/wp-content\/uploads\/2019\/12\/djondic.jpg\" \/>\n\t<meta property=\"og:image:width\" content=\"696\" \/>\n\t<meta property=\"og:image:height\" content=\"467\" \/>\n\t<meta property=\"og:image:type\" content=\"image\/jpeg\" \/>\n<meta name=\"author\" content=\"Agencija\" \/>\n<meta name=\"twitter:card\" content=\"summary_large_image\" \/>\n<meta name=\"twitter:label1\" content=\"Written by\" \/>\n\t<meta name=\"twitter:data1\" content=\"Agencija\" \/>\n<script type=\"application\/ld+json\" class=\"yoast-schema-graph\">{\"@context\":\"https:\/\/schema.org\",\"@graph\":[{\"@type\":\"Article\",\"@id\":\"https:\/\/sandzakpress.net\/arhiva\/djondic-ugrozena-je-bezbijednost-mene-i-moje-porodice-presla-se-crvena-linija\/#article\",\"isPartOf\":{\"@id\":\"https:\/\/sandzakpress.net\/arhiva\/djondic-ugrozena-je-bezbijednost-mene-i-moje-porodice-presla-se-crvena-linija\/\"},\"author\":{\"name\":\"Agencija\",\"@id\":\"https:\/\/sandzakpress.net\/arhiva\/#\/schema\/person\/cb59d7e3ab91ab90dd680ad0305a6185\"},\"headline\":\"\u0110ondi\u0107: Ugro\u017eena je bezbijednost mene i moje porodice &#8211; pre\u0161la se crvena linija\",\"datePublished\":\"2019-12-10T13:14:41+00:00\",\"mainEntityOfPage\":{\"@id\":\"https:\/\/sandzakpress.net\/arhiva\/djondic-ugrozena-je-bezbijednost-mene-i-moje-porodice-presla-se-crvena-linija\/\"},\"wordCount\":94,\"commentCount\":1,\"publisher\":{\"@id\":\"https:\/\/sandzakpress.net\/arhiva\/#\/schema\/person\/6e72b67d6e51910a1117b3b483ba20bd\"},\"image\":{\"@id\":\"https:\/\/sandzakpress.net\/arhiva\/djondic-ugrozena-je-bezbijednost-mene-i-moje-porodice-presla-se-crvena-linija\/#primaryimage\"},\"thumbnailUrl\":\"https:\/\/sandzakpress.net\/arhiva\/wp-content\/uploads\/2019\/12\/djondic.jpg\",\"articleSection\":[\"Tutin\",\"Hronika\",\"VIJESTI DANA\"],\"inLanguage\":\"bs-BA\",\"potentialAction\":[{\"@type\":\"CommentAction\",\"name\":\"Comment\",\"target\":[\"https:\/\/sandzakpress.net\/arhiva\/djondic-ugrozena-je-bezbijednost-mene-i-moje-porodice-presla-se-crvena-linija\/#respond\"]}]},{\"@type\":\"WebPage\",\"@id\":\"https:\/\/sandzakpress.net\/arhiva\/djondic-ugrozena-je-bezbijednost-mene-i-moje-porodice-presla-se-crvena-linija\/\",\"url\":\"https:\/\/sandzakpress.net\/arhiva\/djondic-ugrozena-je-bezbijednost-mene-i-moje-porodice-presla-se-crvena-linija\/\",\"name\":\"\u0110ondi\u0107: Ugro\u017eena je bezbijednost mene i moje porodice - pre\u0161la se crvena linija\",\"isPartOf\":{\"@id\":\"https:\/\/sandzakpress.net\/arhiva\/#website\"},\"primaryImageOfPage\":{\"@id\":\"https:\/\/sandzakpress.net\/arhiva\/djondic-ugrozena-je-bezbijednost-mene-i-moje-porodice-presla-se-crvena-linija\/#primaryimage\"},\"image\":{\"@id\":\"https:\/\/sandzakpress.net\/arhiva\/djondic-ugrozena-je-bezbijednost-mene-i-moje-porodice-presla-se-crvena-linija\/#primaryimage\"},\"thumbnailUrl\":\"https:\/\/sandzakpress.net\/arhiva\/wp-content\/uploads\/2019\/12\/djondic.jpg\",\"datePublished\":\"2019-12-10T13:14:41+00:00\",\"breadcrumb\":{\"@id\":\"https:\/\/sandzakpress.net\/arhiva\/djondic-ugrozena-je-bezbijednost-mene-i-moje-porodice-presla-se-crvena-linija\/#breadcrumb\"},\"inLanguage\":\"bs-BA\",\"potentialAction\":[{\"@type\":\"ReadAction\",\"target\":[\"https:\/\/sandzakpress.net\/arhiva\/djondic-ugrozena-je-bezbijednost-mene-i-moje-porodice-presla-se-crvena-linija\/\"]}]},{\"@type\":\"ImageObject\",\"inLanguage\":\"bs-BA\",\"@id\":\"https:\/\/sandzakpress.net\/arhiva\/djondic-ugrozena-je-bezbijednost-mene-i-moje-porodice-presla-se-crvena-linija\/#primaryimage\",\"url\":\"https:\/\/sandzakpress.net\/arhiva\/wp-content\/uploads\/2019\/12\/djondic.jpg\",\"contentUrl\":\"https:\/\/sandzakpress.net\/arhiva\/wp-content\/uploads\/2019\/12\/djondic.jpg\",\"width\":696,\"height\":467},{\"@type\":\"BreadcrumbList\",\"@id\":\"https:\/\/sandzakpress.net\/arhiva\/djondic-ugrozena-je-bezbijednost-mene-i-moje-porodice-presla-se-crvena-linija\/#breadcrumb\",\"itemListElement\":[{\"@type\":\"ListItem\",\"position\":1,\"name\":\"Home\",\"item\":\"https:\/\/sandzakpress.net\/arhiva\/\"},{\"@type\":\"ListItem\",\"position\":2,\"name\":\"\u0110ondi\u0107: Ugro\u017eena je bezbijednost mene i moje porodice &#8211; pre\u0161la se crvena linija\"}]},{\"@type\":\"WebSite\",\"@id\":\"https:\/\/sandzakpress.net\/arhiva\/#website\",\"url\":\"https:\/\/sandzakpress.net\/arhiva\/\",\"name\":\"Sand\u017eak PRESS\",\"description\":\"Prve elektronske novine u Sand\u017eaku\",\"publisher\":{\"@id\":\"https:\/\/sandzakpress.net\/arhiva\/#\/schema\/person\/6e72b67d6e51910a1117b3b483ba20bd\"},\"potentialAction\":[{\"@type\":\"SearchAction\",\"target\":{\"@type\":\"EntryPoint\",\"urlTemplate\":\"https:\/\/sandzakpress.net\/arhiva\/?s={search_term_string}\"},\"query-input\":{\"@type\":\"PropertyValueSpecification\",\"valueRequired\":true,\"valueName\":\"search_term_string\"}}],\"inLanguage\":\"bs-BA\"},{\"@type\":[\"Person\",\"Organization\"],\"@id\":\"https:\/\/sandzakpress.net\/arhiva\/#\/schema\/person\/6e72b67d6e51910a1117b3b483ba20bd\",\"name\":\"Kul\",\"image\":{\"@type\":\"ImageObject\",\"inLanguage\":\"bs-BA\",\"@id\":\"https:\/\/sandzakpress.net\/arhiva\/#\/schema\/person\/image\/\",\"url\":\"https:\/\/secure.gravatar.com\/avatar\/42263f39aa27ac04c43cab85c280eb2e?s=96&d=mm&r=pg\",\"contentUrl\":\"https:\/\/secure.gravatar.com\/avatar\/42263f39aa27ac04c43cab85c280eb2e?s=96&d=mm&r=pg\",\"caption\":\"Kul\"},\"logo\":{\"@id\":\"https:\/\/sandzakpress.net\/arhiva\/#\/schema\/person\/image\/\"}},{\"@type\":\"Person\",\"@id\":\"https:\/\/sandzakpress.net\/arhiva\/#\/schema\/person\/cb59d7e3ab91ab90dd680ad0305a6185\",\"name\":\"Agencija\",\"image\":{\"@type\":\"ImageObject\",\"inLanguage\":\"bs-BA\",\"@id\":\"https:\/\/sandzakpress.net\/arhiva\/#\/schema\/person\/image\/\",\"url\":\"https:\/\/secure.gravatar.com\/avatar\/4b7fafa80a22f0c2afe23966b3961fe0?s=96&d=mm&r=pg\",\"contentUrl\":\"https:\/\/secure.gravatar.com\/avatar\/4b7fafa80a22f0c2afe23966b3961fe0?s=96&d=mm&r=pg\",\"caption\":\"Agencija\"},\"url\":\"https:\/\/sandzakpress.net\/arhiva\/author\/agencija\/\"}]}<\/script>\n<!-- \/ Yoast SEO Premium plugin. -->","yoast_head_json":{"title":"\u0110ondi\u0107: Ugro\u017eena je bezbijednost mene i moje porodice - pre\u0161la se crvena linija","robots":{"index":"index","follow":"follow","max-snippet":"max-snippet:-1","max-image-preview":"max-image-preview:large","max-video-preview":"max-video-preview:-1"},"canonical":"https:\/\/sandzakpress.net\/arhiva\/djondic-ugrozena-je-bezbijednost-mene-i-moje-porodice-presla-se-crvena-linija\/","og_locale":"bs_BA","og_type":"article","og_title":"\u0110ondi\u0107: Ugro\u017eena je bezbijednost mene i moje porodice - pre\u0161la se crvena linija","og_description":"Za sada nepoznat automobil zaustavio se ispred porodi\u010dne ku\u0107e direktora Doma za lica ometena u razvoju Omera \u0110ondi\u0107a i tom prilikom na njegov automobil bacio Molotovljev koktel. Kontaktirali smo porodicu \u0110ondi\u0107 koji su nas obavijestili da nema povrije\u0111enih, ali da je \u0161teta na privatnom vozilu velika.\u00a0\u0110ondi\u0107 je tom prilikom istakao da je ugro\u017eena bezbijednost njega [&hellip;]","og_url":"https:\/\/sandzakpress.net\/arhiva\/djondic-ugrozena-je-bezbijednost-mene-i-moje-porodice-presla-se-crvena-linija\/","og_site_name":"Sand\u017eak PRESS","article_published_time":"2019-12-10T13:14:41+00:00","og_image":[{"width":696,"height":467,"url":"https:\/\/sandzakpress.net\/arhiva\/wp-content\/uploads\/2019\/12\/djondic.jpg","type":"image\/jpeg"}],"author":"Agencija","twitter_card":"summary_large_image","twitter_misc":{"Written by":"Agencija"},"schema":{"@context":"https:\/\/schema.org","@graph":[{"@type":"Article","@id":"https:\/\/sandzakpress.net\/arhiva\/djondic-ugrozena-je-bezbijednost-mene-i-moje-porodice-presla-se-crvena-linija\/#article","isPartOf":{"@id":"https:\/\/sandzakpress.net\/arhiva\/djondic-ugrozena-je-bezbijednost-mene-i-moje-porodice-presla-se-crvena-linija\/"},"author":{"name":"Agencija","@id":"https:\/\/sandzakpress.net\/arhiva\/#\/schema\/person\/cb59d7e3ab91ab90dd680ad0305a6185"},"headline":"\u0110ondi\u0107: Ugro\u017eena je bezbijednost mene i moje porodice &#8211; pre\u0161la se crvena linija","datePublished":"2019-12-10T13:14:41+00:00","mainEntityOfPage":{"@id":"https:\/\/sandzakpress.net\/arhiva\/djondic-ugrozena-je-bezbijednost-mene-i-moje-porodice-presla-se-crvena-linija\/"},"wordCount":94,"commentCount":1,"publisher":{"@id":"https:\/\/sandzakpress.net\/arhiva\/#\/schema\/person\/6e72b67d6e51910a1117b3b483ba20bd"},"image":{"@id":"https:\/\/sandzakpress.net\/arhiva\/djondic-ugrozena-je-bezbijednost-mene-i-moje-porodice-presla-se-crvena-linija\/#primaryimage"},"thumbnailUrl":"https:\/\/sandzakpress.net\/arhiva\/wp-content\/uploads\/2019\/12\/djondic.jpg","articleSection":["Tutin","Hronika","VIJESTI DANA"],"inLanguage":"bs-BA","potentialAction":[{"@type":"CommentAction","name":"Comment","target":["https:\/\/sandzakpress.net\/arhiva\/djondic-ugrozena-je-bezbijednost-mene-i-moje-porodice-presla-se-crvena-linija\/#respond"]}]},{"@type":"WebPage","@id":"https:\/\/sandzakpress.net\/arhiva\/djondic-ugrozena-je-bezbijednost-mene-i-moje-porodice-presla-se-crvena-linija\/","url":"https:\/\/sandzakpress.net\/arhiva\/djondic-ugrozena-je-bezbijednost-mene-i-moje-porodice-presla-se-crvena-linija\/","name":"\u0110ondi\u0107: Ugro\u017eena je bezbijednost mene i moje porodice - pre\u0161la se crvena linija","isPartOf":{"@id":"https:\/\/sandzakpress.net\/arhiva\/#website"},"primaryImageOfPage":{"@id":"https:\/\/sandzakpress.net\/arhiva\/djondic-ugrozena-je-bezbijednost-mene-i-moje-porodice-presla-se-crvena-linija\/#primaryimage"},"image":{"@id":"https:\/\/sandzakpress.net\/arhiva\/djondic-ugrozena-je-bezbijednost-mene-i-moje-porodice-presla-se-crvena-linija\/#primaryimage"},"thumbnailUrl":"https:\/\/sandzakpress.net\/arhiva\/wp-content\/uploads\/2019\/12\/djondic.jpg","datePublished":"2019-12-10T13:14:41+00:00","breadcrumb":{"@id":"https:\/\/sandzakpress.net\/arhiva\/djondic-ugrozena-je-bezbijednost-mene-i-moje-porodice-presla-se-crvena-linija\/#breadcrumb"},"inLanguage":"bs-BA","potentialAction":[{"@type":"ReadAction","target":["https:\/\/sandzakpress.net\/arhiva\/djondic-ugrozena-je-bezbijednost-mene-i-moje-porodice-presla-se-crvena-linija\/"]}]},{"@type":"ImageObject","inLanguage":"bs-BA","@id":"https:\/\/sandzakpress.net\/arhiva\/djondic-ugrozena-je-bezbijednost-mene-i-moje-porodice-presla-se-crvena-linija\/#primaryimage","url":"https:\/\/sandzakpress.net\/arhiva\/wp-content\/uploads\/2019\/12\/djondic.jpg","contentUrl":"https:\/\/sandzakpress.net\/arhiva\/wp-content\/uploads\/2019\/12\/djondic.jpg","width":696,"height":467},{"@type":"BreadcrumbList","@id":"https:\/\/sandzakpress.net\/arhiva\/djondic-ugrozena-je-bezbijednost-mene-i-moje-porodice-presla-se-crvena-linija\/#breadcrumb","itemListElement":[{"@type":"ListItem","position":1,"name":"Home","item":"https:\/\/sandzakpress.net\/arhiva\/"},{"@type":"ListItem","position":2,"name":"\u0110ondi\u0107: Ugro\u017eena je bezbijednost mene i moje porodice &#8211; pre\u0161la se crvena linija"}]},{"@type":"WebSite","@id":"https:\/\/sandzakpress.net\/arhiva\/#website","url":"https:\/\/sandzakpress.net\/arhiva\/","name":"Sand\u017eak PRESS","description":"Prve elektronske novine u Sand\u017eaku","publisher":{"@id":"https:\/\/sandzakpress.net\/arhiva\/#\/schema\/person\/6e72b67d6e51910a1117b3b483ba20bd"},"potentialAction":[{"@type":"SearchAction","target":{"@type":"EntryPoint","urlTemplate":"https:\/\/sandzakpress.net\/arhiva\/?s={search_term_string}"},"query-input":{"@type":"PropertyValueSpecification","valueRequired":true,"valueName":"search_term_string"}}],"inLanguage":"bs-BA"},{"@type":["Person","Organization"],"@id":"https:\/\/sandzakpress.net\/arhiva\/#\/schema\/person\/6e72b67d6e51910a1117b3b483ba20bd","name":"Kul","image":{"@type":"ImageObject","inLanguage":"bs-BA","@id":"https:\/\/sandzakpress.net\/arhiva\/#\/schema\/person\/image\/","url":"https:\/\/secure.gravatar.com\/avatar\/42263f39aa27ac04c43cab85c280eb2e?s=96&d=mm&r=pg","contentUrl":"https:\/\/secure.gravatar.com\/avatar\/42263f39aa27ac04c43cab85c280eb2e?s=96&d=mm&r=pg","caption":"Kul"},"logo":{"@id":"https:\/\/sandzakpress.net\/arhiva\/#\/schema\/person\/image\/"}},{"@type":"Person","@id":"https:\/\/sandzakpress.net\/arhiva\/#\/schema\/person\/cb59d7e3ab91ab90dd680ad0305a6185","name":"Agencija","image":{"@type":"ImageObject","inLanguage":"bs-BA","@id":"https:\/\/sandzakpress.net\/arhiva\/#\/schema\/person\/image\/","url":"https:\/\/secure.gravatar.com\/avatar\/4b7fafa80a22f0c2afe23966b3961fe0?s=96&d=mm&r=pg","contentUrl":"https:\/\/secure.gravatar.com\/avatar\/4b7fafa80a22f0c2afe23966b3961fe0?s=96&d=mm&r=pg","caption":"Agencija"},"url":"https:\/\/sandzakpress.net\/arhiva\/author\/agencija\/"}]}},"_links":{"self":[{"href":"https:\/\/sandzakpress.net\/arhiva\/wp-json\/wp\/v2\/posts\/231548"}],"collection":[{"href":"https:\/\/sandzakpress.net\/arhiva\/wp-json\/wp\/v2\/posts"}],"about":[{"href":"https:\/\/sandzakpress.net\/arhiva\/wp-json\/wp\/v2\/types\/post"}],"author":[{"embeddable":true,"href":"https:\/\/sandzakpress.net\/arhiva\/wp-json\/wp\/v2\/users\/509"}],"replies":[{"embeddable":true,"href":"https:\/\/sandzakpress.net\/arhiva\/wp-json\/wp\/v2\/comments?post=231548"}],"version-history":[{"count":0,"href":"https:\/\/sandzakpress.net\/arhiva\/wp-json\/wp\/v2\/posts\/231548\/revisions"}],"wp:featuredmedia":[{"embeddable":true,"href":"https:\/\/sandzakpress.net\/arhiva\/wp-json\/wp\/v2\/media\/231553"}],"wp:attachment":[{"href":"https:\/\/sandzakpress.net\/arhiva\/wp-json\/wp\/v2\/media?parent=231548"}],"wp:term":[{"taxonomy":"category","embeddable":true,"href":"https:\/\/sandzakpress.net\/arhiva\/wp-json\/wp\/v2\/categories?post=231548"},{"taxonomy":"post_tag","embeddable":true,"href":"https:\/\/sandzakpress.net\/arhiva\/wp-json\/wp\/v2\/tags?post=231548"}],"curies":[{"name":"wp","href":"https:\/\/api.w.org\/{rel}","templated":true}]}}