{"id":231479,"date":"2019-12-07T14:43:32","date_gmt":"2019-12-07T13:43:32","guid":{"rendered":"https:\/\/sandzakpress.net\/arhiva\/?p=231479"},"modified":"2019-12-07T14:43:32","modified_gmt":"2019-12-07T13:43:32","slug":"mesihat-predao-sredstva-prikupljena-u-akciji-pomoci-za-nastradale-u-albaniji","status":"publish","type":"post","link":"https:\/\/sandzakpress.net\/arhiva\/mesihat-predao-sredstva-prikupljena-u-akciji-pomoci-za-nastradale-u-albaniji\/","title":{"rendered":"Me\u0161ihat predao sredstva prikupljena u akciji pomo\u0107i za nastradale u Albaniji"},"content":{"rendered":"<p><img loading=\"lazy\" decoding=\"async\" class=\"alignnone size-full wp-image-51265\" src=\"https:\/\/mesihat.org\/wp-content\/uploads\/2019\/12\/img-20191207-wa00104828788764466307626.jpg\" width=\"1600\" height=\"757\" \/><\/p>\n<p><strong>U petak 06.12.2019. godine delegacija Me\u0161ihata IZ-e u Srbiji predvo\u0111ena dr. Re\u0161ad ef. Plojovi\u0107em, u kojoj su bili Ibrahim ef. Ahmedi iz Pre\u0161eva i mr. Muhedin ef. Latifovi\u0107, posjetila je Islamsku zajednicu u Albaniji s ciljem predaje sredstava prikupljenih u akciji koju je Islamska zajednica u Srbiji organizirala u svojim d\u017eematima za pomo\u0107 stanovni\u0161tvu Albanije pogo\u0111enom jakim zemljotresom.<br \/><\/strong><br \/>U ime delegacije Me\u0161ihata dr. Plojovi\u0107 je prenio selame predsjednika, muftije dr. Mevlud ef. Dudi\u0107a predsjedniku Islamske zajednice u Albaniji muftiji Bujar ef. Spahiu, koji se sa svojim saradnicima zahvalio Islamskoj zajednici u Srbiji na realizaciji akcije pomo\u0107i i svim d\u017eematlijama koji su uzeli u\u010de\u0161\u0107e u njoj, kazav\u0161i da je ova pomo\u0107 velika, bez obzira na koli\u010dinu sredstava, te da ona govori puno o svijesti i humanosti muslimana Sand\u017eaka, Pre\u0161eva i cijele Srbije. Doma\u0107ini su delegaciju Me\u0161ihata detaljno upoznali sa posljedicama zemljotresa, te brojem \u017ertava \u010diji je bilans 51 poginulih i blizu 1000 povrije\u0111enih, sa ogromnim materijalnim gubicima.<\/p>\n<p>Tokom boravka u Tirani delegacija Me\u0161ihata je imala priliku obaviti d\u017euma namaz i obi\u0107i kompleks velike Centralne d\u017eamije u izgradnji, \u010diji se zavr\u0161etak radova i otvaranje o\u010dekuje tokom sljede\u0107e godine. Na velikom broju zgrada mogli su vidjeti ispucale zidove koji potvr\u0111uju ja\u010dinu nedavnog zemljotresa.<\/p>\n<p><img loading=\"lazy\" decoding=\"async\" class=\"wp-image-51266 alignnone size-full\" src=\"https:\/\/mesihat.org\/wp-content\/uploads\/2019\/12\/img-20191207-wa00096347936740119780589.jpg\" width=\"1600\" height=\"757\" \/><\/p>\n<p><img loading=\"lazy\" decoding=\"async\" class=\"wp-image-51267 alignnone size-full\" src=\"https:\/\/mesihat.org\/wp-content\/uploads\/2019\/12\/img-20191207-wa00007459805445049830890.jpg\" width=\"1600\" height=\"757\" \/><\/p>\n<p><img loading=\"lazy\" decoding=\"async\" class=\"wp-image-51272 alignnone size-full\" src=\"https:\/\/mesihat.org\/wp-content\/uploads\/2019\/12\/img-20191207-wa00125011472234259406628.jpg\" width=\"757\" height=\"1600\" \/><\/p>\n<p><img loading=\"lazy\" decoding=\"async\" class=\"wp-image-51270 alignnone size-full\" src=\"https:\/\/mesihat.org\/wp-content\/uploads\/2019\/12\/img-20191207-wa00118451267027792168168.jpg\" width=\"757\" height=\"1600\" \/><\/p>\n<p><img loading=\"lazy\" decoding=\"async\" class=\"wp-image-51268 alignnone size-full\" src=\"https:\/\/mesihat.org\/wp-content\/uploads\/2019\/12\/img-20191207-wa00138248926787525487092.jpg\" width=\"1600\" height=\"757\" \/><\/p>\n<p><img loading=\"lazy\" decoding=\"async\" class=\"wp-image-51269 alignnone size-full\" src=\"https:\/\/mesihat.org\/wp-content\/uploads\/2019\/12\/img-20191207-wa00088980305434247194339.jpg\" width=\"1600\" height=\"757\" \/><\/p>\n<p><img loading=\"lazy\" decoding=\"async\" class=\"wp-image-51278 alignnone size-full\" src=\"https:\/\/mesihat.org\/wp-content\/uploads\/2019\/12\/img-20191207-wa00078629254339906202796.jpg\" width=\"1599\" height=\"758\" \/><\/p>\n<p><img loading=\"lazy\" decoding=\"async\" class=\"wp-image-51271 alignnone size-full\" src=\"https:\/\/mesihat.org\/wp-content\/uploads\/2019\/12\/img-20191207-wa00067353082214264626667.jpg\" width=\"758\" height=\"1599\" \/><\/p>\n<p><img loading=\"lazy\" decoding=\"async\" class=\"alignnone size-full wp-image-51275\" src=\"https:\/\/mesihat.org\/wp-content\/uploads\/2019\/12\/img-20191207-wa00056336422749771898140.jpg\" width=\"757\" height=\"1600\" \/><\/p>\n<p><img loading=\"lazy\" decoding=\"async\" class=\"alignnone size-full wp-image-51276\" src=\"https:\/\/mesihat.org\/wp-content\/uploads\/2019\/12\/img-20191207-wa00044938361295121549913.jpg\" width=\"757\" height=\"1600\" \/><\/p>\n<p><img loading=\"lazy\" decoding=\"async\" class=\"wp-image-51274 alignnone size-full\" src=\"https:\/\/mesihat.org\/wp-content\/uploads\/2019\/12\/img-20191207-wa00018505240691995590611.jpg\" width=\"1600\" height=\"757\" \/><\/p>\n<p><img loading=\"lazy\" decoding=\"async\" class=\"wp-image-51273 alignnone size-full\" src=\"https:\/\/mesihat.org\/wp-content\/uploads\/2019\/12\/img-20191207-wa00038492013541426792484.jpg\" width=\"757\" height=\"1600\" \/><\/p>\n<p><img loading=\"lazy\" decoding=\"async\" class=\"wp-image-51277 alignnone size-full\" src=\"https:\/\/mesihat.org\/wp-content\/uploads\/2019\/12\/img-20191207-wa00028540112438068694041.jpg\" width=\"757\" height=\"1600\" \/><\/p>\n","protected":false},"excerpt":{"rendered":"<p>U petak 06.12.2019. godine delegacija Me\u0161ihata IZ-e u Srbiji predvo\u0111ena dr. Re\u0161ad ef. Plojovi\u0107em, u kojoj su bili Ibrahim ef. Ahmedi iz Pre\u0161eva i mr. Muhedin ef. Latifovi\u0107, posjetila je Islamsku zajednicu u Albaniji s ciljem predaje sredstava prikupljenih u akciji koju je Islamska zajednica u Srbiji organizirala u svojim d\u017eematima za pomo\u0107 stanovni\u0161tvu Albanije [&hellip;]<\/p>\n","protected":false},"author":509,"featured_media":231484,"comment_status":"open","ping_status":"open","sticky":false,"template":"","format":"standard","meta":{"footnotes":""},"categories":[72,802,8957],"tags":[],"class_list":{"0":"post-231479","1":"post","2":"type-post","3":"status-publish","4":"format-standard","5":"has-post-thumbnail","7":"category-novi-pazar","8":"category-islamska_zajednica","9":"category-vijesti-dana"},"yoast_head":"<!-- This site is optimized with the Yoast SEO Premium plugin v23.1 (Yoast SEO v24.9) - https:\/\/yoast.com\/wordpress\/plugins\/seo\/ -->\n<title>Me\u0161ihat predao sredstva prikupljena u akciji pomo\u0107i za nastradale u Albaniji<\/title>\n<meta name=\"robots\" content=\"index, follow, max-snippet:-1, max-image-preview:large, max-video-preview:-1\" \/>\n<link rel=\"canonical\" href=\"https:\/\/sandzakpress.net\/arhiva\/mesihat-predao-sredstva-prikupljena-u-akciji-pomoci-za-nastradale-u-albaniji\/\" \/>\n<meta property=\"og:locale\" content=\"bs_BA\" \/>\n<meta property=\"og:type\" content=\"article\" \/>\n<meta property=\"og:title\" content=\"Me\u0161ihat predao sredstva prikupljena u akciji pomo\u0107i za nastradale u Albaniji\" \/>\n<meta property=\"og:description\" content=\"U petak 06.12.2019. godine delegacija Me\u0161ihata IZ-e u Srbiji predvo\u0111ena dr. Re\u0161ad ef. Plojovi\u0107em, u kojoj su bili Ibrahim ef. Ahmedi iz Pre\u0161eva i mr. Muhedin ef. Latifovi\u0107, posjetila je Islamsku zajednicu u Albaniji s ciljem predaje sredstava prikupljenih u akciji koju je Islamska zajednica u Srbiji organizirala u svojim d\u017eematima za pomo\u0107 stanovni\u0161tvu Albanije [&hellip;]\" \/>\n<meta property=\"og:url\" content=\"https:\/\/sandzakpress.net\/arhiva\/mesihat-predao-sredstva-prikupljena-u-akciji-pomoci-za-nastradale-u-albaniji\/\" \/>\n<meta property=\"og:site_name\" content=\"Sand\u017eak PRESS\" \/>\n<meta property=\"article:published_time\" content=\"2019-12-07T13:43:32+00:00\" \/>\n<meta property=\"og:image\" content=\"https:\/\/sandzakpress.net\/arhiva\/wp-content\/uploads\/2019\/12\/img-20191207-wa00104828788764466307626.jpg\" \/>\n\t<meta property=\"og:image:width\" content=\"1600\" \/>\n\t<meta property=\"og:image:height\" content=\"757\" \/>\n\t<meta property=\"og:image:type\" content=\"image\/jpeg\" \/>\n<meta name=\"author\" content=\"Agencija\" \/>\n<meta name=\"twitter:card\" content=\"summary_large_image\" \/>\n<meta name=\"twitter:label1\" content=\"Written by\" \/>\n\t<meta name=\"twitter:data1\" content=\"Agencija\" \/>\n\t<meta name=\"twitter:label2\" content=\"Est. reading time\" \/>\n\t<meta name=\"twitter:data2\" content=\"1 minuta\" \/>\n<script type=\"application\/ld+json\" class=\"yoast-schema-graph\">{\"@context\":\"https:\/\/schema.org\",\"@graph\":[{\"@type\":\"Article\",\"@id\":\"https:\/\/sandzakpress.net\/arhiva\/mesihat-predao-sredstva-prikupljena-u-akciji-pomoci-za-nastradale-u-albaniji\/#article\",\"isPartOf\":{\"@id\":\"https:\/\/sandzakpress.net\/arhiva\/mesihat-predao-sredstva-prikupljena-u-akciji-pomoci-za-nastradale-u-albaniji\/\"},\"author\":{\"name\":\"Agencija\",\"@id\":\"https:\/\/sandzakpress.net\/arhiva\/#\/schema\/person\/cb59d7e3ab91ab90dd680ad0305a6185\"},\"headline\":\"Me\u0161ihat predao sredstva prikupljena u akciji pomo\u0107i za nastradale u Albaniji\",\"datePublished\":\"2019-12-07T13:43:32+00:00\",\"mainEntityOfPage\":{\"@id\":\"https:\/\/sandzakpress.net\/arhiva\/mesihat-predao-sredstva-prikupljena-u-akciji-pomoci-za-nastradale-u-albaniji\/\"},\"wordCount\":240,\"commentCount\":1,\"publisher\":{\"@id\":\"https:\/\/sandzakpress.net\/arhiva\/#\/schema\/person\/6e72b67d6e51910a1117b3b483ba20bd\"},\"image\":{\"@id\":\"https:\/\/sandzakpress.net\/arhiva\/mesihat-predao-sredstva-prikupljena-u-akciji-pomoci-za-nastradale-u-albaniji\/#primaryimage\"},\"thumbnailUrl\":\"https:\/\/sandzakpress.net\/arhiva\/wp-content\/uploads\/2019\/12\/img-20191207-wa00104828788764466307626.jpg\",\"articleSection\":[\"Novi Pazar\",\"Islamska zajednica\",\"VIJESTI DANA\"],\"inLanguage\":\"bs-BA\",\"potentialAction\":[{\"@type\":\"CommentAction\",\"name\":\"Comment\",\"target\":[\"https:\/\/sandzakpress.net\/arhiva\/mesihat-predao-sredstva-prikupljena-u-akciji-pomoci-za-nastradale-u-albaniji\/#respond\"]}]},{\"@type\":\"WebPage\",\"@id\":\"https:\/\/sandzakpress.net\/arhiva\/mesihat-predao-sredstva-prikupljena-u-akciji-pomoci-za-nastradale-u-albaniji\/\",\"url\":\"https:\/\/sandzakpress.net\/arhiva\/mesihat-predao-sredstva-prikupljena-u-akciji-pomoci-za-nastradale-u-albaniji\/\",\"name\":\"Me\u0161ihat predao sredstva prikupljena u akciji pomo\u0107i za nastradale u Albaniji\",\"isPartOf\":{\"@id\":\"https:\/\/sandzakpress.net\/arhiva\/#website\"},\"primaryImageOfPage\":{\"@id\":\"https:\/\/sandzakpress.net\/arhiva\/mesihat-predao-sredstva-prikupljena-u-akciji-pomoci-za-nastradale-u-albaniji\/#primaryimage\"},\"image\":{\"@id\":\"https:\/\/sandzakpress.net\/arhiva\/mesihat-predao-sredstva-prikupljena-u-akciji-pomoci-za-nastradale-u-albaniji\/#primaryimage\"},\"thumbnailUrl\":\"https:\/\/sandzakpress.net\/arhiva\/wp-content\/uploads\/2019\/12\/img-20191207-wa00104828788764466307626.jpg\",\"datePublished\":\"2019-12-07T13:43:32+00:00\",\"breadcrumb\":{\"@id\":\"https:\/\/sandzakpress.net\/arhiva\/mesihat-predao-sredstva-prikupljena-u-akciji-pomoci-za-nastradale-u-albaniji\/#breadcrumb\"},\"inLanguage\":\"bs-BA\",\"potentialAction\":[{\"@type\":\"ReadAction\",\"target\":[\"https:\/\/sandzakpress.net\/arhiva\/mesihat-predao-sredstva-prikupljena-u-akciji-pomoci-za-nastradale-u-albaniji\/\"]}]},{\"@type\":\"ImageObject\",\"inLanguage\":\"bs-BA\",\"@id\":\"https:\/\/sandzakpress.net\/arhiva\/mesihat-predao-sredstva-prikupljena-u-akciji-pomoci-za-nastradale-u-albaniji\/#primaryimage\",\"url\":\"https:\/\/sandzakpress.net\/arhiva\/wp-content\/uploads\/2019\/12\/img-20191207-wa00104828788764466307626.jpg\",\"contentUrl\":\"https:\/\/sandzakpress.net\/arhiva\/wp-content\/uploads\/2019\/12\/img-20191207-wa00104828788764466307626.jpg\",\"width\":1600,\"height\":757},{\"@type\":\"BreadcrumbList\",\"@id\":\"https:\/\/sandzakpress.net\/arhiva\/mesihat-predao-sredstva-prikupljena-u-akciji-pomoci-za-nastradale-u-albaniji\/#breadcrumb\",\"itemListElement\":[{\"@type\":\"ListItem\",\"position\":1,\"name\":\"Home\",\"item\":\"https:\/\/sandzakpress.net\/arhiva\/\"},{\"@type\":\"ListItem\",\"position\":2,\"name\":\"Me\u0161ihat predao sredstva prikupljena u akciji pomo\u0107i za nastradale u Albaniji\"}]},{\"@type\":\"WebSite\",\"@id\":\"https:\/\/sandzakpress.net\/arhiva\/#website\",\"url\":\"https:\/\/sandzakpress.net\/arhiva\/\",\"name\":\"Sand\u017eak PRESS\",\"description\":\"Prve elektronske novine u Sand\u017eaku\",\"publisher\":{\"@id\":\"https:\/\/sandzakpress.net\/arhiva\/#\/schema\/person\/6e72b67d6e51910a1117b3b483ba20bd\"},\"potentialAction\":[{\"@type\":\"SearchAction\",\"target\":{\"@type\":\"EntryPoint\",\"urlTemplate\":\"https:\/\/sandzakpress.net\/arhiva\/?s={search_term_string}\"},\"query-input\":{\"@type\":\"PropertyValueSpecification\",\"valueRequired\":true,\"valueName\":\"search_term_string\"}}],\"inLanguage\":\"bs-BA\"},{\"@type\":[\"Person\",\"Organization\"],\"@id\":\"https:\/\/sandzakpress.net\/arhiva\/#\/schema\/person\/6e72b67d6e51910a1117b3b483ba20bd\",\"name\":\"Kul\",\"image\":{\"@type\":\"ImageObject\",\"inLanguage\":\"bs-BA\",\"@id\":\"https:\/\/sandzakpress.net\/arhiva\/#\/schema\/person\/image\/\",\"url\":\"https:\/\/secure.gravatar.com\/avatar\/42263f39aa27ac04c43cab85c280eb2e?s=96&d=mm&r=pg\",\"contentUrl\":\"https:\/\/secure.gravatar.com\/avatar\/42263f39aa27ac04c43cab85c280eb2e?s=96&d=mm&r=pg\",\"caption\":\"Kul\"},\"logo\":{\"@id\":\"https:\/\/sandzakpress.net\/arhiva\/#\/schema\/person\/image\/\"}},{\"@type\":\"Person\",\"@id\":\"https:\/\/sandzakpress.net\/arhiva\/#\/schema\/person\/cb59d7e3ab91ab90dd680ad0305a6185\",\"name\":\"Agencija\",\"image\":{\"@type\":\"ImageObject\",\"inLanguage\":\"bs-BA\",\"@id\":\"https:\/\/sandzakpress.net\/arhiva\/#\/schema\/person\/image\/\",\"url\":\"https:\/\/secure.gravatar.com\/avatar\/4b7fafa80a22f0c2afe23966b3961fe0?s=96&d=mm&r=pg\",\"contentUrl\":\"https:\/\/secure.gravatar.com\/avatar\/4b7fafa80a22f0c2afe23966b3961fe0?s=96&d=mm&r=pg\",\"caption\":\"Agencija\"},\"url\":\"https:\/\/sandzakpress.net\/arhiva\/author\/agencija\/\"}]}<\/script>\n<!-- \/ Yoast SEO Premium plugin. -->","yoast_head_json":{"title":"Me\u0161ihat predao sredstva prikupljena u akciji pomo\u0107i za nastradale u Albaniji","robots":{"index":"index","follow":"follow","max-snippet":"max-snippet:-1","max-image-preview":"max-image-preview:large","max-video-preview":"max-video-preview:-1"},"canonical":"https:\/\/sandzakpress.net\/arhiva\/mesihat-predao-sredstva-prikupljena-u-akciji-pomoci-za-nastradale-u-albaniji\/","og_locale":"bs_BA","og_type":"article","og_title":"Me\u0161ihat predao sredstva prikupljena u akciji pomo\u0107i za nastradale u Albaniji","og_description":"U petak 06.12.2019. godine delegacija Me\u0161ihata IZ-e u Srbiji predvo\u0111ena dr. Re\u0161ad ef. Plojovi\u0107em, u kojoj su bili Ibrahim ef. Ahmedi iz Pre\u0161eva i mr. Muhedin ef. Latifovi\u0107, posjetila je Islamsku zajednicu u Albaniji s ciljem predaje sredstava prikupljenih u akciji koju je Islamska zajednica u Srbiji organizirala u svojim d\u017eematima za pomo\u0107 stanovni\u0161tvu Albanije [&hellip;]","og_url":"https:\/\/sandzakpress.net\/arhiva\/mesihat-predao-sredstva-prikupljena-u-akciji-pomoci-za-nastradale-u-albaniji\/","og_site_name":"Sand\u017eak PRESS","article_published_time":"2019-12-07T13:43:32+00:00","og_image":[{"width":1600,"height":757,"url":"https:\/\/sandzakpress.net\/arhiva\/wp-content\/uploads\/2019\/12\/img-20191207-wa00104828788764466307626.jpg","type":"image\/jpeg"}],"author":"Agencija","twitter_card":"summary_large_image","twitter_misc":{"Written by":"Agencija","Est. reading time":"1 minuta"},"schema":{"@context":"https:\/\/schema.org","@graph":[{"@type":"Article","@id":"https:\/\/sandzakpress.net\/arhiva\/mesihat-predao-sredstva-prikupljena-u-akciji-pomoci-za-nastradale-u-albaniji\/#article","isPartOf":{"@id":"https:\/\/sandzakpress.net\/arhiva\/mesihat-predao-sredstva-prikupljena-u-akciji-pomoci-za-nastradale-u-albaniji\/"},"author":{"name":"Agencija","@id":"https:\/\/sandzakpress.net\/arhiva\/#\/schema\/person\/cb59d7e3ab91ab90dd680ad0305a6185"},"headline":"Me\u0161ihat predao sredstva prikupljena u akciji pomo\u0107i za nastradale u Albaniji","datePublished":"2019-12-07T13:43:32+00:00","mainEntityOfPage":{"@id":"https:\/\/sandzakpress.net\/arhiva\/mesihat-predao-sredstva-prikupljena-u-akciji-pomoci-za-nastradale-u-albaniji\/"},"wordCount":240,"commentCount":1,"publisher":{"@id":"https:\/\/sandzakpress.net\/arhiva\/#\/schema\/person\/6e72b67d6e51910a1117b3b483ba20bd"},"image":{"@id":"https:\/\/sandzakpress.net\/arhiva\/mesihat-predao-sredstva-prikupljena-u-akciji-pomoci-za-nastradale-u-albaniji\/#primaryimage"},"thumbnailUrl":"https:\/\/sandzakpress.net\/arhiva\/wp-content\/uploads\/2019\/12\/img-20191207-wa00104828788764466307626.jpg","articleSection":["Novi Pazar","Islamska zajednica","VIJESTI DANA"],"inLanguage":"bs-BA","potentialAction":[{"@type":"CommentAction","name":"Comment","target":["https:\/\/sandzakpress.net\/arhiva\/mesihat-predao-sredstva-prikupljena-u-akciji-pomoci-za-nastradale-u-albaniji\/#respond"]}]},{"@type":"WebPage","@id":"https:\/\/sandzakpress.net\/arhiva\/mesihat-predao-sredstva-prikupljena-u-akciji-pomoci-za-nastradale-u-albaniji\/","url":"https:\/\/sandzakpress.net\/arhiva\/mesihat-predao-sredstva-prikupljena-u-akciji-pomoci-za-nastradale-u-albaniji\/","name":"Me\u0161ihat predao sredstva prikupljena u akciji pomo\u0107i za nastradale u Albaniji","isPartOf":{"@id":"https:\/\/sandzakpress.net\/arhiva\/#website"},"primaryImageOfPage":{"@id":"https:\/\/sandzakpress.net\/arhiva\/mesihat-predao-sredstva-prikupljena-u-akciji-pomoci-za-nastradale-u-albaniji\/#primaryimage"},"image":{"@id":"https:\/\/sandzakpress.net\/arhiva\/mesihat-predao-sredstva-prikupljena-u-akciji-pomoci-za-nastradale-u-albaniji\/#primaryimage"},"thumbnailUrl":"https:\/\/sandzakpress.net\/arhiva\/wp-content\/uploads\/2019\/12\/img-20191207-wa00104828788764466307626.jpg","datePublished":"2019-12-07T13:43:32+00:00","breadcrumb":{"@id":"https:\/\/sandzakpress.net\/arhiva\/mesihat-predao-sredstva-prikupljena-u-akciji-pomoci-za-nastradale-u-albaniji\/#breadcrumb"},"inLanguage":"bs-BA","potentialAction":[{"@type":"ReadAction","target":["https:\/\/sandzakpress.net\/arhiva\/mesihat-predao-sredstva-prikupljena-u-akciji-pomoci-za-nastradale-u-albaniji\/"]}]},{"@type":"ImageObject","inLanguage":"bs-BA","@id":"https:\/\/sandzakpress.net\/arhiva\/mesihat-predao-sredstva-prikupljena-u-akciji-pomoci-za-nastradale-u-albaniji\/#primaryimage","url":"https:\/\/sandzakpress.net\/arhiva\/wp-content\/uploads\/2019\/12\/img-20191207-wa00104828788764466307626.jpg","contentUrl":"https:\/\/sandzakpress.net\/arhiva\/wp-content\/uploads\/2019\/12\/img-20191207-wa00104828788764466307626.jpg","width":1600,"height":757},{"@type":"BreadcrumbList","@id":"https:\/\/sandzakpress.net\/arhiva\/mesihat-predao-sredstva-prikupljena-u-akciji-pomoci-za-nastradale-u-albaniji\/#breadcrumb","itemListElement":[{"@type":"ListItem","position":1,"name":"Home","item":"https:\/\/sandzakpress.net\/arhiva\/"},{"@type":"ListItem","position":2,"name":"Me\u0161ihat predao sredstva prikupljena u akciji pomo\u0107i za nastradale u Albaniji"}]},{"@type":"WebSite","@id":"https:\/\/sandzakpress.net\/arhiva\/#website","url":"https:\/\/sandzakpress.net\/arhiva\/","name":"Sand\u017eak PRESS","description":"Prve elektronske novine u Sand\u017eaku","publisher":{"@id":"https:\/\/sandzakpress.net\/arhiva\/#\/schema\/person\/6e72b67d6e51910a1117b3b483ba20bd"},"potentialAction":[{"@type":"SearchAction","target":{"@type":"EntryPoint","urlTemplate":"https:\/\/sandzakpress.net\/arhiva\/?s={search_term_string}"},"query-input":{"@type":"PropertyValueSpecification","valueRequired":true,"valueName":"search_term_string"}}],"inLanguage":"bs-BA"},{"@type":["Person","Organization"],"@id":"https:\/\/sandzakpress.net\/arhiva\/#\/schema\/person\/6e72b67d6e51910a1117b3b483ba20bd","name":"Kul","image":{"@type":"ImageObject","inLanguage":"bs-BA","@id":"https:\/\/sandzakpress.net\/arhiva\/#\/schema\/person\/image\/","url":"https:\/\/secure.gravatar.com\/avatar\/42263f39aa27ac04c43cab85c280eb2e?s=96&d=mm&r=pg","contentUrl":"https:\/\/secure.gravatar.com\/avatar\/42263f39aa27ac04c43cab85c280eb2e?s=96&d=mm&r=pg","caption":"Kul"},"logo":{"@id":"https:\/\/sandzakpress.net\/arhiva\/#\/schema\/person\/image\/"}},{"@type":"Person","@id":"https:\/\/sandzakpress.net\/arhiva\/#\/schema\/person\/cb59d7e3ab91ab90dd680ad0305a6185","name":"Agencija","image":{"@type":"ImageObject","inLanguage":"bs-BA","@id":"https:\/\/sandzakpress.net\/arhiva\/#\/schema\/person\/image\/","url":"https:\/\/secure.gravatar.com\/avatar\/4b7fafa80a22f0c2afe23966b3961fe0?s=96&d=mm&r=pg","contentUrl":"https:\/\/secure.gravatar.com\/avatar\/4b7fafa80a22f0c2afe23966b3961fe0?s=96&d=mm&r=pg","caption":"Agencija"},"url":"https:\/\/sandzakpress.net\/arhiva\/author\/agencija\/"}]}},"_links":{"self":[{"href":"https:\/\/sandzakpress.net\/arhiva\/wp-json\/wp\/v2\/posts\/231479"}],"collection":[{"href":"https:\/\/sandzakpress.net\/arhiva\/wp-json\/wp\/v2\/posts"}],"about":[{"href":"https:\/\/sandzakpress.net\/arhiva\/wp-json\/wp\/v2\/types\/post"}],"author":[{"embeddable":true,"href":"https:\/\/sandzakpress.net\/arhiva\/wp-json\/wp\/v2\/users\/509"}],"replies":[{"embeddable":true,"href":"https:\/\/sandzakpress.net\/arhiva\/wp-json\/wp\/v2\/comments?post=231479"}],"version-history":[{"count":0,"href":"https:\/\/sandzakpress.net\/arhiva\/wp-json\/wp\/v2\/posts\/231479\/revisions"}],"wp:featuredmedia":[{"embeddable":true,"href":"https:\/\/sandzakpress.net\/arhiva\/wp-json\/wp\/v2\/media\/231484"}],"wp:attachment":[{"href":"https:\/\/sandzakpress.net\/arhiva\/wp-json\/wp\/v2\/media?parent=231479"}],"wp:term":[{"taxonomy":"category","embeddable":true,"href":"https:\/\/sandzakpress.net\/arhiva\/wp-json\/wp\/v2\/categories?post=231479"},{"taxonomy":"post_tag","embeddable":true,"href":"https:\/\/sandzakpress.net\/arhiva\/wp-json\/wp\/v2\/tags?post=231479"}],"curies":[{"name":"wp","href":"https:\/\/api.w.org\/{rel}","templated":true}]}}