{"id":231342,"date":"2019-12-04T15:51:30","date_gmt":"2019-12-04T14:51:30","guid":{"rendered":"https:\/\/sandzakpress.net\/arhiva\/?p=231342"},"modified":"2019-12-04T15:51:30","modified_gmt":"2019-12-04T14:51:30","slug":"dan-invalida-obiljezen-i-u-novom-pazaru","status":"publish","type":"post","link":"https:\/\/sandzakpress.net\/arhiva\/dan-invalida-obiljezen-i-u-novom-pazaru\/","title":{"rendered":"Dan invalida obilje\u017een i u Novom Pazaru"},"content":{"rendered":"<p><img decoding=\"async\" src=\"https:\/\/i0.wp.com\/rtvnp.rs\/wp-content\/uploads\/2019\/12\/invalidi.jpg?resize=800%2C445&amp;ssl=1\" \/><\/p>\n<p><strong>\u010clanovi svih gradskih organizacija, koje okupljaju osobe sa invaliditetom, uz raznovrstan kulturno \u2013 zabavni program obele\u017eili su danas 3.decembar, Me\u0111unarodni dan osoba sa invaliditetom. Uz podr\u0161ku Gradske uprave na ovaj na\u010din sva udru\u017eenja obele\u017eavaju svoj dan poslednjih \u0161est godina. U tom periodu za\u017eivelo je 6 novih usluga socijalne za\u0161tite, a u planu su i nove, jer je, kako najavljuju nadle\u017eni, uz pomo\u0107 potpredsednika vlade i ministra Rasima Ljaji\u0107a, transfesr sredstava dodatno uve\u0107an za oblast socijalne za\u0161tite.<\/strong><\/p>\n<p>Na proslavi su bili \u010dlanovi: Saveza slepih i slabovidih, Udru\u017eenja gluvih i nagluvih, Udru\u017eenja paraplegi\u010dara, Dru\u0161tvas za cerebralnu paralizu, Udru\u017eenja civilnih invalida rata i Dru\u0161tva za pomo\u0107 mentalno nedovoljno razvijenim licima, ali i njihovi dragi gosti iz Uprave grada.<\/p>\n<p>\u201dGrad Novi Pazar planira za slede\u0107u godinu vi\u0161e od 100 miliona za oblast socijalne za\u0161tite. Iz godine u godinu uve\u0107avamo sredstva podi\u017eu\u0107i tako i kvalitet i asortiman usluga. Unapre\u0111enje polo\u017eaja osoba sa invaliditetom u Novom Pazaru ogleda se i kroz broj usluga socijalne za\u0161tite kojih sada ima 7,\u201d rekao je \u010dlan Gradskog ve\u0107a Fevzija Muri\u0107. On je najavio da se naredne govine planira renoviranje prostorija Centra za socijalni rad u kojem se nalazi najve\u0107i broj ovih organizacija, kao i izgradnja sprata na zgradi Dru\u0161tva MNRO za instaliranje nove usluge \u201dstanovanje uz podr\u0161ku\u201d koja retko gde ima u Srbiji.<\/p>\n<p>\u201dAkcionim planom grada, predvi\u0111ena je izrada baze podataka o osobama sa invaliditetom kako bi se preciznije utvrdilo za koje kategorije su potrebna ve\u0107a finansijska sredstva \u2013 kazao je Muri\u0107 i istakao da je za teku\u0107u godinu, uz pomo\u0107 potpredsednika vlade i Ministra Rasima Ljaji\u0107a obez\u0111en ve\u0107i transfer za socijalnu za\u0161titu.<\/p>\n<p>Procenjuje se da 10 odsto svetske populacije \u010dine osobe sa invaliditetom, a da neki oblik invaliditeta ima od osam do deset odsto stanovni\u0161tva Srbije. Dan osoba sa invaliditetom obele\u017eava se od 1992. godine.<\/p>\n<p><iframe loading=\"lazy\" title=\"Dan invalida obele\u017een i u Novom Pazaru\" width=\"696\" height=\"392\" src=\"https:\/\/www.youtube.com\/embed\/BqcAvMUoiuY?feature=oembed\" frameborder=\"0\" allow=\"accelerometer; autoplay; encrypted-media; gyroscope; picture-in-picture\" allowfullscreen><\/iframe><\/p>\n","protected":false},"excerpt":{"rendered":"<p>\u010clanovi svih gradskih organizacija, koje okupljaju osobe sa invaliditetom, uz raznovrstan kulturno \u2013 zabavni program obele\u017eili su danas 3.decembar, Me\u0111unarodni dan osoba sa invaliditetom. Uz podr\u0161ku Gradske uprave na ovaj na\u010din sva udru\u017eenja obele\u017eavaju svoj dan poslednjih \u0161est godina. U tom periodu za\u017eivelo je 6 novih usluga socijalne za\u0161tite, a u planu su i nove, [&hellip;]<\/p>\n","protected":false},"author":509,"featured_media":231343,"comment_status":"open","ping_status":"open","sticky":false,"template":"","format":"standard","meta":{"footnotes":""},"categories":[72,5],"tags":[],"class_list":{"0":"post-231342","1":"post","2":"type-post","3":"status-publish","4":"format-standard","5":"has-post-thumbnail","7":"category-novi-pazar","8":"category-drustvo"},"yoast_head":"<!-- This site is optimized with the Yoast SEO Premium plugin v23.1 (Yoast SEO v24.9) - https:\/\/yoast.com\/wordpress\/plugins\/seo\/ -->\n<title>Dan invalida obilje\u017een i u Novom Pazaru<\/title>\n<meta name=\"robots\" content=\"index, follow, max-snippet:-1, max-image-preview:large, max-video-preview:-1\" \/>\n<link rel=\"canonical\" href=\"https:\/\/sandzakpress.net\/arhiva\/dan-invalida-obiljezen-i-u-novom-pazaru\/\" \/>\n<meta property=\"og:locale\" content=\"bs_BA\" \/>\n<meta property=\"og:type\" content=\"article\" \/>\n<meta property=\"og:title\" content=\"Dan invalida obilje\u017een i u Novom Pazaru\" \/>\n<meta property=\"og:description\" content=\"\u010clanovi svih gradskih organizacija, koje okupljaju osobe sa invaliditetom, uz raznovrstan kulturno \u2013 zabavni program obele\u017eili su danas 3.decembar, Me\u0111unarodni dan osoba sa invaliditetom. Uz podr\u0161ku Gradske uprave na ovaj na\u010din sva udru\u017eenja obele\u017eavaju svoj dan poslednjih \u0161est godina. U tom periodu za\u017eivelo je 6 novih usluga socijalne za\u0161tite, a u planu su i nove, [&hellip;]\" \/>\n<meta property=\"og:url\" content=\"https:\/\/sandzakpress.net\/arhiva\/dan-invalida-obiljezen-i-u-novom-pazaru\/\" \/>\n<meta property=\"og:site_name\" content=\"Sand\u017eak PRESS\" \/>\n<meta property=\"article:published_time\" content=\"2019-12-04T14:51:30+00:00\" \/>\n<meta property=\"og:image\" content=\"https:\/\/sandzakpress.net\/arhiva\/wp-content\/uploads\/2019\/12\/invalidi.jpg\" \/>\n\t<meta property=\"og:image:width\" content=\"800\" \/>\n\t<meta property=\"og:image:height\" content=\"445\" \/>\n\t<meta property=\"og:image:type\" content=\"image\/jpeg\" \/>\n<meta name=\"author\" content=\"Agencija\" \/>\n<meta name=\"twitter:card\" content=\"summary_large_image\" \/>\n<meta name=\"twitter:label1\" content=\"Written by\" \/>\n\t<meta name=\"twitter:data1\" content=\"Agencija\" \/>\n\t<meta name=\"twitter:label2\" content=\"Est. reading time\" \/>\n\t<meta name=\"twitter:data2\" content=\"2 minute\" \/>\n<script type=\"application\/ld+json\" class=\"yoast-schema-graph\">{\"@context\":\"https:\/\/schema.org\",\"@graph\":[{\"@type\":\"Article\",\"@id\":\"https:\/\/sandzakpress.net\/arhiva\/dan-invalida-obiljezen-i-u-novom-pazaru\/#article\",\"isPartOf\":{\"@id\":\"https:\/\/sandzakpress.net\/arhiva\/dan-invalida-obiljezen-i-u-novom-pazaru\/\"},\"author\":{\"name\":\"Agencija\",\"@id\":\"https:\/\/sandzakpress.net\/arhiva\/#\/schema\/person\/cb59d7e3ab91ab90dd680ad0305a6185\"},\"headline\":\"Dan invalida obilje\u017een i u Novom Pazaru\",\"datePublished\":\"2019-12-04T14:51:30+00:00\",\"mainEntityOfPage\":{\"@id\":\"https:\/\/sandzakpress.net\/arhiva\/dan-invalida-obiljezen-i-u-novom-pazaru\/\"},\"wordCount\":341,\"commentCount\":0,\"publisher\":{\"@id\":\"https:\/\/sandzakpress.net\/arhiva\/#\/schema\/person\/6e72b67d6e51910a1117b3b483ba20bd\"},\"image\":{\"@id\":\"https:\/\/sandzakpress.net\/arhiva\/dan-invalida-obiljezen-i-u-novom-pazaru\/#primaryimage\"},\"thumbnailUrl\":\"https:\/\/sandzakpress.net\/arhiva\/wp-content\/uploads\/2019\/12\/invalidi.jpg\",\"articleSection\":[\"Novi Pazar\",\"Dru\u0161tvo\"],\"inLanguage\":\"bs-BA\",\"potentialAction\":[{\"@type\":\"CommentAction\",\"name\":\"Comment\",\"target\":[\"https:\/\/sandzakpress.net\/arhiva\/dan-invalida-obiljezen-i-u-novom-pazaru\/#respond\"]}]},{\"@type\":\"WebPage\",\"@id\":\"https:\/\/sandzakpress.net\/arhiva\/dan-invalida-obiljezen-i-u-novom-pazaru\/\",\"url\":\"https:\/\/sandzakpress.net\/arhiva\/dan-invalida-obiljezen-i-u-novom-pazaru\/\",\"name\":\"Dan invalida obilje\u017een i u Novom Pazaru\",\"isPartOf\":{\"@id\":\"https:\/\/sandzakpress.net\/arhiva\/#website\"},\"primaryImageOfPage\":{\"@id\":\"https:\/\/sandzakpress.net\/arhiva\/dan-invalida-obiljezen-i-u-novom-pazaru\/#primaryimage\"},\"image\":{\"@id\":\"https:\/\/sandzakpress.net\/arhiva\/dan-invalida-obiljezen-i-u-novom-pazaru\/#primaryimage\"},\"thumbnailUrl\":\"https:\/\/sandzakpress.net\/arhiva\/wp-content\/uploads\/2019\/12\/invalidi.jpg\",\"datePublished\":\"2019-12-04T14:51:30+00:00\",\"breadcrumb\":{\"@id\":\"https:\/\/sandzakpress.net\/arhiva\/dan-invalida-obiljezen-i-u-novom-pazaru\/#breadcrumb\"},\"inLanguage\":\"bs-BA\",\"potentialAction\":[{\"@type\":\"ReadAction\",\"target\":[\"https:\/\/sandzakpress.net\/arhiva\/dan-invalida-obiljezen-i-u-novom-pazaru\/\"]}]},{\"@type\":\"ImageObject\",\"inLanguage\":\"bs-BA\",\"@id\":\"https:\/\/sandzakpress.net\/arhiva\/dan-invalida-obiljezen-i-u-novom-pazaru\/#primaryimage\",\"url\":\"https:\/\/sandzakpress.net\/arhiva\/wp-content\/uploads\/2019\/12\/invalidi.jpg\",\"contentUrl\":\"https:\/\/sandzakpress.net\/arhiva\/wp-content\/uploads\/2019\/12\/invalidi.jpg\",\"width\":800,\"height\":445},{\"@type\":\"BreadcrumbList\",\"@id\":\"https:\/\/sandzakpress.net\/arhiva\/dan-invalida-obiljezen-i-u-novom-pazaru\/#breadcrumb\",\"itemListElement\":[{\"@type\":\"ListItem\",\"position\":1,\"name\":\"Home\",\"item\":\"https:\/\/sandzakpress.net\/arhiva\/\"},{\"@type\":\"ListItem\",\"position\":2,\"name\":\"Dan invalida obilje\u017een i u Novom Pazaru\"}]},{\"@type\":\"WebSite\",\"@id\":\"https:\/\/sandzakpress.net\/arhiva\/#website\",\"url\":\"https:\/\/sandzakpress.net\/arhiva\/\",\"name\":\"Sand\u017eak PRESS\",\"description\":\"Prve elektronske novine u Sand\u017eaku\",\"publisher\":{\"@id\":\"https:\/\/sandzakpress.net\/arhiva\/#\/schema\/person\/6e72b67d6e51910a1117b3b483ba20bd\"},\"potentialAction\":[{\"@type\":\"SearchAction\",\"target\":{\"@type\":\"EntryPoint\",\"urlTemplate\":\"https:\/\/sandzakpress.net\/arhiva\/?s={search_term_string}\"},\"query-input\":{\"@type\":\"PropertyValueSpecification\",\"valueRequired\":true,\"valueName\":\"search_term_string\"}}],\"inLanguage\":\"bs-BA\"},{\"@type\":[\"Person\",\"Organization\"],\"@id\":\"https:\/\/sandzakpress.net\/arhiva\/#\/schema\/person\/6e72b67d6e51910a1117b3b483ba20bd\",\"name\":\"Kul\",\"image\":{\"@type\":\"ImageObject\",\"inLanguage\":\"bs-BA\",\"@id\":\"https:\/\/sandzakpress.net\/arhiva\/#\/schema\/person\/image\/\",\"url\":\"https:\/\/secure.gravatar.com\/avatar\/42263f39aa27ac04c43cab85c280eb2e?s=96&d=mm&r=pg\",\"contentUrl\":\"https:\/\/secure.gravatar.com\/avatar\/42263f39aa27ac04c43cab85c280eb2e?s=96&d=mm&r=pg\",\"caption\":\"Kul\"},\"logo\":{\"@id\":\"https:\/\/sandzakpress.net\/arhiva\/#\/schema\/person\/image\/\"}},{\"@type\":\"Person\",\"@id\":\"https:\/\/sandzakpress.net\/arhiva\/#\/schema\/person\/cb59d7e3ab91ab90dd680ad0305a6185\",\"name\":\"Agencija\",\"image\":{\"@type\":\"ImageObject\",\"inLanguage\":\"bs-BA\",\"@id\":\"https:\/\/sandzakpress.net\/arhiva\/#\/schema\/person\/image\/\",\"url\":\"https:\/\/secure.gravatar.com\/avatar\/4b7fafa80a22f0c2afe23966b3961fe0?s=96&d=mm&r=pg\",\"contentUrl\":\"https:\/\/secure.gravatar.com\/avatar\/4b7fafa80a22f0c2afe23966b3961fe0?s=96&d=mm&r=pg\",\"caption\":\"Agencija\"},\"url\":\"https:\/\/sandzakpress.net\/arhiva\/author\/agencija\/\"}]}<\/script>\n<!-- \/ Yoast SEO Premium plugin. -->","yoast_head_json":{"title":"Dan invalida obilje\u017een i u Novom Pazaru","robots":{"index":"index","follow":"follow","max-snippet":"max-snippet:-1","max-image-preview":"max-image-preview:large","max-video-preview":"max-video-preview:-1"},"canonical":"https:\/\/sandzakpress.net\/arhiva\/dan-invalida-obiljezen-i-u-novom-pazaru\/","og_locale":"bs_BA","og_type":"article","og_title":"Dan invalida obilje\u017een i u Novom Pazaru","og_description":"\u010clanovi svih gradskih organizacija, koje okupljaju osobe sa invaliditetom, uz raznovrstan kulturno \u2013 zabavni program obele\u017eili su danas 3.decembar, Me\u0111unarodni dan osoba sa invaliditetom. Uz podr\u0161ku Gradske uprave na ovaj na\u010din sva udru\u017eenja obele\u017eavaju svoj dan poslednjih \u0161est godina. U tom periodu za\u017eivelo je 6 novih usluga socijalne za\u0161tite, a u planu su i nove, [&hellip;]","og_url":"https:\/\/sandzakpress.net\/arhiva\/dan-invalida-obiljezen-i-u-novom-pazaru\/","og_site_name":"Sand\u017eak PRESS","article_published_time":"2019-12-04T14:51:30+00:00","og_image":[{"width":800,"height":445,"url":"https:\/\/sandzakpress.net\/arhiva\/wp-content\/uploads\/2019\/12\/invalidi.jpg","type":"image\/jpeg"}],"author":"Agencija","twitter_card":"summary_large_image","twitter_misc":{"Written by":"Agencija","Est. reading time":"2 minute"},"schema":{"@context":"https:\/\/schema.org","@graph":[{"@type":"Article","@id":"https:\/\/sandzakpress.net\/arhiva\/dan-invalida-obiljezen-i-u-novom-pazaru\/#article","isPartOf":{"@id":"https:\/\/sandzakpress.net\/arhiva\/dan-invalida-obiljezen-i-u-novom-pazaru\/"},"author":{"name":"Agencija","@id":"https:\/\/sandzakpress.net\/arhiva\/#\/schema\/person\/cb59d7e3ab91ab90dd680ad0305a6185"},"headline":"Dan invalida obilje\u017een i u Novom Pazaru","datePublished":"2019-12-04T14:51:30+00:00","mainEntityOfPage":{"@id":"https:\/\/sandzakpress.net\/arhiva\/dan-invalida-obiljezen-i-u-novom-pazaru\/"},"wordCount":341,"commentCount":0,"publisher":{"@id":"https:\/\/sandzakpress.net\/arhiva\/#\/schema\/person\/6e72b67d6e51910a1117b3b483ba20bd"},"image":{"@id":"https:\/\/sandzakpress.net\/arhiva\/dan-invalida-obiljezen-i-u-novom-pazaru\/#primaryimage"},"thumbnailUrl":"https:\/\/sandzakpress.net\/arhiva\/wp-content\/uploads\/2019\/12\/invalidi.jpg","articleSection":["Novi Pazar","Dru\u0161tvo"],"inLanguage":"bs-BA","potentialAction":[{"@type":"CommentAction","name":"Comment","target":["https:\/\/sandzakpress.net\/arhiva\/dan-invalida-obiljezen-i-u-novom-pazaru\/#respond"]}]},{"@type":"WebPage","@id":"https:\/\/sandzakpress.net\/arhiva\/dan-invalida-obiljezen-i-u-novom-pazaru\/","url":"https:\/\/sandzakpress.net\/arhiva\/dan-invalida-obiljezen-i-u-novom-pazaru\/","name":"Dan invalida obilje\u017een i u Novom Pazaru","isPartOf":{"@id":"https:\/\/sandzakpress.net\/arhiva\/#website"},"primaryImageOfPage":{"@id":"https:\/\/sandzakpress.net\/arhiva\/dan-invalida-obiljezen-i-u-novom-pazaru\/#primaryimage"},"image":{"@id":"https:\/\/sandzakpress.net\/arhiva\/dan-invalida-obiljezen-i-u-novom-pazaru\/#primaryimage"},"thumbnailUrl":"https:\/\/sandzakpress.net\/arhiva\/wp-content\/uploads\/2019\/12\/invalidi.jpg","datePublished":"2019-12-04T14:51:30+00:00","breadcrumb":{"@id":"https:\/\/sandzakpress.net\/arhiva\/dan-invalida-obiljezen-i-u-novom-pazaru\/#breadcrumb"},"inLanguage":"bs-BA","potentialAction":[{"@type":"ReadAction","target":["https:\/\/sandzakpress.net\/arhiva\/dan-invalida-obiljezen-i-u-novom-pazaru\/"]}]},{"@type":"ImageObject","inLanguage":"bs-BA","@id":"https:\/\/sandzakpress.net\/arhiva\/dan-invalida-obiljezen-i-u-novom-pazaru\/#primaryimage","url":"https:\/\/sandzakpress.net\/arhiva\/wp-content\/uploads\/2019\/12\/invalidi.jpg","contentUrl":"https:\/\/sandzakpress.net\/arhiva\/wp-content\/uploads\/2019\/12\/invalidi.jpg","width":800,"height":445},{"@type":"BreadcrumbList","@id":"https:\/\/sandzakpress.net\/arhiva\/dan-invalida-obiljezen-i-u-novom-pazaru\/#breadcrumb","itemListElement":[{"@type":"ListItem","position":1,"name":"Home","item":"https:\/\/sandzakpress.net\/arhiva\/"},{"@type":"ListItem","position":2,"name":"Dan invalida obilje\u017een i u Novom Pazaru"}]},{"@type":"WebSite","@id":"https:\/\/sandzakpress.net\/arhiva\/#website","url":"https:\/\/sandzakpress.net\/arhiva\/","name":"Sand\u017eak PRESS","description":"Prve elektronske novine u Sand\u017eaku","publisher":{"@id":"https:\/\/sandzakpress.net\/arhiva\/#\/schema\/person\/6e72b67d6e51910a1117b3b483ba20bd"},"potentialAction":[{"@type":"SearchAction","target":{"@type":"EntryPoint","urlTemplate":"https:\/\/sandzakpress.net\/arhiva\/?s={search_term_string}"},"query-input":{"@type":"PropertyValueSpecification","valueRequired":true,"valueName":"search_term_string"}}],"inLanguage":"bs-BA"},{"@type":["Person","Organization"],"@id":"https:\/\/sandzakpress.net\/arhiva\/#\/schema\/person\/6e72b67d6e51910a1117b3b483ba20bd","name":"Kul","image":{"@type":"ImageObject","inLanguage":"bs-BA","@id":"https:\/\/sandzakpress.net\/arhiva\/#\/schema\/person\/image\/","url":"https:\/\/secure.gravatar.com\/avatar\/42263f39aa27ac04c43cab85c280eb2e?s=96&d=mm&r=pg","contentUrl":"https:\/\/secure.gravatar.com\/avatar\/42263f39aa27ac04c43cab85c280eb2e?s=96&d=mm&r=pg","caption":"Kul"},"logo":{"@id":"https:\/\/sandzakpress.net\/arhiva\/#\/schema\/person\/image\/"}},{"@type":"Person","@id":"https:\/\/sandzakpress.net\/arhiva\/#\/schema\/person\/cb59d7e3ab91ab90dd680ad0305a6185","name":"Agencija","image":{"@type":"ImageObject","inLanguage":"bs-BA","@id":"https:\/\/sandzakpress.net\/arhiva\/#\/schema\/person\/image\/","url":"https:\/\/secure.gravatar.com\/avatar\/4b7fafa80a22f0c2afe23966b3961fe0?s=96&d=mm&r=pg","contentUrl":"https:\/\/secure.gravatar.com\/avatar\/4b7fafa80a22f0c2afe23966b3961fe0?s=96&d=mm&r=pg","caption":"Agencija"},"url":"https:\/\/sandzakpress.net\/arhiva\/author\/agencija\/"}]}},"_links":{"self":[{"href":"https:\/\/sandzakpress.net\/arhiva\/wp-json\/wp\/v2\/posts\/231342"}],"collection":[{"href":"https:\/\/sandzakpress.net\/arhiva\/wp-json\/wp\/v2\/posts"}],"about":[{"href":"https:\/\/sandzakpress.net\/arhiva\/wp-json\/wp\/v2\/types\/post"}],"author":[{"embeddable":true,"href":"https:\/\/sandzakpress.net\/arhiva\/wp-json\/wp\/v2\/users\/509"}],"replies":[{"embeddable":true,"href":"https:\/\/sandzakpress.net\/arhiva\/wp-json\/wp\/v2\/comments?post=231342"}],"version-history":[{"count":0,"href":"https:\/\/sandzakpress.net\/arhiva\/wp-json\/wp\/v2\/posts\/231342\/revisions"}],"wp:featuredmedia":[{"embeddable":true,"href":"https:\/\/sandzakpress.net\/arhiva\/wp-json\/wp\/v2\/media\/231343"}],"wp:attachment":[{"href":"https:\/\/sandzakpress.net\/arhiva\/wp-json\/wp\/v2\/media?parent=231342"}],"wp:term":[{"taxonomy":"category","embeddable":true,"href":"https:\/\/sandzakpress.net\/arhiva\/wp-json\/wp\/v2\/categories?post=231342"},{"taxonomy":"post_tag","embeddable":true,"href":"https:\/\/sandzakpress.net\/arhiva\/wp-json\/wp\/v2\/tags?post=231342"}],"curies":[{"name":"wp","href":"https:\/\/api.w.org\/{rel}","templated":true}]}}