{"id":231321,"date":"2019-12-04T15:37:38","date_gmt":"2019-12-04T14:37:38","guid":{"rendered":"https:\/\/sandzakpress.net\/arhiva\/?p=231321"},"modified":"2019-12-04T15:37:38","modified_gmt":"2019-12-04T14:37:38","slug":"skrijelju-osam-mjeseci-zatvora-zbog-droge","status":"publish","type":"post","link":"https:\/\/sandzakpress.net\/arhiva\/skrijelju-osam-mjeseci-zatvora-zbog-droge\/","title":{"rendered":"\u0160krijelju osam mjeseci zatvora zbog droge"},"content":{"rendered":"<p><img decoding=\"async\" src=\"https:\/\/www.sandzaklive.rs\/images\/00\/Zatvorggggg.jpg\" alt=\"Zatvorggggg\" \/><\/p>\n<p><strong>&#8220;Sud je utvrdio da je drogu, sakrivenu u podrumu porodi\u0107ne ku\u0107e dr\u017eao radi dalje prodaje\u201d, kazao je sudija u obrazlo\u017eenju presude.<\/strong><\/p>\n<p>Pljevljak Erol \u0160krijelj (29) osu\u0111en je danas u bjelopoljskom Vi\u0161em sudu na osam mjeseci zatvora zbog krivi\u010dnog djela neovla\u0161\u0107ena proizvodnja, dr\u017eanje I stavljanje u promet opojnih droga.<\/p>\n<p>Prema optu\u017enici, \u0160krijelj je 14. februara ove godine, u porodi\u010dnoj ku\u0107i u Pljevljima, radi prodaje dr\u017eao 12,222 \u00a0grama marihuane i 3, 008 grama \u00a0amfetamina.<\/p>\n<p>\u201cIako je optu\u017eeni tvrdio da je nije po\u010dinio djelo koje mu stavlja na teret, tvrde\u0107i da je drogu dr\u017eao za li\u010dne potrebe, sud je svim izvedenim dokazima utvrdio da je drogu, sakrivenu u podrumu porodi\u0107ne ku\u0107e dr\u017eao radi dalje prodaje\u201d, kazao je sudija Dragan Mrdak u obrazlo\u017eenju presude.<\/p>\n","protected":false},"excerpt":{"rendered":"<p>&#8220;Sud je utvrdio da je drogu, sakrivenu u podrumu porodi\u0107ne ku\u0107e dr\u017eao radi dalje prodaje\u201d, kazao je sudija u obrazlo\u017eenju presude. Pljevljak Erol \u0160krijelj (29) osu\u0111en je danas u bjelopoljskom Vi\u0161em sudu na osam mjeseci zatvora zbog krivi\u010dnog djela neovla\u0161\u0107ena proizvodnja, dr\u017eanje I stavljanje u promet opojnih droga. Prema optu\u017enici, \u0160krijelj je 14. februara ove [&hellip;]<\/p>\n","protected":false},"author":509,"featured_media":231324,"comment_status":"open","ping_status":"open","sticky":false,"template":"","format":"standard","meta":{"footnotes":""},"categories":[396,801],"tags":[],"class_list":{"0":"post-231321","1":"post","2":"type-post","3":"status-publish","4":"format-standard","5":"has-post-thumbnail","7":"category-bijelo_polje","8":"category-crna_hronika"},"yoast_head":"<!-- This site is optimized with the Yoast SEO Premium plugin v23.1 (Yoast SEO v24.9) - https:\/\/yoast.com\/wordpress\/plugins\/seo\/ -->\n<title>\u0160krijelju osam mjeseci zatvora zbog droge<\/title>\n<meta name=\"robots\" content=\"index, follow, max-snippet:-1, max-image-preview:large, max-video-preview:-1\" \/>\n<link rel=\"canonical\" href=\"https:\/\/sandzakpress.net\/arhiva\/skrijelju-osam-mjeseci-zatvora-zbog-droge\/\" \/>\n<meta property=\"og:locale\" content=\"bs_BA\" \/>\n<meta property=\"og:type\" content=\"article\" \/>\n<meta property=\"og:title\" content=\"\u0160krijelju osam mjeseci zatvora zbog droge\" \/>\n<meta property=\"og:description\" content=\"&#8220;Sud je utvrdio da je drogu, sakrivenu u podrumu porodi\u0107ne ku\u0107e dr\u017eao radi dalje prodaje\u201d, kazao je sudija u obrazlo\u017eenju presude. Pljevljak Erol \u0160krijelj (29) osu\u0111en je danas u bjelopoljskom Vi\u0161em sudu na osam mjeseci zatvora zbog krivi\u010dnog djela neovla\u0161\u0107ena proizvodnja, dr\u017eanje I stavljanje u promet opojnih droga. Prema optu\u017enici, \u0160krijelj je 14. februara ove [&hellip;]\" \/>\n<meta property=\"og:url\" content=\"https:\/\/sandzakpress.net\/arhiva\/skrijelju-osam-mjeseci-zatvora-zbog-droge\/\" \/>\n<meta property=\"og:site_name\" content=\"Sand\u017eak PRESS\" \/>\n<meta property=\"article:published_time\" content=\"2019-12-04T14:37:38+00:00\" \/>\n<meta property=\"og:image\" content=\"https:\/\/sandzakpress.net\/arhiva\/wp-content\/uploads\/2019\/12\/Zatvorggggg.jpg\" \/>\n\t<meta property=\"og:image:width\" content=\"747\" \/>\n\t<meta property=\"og:image:height\" content=\"445\" \/>\n\t<meta property=\"og:image:type\" content=\"image\/jpeg\" \/>\n<meta name=\"author\" content=\"Agencija\" \/>\n<meta name=\"twitter:card\" content=\"summary_large_image\" \/>\n<meta name=\"twitter:label1\" content=\"Written by\" \/>\n\t<meta name=\"twitter:data1\" content=\"Agencija\" \/>\n\t<meta name=\"twitter:label2\" content=\"Est. reading time\" \/>\n\t<meta name=\"twitter:data2\" content=\"1 minuta\" \/>\n<script type=\"application\/ld+json\" class=\"yoast-schema-graph\">{\"@context\":\"https:\/\/schema.org\",\"@graph\":[{\"@type\":\"Article\",\"@id\":\"https:\/\/sandzakpress.net\/arhiva\/skrijelju-osam-mjeseci-zatvora-zbog-droge\/#article\",\"isPartOf\":{\"@id\":\"https:\/\/sandzakpress.net\/arhiva\/skrijelju-osam-mjeseci-zatvora-zbog-droge\/\"},\"author\":{\"name\":\"Agencija\",\"@id\":\"https:\/\/sandzakpress.net\/arhiva\/#\/schema\/person\/cb59d7e3ab91ab90dd680ad0305a6185\"},\"headline\":\"\u0160krijelju osam mjeseci zatvora zbog droge\",\"datePublished\":\"2019-12-04T14:37:38+00:00\",\"mainEntityOfPage\":{\"@id\":\"https:\/\/sandzakpress.net\/arhiva\/skrijelju-osam-mjeseci-zatvora-zbog-droge\/\"},\"wordCount\":143,\"commentCount\":0,\"publisher\":{\"@id\":\"https:\/\/sandzakpress.net\/arhiva\/#\/schema\/person\/6e72b67d6e51910a1117b3b483ba20bd\"},\"image\":{\"@id\":\"https:\/\/sandzakpress.net\/arhiva\/skrijelju-osam-mjeseci-zatvora-zbog-droge\/#primaryimage\"},\"thumbnailUrl\":\"https:\/\/sandzakpress.net\/arhiva\/wp-content\/uploads\/2019\/12\/Zatvorggggg.jpg\",\"articleSection\":[\"Bijelo Polje\",\"Hronika\"],\"inLanguage\":\"bs-BA\",\"potentialAction\":[{\"@type\":\"CommentAction\",\"name\":\"Comment\",\"target\":[\"https:\/\/sandzakpress.net\/arhiva\/skrijelju-osam-mjeseci-zatvora-zbog-droge\/#respond\"]}]},{\"@type\":\"WebPage\",\"@id\":\"https:\/\/sandzakpress.net\/arhiva\/skrijelju-osam-mjeseci-zatvora-zbog-droge\/\",\"url\":\"https:\/\/sandzakpress.net\/arhiva\/skrijelju-osam-mjeseci-zatvora-zbog-droge\/\",\"name\":\"\u0160krijelju osam mjeseci zatvora zbog droge\",\"isPartOf\":{\"@id\":\"https:\/\/sandzakpress.net\/arhiva\/#website\"},\"primaryImageOfPage\":{\"@id\":\"https:\/\/sandzakpress.net\/arhiva\/skrijelju-osam-mjeseci-zatvora-zbog-droge\/#primaryimage\"},\"image\":{\"@id\":\"https:\/\/sandzakpress.net\/arhiva\/skrijelju-osam-mjeseci-zatvora-zbog-droge\/#primaryimage\"},\"thumbnailUrl\":\"https:\/\/sandzakpress.net\/arhiva\/wp-content\/uploads\/2019\/12\/Zatvorggggg.jpg\",\"datePublished\":\"2019-12-04T14:37:38+00:00\",\"breadcrumb\":{\"@id\":\"https:\/\/sandzakpress.net\/arhiva\/skrijelju-osam-mjeseci-zatvora-zbog-droge\/#breadcrumb\"},\"inLanguage\":\"bs-BA\",\"potentialAction\":[{\"@type\":\"ReadAction\",\"target\":[\"https:\/\/sandzakpress.net\/arhiva\/skrijelju-osam-mjeseci-zatvora-zbog-droge\/\"]}]},{\"@type\":\"ImageObject\",\"inLanguage\":\"bs-BA\",\"@id\":\"https:\/\/sandzakpress.net\/arhiva\/skrijelju-osam-mjeseci-zatvora-zbog-droge\/#primaryimage\",\"url\":\"https:\/\/sandzakpress.net\/arhiva\/wp-content\/uploads\/2019\/12\/Zatvorggggg.jpg\",\"contentUrl\":\"https:\/\/sandzakpress.net\/arhiva\/wp-content\/uploads\/2019\/12\/Zatvorggggg.jpg\",\"width\":747,\"height\":445},{\"@type\":\"BreadcrumbList\",\"@id\":\"https:\/\/sandzakpress.net\/arhiva\/skrijelju-osam-mjeseci-zatvora-zbog-droge\/#breadcrumb\",\"itemListElement\":[{\"@type\":\"ListItem\",\"position\":1,\"name\":\"Home\",\"item\":\"https:\/\/sandzakpress.net\/arhiva\/\"},{\"@type\":\"ListItem\",\"position\":2,\"name\":\"\u0160krijelju osam mjeseci zatvora zbog droge\"}]},{\"@type\":\"WebSite\",\"@id\":\"https:\/\/sandzakpress.net\/arhiva\/#website\",\"url\":\"https:\/\/sandzakpress.net\/arhiva\/\",\"name\":\"Sand\u017eak PRESS\",\"description\":\"Prve elektronske novine u Sand\u017eaku\",\"publisher\":{\"@id\":\"https:\/\/sandzakpress.net\/arhiva\/#\/schema\/person\/6e72b67d6e51910a1117b3b483ba20bd\"},\"potentialAction\":[{\"@type\":\"SearchAction\",\"target\":{\"@type\":\"EntryPoint\",\"urlTemplate\":\"https:\/\/sandzakpress.net\/arhiva\/?s={search_term_string}\"},\"query-input\":{\"@type\":\"PropertyValueSpecification\",\"valueRequired\":true,\"valueName\":\"search_term_string\"}}],\"inLanguage\":\"bs-BA\"},{\"@type\":[\"Person\",\"Organization\"],\"@id\":\"https:\/\/sandzakpress.net\/arhiva\/#\/schema\/person\/6e72b67d6e51910a1117b3b483ba20bd\",\"name\":\"Kul\",\"image\":{\"@type\":\"ImageObject\",\"inLanguage\":\"bs-BA\",\"@id\":\"https:\/\/sandzakpress.net\/arhiva\/#\/schema\/person\/image\/\",\"url\":\"https:\/\/secure.gravatar.com\/avatar\/42263f39aa27ac04c43cab85c280eb2e?s=96&d=mm&r=pg\",\"contentUrl\":\"https:\/\/secure.gravatar.com\/avatar\/42263f39aa27ac04c43cab85c280eb2e?s=96&d=mm&r=pg\",\"caption\":\"Kul\"},\"logo\":{\"@id\":\"https:\/\/sandzakpress.net\/arhiva\/#\/schema\/person\/image\/\"}},{\"@type\":\"Person\",\"@id\":\"https:\/\/sandzakpress.net\/arhiva\/#\/schema\/person\/cb59d7e3ab91ab90dd680ad0305a6185\",\"name\":\"Agencija\",\"image\":{\"@type\":\"ImageObject\",\"inLanguage\":\"bs-BA\",\"@id\":\"https:\/\/sandzakpress.net\/arhiva\/#\/schema\/person\/image\/\",\"url\":\"https:\/\/secure.gravatar.com\/avatar\/4b7fafa80a22f0c2afe23966b3961fe0?s=96&d=mm&r=pg\",\"contentUrl\":\"https:\/\/secure.gravatar.com\/avatar\/4b7fafa80a22f0c2afe23966b3961fe0?s=96&d=mm&r=pg\",\"caption\":\"Agencija\"},\"url\":\"https:\/\/sandzakpress.net\/arhiva\/author\/agencija\/\"}]}<\/script>\n<!-- \/ Yoast SEO Premium plugin. -->","yoast_head_json":{"title":"\u0160krijelju osam mjeseci zatvora zbog droge","robots":{"index":"index","follow":"follow","max-snippet":"max-snippet:-1","max-image-preview":"max-image-preview:large","max-video-preview":"max-video-preview:-1"},"canonical":"https:\/\/sandzakpress.net\/arhiva\/skrijelju-osam-mjeseci-zatvora-zbog-droge\/","og_locale":"bs_BA","og_type":"article","og_title":"\u0160krijelju osam mjeseci zatvora zbog droge","og_description":"&#8220;Sud je utvrdio da je drogu, sakrivenu u podrumu porodi\u0107ne ku\u0107e dr\u017eao radi dalje prodaje\u201d, kazao je sudija u obrazlo\u017eenju presude. Pljevljak Erol \u0160krijelj (29) osu\u0111en je danas u bjelopoljskom Vi\u0161em sudu na osam mjeseci zatvora zbog krivi\u010dnog djela neovla\u0161\u0107ena proizvodnja, dr\u017eanje I stavljanje u promet opojnih droga. Prema optu\u017enici, \u0160krijelj je 14. februara ove [&hellip;]","og_url":"https:\/\/sandzakpress.net\/arhiva\/skrijelju-osam-mjeseci-zatvora-zbog-droge\/","og_site_name":"Sand\u017eak PRESS","article_published_time":"2019-12-04T14:37:38+00:00","og_image":[{"width":747,"height":445,"url":"https:\/\/sandzakpress.net\/arhiva\/wp-content\/uploads\/2019\/12\/Zatvorggggg.jpg","type":"image\/jpeg"}],"author":"Agencija","twitter_card":"summary_large_image","twitter_misc":{"Written by":"Agencija","Est. reading time":"1 minuta"},"schema":{"@context":"https:\/\/schema.org","@graph":[{"@type":"Article","@id":"https:\/\/sandzakpress.net\/arhiva\/skrijelju-osam-mjeseci-zatvora-zbog-droge\/#article","isPartOf":{"@id":"https:\/\/sandzakpress.net\/arhiva\/skrijelju-osam-mjeseci-zatvora-zbog-droge\/"},"author":{"name":"Agencija","@id":"https:\/\/sandzakpress.net\/arhiva\/#\/schema\/person\/cb59d7e3ab91ab90dd680ad0305a6185"},"headline":"\u0160krijelju osam mjeseci zatvora zbog droge","datePublished":"2019-12-04T14:37:38+00:00","mainEntityOfPage":{"@id":"https:\/\/sandzakpress.net\/arhiva\/skrijelju-osam-mjeseci-zatvora-zbog-droge\/"},"wordCount":143,"commentCount":0,"publisher":{"@id":"https:\/\/sandzakpress.net\/arhiva\/#\/schema\/person\/6e72b67d6e51910a1117b3b483ba20bd"},"image":{"@id":"https:\/\/sandzakpress.net\/arhiva\/skrijelju-osam-mjeseci-zatvora-zbog-droge\/#primaryimage"},"thumbnailUrl":"https:\/\/sandzakpress.net\/arhiva\/wp-content\/uploads\/2019\/12\/Zatvorggggg.jpg","articleSection":["Bijelo Polje","Hronika"],"inLanguage":"bs-BA","potentialAction":[{"@type":"CommentAction","name":"Comment","target":["https:\/\/sandzakpress.net\/arhiva\/skrijelju-osam-mjeseci-zatvora-zbog-droge\/#respond"]}]},{"@type":"WebPage","@id":"https:\/\/sandzakpress.net\/arhiva\/skrijelju-osam-mjeseci-zatvora-zbog-droge\/","url":"https:\/\/sandzakpress.net\/arhiva\/skrijelju-osam-mjeseci-zatvora-zbog-droge\/","name":"\u0160krijelju osam mjeseci zatvora zbog droge","isPartOf":{"@id":"https:\/\/sandzakpress.net\/arhiva\/#website"},"primaryImageOfPage":{"@id":"https:\/\/sandzakpress.net\/arhiva\/skrijelju-osam-mjeseci-zatvora-zbog-droge\/#primaryimage"},"image":{"@id":"https:\/\/sandzakpress.net\/arhiva\/skrijelju-osam-mjeseci-zatvora-zbog-droge\/#primaryimage"},"thumbnailUrl":"https:\/\/sandzakpress.net\/arhiva\/wp-content\/uploads\/2019\/12\/Zatvorggggg.jpg","datePublished":"2019-12-04T14:37:38+00:00","breadcrumb":{"@id":"https:\/\/sandzakpress.net\/arhiva\/skrijelju-osam-mjeseci-zatvora-zbog-droge\/#breadcrumb"},"inLanguage":"bs-BA","potentialAction":[{"@type":"ReadAction","target":["https:\/\/sandzakpress.net\/arhiva\/skrijelju-osam-mjeseci-zatvora-zbog-droge\/"]}]},{"@type":"ImageObject","inLanguage":"bs-BA","@id":"https:\/\/sandzakpress.net\/arhiva\/skrijelju-osam-mjeseci-zatvora-zbog-droge\/#primaryimage","url":"https:\/\/sandzakpress.net\/arhiva\/wp-content\/uploads\/2019\/12\/Zatvorggggg.jpg","contentUrl":"https:\/\/sandzakpress.net\/arhiva\/wp-content\/uploads\/2019\/12\/Zatvorggggg.jpg","width":747,"height":445},{"@type":"BreadcrumbList","@id":"https:\/\/sandzakpress.net\/arhiva\/skrijelju-osam-mjeseci-zatvora-zbog-droge\/#breadcrumb","itemListElement":[{"@type":"ListItem","position":1,"name":"Home","item":"https:\/\/sandzakpress.net\/arhiva\/"},{"@type":"ListItem","position":2,"name":"\u0160krijelju osam mjeseci zatvora zbog droge"}]},{"@type":"WebSite","@id":"https:\/\/sandzakpress.net\/arhiva\/#website","url":"https:\/\/sandzakpress.net\/arhiva\/","name":"Sand\u017eak PRESS","description":"Prve elektronske novine u Sand\u017eaku","publisher":{"@id":"https:\/\/sandzakpress.net\/arhiva\/#\/schema\/person\/6e72b67d6e51910a1117b3b483ba20bd"},"potentialAction":[{"@type":"SearchAction","target":{"@type":"EntryPoint","urlTemplate":"https:\/\/sandzakpress.net\/arhiva\/?s={search_term_string}"},"query-input":{"@type":"PropertyValueSpecification","valueRequired":true,"valueName":"search_term_string"}}],"inLanguage":"bs-BA"},{"@type":["Person","Organization"],"@id":"https:\/\/sandzakpress.net\/arhiva\/#\/schema\/person\/6e72b67d6e51910a1117b3b483ba20bd","name":"Kul","image":{"@type":"ImageObject","inLanguage":"bs-BA","@id":"https:\/\/sandzakpress.net\/arhiva\/#\/schema\/person\/image\/","url":"https:\/\/secure.gravatar.com\/avatar\/42263f39aa27ac04c43cab85c280eb2e?s=96&d=mm&r=pg","contentUrl":"https:\/\/secure.gravatar.com\/avatar\/42263f39aa27ac04c43cab85c280eb2e?s=96&d=mm&r=pg","caption":"Kul"},"logo":{"@id":"https:\/\/sandzakpress.net\/arhiva\/#\/schema\/person\/image\/"}},{"@type":"Person","@id":"https:\/\/sandzakpress.net\/arhiva\/#\/schema\/person\/cb59d7e3ab91ab90dd680ad0305a6185","name":"Agencija","image":{"@type":"ImageObject","inLanguage":"bs-BA","@id":"https:\/\/sandzakpress.net\/arhiva\/#\/schema\/person\/image\/","url":"https:\/\/secure.gravatar.com\/avatar\/4b7fafa80a22f0c2afe23966b3961fe0?s=96&d=mm&r=pg","contentUrl":"https:\/\/secure.gravatar.com\/avatar\/4b7fafa80a22f0c2afe23966b3961fe0?s=96&d=mm&r=pg","caption":"Agencija"},"url":"https:\/\/sandzakpress.net\/arhiva\/author\/agencija\/"}]}},"_links":{"self":[{"href":"https:\/\/sandzakpress.net\/arhiva\/wp-json\/wp\/v2\/posts\/231321"}],"collection":[{"href":"https:\/\/sandzakpress.net\/arhiva\/wp-json\/wp\/v2\/posts"}],"about":[{"href":"https:\/\/sandzakpress.net\/arhiva\/wp-json\/wp\/v2\/types\/post"}],"author":[{"embeddable":true,"href":"https:\/\/sandzakpress.net\/arhiva\/wp-json\/wp\/v2\/users\/509"}],"replies":[{"embeddable":true,"href":"https:\/\/sandzakpress.net\/arhiva\/wp-json\/wp\/v2\/comments?post=231321"}],"version-history":[{"count":0,"href":"https:\/\/sandzakpress.net\/arhiva\/wp-json\/wp\/v2\/posts\/231321\/revisions"}],"wp:featuredmedia":[{"embeddable":true,"href":"https:\/\/sandzakpress.net\/arhiva\/wp-json\/wp\/v2\/media\/231324"}],"wp:attachment":[{"href":"https:\/\/sandzakpress.net\/arhiva\/wp-json\/wp\/v2\/media?parent=231321"}],"wp:term":[{"taxonomy":"category","embeddable":true,"href":"https:\/\/sandzakpress.net\/arhiva\/wp-json\/wp\/v2\/categories?post=231321"},{"taxonomy":"post_tag","embeddable":true,"href":"https:\/\/sandzakpress.net\/arhiva\/wp-json\/wp\/v2\/tags?post=231321"}],"curies":[{"name":"wp","href":"https:\/\/api.w.org\/{rel}","templated":true}]}}