{"id":231273,"date":"2019-12-02T14:17:23","date_gmt":"2019-12-02T13:17:23","guid":{"rendered":"https:\/\/sandzakpress.net\/arhiva\/?p=231273"},"modified":"2019-12-02T14:17:23","modified_gmt":"2019-12-02T13:17:23","slug":"kmf-pp-192-pobjeda-koja-vraca-samopouzdanje","status":"publish","type":"post","link":"https:\/\/sandzakpress.net\/arhiva\/kmf-pp-192-pobjeda-koja-vraca-samopouzdanje\/","title":{"rendered":"KMF \u201ePP 192\u201c: Pobjeda koja vra\u0107a samopouzdanje!"},"content":{"rendered":"<p><img decoding=\"async\" src=\"http:\/\/foruminfo.rs\/wp-content\/uploads\/2019\/12\/77303405_477439469575912_2248579219573440512_o-1021x580.jpg\" \/><\/p>\n<p><strong>Iako oslabljeni neigranjem kapitena Novkovi\u0107a, kao i povre\u0111enog \u010covi\u0107a, te Mara\u010di\u0107a i Lap\u010devi\u0107a, \u201eorlovi sa trome\u0111e\u201c su dobrom igrom, posebno u prvom poluvremenu, ostvarili ubedljivu pobedu protiv \u0160ljivi\u0107a, u okviru 8. kola Regionalne futsal lige Zapad \u2013 grupe B \u2013 6:2 (5:0). Istine radi i gosti iz Ivanjice su igrali u oslabljenom sastavu.<\/strong><\/p>\n<p>Pobeda je va\u017ena, pre svega, zbog vra\u0107anja samopouzdanja ekipi, a nakon lo\u0161ih partija na dva od ukupno tri vezana gostovanja. Pobedom je tako\u0111e zadr\u017ean priklju\u010dak za vode\u0107im dvojcem \u2013 KMF \u201eKosjeri\u0107\u201c i KMF \u201eZlatibor\u201c. Ono \u0161to je bila njihova bolna ta\u010dka u prethodne tri utakmice \u2013 primanje ranog gola (sva tri puta u 2. minutu), \u201eorlovi sa trome\u0111e\u201c su okrenuli u svoju korist. Upravo na isteku 2. minuta Miroslav Cvijovi\u0107 je prihvatio loptu na svojoj polovini, hitro krenuo ka golu gostiju, na tom putu fintom izbacio neposrednog \u010duvara, a onda, pre nego \u0161to je drugi protivni\u010dki igra\u010d uspeo da ga blokira, iskosa, sa oko 7 metara sa leve strane \u0161utirao i pogodio bli\u017ei ugao golmana gostiju Mari\u010di\u0107a \u2013 1:0.<\/p>\n<p>Iako je igra bila dinami\u010dna, sa jo\u0161 nekoliko prilika, posebno pred golom \u0160ljivi\u0107a, mre\u017ee su mirovale desetak minuta, nakon \u010dega je usledio petominutni \u201eblic krig\u201c PP 192, gde su sa \u010detiri pogotka re\u0161ili pitanje pobednika ovog me\u010da.<\/p>\n<p>Najpre je nakon faula nad Pajevi\u0107em u 11. minutu mla\u0111ani Ranitovi\u0107 sna\u017eno i precizno sa oko 10-ak metara duplirao vo\u0111stvo doma\u0107ina \u2013 2:0.<\/p>\n<p>Poku\u0161ali su \u0160ljivi\u0107i da sa golmanom u polju iznenade \u201eorlove sa trome\u0111e\u201c i stignu do pogotka, ali su pogoci zavr\u0161avali u njihovoj mre\u017ei. Dumi\u0107 je iskoristio to \u0161to je sve\u017e u\u0161ao sa klupe, a rezultat je dala i agilnost svih igra\u010da u odbrani PP 192, oduzeli su loptu, a Dumi\u0107 sa svoje polovine poga\u0111a nebranjen gol Ivanji\u010dana \u2013 3:0. Igrao se 15. minut.<\/p>\n<p>I slede\u0107i napad \u0160ljivi\u0107a se neslavno zavr\u0161io, loptu je u kontri povukao Rekovi\u0107, na centru se fintom oslobodio igra\u010da, nastavio hitro ka golu gde ga je sa\u010dekivao jo\u0161 jedan igra\u010d gostiju; ali je prona\u0161ao idealan trenutak da u trku, iz kolena, \u201e\u0161picom\u201c, levicom \u0161utira uz levu stativu golmana Mari\u010di\u0107a \u2013 4:0!<\/p>\n<p>Osokoljeni \u201eorlovi sa trome\u0111e\u201c nastavili su sa napadima na tada smu\u0161ene goste iz Ivanjice. Nakon jedne dobre akcije, priliku za svoj drugi gol imao je Rekovi\u0107, ali ga je u tome dobrom intervencijom spre\u010dio golman Mari\u010di\u0107. Me\u0111utim, na odbijenu loptu natr\u010dava Ranitovi\u0107 i nemilosrdno \u201ezakucava\u201c za 5:0 (16\u2032)! To je ujedno bio i rezultat prvog poluvremena.<\/p>\n<p>Gde su igra\u010di PP 192 stali u prvom, tu su nastavili u drugom poluvremenu i ve\u0107 nakon tri minuta igre usledio je novi pogodak. Bila je to jedna u nizu brzih akcija sa nekoliko dodavanja koju je svojim drugim pogotkom na me\u010du krunisao Cvijovi\u0107 \u2013 6:0. Napad je potekao od golmana Mini\u0107a koji je loptu dodao do Pajevi\u0107a, koji odigrava dupli pas sa Dumi\u0107em, nakon \u010dega upo\u0161ljava Cvijovi\u0107a na levoj strani koji sigurno ubacuje loptu u mre\u017eu.<\/p>\n<p>Me\u0111utim, nakon tog pogotka \u201eorlovi sa trome\u0111e\u201c su malo \u201espustili gas\u201c, a Ivanji\u010dani su nastojali da poka\u017eu da rezultat nije merilo njihovog kvaliteta, pa su napadali uglavnom sa golmanom u polju i naposletku do\u010dekali svojih pet minuta, kada su pogocima Aleksandra Ili\u0107a u 33. i 38. minutu smanjili rezultat na 6:2. Oba pogotka su gotovo identi\u010dna, u oba su\u010daja odbrana doma\u0107ih u \u201eromb postavci\u201c nije dobro zatvorila dijagonalu na suprotnoj stativi, \u0161to su gosti preko pomenutog Ili\u0107a iskoristili. Kod prvog pogotka Ili\u0107 je bio na levoj stativi golmana Mini\u0107a i plasirao loptu u mre\u017eu, a kod drugog pogotka je na desnoj stativi odli\u010dno zahvatio loptu i neodbranjivo je zakucao pod pre\u010dku PP 192.<\/p>\n<p>Bilo je jo\u0161 nekoliko prilika, ali bez pogotaka.<\/p>\n<p>Utakmica je protekla u fer i dinami\u010dnoj igri oba tima, zbog \u010dega jo\u0161 jednom pru\u017eamo ruku gostima iz Ivanjice.<\/p>\n<p>\u201ePP 192\u201c je igrao u slede\u0107em sastavu: Dragoljub Mini\u0107 (1, g), Igor Pajevi\u0107 (21, k), Miroslav Cvijovi\u0107 (3), Strahinja Ranitovi\u0107 (6), Rade Gojak (5), Igor Dumi\u0107 (93), Aldin \u0110ur\u0111evi\u0107 (53), Du\u0161an Rekovi\u0107 (18) i Nikola Kijanovi\u0107 (4). Predstavnik ekipe: Viktor Ratkovi\u0107.<\/p>\n<p>Sastav KMF \u201e\u0160ljivi\u0107i\u201c: Dragan Mari\u010di\u0107 (1, g), Savo Dragovi\u0107 (5, k), Milovan Veljovi\u0107 (20), Aleksandar Ili\u0107 (14), Igor \u0110urovi\u0107 (17), Milo\u0161 Dragovi\u0107 (21) i Vladimir Gavrilovi\u0107 (7).<\/p>\n<p>Utakmicu je dobro vodio dvojac Goran Podra\u0161\u010di\u0107 iz Po\u017eege i Enes Kasumovi\u0107 iz Sjenice. Delegat je bio Dejan Svi\u010devi\u0107 iz Nove Varo\u0161i.<\/p>\n<p>Kretanje rezultata:<br \/>1:0 \u2013 Miroslav Cvijovi\u0107 (2\u2032)<br \/>2:0 \u2013 Strahinja Ranitovi\u0107 (11\u2032)<br \/>3:0 \u2013 Igor Dumi\u0107 (15\u2032)<br \/>4:0 \u2013 Du\u0161an Rekovi\u0107 (15\u2032)<br \/>5:0 \u2013 Strahinja Ranitovi\u0107 (16\u2032)<br \/>6:0 \u2013 Miroslav Cvijovi\u0107 (23\u2032)<br \/>6:1 \u2013 Aleksandar Ili\u0107 (33\u2032)<br \/>6:2 \u2013 Aleksandar Ili\u0107 (38\u2032)<\/p>\n<p>U slede\u0107em, 9. kolu \u201eorlove sa trome\u0111e\u201c o\u010dekuje gostovanje u Sjenici, ekipi koja je u evidentnom usponu forme i rezultata, nakon \u010dega \u0107e biti spu\u0161tena zavesa na jesenji deo sezone Regionalne lige Zapad \u2013 grupe B.<\/p>\n","protected":false},"excerpt":{"rendered":"<p>Iako oslabljeni neigranjem kapitena Novkovi\u0107a, kao i povre\u0111enog \u010covi\u0107a, te Mara\u010di\u0107a i Lap\u010devi\u0107a, \u201eorlovi sa trome\u0111e\u201c su dobrom igrom, posebno u prvom poluvremenu, ostvarili ubedljivu pobedu protiv \u0160ljivi\u0107a, u okviru 8. kola Regionalne futsal lige Zapad \u2013 grupe B \u2013 6:2 (5:0). Istine radi i gosti iz Ivanjice su igrali u oslabljenom sastavu. Pobeda je [&hellip;]<\/p>\n","protected":false},"author":509,"featured_media":231274,"comment_status":"open","ping_status":"open","sticky":false,"template":"","format":"standard","meta":{"footnotes":""},"categories":[13,392],"tags":[],"class_list":{"0":"post-231273","1":"post","2":"type-post","3":"status-publish","4":"format-standard","5":"has-post-thumbnail","7":"category-sport","8":"category-prijepolje_"},"yoast_head":"<!-- This site is optimized with the Yoast SEO Premium plugin v23.1 (Yoast SEO v24.9) - https:\/\/yoast.com\/wordpress\/plugins\/seo\/ -->\n<title>KMF \u201ePP 192\u201c: Pobjeda koja vra\u0107a samopouzdanje!<\/title>\n<meta name=\"robots\" content=\"index, follow, max-snippet:-1, max-image-preview:large, max-video-preview:-1\" \/>\n<link rel=\"canonical\" href=\"https:\/\/sandzakpress.net\/arhiva\/kmf-pp-192-pobjeda-koja-vraca-samopouzdanje\/\" \/>\n<meta property=\"og:locale\" content=\"bs_BA\" \/>\n<meta property=\"og:type\" content=\"article\" \/>\n<meta property=\"og:title\" content=\"KMF \u201ePP 192\u201c: Pobjeda koja vra\u0107a samopouzdanje!\" \/>\n<meta property=\"og:description\" content=\"Iako oslabljeni neigranjem kapitena Novkovi\u0107a, kao i povre\u0111enog \u010covi\u0107a, te Mara\u010di\u0107a i Lap\u010devi\u0107a, \u201eorlovi sa trome\u0111e\u201c su dobrom igrom, posebno u prvom poluvremenu, ostvarili ubedljivu pobedu protiv \u0160ljivi\u0107a, u okviru 8. kola Regionalne futsal lige Zapad \u2013 grupe B \u2013 6:2 (5:0). Istine radi i gosti iz Ivanjice su igrali u oslabljenom sastavu. Pobeda je [&hellip;]\" \/>\n<meta property=\"og:url\" content=\"https:\/\/sandzakpress.net\/arhiva\/kmf-pp-192-pobjeda-koja-vraca-samopouzdanje\/\" \/>\n<meta property=\"og:site_name\" content=\"Sand\u017eak PRESS\" \/>\n<meta property=\"article:published_time\" content=\"2019-12-02T13:17:23+00:00\" \/>\n<meta property=\"og:image\" content=\"https:\/\/sandzakpress.net\/arhiva\/wp-content\/uploads\/2019\/12\/77303405_477439469575912_2248579219573440512_o-1021x580.jpg\" \/>\n\t<meta property=\"og:image:width\" content=\"1021\" \/>\n\t<meta property=\"og:image:height\" content=\"580\" \/>\n\t<meta property=\"og:image:type\" content=\"image\/jpeg\" \/>\n<meta name=\"author\" content=\"Agencija\" \/>\n<meta name=\"twitter:card\" content=\"summary_large_image\" \/>\n<meta name=\"twitter:label1\" content=\"Written by\" \/>\n\t<meta name=\"twitter:data1\" content=\"Agencija\" \/>\n\t<meta name=\"twitter:label2\" content=\"Est. reading time\" \/>\n\t<meta name=\"twitter:data2\" content=\"4 minute\" \/>\n<script type=\"application\/ld+json\" class=\"yoast-schema-graph\">{\"@context\":\"https:\/\/schema.org\",\"@graph\":[{\"@type\":\"Article\",\"@id\":\"https:\/\/sandzakpress.net\/arhiva\/kmf-pp-192-pobjeda-koja-vraca-samopouzdanje\/#article\",\"isPartOf\":{\"@id\":\"https:\/\/sandzakpress.net\/arhiva\/kmf-pp-192-pobjeda-koja-vraca-samopouzdanje\/\"},\"author\":{\"name\":\"Agencija\",\"@id\":\"https:\/\/sandzakpress.net\/arhiva\/#\/schema\/person\/cb59d7e3ab91ab90dd680ad0305a6185\"},\"headline\":\"KMF \u201ePP 192\u201c: Pobjeda koja vra\u0107a samopouzdanje!\",\"datePublished\":\"2019-12-02T13:17:23+00:00\",\"mainEntityOfPage\":{\"@id\":\"https:\/\/sandzakpress.net\/arhiva\/kmf-pp-192-pobjeda-koja-vraca-samopouzdanje\/\"},\"wordCount\":813,\"commentCount\":0,\"publisher\":{\"@id\":\"https:\/\/sandzakpress.net\/arhiva\/#\/schema\/person\/6e72b67d6e51910a1117b3b483ba20bd\"},\"image\":{\"@id\":\"https:\/\/sandzakpress.net\/arhiva\/kmf-pp-192-pobjeda-koja-vraca-samopouzdanje\/#primaryimage\"},\"thumbnailUrl\":\"https:\/\/sandzakpress.net\/arhiva\/wp-content\/uploads\/2019\/12\/77303405_477439469575912_2248579219573440512_o-1021x580.jpg\",\"articleSection\":[\"Sport\",\"Prijepolje\"],\"inLanguage\":\"bs-BA\",\"potentialAction\":[{\"@type\":\"CommentAction\",\"name\":\"Comment\",\"target\":[\"https:\/\/sandzakpress.net\/arhiva\/kmf-pp-192-pobjeda-koja-vraca-samopouzdanje\/#respond\"]}]},{\"@type\":\"WebPage\",\"@id\":\"https:\/\/sandzakpress.net\/arhiva\/kmf-pp-192-pobjeda-koja-vraca-samopouzdanje\/\",\"url\":\"https:\/\/sandzakpress.net\/arhiva\/kmf-pp-192-pobjeda-koja-vraca-samopouzdanje\/\",\"name\":\"KMF \u201ePP 192\u201c: Pobjeda koja vra\u0107a samopouzdanje!\",\"isPartOf\":{\"@id\":\"https:\/\/sandzakpress.net\/arhiva\/#website\"},\"primaryImageOfPage\":{\"@id\":\"https:\/\/sandzakpress.net\/arhiva\/kmf-pp-192-pobjeda-koja-vraca-samopouzdanje\/#primaryimage\"},\"image\":{\"@id\":\"https:\/\/sandzakpress.net\/arhiva\/kmf-pp-192-pobjeda-koja-vraca-samopouzdanje\/#primaryimage\"},\"thumbnailUrl\":\"https:\/\/sandzakpress.net\/arhiva\/wp-content\/uploads\/2019\/12\/77303405_477439469575912_2248579219573440512_o-1021x580.jpg\",\"datePublished\":\"2019-12-02T13:17:23+00:00\",\"breadcrumb\":{\"@id\":\"https:\/\/sandzakpress.net\/arhiva\/kmf-pp-192-pobjeda-koja-vraca-samopouzdanje\/#breadcrumb\"},\"inLanguage\":\"bs-BA\",\"potentialAction\":[{\"@type\":\"ReadAction\",\"target\":[\"https:\/\/sandzakpress.net\/arhiva\/kmf-pp-192-pobjeda-koja-vraca-samopouzdanje\/\"]}]},{\"@type\":\"ImageObject\",\"inLanguage\":\"bs-BA\",\"@id\":\"https:\/\/sandzakpress.net\/arhiva\/kmf-pp-192-pobjeda-koja-vraca-samopouzdanje\/#primaryimage\",\"url\":\"https:\/\/sandzakpress.net\/arhiva\/wp-content\/uploads\/2019\/12\/77303405_477439469575912_2248579219573440512_o-1021x580.jpg\",\"contentUrl\":\"https:\/\/sandzakpress.net\/arhiva\/wp-content\/uploads\/2019\/12\/77303405_477439469575912_2248579219573440512_o-1021x580.jpg\",\"width\":1021,\"height\":580},{\"@type\":\"BreadcrumbList\",\"@id\":\"https:\/\/sandzakpress.net\/arhiva\/kmf-pp-192-pobjeda-koja-vraca-samopouzdanje\/#breadcrumb\",\"itemListElement\":[{\"@type\":\"ListItem\",\"position\":1,\"name\":\"Home\",\"item\":\"https:\/\/sandzakpress.net\/arhiva\/\"},{\"@type\":\"ListItem\",\"position\":2,\"name\":\"KMF \u201ePP 192\u201c: Pobjeda koja vra\u0107a samopouzdanje!\"}]},{\"@type\":\"WebSite\",\"@id\":\"https:\/\/sandzakpress.net\/arhiva\/#website\",\"url\":\"https:\/\/sandzakpress.net\/arhiva\/\",\"name\":\"Sand\u017eak PRESS\",\"description\":\"Prve elektronske novine u Sand\u017eaku\",\"publisher\":{\"@id\":\"https:\/\/sandzakpress.net\/arhiva\/#\/schema\/person\/6e72b67d6e51910a1117b3b483ba20bd\"},\"potentialAction\":[{\"@type\":\"SearchAction\",\"target\":{\"@type\":\"EntryPoint\",\"urlTemplate\":\"https:\/\/sandzakpress.net\/arhiva\/?s={search_term_string}\"},\"query-input\":{\"@type\":\"PropertyValueSpecification\",\"valueRequired\":true,\"valueName\":\"search_term_string\"}}],\"inLanguage\":\"bs-BA\"},{\"@type\":[\"Person\",\"Organization\"],\"@id\":\"https:\/\/sandzakpress.net\/arhiva\/#\/schema\/person\/6e72b67d6e51910a1117b3b483ba20bd\",\"name\":\"Kul\",\"image\":{\"@type\":\"ImageObject\",\"inLanguage\":\"bs-BA\",\"@id\":\"https:\/\/sandzakpress.net\/arhiva\/#\/schema\/person\/image\/\",\"url\":\"https:\/\/secure.gravatar.com\/avatar\/42263f39aa27ac04c43cab85c280eb2e?s=96&d=mm&r=pg\",\"contentUrl\":\"https:\/\/secure.gravatar.com\/avatar\/42263f39aa27ac04c43cab85c280eb2e?s=96&d=mm&r=pg\",\"caption\":\"Kul\"},\"logo\":{\"@id\":\"https:\/\/sandzakpress.net\/arhiva\/#\/schema\/person\/image\/\"}},{\"@type\":\"Person\",\"@id\":\"https:\/\/sandzakpress.net\/arhiva\/#\/schema\/person\/cb59d7e3ab91ab90dd680ad0305a6185\",\"name\":\"Agencija\",\"image\":{\"@type\":\"ImageObject\",\"inLanguage\":\"bs-BA\",\"@id\":\"https:\/\/sandzakpress.net\/arhiva\/#\/schema\/person\/image\/\",\"url\":\"https:\/\/secure.gravatar.com\/avatar\/4b7fafa80a22f0c2afe23966b3961fe0?s=96&d=mm&r=pg\",\"contentUrl\":\"https:\/\/secure.gravatar.com\/avatar\/4b7fafa80a22f0c2afe23966b3961fe0?s=96&d=mm&r=pg\",\"caption\":\"Agencija\"},\"url\":\"https:\/\/sandzakpress.net\/arhiva\/author\/agencija\/\"}]}<\/script>\n<!-- \/ Yoast SEO Premium plugin. -->","yoast_head_json":{"title":"KMF \u201ePP 192\u201c: Pobjeda koja vra\u0107a samopouzdanje!","robots":{"index":"index","follow":"follow","max-snippet":"max-snippet:-1","max-image-preview":"max-image-preview:large","max-video-preview":"max-video-preview:-1"},"canonical":"https:\/\/sandzakpress.net\/arhiva\/kmf-pp-192-pobjeda-koja-vraca-samopouzdanje\/","og_locale":"bs_BA","og_type":"article","og_title":"KMF \u201ePP 192\u201c: Pobjeda koja vra\u0107a samopouzdanje!","og_description":"Iako oslabljeni neigranjem kapitena Novkovi\u0107a, kao i povre\u0111enog \u010covi\u0107a, te Mara\u010di\u0107a i Lap\u010devi\u0107a, \u201eorlovi sa trome\u0111e\u201c su dobrom igrom, posebno u prvom poluvremenu, ostvarili ubedljivu pobedu protiv \u0160ljivi\u0107a, u okviru 8. kola Regionalne futsal lige Zapad \u2013 grupe B \u2013 6:2 (5:0). Istine radi i gosti iz Ivanjice su igrali u oslabljenom sastavu. Pobeda je [&hellip;]","og_url":"https:\/\/sandzakpress.net\/arhiva\/kmf-pp-192-pobjeda-koja-vraca-samopouzdanje\/","og_site_name":"Sand\u017eak PRESS","article_published_time":"2019-12-02T13:17:23+00:00","og_image":[{"width":1021,"height":580,"url":"https:\/\/sandzakpress.net\/arhiva\/wp-content\/uploads\/2019\/12\/77303405_477439469575912_2248579219573440512_o-1021x580.jpg","type":"image\/jpeg"}],"author":"Agencija","twitter_card":"summary_large_image","twitter_misc":{"Written by":"Agencija","Est. reading time":"4 minute"},"schema":{"@context":"https:\/\/schema.org","@graph":[{"@type":"Article","@id":"https:\/\/sandzakpress.net\/arhiva\/kmf-pp-192-pobjeda-koja-vraca-samopouzdanje\/#article","isPartOf":{"@id":"https:\/\/sandzakpress.net\/arhiva\/kmf-pp-192-pobjeda-koja-vraca-samopouzdanje\/"},"author":{"name":"Agencija","@id":"https:\/\/sandzakpress.net\/arhiva\/#\/schema\/person\/cb59d7e3ab91ab90dd680ad0305a6185"},"headline":"KMF \u201ePP 192\u201c: Pobjeda koja vra\u0107a samopouzdanje!","datePublished":"2019-12-02T13:17:23+00:00","mainEntityOfPage":{"@id":"https:\/\/sandzakpress.net\/arhiva\/kmf-pp-192-pobjeda-koja-vraca-samopouzdanje\/"},"wordCount":813,"commentCount":0,"publisher":{"@id":"https:\/\/sandzakpress.net\/arhiva\/#\/schema\/person\/6e72b67d6e51910a1117b3b483ba20bd"},"image":{"@id":"https:\/\/sandzakpress.net\/arhiva\/kmf-pp-192-pobjeda-koja-vraca-samopouzdanje\/#primaryimage"},"thumbnailUrl":"https:\/\/sandzakpress.net\/arhiva\/wp-content\/uploads\/2019\/12\/77303405_477439469575912_2248579219573440512_o-1021x580.jpg","articleSection":["Sport","Prijepolje"],"inLanguage":"bs-BA","potentialAction":[{"@type":"CommentAction","name":"Comment","target":["https:\/\/sandzakpress.net\/arhiva\/kmf-pp-192-pobjeda-koja-vraca-samopouzdanje\/#respond"]}]},{"@type":"WebPage","@id":"https:\/\/sandzakpress.net\/arhiva\/kmf-pp-192-pobjeda-koja-vraca-samopouzdanje\/","url":"https:\/\/sandzakpress.net\/arhiva\/kmf-pp-192-pobjeda-koja-vraca-samopouzdanje\/","name":"KMF \u201ePP 192\u201c: Pobjeda koja vra\u0107a samopouzdanje!","isPartOf":{"@id":"https:\/\/sandzakpress.net\/arhiva\/#website"},"primaryImageOfPage":{"@id":"https:\/\/sandzakpress.net\/arhiva\/kmf-pp-192-pobjeda-koja-vraca-samopouzdanje\/#primaryimage"},"image":{"@id":"https:\/\/sandzakpress.net\/arhiva\/kmf-pp-192-pobjeda-koja-vraca-samopouzdanje\/#primaryimage"},"thumbnailUrl":"https:\/\/sandzakpress.net\/arhiva\/wp-content\/uploads\/2019\/12\/77303405_477439469575912_2248579219573440512_o-1021x580.jpg","datePublished":"2019-12-02T13:17:23+00:00","breadcrumb":{"@id":"https:\/\/sandzakpress.net\/arhiva\/kmf-pp-192-pobjeda-koja-vraca-samopouzdanje\/#breadcrumb"},"inLanguage":"bs-BA","potentialAction":[{"@type":"ReadAction","target":["https:\/\/sandzakpress.net\/arhiva\/kmf-pp-192-pobjeda-koja-vraca-samopouzdanje\/"]}]},{"@type":"ImageObject","inLanguage":"bs-BA","@id":"https:\/\/sandzakpress.net\/arhiva\/kmf-pp-192-pobjeda-koja-vraca-samopouzdanje\/#primaryimage","url":"https:\/\/sandzakpress.net\/arhiva\/wp-content\/uploads\/2019\/12\/77303405_477439469575912_2248579219573440512_o-1021x580.jpg","contentUrl":"https:\/\/sandzakpress.net\/arhiva\/wp-content\/uploads\/2019\/12\/77303405_477439469575912_2248579219573440512_o-1021x580.jpg","width":1021,"height":580},{"@type":"BreadcrumbList","@id":"https:\/\/sandzakpress.net\/arhiva\/kmf-pp-192-pobjeda-koja-vraca-samopouzdanje\/#breadcrumb","itemListElement":[{"@type":"ListItem","position":1,"name":"Home","item":"https:\/\/sandzakpress.net\/arhiva\/"},{"@type":"ListItem","position":2,"name":"KMF \u201ePP 192\u201c: Pobjeda koja vra\u0107a samopouzdanje!"}]},{"@type":"WebSite","@id":"https:\/\/sandzakpress.net\/arhiva\/#website","url":"https:\/\/sandzakpress.net\/arhiva\/","name":"Sand\u017eak PRESS","description":"Prve elektronske novine u Sand\u017eaku","publisher":{"@id":"https:\/\/sandzakpress.net\/arhiva\/#\/schema\/person\/6e72b67d6e51910a1117b3b483ba20bd"},"potentialAction":[{"@type":"SearchAction","target":{"@type":"EntryPoint","urlTemplate":"https:\/\/sandzakpress.net\/arhiva\/?s={search_term_string}"},"query-input":{"@type":"PropertyValueSpecification","valueRequired":true,"valueName":"search_term_string"}}],"inLanguage":"bs-BA"},{"@type":["Person","Organization"],"@id":"https:\/\/sandzakpress.net\/arhiva\/#\/schema\/person\/6e72b67d6e51910a1117b3b483ba20bd","name":"Kul","image":{"@type":"ImageObject","inLanguage":"bs-BA","@id":"https:\/\/sandzakpress.net\/arhiva\/#\/schema\/person\/image\/","url":"https:\/\/secure.gravatar.com\/avatar\/42263f39aa27ac04c43cab85c280eb2e?s=96&d=mm&r=pg","contentUrl":"https:\/\/secure.gravatar.com\/avatar\/42263f39aa27ac04c43cab85c280eb2e?s=96&d=mm&r=pg","caption":"Kul"},"logo":{"@id":"https:\/\/sandzakpress.net\/arhiva\/#\/schema\/person\/image\/"}},{"@type":"Person","@id":"https:\/\/sandzakpress.net\/arhiva\/#\/schema\/person\/cb59d7e3ab91ab90dd680ad0305a6185","name":"Agencija","image":{"@type":"ImageObject","inLanguage":"bs-BA","@id":"https:\/\/sandzakpress.net\/arhiva\/#\/schema\/person\/image\/","url":"https:\/\/secure.gravatar.com\/avatar\/4b7fafa80a22f0c2afe23966b3961fe0?s=96&d=mm&r=pg","contentUrl":"https:\/\/secure.gravatar.com\/avatar\/4b7fafa80a22f0c2afe23966b3961fe0?s=96&d=mm&r=pg","caption":"Agencija"},"url":"https:\/\/sandzakpress.net\/arhiva\/author\/agencija\/"}]}},"_links":{"self":[{"href":"https:\/\/sandzakpress.net\/arhiva\/wp-json\/wp\/v2\/posts\/231273"}],"collection":[{"href":"https:\/\/sandzakpress.net\/arhiva\/wp-json\/wp\/v2\/posts"}],"about":[{"href":"https:\/\/sandzakpress.net\/arhiva\/wp-json\/wp\/v2\/types\/post"}],"author":[{"embeddable":true,"href":"https:\/\/sandzakpress.net\/arhiva\/wp-json\/wp\/v2\/users\/509"}],"replies":[{"embeddable":true,"href":"https:\/\/sandzakpress.net\/arhiva\/wp-json\/wp\/v2\/comments?post=231273"}],"version-history":[{"count":0,"href":"https:\/\/sandzakpress.net\/arhiva\/wp-json\/wp\/v2\/posts\/231273\/revisions"}],"wp:featuredmedia":[{"embeddable":true,"href":"https:\/\/sandzakpress.net\/arhiva\/wp-json\/wp\/v2\/media\/231274"}],"wp:attachment":[{"href":"https:\/\/sandzakpress.net\/arhiva\/wp-json\/wp\/v2\/media?parent=231273"}],"wp:term":[{"taxonomy":"category","embeddable":true,"href":"https:\/\/sandzakpress.net\/arhiva\/wp-json\/wp\/v2\/categories?post=231273"},{"taxonomy":"post_tag","embeddable":true,"href":"https:\/\/sandzakpress.net\/arhiva\/wp-json\/wp\/v2\/tags?post=231273"}],"curies":[{"name":"wp","href":"https:\/\/api.w.org\/{rel}","templated":true}]}}