{"id":231241,"date":"2019-12-02T14:00:30","date_gmt":"2019-12-02T13:00:30","guid":{"rendered":"https:\/\/sandzakpress.net\/arhiva\/?p=231241"},"modified":"2019-12-02T14:00:30","modified_gmt":"2019-12-02T13:00:30","slug":"9-medjunarodni-konkurs-casopisa-avlija-za-najbolju-pricu-i-pjesmu-u-regionu-za-2019-godinu","status":"publish","type":"post","link":"https:\/\/sandzakpress.net\/arhiva\/9-medjunarodni-konkurs-casopisa-avlija-za-najbolju-pricu-i-pjesmu-u-regionu-za-2019-godinu\/","title":{"rendered":"9. me\u0111unarodni konkurs \u010dasopisa &#8220;AVLIJA&#8221; za najbolju pri\u010du i pjesmu u regionu za 2019. godinu"},"content":{"rendered":"<p><img decoding=\"async\" src=\"https:\/\/www.avlija.me\/wp-content\/uploads\/2014\/03\/logo.casops.avlija-Custom.jpg\" \/><\/p>\n<p><strong>Redakcija \u010dasopisa za kulturu, knji\u017eevnost i dru\u0161tvene teme AVLIJA iz Ro\u017eaja raspisala je 9. me\u0111unarodni konkurs\/natje\u010daj za najbolju neobjavljenu kratku pri\u010du i pjesmu u regionu za 2019. godinu. Konkurs je otvoren od 1. do 31. decembra\/prosinca 2019. godine.<\/strong><\/p>\n<p>Autori koji \u017eele da konkuri\u0161u trebaju poslati samo\u00a0<u>jednu\u00a0<strong>kratku pri\u010du<\/strong>\u00a0(<\/u><u>crticu ili short story)\u00a0<strong>d<\/strong><\/u><strong><u>o jedne strane<\/u><\/strong><u>\u00a0i(li) jednu\u00a0<strong>kratku<\/strong>\u00a0<strong>pjesmu do 18 stihova<\/strong><\/u>.<\/p>\n<p>Prijavljene kratke pri\u010de i kratke pjesme mogu biti napisane na bosanskom, srpskom, hrvatskom ili crnogorskom jeziku (\u0107irilicom ili latinicom, ekavicom ili ijekavicom). U slu\u010daju da autori pi\u0161u na nekom od drugih jezika (romski, albanski, goranski, makedonski, slovena\u010dki, bugarski, turski itd.) uz original poslati prijevod na jedan od navedena \u010detiri jezika.<\/p>\n<p>Pri\u010de i pjesme se \u0161alju na e-mail:\u00a0<strong>avlija.konkurs@gmail.com<\/strong>.<\/p>\n<p>Rezultati konkursa bi\u0107e objavljeni 1. februara\/velja\u010de 2020. godine na portalima Avlija.me i Konkursiregiona.net.<\/p>\n<p>Pobjedni\u010dke pri\u010de i pjesme kao i izabrane pri\u010de i pjesme bi\u0107e objavljene u 21. broju \u010dasopisa Avlija kao i na portalima Avlija.me i Konkursiregiona.net.<\/p>\n<p>Autorima, dobitnicima prvog, drugog i tre\u0107eg mjesta za najbolju neobjavljenu kratku pri\u010du i kratku pjesmu u regionu za 2019. godinu kao i pohvaljenim autorima bi\u0107e mejlom poslate e-diplome.<\/p>\n<p>USLOVI KONKURSA:<br \/>\u2013 Slati samo kratke pri\u010de i pjesme koje nijesu ranije objavljene u bilo kakvom \u0161tampanom ili elektronskom obliku (internet).<br \/>\u2013 Autori trebaju poslati samo jednu kratku pri\u010du i(li) jednu kratku pjesmu.<br \/>\u2013 Redakcija \u010dasopisa Avlija i \u017eiri ne snose odgovornost u slu\u010daju zloupotrebe autorskih prava prijavljenih kratkih pri\u010da i kratkih pjesama na konkursu od strane u\u010desnika ili tre\u0107ih osoba.<br \/>\u2013 U\u010de\u0161\u0107em na konkursu, svi u\u010desnici pristaju na uslove konkursa.<br \/>\u2013 U istom Word fajlu, zajedno sa kratkom pri\u010dom i(li) kratkom pjesmom, poslati i kratku biografija autora sa osnovnim podacima: ime i prezime, adresa stanovanja, e-mail adresa i mobilni telefon.<\/p>\n<p>PREPORUKE:<br \/>\u2013 Tekstove \u0161aljite u Word formatu \u2013 *doc ili *docx.<br \/>\u2013 Sve pri\u010de \u0161aljite u jednom fajlu, koji trebate nasloviti imenom autora (ne naslovima pri\u010da).<br \/>\u2013 Kucajte slova \u010d, \u0107, d\u017e, \u0161, \u0111 i \u017e.<\/p>\n<p>NAPOMENA 1: Redakcija \u010dasopisa Avlija se opredijelila da se radovi ne \u0161alju pod \u0161ifrom kako bi se olak\u0161ali slanje autorima koji se ne slu\u017ee najbolje e-mailom a i iz razloga \u0161to \u0107e od strane sekretara redakcije \u010dlanovima \u017eirija biti dostavljene pristigle kratke pri\u010de i kratke pjesme o\u0161tampane bez navo\u0111enja imena autora.<\/p>\n<p>NAPOMENA 2: Pri\u010de i pjesme se \u0161alju isklju\u010divo elektronskom po\u0161tom na e-mail: avlija.konkurs@gmail.com.<\/p>\n","protected":false},"excerpt":{"rendered":"<p>Redakcija \u010dasopisa za kulturu, knji\u017eevnost i dru\u0161tvene teme AVLIJA iz Ro\u017eaja raspisala je 9. me\u0111unarodni konkurs\/natje\u010daj za najbolju neobjavljenu kratku pri\u010du i pjesmu u regionu za 2019. godinu. Konkurs je otvoren od 1. do 31. decembra\/prosinca 2019. godine. Autori koji \u017eele da konkuri\u0161u trebaju poslati samo\u00a0jednu\u00a0kratku pri\u010du\u00a0(crticu ili short story)\u00a0do jedne strane\u00a0i(li) jednu\u00a0kratku\u00a0pjesmu do 18 [&hellip;]<\/p>\n","protected":false},"author":509,"featured_media":231242,"comment_status":"open","ping_status":"open","sticky":false,"template":"","format":"standard","meta":{"footnotes":""},"categories":[398,5],"tags":[],"class_list":{"0":"post-231241","1":"post","2":"type-post","3":"status-publish","4":"format-standard","5":"has-post-thumbnail","7":"category-rozaje","8":"category-drustvo"},"yoast_head":"<!-- This site is optimized with the Yoast SEO Premium plugin v23.1 (Yoast SEO v24.9) - https:\/\/yoast.com\/wordpress\/plugins\/seo\/ -->\n<title>9. me\u0111unarodni konkurs \u010dasopisa &quot;AVLIJA&quot; za najbolju pri\u010du i pjesmu u regionu za 2019. godinu<\/title>\n<meta name=\"robots\" content=\"index, follow, max-snippet:-1, max-image-preview:large, max-video-preview:-1\" \/>\n<link rel=\"canonical\" href=\"https:\/\/sandzakpress.net\/arhiva\/9-medjunarodni-konkurs-casopisa-avlija-za-najbolju-pricu-i-pjesmu-u-regionu-za-2019-godinu\/\" \/>\n<meta property=\"og:locale\" content=\"bs_BA\" \/>\n<meta property=\"og:type\" content=\"article\" \/>\n<meta property=\"og:title\" content=\"9. me\u0111unarodni konkurs \u010dasopisa &quot;AVLIJA&quot; za najbolju pri\u010du i pjesmu u regionu za 2019. godinu\" \/>\n<meta property=\"og:description\" content=\"Redakcija \u010dasopisa za kulturu, knji\u017eevnost i dru\u0161tvene teme AVLIJA iz Ro\u017eaja raspisala je 9. me\u0111unarodni konkurs\/natje\u010daj za najbolju neobjavljenu kratku pri\u010du i pjesmu u regionu za 2019. godinu. Konkurs je otvoren od 1. do 31. decembra\/prosinca 2019. godine. Autori koji \u017eele da konkuri\u0161u trebaju poslati samo\u00a0jednu\u00a0kratku pri\u010du\u00a0(crticu ili short story)\u00a0do jedne strane\u00a0i(li) jednu\u00a0kratku\u00a0pjesmu do 18 [&hellip;]\" \/>\n<meta property=\"og:url\" content=\"https:\/\/sandzakpress.net\/arhiva\/9-medjunarodni-konkurs-casopisa-avlija-za-najbolju-pricu-i-pjesmu-u-regionu-za-2019-godinu\/\" \/>\n<meta property=\"og:site_name\" content=\"Sand\u017eak PRESS\" \/>\n<meta property=\"article:published_time\" content=\"2019-12-02T13:00:30+00:00\" \/>\n<meta property=\"og:image\" content=\"https:\/\/sandzakpress.net\/arhiva\/wp-content\/uploads\/2019\/12\/logo.casops.avlija-Custom.jpg\" \/>\n\t<meta property=\"og:image:width\" content=\"622\" \/>\n\t<meta property=\"og:image:height\" content=\"391\" \/>\n\t<meta property=\"og:image:type\" content=\"image\/jpeg\" \/>\n<meta name=\"author\" content=\"Agencija\" \/>\n<meta name=\"twitter:card\" content=\"summary_large_image\" \/>\n<meta name=\"twitter:label1\" content=\"Written by\" \/>\n\t<meta name=\"twitter:data1\" content=\"Agencija\" \/>\n\t<meta name=\"twitter:label2\" content=\"Est. reading time\" \/>\n\t<meta name=\"twitter:data2\" content=\"2 minute\" \/>\n<script type=\"application\/ld+json\" class=\"yoast-schema-graph\">{\"@context\":\"https:\/\/schema.org\",\"@graph\":[{\"@type\":\"Article\",\"@id\":\"https:\/\/sandzakpress.net\/arhiva\/9-medjunarodni-konkurs-casopisa-avlija-za-najbolju-pricu-i-pjesmu-u-regionu-za-2019-godinu\/#article\",\"isPartOf\":{\"@id\":\"https:\/\/sandzakpress.net\/arhiva\/9-medjunarodni-konkurs-casopisa-avlija-za-najbolju-pricu-i-pjesmu-u-regionu-za-2019-godinu\/\"},\"author\":{\"name\":\"Agencija\",\"@id\":\"https:\/\/sandzakpress.net\/arhiva\/#\/schema\/person\/cb59d7e3ab91ab90dd680ad0305a6185\"},\"headline\":\"9. me\u0111unarodni konkurs \u010dasopisa &#8220;AVLIJA&#8221; za najbolju pri\u010du i pjesmu u regionu za 2019. godinu\",\"datePublished\":\"2019-12-02T13:00:30+00:00\",\"mainEntityOfPage\":{\"@id\":\"https:\/\/sandzakpress.net\/arhiva\/9-medjunarodni-konkurs-casopisa-avlija-za-najbolju-pricu-i-pjesmu-u-regionu-za-2019-godinu\/\"},\"wordCount\":435,\"commentCount\":0,\"publisher\":{\"@id\":\"https:\/\/sandzakpress.net\/arhiva\/#\/schema\/person\/6e72b67d6e51910a1117b3b483ba20bd\"},\"image\":{\"@id\":\"https:\/\/sandzakpress.net\/arhiva\/9-medjunarodni-konkurs-casopisa-avlija-za-najbolju-pricu-i-pjesmu-u-regionu-za-2019-godinu\/#primaryimage\"},\"thumbnailUrl\":\"https:\/\/sandzakpress.net\/arhiva\/wp-content\/uploads\/2019\/12\/logo.casops.avlija-Custom.jpg\",\"articleSection\":[\"Ro\u017eaje\",\"Dru\u0161tvo\"],\"inLanguage\":\"bs-BA\",\"potentialAction\":[{\"@type\":\"CommentAction\",\"name\":\"Comment\",\"target\":[\"https:\/\/sandzakpress.net\/arhiva\/9-medjunarodni-konkurs-casopisa-avlija-za-najbolju-pricu-i-pjesmu-u-regionu-za-2019-godinu\/#respond\"]}]},{\"@type\":\"WebPage\",\"@id\":\"https:\/\/sandzakpress.net\/arhiva\/9-medjunarodni-konkurs-casopisa-avlija-za-najbolju-pricu-i-pjesmu-u-regionu-za-2019-godinu\/\",\"url\":\"https:\/\/sandzakpress.net\/arhiva\/9-medjunarodni-konkurs-casopisa-avlija-za-najbolju-pricu-i-pjesmu-u-regionu-za-2019-godinu\/\",\"name\":\"9. me\u0111unarodni konkurs \u010dasopisa \\\"AVLIJA\\\" za najbolju pri\u010du i pjesmu u regionu za 2019. godinu\",\"isPartOf\":{\"@id\":\"https:\/\/sandzakpress.net\/arhiva\/#website\"},\"primaryImageOfPage\":{\"@id\":\"https:\/\/sandzakpress.net\/arhiva\/9-medjunarodni-konkurs-casopisa-avlija-za-najbolju-pricu-i-pjesmu-u-regionu-za-2019-godinu\/#primaryimage\"},\"image\":{\"@id\":\"https:\/\/sandzakpress.net\/arhiva\/9-medjunarodni-konkurs-casopisa-avlija-za-najbolju-pricu-i-pjesmu-u-regionu-za-2019-godinu\/#primaryimage\"},\"thumbnailUrl\":\"https:\/\/sandzakpress.net\/arhiva\/wp-content\/uploads\/2019\/12\/logo.casops.avlija-Custom.jpg\",\"datePublished\":\"2019-12-02T13:00:30+00:00\",\"breadcrumb\":{\"@id\":\"https:\/\/sandzakpress.net\/arhiva\/9-medjunarodni-konkurs-casopisa-avlija-za-najbolju-pricu-i-pjesmu-u-regionu-za-2019-godinu\/#breadcrumb\"},\"inLanguage\":\"bs-BA\",\"potentialAction\":[{\"@type\":\"ReadAction\",\"target\":[\"https:\/\/sandzakpress.net\/arhiva\/9-medjunarodni-konkurs-casopisa-avlija-za-najbolju-pricu-i-pjesmu-u-regionu-za-2019-godinu\/\"]}]},{\"@type\":\"ImageObject\",\"inLanguage\":\"bs-BA\",\"@id\":\"https:\/\/sandzakpress.net\/arhiva\/9-medjunarodni-konkurs-casopisa-avlija-za-najbolju-pricu-i-pjesmu-u-regionu-za-2019-godinu\/#primaryimage\",\"url\":\"https:\/\/sandzakpress.net\/arhiva\/wp-content\/uploads\/2019\/12\/logo.casops.avlija-Custom.jpg\",\"contentUrl\":\"https:\/\/sandzakpress.net\/arhiva\/wp-content\/uploads\/2019\/12\/logo.casops.avlija-Custom.jpg\",\"width\":622,\"height\":391},{\"@type\":\"BreadcrumbList\",\"@id\":\"https:\/\/sandzakpress.net\/arhiva\/9-medjunarodni-konkurs-casopisa-avlija-za-najbolju-pricu-i-pjesmu-u-regionu-za-2019-godinu\/#breadcrumb\",\"itemListElement\":[{\"@type\":\"ListItem\",\"position\":1,\"name\":\"Home\",\"item\":\"https:\/\/sandzakpress.net\/arhiva\/\"},{\"@type\":\"ListItem\",\"position\":2,\"name\":\"9. me\u0111unarodni konkurs \u010dasopisa &#8220;AVLIJA&#8221; za najbolju pri\u010du i pjesmu u regionu za 2019. godinu\"}]},{\"@type\":\"WebSite\",\"@id\":\"https:\/\/sandzakpress.net\/arhiva\/#website\",\"url\":\"https:\/\/sandzakpress.net\/arhiva\/\",\"name\":\"Sand\u017eak PRESS\",\"description\":\"Prve elektronske novine u Sand\u017eaku\",\"publisher\":{\"@id\":\"https:\/\/sandzakpress.net\/arhiva\/#\/schema\/person\/6e72b67d6e51910a1117b3b483ba20bd\"},\"potentialAction\":[{\"@type\":\"SearchAction\",\"target\":{\"@type\":\"EntryPoint\",\"urlTemplate\":\"https:\/\/sandzakpress.net\/arhiva\/?s={search_term_string}\"},\"query-input\":{\"@type\":\"PropertyValueSpecification\",\"valueRequired\":true,\"valueName\":\"search_term_string\"}}],\"inLanguage\":\"bs-BA\"},{\"@type\":[\"Person\",\"Organization\"],\"@id\":\"https:\/\/sandzakpress.net\/arhiva\/#\/schema\/person\/6e72b67d6e51910a1117b3b483ba20bd\",\"name\":\"Kul\",\"image\":{\"@type\":\"ImageObject\",\"inLanguage\":\"bs-BA\",\"@id\":\"https:\/\/sandzakpress.net\/arhiva\/#\/schema\/person\/image\/\",\"url\":\"https:\/\/secure.gravatar.com\/avatar\/42263f39aa27ac04c43cab85c280eb2e?s=96&d=mm&r=pg\",\"contentUrl\":\"https:\/\/secure.gravatar.com\/avatar\/42263f39aa27ac04c43cab85c280eb2e?s=96&d=mm&r=pg\",\"caption\":\"Kul\"},\"logo\":{\"@id\":\"https:\/\/sandzakpress.net\/arhiva\/#\/schema\/person\/image\/\"}},{\"@type\":\"Person\",\"@id\":\"https:\/\/sandzakpress.net\/arhiva\/#\/schema\/person\/cb59d7e3ab91ab90dd680ad0305a6185\",\"name\":\"Agencija\",\"image\":{\"@type\":\"ImageObject\",\"inLanguage\":\"bs-BA\",\"@id\":\"https:\/\/sandzakpress.net\/arhiva\/#\/schema\/person\/image\/\",\"url\":\"https:\/\/secure.gravatar.com\/avatar\/4b7fafa80a22f0c2afe23966b3961fe0?s=96&d=mm&r=pg\",\"contentUrl\":\"https:\/\/secure.gravatar.com\/avatar\/4b7fafa80a22f0c2afe23966b3961fe0?s=96&d=mm&r=pg\",\"caption\":\"Agencija\"},\"url\":\"https:\/\/sandzakpress.net\/arhiva\/author\/agencija\/\"}]}<\/script>\n<!-- \/ Yoast SEO Premium plugin. -->","yoast_head_json":{"title":"9. me\u0111unarodni konkurs \u010dasopisa \"AVLIJA\" za najbolju pri\u010du i pjesmu u regionu za 2019. godinu","robots":{"index":"index","follow":"follow","max-snippet":"max-snippet:-1","max-image-preview":"max-image-preview:large","max-video-preview":"max-video-preview:-1"},"canonical":"https:\/\/sandzakpress.net\/arhiva\/9-medjunarodni-konkurs-casopisa-avlija-za-najbolju-pricu-i-pjesmu-u-regionu-za-2019-godinu\/","og_locale":"bs_BA","og_type":"article","og_title":"9. me\u0111unarodni konkurs \u010dasopisa \"AVLIJA\" za najbolju pri\u010du i pjesmu u regionu za 2019. godinu","og_description":"Redakcija \u010dasopisa za kulturu, knji\u017eevnost i dru\u0161tvene teme AVLIJA iz Ro\u017eaja raspisala je 9. me\u0111unarodni konkurs\/natje\u010daj za najbolju neobjavljenu kratku pri\u010du i pjesmu u regionu za 2019. godinu. Konkurs je otvoren od 1. do 31. decembra\/prosinca 2019. godine. Autori koji \u017eele da konkuri\u0161u trebaju poslati samo\u00a0jednu\u00a0kratku pri\u010du\u00a0(crticu ili short story)\u00a0do jedne strane\u00a0i(li) jednu\u00a0kratku\u00a0pjesmu do 18 [&hellip;]","og_url":"https:\/\/sandzakpress.net\/arhiva\/9-medjunarodni-konkurs-casopisa-avlija-za-najbolju-pricu-i-pjesmu-u-regionu-za-2019-godinu\/","og_site_name":"Sand\u017eak PRESS","article_published_time":"2019-12-02T13:00:30+00:00","og_image":[{"width":622,"height":391,"url":"https:\/\/sandzakpress.net\/arhiva\/wp-content\/uploads\/2019\/12\/logo.casops.avlija-Custom.jpg","type":"image\/jpeg"}],"author":"Agencija","twitter_card":"summary_large_image","twitter_misc":{"Written by":"Agencija","Est. reading time":"2 minute"},"schema":{"@context":"https:\/\/schema.org","@graph":[{"@type":"Article","@id":"https:\/\/sandzakpress.net\/arhiva\/9-medjunarodni-konkurs-casopisa-avlija-za-najbolju-pricu-i-pjesmu-u-regionu-za-2019-godinu\/#article","isPartOf":{"@id":"https:\/\/sandzakpress.net\/arhiva\/9-medjunarodni-konkurs-casopisa-avlija-za-najbolju-pricu-i-pjesmu-u-regionu-za-2019-godinu\/"},"author":{"name":"Agencija","@id":"https:\/\/sandzakpress.net\/arhiva\/#\/schema\/person\/cb59d7e3ab91ab90dd680ad0305a6185"},"headline":"9. me\u0111unarodni konkurs \u010dasopisa &#8220;AVLIJA&#8221; za najbolju pri\u010du i pjesmu u regionu za 2019. godinu","datePublished":"2019-12-02T13:00:30+00:00","mainEntityOfPage":{"@id":"https:\/\/sandzakpress.net\/arhiva\/9-medjunarodni-konkurs-casopisa-avlija-za-najbolju-pricu-i-pjesmu-u-regionu-za-2019-godinu\/"},"wordCount":435,"commentCount":0,"publisher":{"@id":"https:\/\/sandzakpress.net\/arhiva\/#\/schema\/person\/6e72b67d6e51910a1117b3b483ba20bd"},"image":{"@id":"https:\/\/sandzakpress.net\/arhiva\/9-medjunarodni-konkurs-casopisa-avlija-za-najbolju-pricu-i-pjesmu-u-regionu-za-2019-godinu\/#primaryimage"},"thumbnailUrl":"https:\/\/sandzakpress.net\/arhiva\/wp-content\/uploads\/2019\/12\/logo.casops.avlija-Custom.jpg","articleSection":["Ro\u017eaje","Dru\u0161tvo"],"inLanguage":"bs-BA","potentialAction":[{"@type":"CommentAction","name":"Comment","target":["https:\/\/sandzakpress.net\/arhiva\/9-medjunarodni-konkurs-casopisa-avlija-za-najbolju-pricu-i-pjesmu-u-regionu-za-2019-godinu\/#respond"]}]},{"@type":"WebPage","@id":"https:\/\/sandzakpress.net\/arhiva\/9-medjunarodni-konkurs-casopisa-avlija-za-najbolju-pricu-i-pjesmu-u-regionu-za-2019-godinu\/","url":"https:\/\/sandzakpress.net\/arhiva\/9-medjunarodni-konkurs-casopisa-avlija-za-najbolju-pricu-i-pjesmu-u-regionu-za-2019-godinu\/","name":"9. me\u0111unarodni konkurs \u010dasopisa \"AVLIJA\" za najbolju pri\u010du i pjesmu u regionu za 2019. godinu","isPartOf":{"@id":"https:\/\/sandzakpress.net\/arhiva\/#website"},"primaryImageOfPage":{"@id":"https:\/\/sandzakpress.net\/arhiva\/9-medjunarodni-konkurs-casopisa-avlija-za-najbolju-pricu-i-pjesmu-u-regionu-za-2019-godinu\/#primaryimage"},"image":{"@id":"https:\/\/sandzakpress.net\/arhiva\/9-medjunarodni-konkurs-casopisa-avlija-za-najbolju-pricu-i-pjesmu-u-regionu-za-2019-godinu\/#primaryimage"},"thumbnailUrl":"https:\/\/sandzakpress.net\/arhiva\/wp-content\/uploads\/2019\/12\/logo.casops.avlija-Custom.jpg","datePublished":"2019-12-02T13:00:30+00:00","breadcrumb":{"@id":"https:\/\/sandzakpress.net\/arhiva\/9-medjunarodni-konkurs-casopisa-avlija-za-najbolju-pricu-i-pjesmu-u-regionu-za-2019-godinu\/#breadcrumb"},"inLanguage":"bs-BA","potentialAction":[{"@type":"ReadAction","target":["https:\/\/sandzakpress.net\/arhiva\/9-medjunarodni-konkurs-casopisa-avlija-za-najbolju-pricu-i-pjesmu-u-regionu-za-2019-godinu\/"]}]},{"@type":"ImageObject","inLanguage":"bs-BA","@id":"https:\/\/sandzakpress.net\/arhiva\/9-medjunarodni-konkurs-casopisa-avlija-za-najbolju-pricu-i-pjesmu-u-regionu-za-2019-godinu\/#primaryimage","url":"https:\/\/sandzakpress.net\/arhiva\/wp-content\/uploads\/2019\/12\/logo.casops.avlija-Custom.jpg","contentUrl":"https:\/\/sandzakpress.net\/arhiva\/wp-content\/uploads\/2019\/12\/logo.casops.avlija-Custom.jpg","width":622,"height":391},{"@type":"BreadcrumbList","@id":"https:\/\/sandzakpress.net\/arhiva\/9-medjunarodni-konkurs-casopisa-avlija-za-najbolju-pricu-i-pjesmu-u-regionu-za-2019-godinu\/#breadcrumb","itemListElement":[{"@type":"ListItem","position":1,"name":"Home","item":"https:\/\/sandzakpress.net\/arhiva\/"},{"@type":"ListItem","position":2,"name":"9. me\u0111unarodni konkurs \u010dasopisa &#8220;AVLIJA&#8221; za najbolju pri\u010du i pjesmu u regionu za 2019. godinu"}]},{"@type":"WebSite","@id":"https:\/\/sandzakpress.net\/arhiva\/#website","url":"https:\/\/sandzakpress.net\/arhiva\/","name":"Sand\u017eak PRESS","description":"Prve elektronske novine u Sand\u017eaku","publisher":{"@id":"https:\/\/sandzakpress.net\/arhiva\/#\/schema\/person\/6e72b67d6e51910a1117b3b483ba20bd"},"potentialAction":[{"@type":"SearchAction","target":{"@type":"EntryPoint","urlTemplate":"https:\/\/sandzakpress.net\/arhiva\/?s={search_term_string}"},"query-input":{"@type":"PropertyValueSpecification","valueRequired":true,"valueName":"search_term_string"}}],"inLanguage":"bs-BA"},{"@type":["Person","Organization"],"@id":"https:\/\/sandzakpress.net\/arhiva\/#\/schema\/person\/6e72b67d6e51910a1117b3b483ba20bd","name":"Kul","image":{"@type":"ImageObject","inLanguage":"bs-BA","@id":"https:\/\/sandzakpress.net\/arhiva\/#\/schema\/person\/image\/","url":"https:\/\/secure.gravatar.com\/avatar\/42263f39aa27ac04c43cab85c280eb2e?s=96&d=mm&r=pg","contentUrl":"https:\/\/secure.gravatar.com\/avatar\/42263f39aa27ac04c43cab85c280eb2e?s=96&d=mm&r=pg","caption":"Kul"},"logo":{"@id":"https:\/\/sandzakpress.net\/arhiva\/#\/schema\/person\/image\/"}},{"@type":"Person","@id":"https:\/\/sandzakpress.net\/arhiva\/#\/schema\/person\/cb59d7e3ab91ab90dd680ad0305a6185","name":"Agencija","image":{"@type":"ImageObject","inLanguage":"bs-BA","@id":"https:\/\/sandzakpress.net\/arhiva\/#\/schema\/person\/image\/","url":"https:\/\/secure.gravatar.com\/avatar\/4b7fafa80a22f0c2afe23966b3961fe0?s=96&d=mm&r=pg","contentUrl":"https:\/\/secure.gravatar.com\/avatar\/4b7fafa80a22f0c2afe23966b3961fe0?s=96&d=mm&r=pg","caption":"Agencija"},"url":"https:\/\/sandzakpress.net\/arhiva\/author\/agencija\/"}]}},"_links":{"self":[{"href":"https:\/\/sandzakpress.net\/arhiva\/wp-json\/wp\/v2\/posts\/231241"}],"collection":[{"href":"https:\/\/sandzakpress.net\/arhiva\/wp-json\/wp\/v2\/posts"}],"about":[{"href":"https:\/\/sandzakpress.net\/arhiva\/wp-json\/wp\/v2\/types\/post"}],"author":[{"embeddable":true,"href":"https:\/\/sandzakpress.net\/arhiva\/wp-json\/wp\/v2\/users\/509"}],"replies":[{"embeddable":true,"href":"https:\/\/sandzakpress.net\/arhiva\/wp-json\/wp\/v2\/comments?post=231241"}],"version-history":[{"count":0,"href":"https:\/\/sandzakpress.net\/arhiva\/wp-json\/wp\/v2\/posts\/231241\/revisions"}],"wp:featuredmedia":[{"embeddable":true,"href":"https:\/\/sandzakpress.net\/arhiva\/wp-json\/wp\/v2\/media\/231242"}],"wp:attachment":[{"href":"https:\/\/sandzakpress.net\/arhiva\/wp-json\/wp\/v2\/media?parent=231241"}],"wp:term":[{"taxonomy":"category","embeddable":true,"href":"https:\/\/sandzakpress.net\/arhiva\/wp-json\/wp\/v2\/categories?post=231241"},{"taxonomy":"post_tag","embeddable":true,"href":"https:\/\/sandzakpress.net\/arhiva\/wp-json\/wp\/v2\/tags?post=231241"}],"curies":[{"name":"wp","href":"https:\/\/api.w.org\/{rel}","templated":true}]}}