{"id":231208,"date":"2019-11-30T14:39:15","date_gmt":"2019-11-30T13:39:15","guid":{"rendered":"https:\/\/sandzakpress.net\/arhiva\/?p=231208"},"modified":"2019-11-30T14:39:15","modified_gmt":"2019-11-30T13:39:15","slug":"glavni-imam-odrzao-hutbu-u-lejlek-dzamiji","status":"publish","type":"post","link":"https:\/\/sandzakpress.net\/arhiva\/glavni-imam-odrzao-hutbu-u-lejlek-dzamiji\/","title":{"rendered":"Glavni imam odr\u017eao hutbu u Lejlek d\u017eamiji"},"content":{"rendered":"<p><img decoding=\"async\" src=\"http:\/\/sanapress.info\/wp-content\/uploads\/2019\/11\/1-15.jpg\" \/><\/p>\n<p><strong>Dana 29.11.2019. godine glavni imam dr. Enver ef. Omerovi\u0107 odr\u017eao je hutbu i predvodio d\u017euma namaz u Lejlek d\u017eamiji u Novom Pazaru.<\/strong><\/p>\n<p>Dr. Omerovi\u0107 je govorio na temu: \u201ePoslanik a.s. u porodici\u201c. Glavni imam je navodio primjere iz \u017eivota Poslanika a.s., njegovo opho\u0111enje prema suprugama, savjetovanje porodica, rad na ispravljanju gre\u0161aka, kao i obavljanju poslova i obaveza \u0161to je mogu\u0107e bolje.<\/p>\n<p>Dr. Omerovi\u0107 se zahvali imamu d\u017eamije Fahir ef. Nicevi\u0107em i d\u017eematskom odboru na \u010delu sa had\u017ei Jonuzom D\u017eankovi\u0107em koji ve\u0107 25 godina uspje\u0161no obavlja taj emanet. U renoviranje i obnovu d\u017eamije ulo\u017eeno je preko 70 000 e. Ura\u0111en je plato ispred d\u017eamije, ograda, cjelokupni inventar d\u017eamije je promijenjen, ali je sa\u010duvan orijenatlni stil koji krasi ovu d\u017eamiju.<\/p>\n<p>Med\u017elis IZ-e Novi Pazar se zahvaljuje svim donatorima i rukovodstvu Me\u0161ihata na podr\u0161ci i pomo\u0107i koju nesebi\u010dno pru\u017eaju.<\/p>\n<p><img decoding=\"async\" src=\"http:\/\/www.medzlisnp.org\/wp-content\/uploads\/2019\/11\/2-1-1024x768.jpg\" \/><\/p>\n<p><img decoding=\"async\" src=\"http:\/\/www.medzlisnp.org\/wp-content\/uploads\/2019\/11\/3-1-1024x768.jpg\" \/><\/p>\n","protected":false},"excerpt":{"rendered":"<p>Dana 29.11.2019. godine glavni imam dr. Enver ef. Omerovi\u0107 odr\u017eao je hutbu i predvodio d\u017euma namaz u Lejlek d\u017eamiji u Novom Pazaru. Dr. Omerovi\u0107 je govorio na temu: \u201ePoslanik a.s. u porodici\u201c. Glavni imam je navodio primjere iz \u017eivota Poslanika a.s., njegovo opho\u0111enje prema suprugama, savjetovanje porodica, rad na ispravljanju gre\u0161aka, kao i obavljanju poslova [&hellip;]<\/p>\n","protected":false},"author":509,"featured_media":231211,"comment_status":"open","ping_status":"open","sticky":false,"template":"","format":"standard","meta":{"footnotes":""},"categories":[72,802],"tags":[],"class_list":{"0":"post-231208","1":"post","2":"type-post","3":"status-publish","4":"format-standard","5":"has-post-thumbnail","7":"category-novi-pazar","8":"category-islamska_zajednica"},"yoast_head":"<!-- This site is optimized with the Yoast SEO Premium plugin v23.1 (Yoast SEO v24.9) - https:\/\/yoast.com\/wordpress\/plugins\/seo\/ -->\n<title>Glavni imam odr\u017eao hutbu u Lejlek d\u017eamiji<\/title>\n<meta name=\"robots\" content=\"index, follow, max-snippet:-1, max-image-preview:large, max-video-preview:-1\" \/>\n<link rel=\"canonical\" href=\"https:\/\/sandzakpress.net\/arhiva\/glavni-imam-odrzao-hutbu-u-lejlek-dzamiji\/\" \/>\n<meta property=\"og:locale\" content=\"bs_BA\" \/>\n<meta property=\"og:type\" content=\"article\" \/>\n<meta property=\"og:title\" content=\"Glavni imam odr\u017eao hutbu u Lejlek d\u017eamiji\" \/>\n<meta property=\"og:description\" content=\"Dana 29.11.2019. godine glavni imam dr. Enver ef. Omerovi\u0107 odr\u017eao je hutbu i predvodio d\u017euma namaz u Lejlek d\u017eamiji u Novom Pazaru. Dr. Omerovi\u0107 je govorio na temu: \u201ePoslanik a.s. u porodici\u201c. Glavni imam je navodio primjere iz \u017eivota Poslanika a.s., njegovo opho\u0111enje prema suprugama, savjetovanje porodica, rad na ispravljanju gre\u0161aka, kao i obavljanju poslova [&hellip;]\" \/>\n<meta property=\"og:url\" content=\"https:\/\/sandzakpress.net\/arhiva\/glavni-imam-odrzao-hutbu-u-lejlek-dzamiji\/\" \/>\n<meta property=\"og:site_name\" content=\"Sand\u017eak PRESS\" \/>\n<meta property=\"article:published_time\" content=\"2019-11-30T13:39:15+00:00\" \/>\n<meta property=\"og:image\" content=\"https:\/\/sandzakpress.net\/arhiva\/wp-content\/uploads\/2019\/11\/1-15.jpg\" \/>\n\t<meta property=\"og:image:width\" content=\"1280\" \/>\n\t<meta property=\"og:image:height\" content=\"960\" \/>\n\t<meta property=\"og:image:type\" content=\"image\/jpeg\" \/>\n<meta name=\"author\" content=\"Agencija\" \/>\n<meta name=\"twitter:card\" content=\"summary_large_image\" \/>\n<meta name=\"twitter:label1\" content=\"Written by\" \/>\n\t<meta name=\"twitter:data1\" content=\"Agencija\" \/>\n\t<meta name=\"twitter:label2\" content=\"Est. reading time\" \/>\n\t<meta name=\"twitter:data2\" content=\"1 minuta\" \/>\n<script type=\"application\/ld+json\" class=\"yoast-schema-graph\">{\"@context\":\"https:\/\/schema.org\",\"@graph\":[{\"@type\":\"Article\",\"@id\":\"https:\/\/sandzakpress.net\/arhiva\/glavni-imam-odrzao-hutbu-u-lejlek-dzamiji\/#article\",\"isPartOf\":{\"@id\":\"https:\/\/sandzakpress.net\/arhiva\/glavni-imam-odrzao-hutbu-u-lejlek-dzamiji\/\"},\"author\":{\"name\":\"Agencija\",\"@id\":\"https:\/\/sandzakpress.net\/arhiva\/#\/schema\/person\/cb59d7e3ab91ab90dd680ad0305a6185\"},\"headline\":\"Glavni imam odr\u017eao hutbu u Lejlek d\u017eamiji\",\"datePublished\":\"2019-11-30T13:39:15+00:00\",\"mainEntityOfPage\":{\"@id\":\"https:\/\/sandzakpress.net\/arhiva\/glavni-imam-odrzao-hutbu-u-lejlek-dzamiji\/\"},\"wordCount\":169,\"commentCount\":0,\"publisher\":{\"@id\":\"https:\/\/sandzakpress.net\/arhiva\/#\/schema\/person\/6e72b67d6e51910a1117b3b483ba20bd\"},\"image\":{\"@id\":\"https:\/\/sandzakpress.net\/arhiva\/glavni-imam-odrzao-hutbu-u-lejlek-dzamiji\/#primaryimage\"},\"thumbnailUrl\":\"https:\/\/sandzakpress.net\/arhiva\/wp-content\/uploads\/2019\/11\/1-15.jpg\",\"articleSection\":[\"Novi Pazar\",\"Islamska zajednica\"],\"inLanguage\":\"bs-BA\",\"potentialAction\":[{\"@type\":\"CommentAction\",\"name\":\"Comment\",\"target\":[\"https:\/\/sandzakpress.net\/arhiva\/glavni-imam-odrzao-hutbu-u-lejlek-dzamiji\/#respond\"]}]},{\"@type\":\"WebPage\",\"@id\":\"https:\/\/sandzakpress.net\/arhiva\/glavni-imam-odrzao-hutbu-u-lejlek-dzamiji\/\",\"url\":\"https:\/\/sandzakpress.net\/arhiva\/glavni-imam-odrzao-hutbu-u-lejlek-dzamiji\/\",\"name\":\"Glavni imam odr\u017eao hutbu u Lejlek d\u017eamiji\",\"isPartOf\":{\"@id\":\"https:\/\/sandzakpress.net\/arhiva\/#website\"},\"primaryImageOfPage\":{\"@id\":\"https:\/\/sandzakpress.net\/arhiva\/glavni-imam-odrzao-hutbu-u-lejlek-dzamiji\/#primaryimage\"},\"image\":{\"@id\":\"https:\/\/sandzakpress.net\/arhiva\/glavni-imam-odrzao-hutbu-u-lejlek-dzamiji\/#primaryimage\"},\"thumbnailUrl\":\"https:\/\/sandzakpress.net\/arhiva\/wp-content\/uploads\/2019\/11\/1-15.jpg\",\"datePublished\":\"2019-11-30T13:39:15+00:00\",\"breadcrumb\":{\"@id\":\"https:\/\/sandzakpress.net\/arhiva\/glavni-imam-odrzao-hutbu-u-lejlek-dzamiji\/#breadcrumb\"},\"inLanguage\":\"bs-BA\",\"potentialAction\":[{\"@type\":\"ReadAction\",\"target\":[\"https:\/\/sandzakpress.net\/arhiva\/glavni-imam-odrzao-hutbu-u-lejlek-dzamiji\/\"]}]},{\"@type\":\"ImageObject\",\"inLanguage\":\"bs-BA\",\"@id\":\"https:\/\/sandzakpress.net\/arhiva\/glavni-imam-odrzao-hutbu-u-lejlek-dzamiji\/#primaryimage\",\"url\":\"https:\/\/sandzakpress.net\/arhiva\/wp-content\/uploads\/2019\/11\/1-15.jpg\",\"contentUrl\":\"https:\/\/sandzakpress.net\/arhiva\/wp-content\/uploads\/2019\/11\/1-15.jpg\",\"width\":1280,\"height\":960},{\"@type\":\"BreadcrumbList\",\"@id\":\"https:\/\/sandzakpress.net\/arhiva\/glavni-imam-odrzao-hutbu-u-lejlek-dzamiji\/#breadcrumb\",\"itemListElement\":[{\"@type\":\"ListItem\",\"position\":1,\"name\":\"Home\",\"item\":\"https:\/\/sandzakpress.net\/arhiva\/\"},{\"@type\":\"ListItem\",\"position\":2,\"name\":\"Glavni imam odr\u017eao hutbu u Lejlek d\u017eamiji\"}]},{\"@type\":\"WebSite\",\"@id\":\"https:\/\/sandzakpress.net\/arhiva\/#website\",\"url\":\"https:\/\/sandzakpress.net\/arhiva\/\",\"name\":\"Sand\u017eak PRESS\",\"description\":\"Prve elektronske novine u Sand\u017eaku\",\"publisher\":{\"@id\":\"https:\/\/sandzakpress.net\/arhiva\/#\/schema\/person\/6e72b67d6e51910a1117b3b483ba20bd\"},\"potentialAction\":[{\"@type\":\"SearchAction\",\"target\":{\"@type\":\"EntryPoint\",\"urlTemplate\":\"https:\/\/sandzakpress.net\/arhiva\/?s={search_term_string}\"},\"query-input\":{\"@type\":\"PropertyValueSpecification\",\"valueRequired\":true,\"valueName\":\"search_term_string\"}}],\"inLanguage\":\"bs-BA\"},{\"@type\":[\"Person\",\"Organization\"],\"@id\":\"https:\/\/sandzakpress.net\/arhiva\/#\/schema\/person\/6e72b67d6e51910a1117b3b483ba20bd\",\"name\":\"Kul\",\"image\":{\"@type\":\"ImageObject\",\"inLanguage\":\"bs-BA\",\"@id\":\"https:\/\/sandzakpress.net\/arhiva\/#\/schema\/person\/image\/\",\"url\":\"https:\/\/secure.gravatar.com\/avatar\/42263f39aa27ac04c43cab85c280eb2e?s=96&d=mm&r=pg\",\"contentUrl\":\"https:\/\/secure.gravatar.com\/avatar\/42263f39aa27ac04c43cab85c280eb2e?s=96&d=mm&r=pg\",\"caption\":\"Kul\"},\"logo\":{\"@id\":\"https:\/\/sandzakpress.net\/arhiva\/#\/schema\/person\/image\/\"}},{\"@type\":\"Person\",\"@id\":\"https:\/\/sandzakpress.net\/arhiva\/#\/schema\/person\/cb59d7e3ab91ab90dd680ad0305a6185\",\"name\":\"Agencija\",\"image\":{\"@type\":\"ImageObject\",\"inLanguage\":\"bs-BA\",\"@id\":\"https:\/\/sandzakpress.net\/arhiva\/#\/schema\/person\/image\/\",\"url\":\"https:\/\/secure.gravatar.com\/avatar\/4b7fafa80a22f0c2afe23966b3961fe0?s=96&d=mm&r=pg\",\"contentUrl\":\"https:\/\/secure.gravatar.com\/avatar\/4b7fafa80a22f0c2afe23966b3961fe0?s=96&d=mm&r=pg\",\"caption\":\"Agencija\"},\"url\":\"https:\/\/sandzakpress.net\/arhiva\/author\/agencija\/\"}]}<\/script>\n<!-- \/ Yoast SEO Premium plugin. -->","yoast_head_json":{"title":"Glavni imam odr\u017eao hutbu u Lejlek d\u017eamiji","robots":{"index":"index","follow":"follow","max-snippet":"max-snippet:-1","max-image-preview":"max-image-preview:large","max-video-preview":"max-video-preview:-1"},"canonical":"https:\/\/sandzakpress.net\/arhiva\/glavni-imam-odrzao-hutbu-u-lejlek-dzamiji\/","og_locale":"bs_BA","og_type":"article","og_title":"Glavni imam odr\u017eao hutbu u Lejlek d\u017eamiji","og_description":"Dana 29.11.2019. godine glavni imam dr. Enver ef. Omerovi\u0107 odr\u017eao je hutbu i predvodio d\u017euma namaz u Lejlek d\u017eamiji u Novom Pazaru. Dr. Omerovi\u0107 je govorio na temu: \u201ePoslanik a.s. u porodici\u201c. Glavni imam je navodio primjere iz \u017eivota Poslanika a.s., njegovo opho\u0111enje prema suprugama, savjetovanje porodica, rad na ispravljanju gre\u0161aka, kao i obavljanju poslova [&hellip;]","og_url":"https:\/\/sandzakpress.net\/arhiva\/glavni-imam-odrzao-hutbu-u-lejlek-dzamiji\/","og_site_name":"Sand\u017eak PRESS","article_published_time":"2019-11-30T13:39:15+00:00","og_image":[{"width":1280,"height":960,"url":"https:\/\/sandzakpress.net\/arhiva\/wp-content\/uploads\/2019\/11\/1-15.jpg","type":"image\/jpeg"}],"author":"Agencija","twitter_card":"summary_large_image","twitter_misc":{"Written by":"Agencija","Est. reading time":"1 minuta"},"schema":{"@context":"https:\/\/schema.org","@graph":[{"@type":"Article","@id":"https:\/\/sandzakpress.net\/arhiva\/glavni-imam-odrzao-hutbu-u-lejlek-dzamiji\/#article","isPartOf":{"@id":"https:\/\/sandzakpress.net\/arhiva\/glavni-imam-odrzao-hutbu-u-lejlek-dzamiji\/"},"author":{"name":"Agencija","@id":"https:\/\/sandzakpress.net\/arhiva\/#\/schema\/person\/cb59d7e3ab91ab90dd680ad0305a6185"},"headline":"Glavni imam odr\u017eao hutbu u Lejlek d\u017eamiji","datePublished":"2019-11-30T13:39:15+00:00","mainEntityOfPage":{"@id":"https:\/\/sandzakpress.net\/arhiva\/glavni-imam-odrzao-hutbu-u-lejlek-dzamiji\/"},"wordCount":169,"commentCount":0,"publisher":{"@id":"https:\/\/sandzakpress.net\/arhiva\/#\/schema\/person\/6e72b67d6e51910a1117b3b483ba20bd"},"image":{"@id":"https:\/\/sandzakpress.net\/arhiva\/glavni-imam-odrzao-hutbu-u-lejlek-dzamiji\/#primaryimage"},"thumbnailUrl":"https:\/\/sandzakpress.net\/arhiva\/wp-content\/uploads\/2019\/11\/1-15.jpg","articleSection":["Novi Pazar","Islamska zajednica"],"inLanguage":"bs-BA","potentialAction":[{"@type":"CommentAction","name":"Comment","target":["https:\/\/sandzakpress.net\/arhiva\/glavni-imam-odrzao-hutbu-u-lejlek-dzamiji\/#respond"]}]},{"@type":"WebPage","@id":"https:\/\/sandzakpress.net\/arhiva\/glavni-imam-odrzao-hutbu-u-lejlek-dzamiji\/","url":"https:\/\/sandzakpress.net\/arhiva\/glavni-imam-odrzao-hutbu-u-lejlek-dzamiji\/","name":"Glavni imam odr\u017eao hutbu u Lejlek d\u017eamiji","isPartOf":{"@id":"https:\/\/sandzakpress.net\/arhiva\/#website"},"primaryImageOfPage":{"@id":"https:\/\/sandzakpress.net\/arhiva\/glavni-imam-odrzao-hutbu-u-lejlek-dzamiji\/#primaryimage"},"image":{"@id":"https:\/\/sandzakpress.net\/arhiva\/glavni-imam-odrzao-hutbu-u-lejlek-dzamiji\/#primaryimage"},"thumbnailUrl":"https:\/\/sandzakpress.net\/arhiva\/wp-content\/uploads\/2019\/11\/1-15.jpg","datePublished":"2019-11-30T13:39:15+00:00","breadcrumb":{"@id":"https:\/\/sandzakpress.net\/arhiva\/glavni-imam-odrzao-hutbu-u-lejlek-dzamiji\/#breadcrumb"},"inLanguage":"bs-BA","potentialAction":[{"@type":"ReadAction","target":["https:\/\/sandzakpress.net\/arhiva\/glavni-imam-odrzao-hutbu-u-lejlek-dzamiji\/"]}]},{"@type":"ImageObject","inLanguage":"bs-BA","@id":"https:\/\/sandzakpress.net\/arhiva\/glavni-imam-odrzao-hutbu-u-lejlek-dzamiji\/#primaryimage","url":"https:\/\/sandzakpress.net\/arhiva\/wp-content\/uploads\/2019\/11\/1-15.jpg","contentUrl":"https:\/\/sandzakpress.net\/arhiva\/wp-content\/uploads\/2019\/11\/1-15.jpg","width":1280,"height":960},{"@type":"BreadcrumbList","@id":"https:\/\/sandzakpress.net\/arhiva\/glavni-imam-odrzao-hutbu-u-lejlek-dzamiji\/#breadcrumb","itemListElement":[{"@type":"ListItem","position":1,"name":"Home","item":"https:\/\/sandzakpress.net\/arhiva\/"},{"@type":"ListItem","position":2,"name":"Glavni imam odr\u017eao hutbu u Lejlek d\u017eamiji"}]},{"@type":"WebSite","@id":"https:\/\/sandzakpress.net\/arhiva\/#website","url":"https:\/\/sandzakpress.net\/arhiva\/","name":"Sand\u017eak PRESS","description":"Prve elektronske novine u Sand\u017eaku","publisher":{"@id":"https:\/\/sandzakpress.net\/arhiva\/#\/schema\/person\/6e72b67d6e51910a1117b3b483ba20bd"},"potentialAction":[{"@type":"SearchAction","target":{"@type":"EntryPoint","urlTemplate":"https:\/\/sandzakpress.net\/arhiva\/?s={search_term_string}"},"query-input":{"@type":"PropertyValueSpecification","valueRequired":true,"valueName":"search_term_string"}}],"inLanguage":"bs-BA"},{"@type":["Person","Organization"],"@id":"https:\/\/sandzakpress.net\/arhiva\/#\/schema\/person\/6e72b67d6e51910a1117b3b483ba20bd","name":"Kul","image":{"@type":"ImageObject","inLanguage":"bs-BA","@id":"https:\/\/sandzakpress.net\/arhiva\/#\/schema\/person\/image\/","url":"https:\/\/secure.gravatar.com\/avatar\/42263f39aa27ac04c43cab85c280eb2e?s=96&d=mm&r=pg","contentUrl":"https:\/\/secure.gravatar.com\/avatar\/42263f39aa27ac04c43cab85c280eb2e?s=96&d=mm&r=pg","caption":"Kul"},"logo":{"@id":"https:\/\/sandzakpress.net\/arhiva\/#\/schema\/person\/image\/"}},{"@type":"Person","@id":"https:\/\/sandzakpress.net\/arhiva\/#\/schema\/person\/cb59d7e3ab91ab90dd680ad0305a6185","name":"Agencija","image":{"@type":"ImageObject","inLanguage":"bs-BA","@id":"https:\/\/sandzakpress.net\/arhiva\/#\/schema\/person\/image\/","url":"https:\/\/secure.gravatar.com\/avatar\/4b7fafa80a22f0c2afe23966b3961fe0?s=96&d=mm&r=pg","contentUrl":"https:\/\/secure.gravatar.com\/avatar\/4b7fafa80a22f0c2afe23966b3961fe0?s=96&d=mm&r=pg","caption":"Agencija"},"url":"https:\/\/sandzakpress.net\/arhiva\/author\/agencija\/"}]}},"_links":{"self":[{"href":"https:\/\/sandzakpress.net\/arhiva\/wp-json\/wp\/v2\/posts\/231208"}],"collection":[{"href":"https:\/\/sandzakpress.net\/arhiva\/wp-json\/wp\/v2\/posts"}],"about":[{"href":"https:\/\/sandzakpress.net\/arhiva\/wp-json\/wp\/v2\/types\/post"}],"author":[{"embeddable":true,"href":"https:\/\/sandzakpress.net\/arhiva\/wp-json\/wp\/v2\/users\/509"}],"replies":[{"embeddable":true,"href":"https:\/\/sandzakpress.net\/arhiva\/wp-json\/wp\/v2\/comments?post=231208"}],"version-history":[{"count":0,"href":"https:\/\/sandzakpress.net\/arhiva\/wp-json\/wp\/v2\/posts\/231208\/revisions"}],"wp:featuredmedia":[{"embeddable":true,"href":"https:\/\/sandzakpress.net\/arhiva\/wp-json\/wp\/v2\/media\/231211"}],"wp:attachment":[{"href":"https:\/\/sandzakpress.net\/arhiva\/wp-json\/wp\/v2\/media?parent=231208"}],"wp:term":[{"taxonomy":"category","embeddable":true,"href":"https:\/\/sandzakpress.net\/arhiva\/wp-json\/wp\/v2\/categories?post=231208"},{"taxonomy":"post_tag","embeddable":true,"href":"https:\/\/sandzakpress.net\/arhiva\/wp-json\/wp\/v2\/tags?post=231208"}],"curies":[{"name":"wp","href":"https:\/\/api.w.org\/{rel}","templated":true}]}}