{"id":231186,"date":"2019-11-30T14:04:59","date_gmt":"2019-11-30T13:04:59","guid":{"rendered":"https:\/\/sandzakpress.net\/arhiva\/?p=231186"},"modified":"2019-11-30T14:04:59","modified_gmt":"2019-11-30T13:04:59","slug":"dr-zukorlic-o-kradji-beba-iz-porodilista-ne-smijemo-odustati-istrage-se-moraju-sprovesti-a-kriminalci-odgovarati","status":"publish","type":"post","link":"https:\/\/sandzakpress.net\/arhiva\/dr-zukorlic-o-kradji-beba-iz-porodilista-ne-smijemo-odustati-istrage-se-moraju-sprovesti-a-kriminalci-odgovarati\/","title":{"rendered":"Dr. Zukorli\u0107 o kra\u0111i beba iz porodili\u0161ta &#8211; Ne smijemo odustati, istrage se moraju sprovesti a kriminalci odgovarati"},"content":{"rendered":"<p><img decoding=\"async\" src=\"http:\/\/sanapress.info\/wp-content\/uploads\/2019\/11\/DR.-ZUKORLIC%CC%81.jpg\" \/><\/p>\n<p><strong>U Skup\u0161tini Srbije odr\u017eano je javno slu\u0161anje Prijedloga zakona o utvr\u0111ivanju \u010dinjenica o statusu novoro\u0111ene djece za koju se sumnja da su nestala iz porodili\u0161ta u Srbiji. \u00a0Predsjednik Stranke pravde i pomirenja dr. Muamer Zukorli\u0107 kazao da se ne smije odustati od pravde. Poru\u010dio da je kra\u0111a beba zadnja crvena linija ljudskosti cjelokupnog dru\u0161tva u Republici Srbiji iako se na tome padne, palo se na svemu.<\/strong><\/p>\n<p>Dr. Zukorli\u0107 istakao da mu je zadovoljstvo \u0161to na ovaj na\u010din mogu u Domu Narodne skup\u0161tine razgovarati i \u0161to Parlament Republike Srbije ima kapaciteta da \u010duje sve ove glasove koji su prete\u017eno gorki te da to i pokazuje da vrata nisu zatvorena, zahvaliv\u0161i se nadle\u017enom odboru i svim organizatorima koji su omogu\u0107ili da u Narodnoj skup\u0161tini iznesu svoje vrlo bolne stavove.<\/p>\n<p><iframe loading=\"lazy\" title=\"Dr.  Zukorli\u0107 na javnom slu\u0161anju o kra\u0111i beba iz porodili\u0161ta\" width=\"696\" height=\"392\" src=\"https:\/\/www.youtube.com\/embed\/t3Rh67AxT2Q?feature=oembed\" frameborder=\"0\" allow=\"accelerometer; autoplay; encrypted-media; gyroscope; picture-in-picture\" allowfullscreen><\/iframe><\/p>\n<p>\u201eAko bi i\u0161ta ili ako bi jedna tema postojala koja bi trebala da bude zajedni\u010dka ili da ujedini vlast i opoziciju, to bi trebalo da bude ova tema i trebalo bi da u retorici i politi\u010dkom diskursu vezano za ovu temu potpuno eliminiramo uobi\u010dajene razmjerice i obra\u010dune na relaciji vlade i opozicije, jer ovo nije tema na kojoj se trebaju sticati neki poeni, bilo sa jedne ili bilo sa druge strane. Jedan od klju\u010dnih principa za svako dru\u0161tvo u mikro ili makro sistemu jeste da se na najslabijima ljudskost dokazuje, ne postoje slabiji od beba i ovo nije jedno od administrativno-pravnih pitanja koja mogu biti na dnevnom redu Narodne skup\u0161tine Republike Srbije, ovo je zadnja crvena linija ljudskosti cjelokupnog dru\u0161tva u Republici Srbiji iako se na tome padne, palo se na svemu, nema nama smisla sve ono drugo \u0161to \u010dinimo iz oblasti prava, ekonomije, raznih drugih na\u0161ih sektora \u017eivota. Ovo je ne\u0161to gdje se ne smije pogrije\u0161iti ili bar se ne smije napraviti gre\u0161ka kojom bi se zatvorila mogu\u0107nost sljede\u0107eg koraka. Zato i upravo ovo na\u0161e dana\u0161nje susretanje i sve ovo \u0161to \u010dujemo pokazuje da imamo pravno-politi\u010dki sistem koji ima kapaciteta da ne napravi gre\u0161ku, ako je izostavljena javna rasprava u proceduralnom smislu i ovo je dio javne rasprave, hajmo ne zatvoriti ta vrata. Ja vjerujem da ljudi koji se bave ovim pitanjem sa pozicije Ministarstva pravde, iako smo mi profesionalci u politici, administraciji nije mogu\u0107e da se svako pita i da imamo do kraja emocije koliko je potrebno ali ovo pitanje se mora izuzeti. Ja ne vjerujem da postoji neko zdrave pameti u ovoj Narodnoj skup\u0161tini kao ni u Ministarstvu pravde ko \u0107e di\u0107i ruku onako po inerciji i podr\u017eati to da se amnestiraju zlo\u010dinci, kriminalci koji su u\u010destvovali u otimanju beba, to ne mo\u017ee, ta vrata se ne smiju zatvoriti, tu ne smije napraviti gre\u0161ku u dono\u0161enju zakona.&#8221;<\/p>\n<p>Naglasio da je poenta u stvarnoj ljudskoj namjeri, prije svega ljudi iz Ministarstva, Vlade a potom i ljudi iz Parlamenta.<\/p>\n<p>\u201eDa zapravo pristupimo odlu\u010dno, da se napravi najbolji po\u010detni tekst a potom da zajedni\u010dki kroz proceduru u skup\u0161tini djelujemo na njegovoj popravci. U tom pogledu moja preporuka je da se ne po\u017euri. Na kraju krajeva \u0161ta to mi posti\u017eemo ukoliko predstavnici o\u0161te\u0107enih ili o\u0161te\u0107eni nisu zadovoljni, \u0161ta smo mi postigli? Napravili smo ne\u0161to gdje nije zadovoljan niko, ja znam da ne mo\u017eemo na\u0107 satisfakciju, evo jedini sam danas ovdje mu\u0161karac ispred narodnih poslanika koji govori jer ispada samo da su nam majke odnosno \u017eene te koje su senzibilne. Ovo pitanje ne mo\u017ee imati nikakvu partikulanost, ja znam da ne mo\u017ee postojati krajna satisfakcija za roditelje koji su izgubili svoje bebe ali mo\u017ee i nadam se da mo\u017ee postojati osje\u0107aj da je ovo dru\u0161tvo i ova dr\u017eava u\u010dinili sve \u0161to su mogli i to je poenta.\u201c<\/p>\n<p>Mo\u017eda ne mo\u017eemo sprovesti sve istrage ali \u0107emo ih ganjati sto godina i ne\u0107emo odustati, da li \u0107emo izganjati ne znam ali ne smijemo odustati i kazati ne mo\u017eemo-zaklju\u010dio je Zukorli\u0107.<\/p>\n<p>izvor: SANA<\/p>\n","protected":false},"excerpt":{"rendered":"<p>U Skup\u0161tini Srbije odr\u017eano je javno slu\u0161anje Prijedloga zakona o utvr\u0111ivanju \u010dinjenica o statusu novoro\u0111ene djece za koju se sumnja da su nestala iz porodili\u0161ta u Srbiji. \u00a0Predsjednik Stranke pravde i pomirenja dr. Muamer Zukorli\u0107 kazao da se ne smije odustati od pravde. Poru\u010dio da je kra\u0111a beba zadnja crvena linija ljudskosti cjelokupnog dru\u0161tva u [&hellip;]<\/p>\n","protected":false},"author":509,"featured_media":231187,"comment_status":"open","ping_status":"open","sticky":false,"template":"","format":"standard","meta":{"footnotes":""},"categories":[72,1,8957],"tags":[10204],"class_list":{"0":"post-231186","1":"post","2":"type-post","3":"status-publish","4":"format-standard","5":"has-post-thumbnail","7":"category-novi-pazar","8":"category-politika","9":"category-vijesti-dana","10":"tag-muftija-muamer-zukorlic"},"yoast_head":"<!-- This site is optimized with the Yoast SEO Premium plugin v23.1 (Yoast SEO v24.9) - https:\/\/yoast.com\/wordpress\/plugins\/seo\/ -->\n<title>Dr. Zukorli\u0107 o kra\u0111i beba iz porodili\u0161ta - Ne smijemo odustati, istrage se moraju sprovesti a kriminalci odgovarati<\/title>\n<meta name=\"robots\" content=\"index, follow, max-snippet:-1, max-image-preview:large, max-video-preview:-1\" \/>\n<link rel=\"canonical\" href=\"https:\/\/sandzakpress.net\/arhiva\/dr-zukorlic-o-kradji-beba-iz-porodilista-ne-smijemo-odustati-istrage-se-moraju-sprovesti-a-kriminalci-odgovarati\/\" \/>\n<meta property=\"og:locale\" content=\"bs_BA\" \/>\n<meta property=\"og:type\" content=\"article\" \/>\n<meta property=\"og:title\" content=\"Dr. Zukorli\u0107 o kra\u0111i beba iz porodili\u0161ta - Ne smijemo odustati, istrage se moraju sprovesti a kriminalci odgovarati\" \/>\n<meta property=\"og:description\" content=\"U Skup\u0161tini Srbije odr\u017eano je javno slu\u0161anje Prijedloga zakona o utvr\u0111ivanju \u010dinjenica o statusu novoro\u0111ene djece za koju se sumnja da su nestala iz porodili\u0161ta u Srbiji. \u00a0Predsjednik Stranke pravde i pomirenja dr. Muamer Zukorli\u0107 kazao da se ne smije odustati od pravde. Poru\u010dio da je kra\u0111a beba zadnja crvena linija ljudskosti cjelokupnog dru\u0161tva u [&hellip;]\" \/>\n<meta property=\"og:url\" content=\"https:\/\/sandzakpress.net\/arhiva\/dr-zukorlic-o-kradji-beba-iz-porodilista-ne-smijemo-odustati-istrage-se-moraju-sprovesti-a-kriminalci-odgovarati\/\" \/>\n<meta property=\"og:site_name\" content=\"Sand\u017eak PRESS\" \/>\n<meta property=\"article:published_time\" content=\"2019-11-30T13:04:59+00:00\" \/>\n<meta property=\"og:image\" content=\"https:\/\/sandzakpress.net\/arhiva\/wp-content\/uploads\/2019\/11\/DR.-ZUKORLIC\u0301.jpg\" \/>\n\t<meta property=\"og:image:width\" content=\"1600\" \/>\n\t<meta property=\"og:image:height\" content=\"928\" \/>\n\t<meta property=\"og:image:type\" content=\"image\/jpeg\" \/>\n<meta name=\"author\" content=\"Agencija\" \/>\n<meta name=\"twitter:card\" content=\"summary_large_image\" \/>\n<meta name=\"twitter:label1\" content=\"Written by\" \/>\n\t<meta name=\"twitter:data1\" content=\"Agencija\" \/>\n\t<meta name=\"twitter:label2\" content=\"Est. reading time\" \/>\n\t<meta name=\"twitter:data2\" content=\"4 minute\" \/>\n<script type=\"application\/ld+json\" class=\"yoast-schema-graph\">{\"@context\":\"https:\/\/schema.org\",\"@graph\":[{\"@type\":\"Article\",\"@id\":\"https:\/\/sandzakpress.net\/arhiva\/dr-zukorlic-o-kradji-beba-iz-porodilista-ne-smijemo-odustati-istrage-se-moraju-sprovesti-a-kriminalci-odgovarati\/#article\",\"isPartOf\":{\"@id\":\"https:\/\/sandzakpress.net\/arhiva\/dr-zukorlic-o-kradji-beba-iz-porodilista-ne-smijemo-odustati-istrage-se-moraju-sprovesti-a-kriminalci-odgovarati\/\"},\"author\":{\"name\":\"Agencija\",\"@id\":\"https:\/\/sandzakpress.net\/arhiva\/#\/schema\/person\/cb59d7e3ab91ab90dd680ad0305a6185\"},\"headline\":\"Dr. Zukorli\u0107 o kra\u0111i beba iz porodili\u0161ta &#8211; Ne smijemo odustati, istrage se moraju sprovesti a kriminalci odgovarati\",\"datePublished\":\"2019-11-30T13:04:59+00:00\",\"mainEntityOfPage\":{\"@id\":\"https:\/\/sandzakpress.net\/arhiva\/dr-zukorlic-o-kradji-beba-iz-porodilista-ne-smijemo-odustati-istrage-se-moraju-sprovesti-a-kriminalci-odgovarati\/\"},\"wordCount\":722,\"commentCount\":1,\"publisher\":{\"@id\":\"https:\/\/sandzakpress.net\/arhiva\/#\/schema\/person\/6e72b67d6e51910a1117b3b483ba20bd\"},\"image\":{\"@id\":\"https:\/\/sandzakpress.net\/arhiva\/dr-zukorlic-o-kradji-beba-iz-porodilista-ne-smijemo-odustati-istrage-se-moraju-sprovesti-a-kriminalci-odgovarati\/#primaryimage\"},\"thumbnailUrl\":\"https:\/\/sandzakpress.net\/arhiva\/wp-content\/uploads\/2019\/11\/DR.-ZUKORLIC\u0301.jpg\",\"keywords\":[\"muftija Muamer Zukorli\u0107\"],\"articleSection\":[\"Novi Pazar\",\"Politika\",\"VIJESTI DANA\"],\"inLanguage\":\"bs-BA\",\"potentialAction\":[{\"@type\":\"CommentAction\",\"name\":\"Comment\",\"target\":[\"https:\/\/sandzakpress.net\/arhiva\/dr-zukorlic-o-kradji-beba-iz-porodilista-ne-smijemo-odustati-istrage-se-moraju-sprovesti-a-kriminalci-odgovarati\/#respond\"]}]},{\"@type\":\"WebPage\",\"@id\":\"https:\/\/sandzakpress.net\/arhiva\/dr-zukorlic-o-kradji-beba-iz-porodilista-ne-smijemo-odustati-istrage-se-moraju-sprovesti-a-kriminalci-odgovarati\/\",\"url\":\"https:\/\/sandzakpress.net\/arhiva\/dr-zukorlic-o-kradji-beba-iz-porodilista-ne-smijemo-odustati-istrage-se-moraju-sprovesti-a-kriminalci-odgovarati\/\",\"name\":\"Dr. Zukorli\u0107 o kra\u0111i beba iz porodili\u0161ta - Ne smijemo odustati, istrage se moraju sprovesti a kriminalci odgovarati\",\"isPartOf\":{\"@id\":\"https:\/\/sandzakpress.net\/arhiva\/#website\"},\"primaryImageOfPage\":{\"@id\":\"https:\/\/sandzakpress.net\/arhiva\/dr-zukorlic-o-kradji-beba-iz-porodilista-ne-smijemo-odustati-istrage-se-moraju-sprovesti-a-kriminalci-odgovarati\/#primaryimage\"},\"image\":{\"@id\":\"https:\/\/sandzakpress.net\/arhiva\/dr-zukorlic-o-kradji-beba-iz-porodilista-ne-smijemo-odustati-istrage-se-moraju-sprovesti-a-kriminalci-odgovarati\/#primaryimage\"},\"thumbnailUrl\":\"https:\/\/sandzakpress.net\/arhiva\/wp-content\/uploads\/2019\/11\/DR.-ZUKORLIC\u0301.jpg\",\"datePublished\":\"2019-11-30T13:04:59+00:00\",\"breadcrumb\":{\"@id\":\"https:\/\/sandzakpress.net\/arhiva\/dr-zukorlic-o-kradji-beba-iz-porodilista-ne-smijemo-odustati-istrage-se-moraju-sprovesti-a-kriminalci-odgovarati\/#breadcrumb\"},\"inLanguage\":\"bs-BA\",\"potentialAction\":[{\"@type\":\"ReadAction\",\"target\":[\"https:\/\/sandzakpress.net\/arhiva\/dr-zukorlic-o-kradji-beba-iz-porodilista-ne-smijemo-odustati-istrage-se-moraju-sprovesti-a-kriminalci-odgovarati\/\"]}]},{\"@type\":\"ImageObject\",\"inLanguage\":\"bs-BA\",\"@id\":\"https:\/\/sandzakpress.net\/arhiva\/dr-zukorlic-o-kradji-beba-iz-porodilista-ne-smijemo-odustati-istrage-se-moraju-sprovesti-a-kriminalci-odgovarati\/#primaryimage\",\"url\":\"https:\/\/sandzakpress.net\/arhiva\/wp-content\/uploads\/2019\/11\/DR.-ZUKORLIC\u0301.jpg\",\"contentUrl\":\"https:\/\/sandzakpress.net\/arhiva\/wp-content\/uploads\/2019\/11\/DR.-ZUKORLIC\u0301.jpg\",\"width\":1600,\"height\":928},{\"@type\":\"BreadcrumbList\",\"@id\":\"https:\/\/sandzakpress.net\/arhiva\/dr-zukorlic-o-kradji-beba-iz-porodilista-ne-smijemo-odustati-istrage-se-moraju-sprovesti-a-kriminalci-odgovarati\/#breadcrumb\",\"itemListElement\":[{\"@type\":\"ListItem\",\"position\":1,\"name\":\"Home\",\"item\":\"https:\/\/sandzakpress.net\/arhiva\/\"},{\"@type\":\"ListItem\",\"position\":2,\"name\":\"Dr. Zukorli\u0107 o kra\u0111i beba iz porodili\u0161ta &#8211; Ne smijemo odustati, istrage se moraju sprovesti a kriminalci odgovarati\"}]},{\"@type\":\"WebSite\",\"@id\":\"https:\/\/sandzakpress.net\/arhiva\/#website\",\"url\":\"https:\/\/sandzakpress.net\/arhiva\/\",\"name\":\"Sand\u017eak PRESS\",\"description\":\"Prve elektronske novine u Sand\u017eaku\",\"publisher\":{\"@id\":\"https:\/\/sandzakpress.net\/arhiva\/#\/schema\/person\/6e72b67d6e51910a1117b3b483ba20bd\"},\"potentialAction\":[{\"@type\":\"SearchAction\",\"target\":{\"@type\":\"EntryPoint\",\"urlTemplate\":\"https:\/\/sandzakpress.net\/arhiva\/?s={search_term_string}\"},\"query-input\":{\"@type\":\"PropertyValueSpecification\",\"valueRequired\":true,\"valueName\":\"search_term_string\"}}],\"inLanguage\":\"bs-BA\"},{\"@type\":[\"Person\",\"Organization\"],\"@id\":\"https:\/\/sandzakpress.net\/arhiva\/#\/schema\/person\/6e72b67d6e51910a1117b3b483ba20bd\",\"name\":\"Kul\",\"image\":{\"@type\":\"ImageObject\",\"inLanguage\":\"bs-BA\",\"@id\":\"https:\/\/sandzakpress.net\/arhiva\/#\/schema\/person\/image\/\",\"url\":\"https:\/\/secure.gravatar.com\/avatar\/42263f39aa27ac04c43cab85c280eb2e?s=96&d=mm&r=pg\",\"contentUrl\":\"https:\/\/secure.gravatar.com\/avatar\/42263f39aa27ac04c43cab85c280eb2e?s=96&d=mm&r=pg\",\"caption\":\"Kul\"},\"logo\":{\"@id\":\"https:\/\/sandzakpress.net\/arhiva\/#\/schema\/person\/image\/\"}},{\"@type\":\"Person\",\"@id\":\"https:\/\/sandzakpress.net\/arhiva\/#\/schema\/person\/cb59d7e3ab91ab90dd680ad0305a6185\",\"name\":\"Agencija\",\"image\":{\"@type\":\"ImageObject\",\"inLanguage\":\"bs-BA\",\"@id\":\"https:\/\/sandzakpress.net\/arhiva\/#\/schema\/person\/image\/\",\"url\":\"https:\/\/secure.gravatar.com\/avatar\/4b7fafa80a22f0c2afe23966b3961fe0?s=96&d=mm&r=pg\",\"contentUrl\":\"https:\/\/secure.gravatar.com\/avatar\/4b7fafa80a22f0c2afe23966b3961fe0?s=96&d=mm&r=pg\",\"caption\":\"Agencija\"},\"url\":\"https:\/\/sandzakpress.net\/arhiva\/author\/agencija\/\"}]}<\/script>\n<!-- \/ Yoast SEO Premium plugin. -->","yoast_head_json":{"title":"Dr. Zukorli\u0107 o kra\u0111i beba iz porodili\u0161ta - Ne smijemo odustati, istrage se moraju sprovesti a kriminalci odgovarati","robots":{"index":"index","follow":"follow","max-snippet":"max-snippet:-1","max-image-preview":"max-image-preview:large","max-video-preview":"max-video-preview:-1"},"canonical":"https:\/\/sandzakpress.net\/arhiva\/dr-zukorlic-o-kradji-beba-iz-porodilista-ne-smijemo-odustati-istrage-se-moraju-sprovesti-a-kriminalci-odgovarati\/","og_locale":"bs_BA","og_type":"article","og_title":"Dr. Zukorli\u0107 o kra\u0111i beba iz porodili\u0161ta - Ne smijemo odustati, istrage se moraju sprovesti a kriminalci odgovarati","og_description":"U Skup\u0161tini Srbije odr\u017eano je javno slu\u0161anje Prijedloga zakona o utvr\u0111ivanju \u010dinjenica o statusu novoro\u0111ene djece za koju se sumnja da su nestala iz porodili\u0161ta u Srbiji. \u00a0Predsjednik Stranke pravde i pomirenja dr. Muamer Zukorli\u0107 kazao da se ne smije odustati od pravde. Poru\u010dio da je kra\u0111a beba zadnja crvena linija ljudskosti cjelokupnog dru\u0161tva u [&hellip;]","og_url":"https:\/\/sandzakpress.net\/arhiva\/dr-zukorlic-o-kradji-beba-iz-porodilista-ne-smijemo-odustati-istrage-se-moraju-sprovesti-a-kriminalci-odgovarati\/","og_site_name":"Sand\u017eak PRESS","article_published_time":"2019-11-30T13:04:59+00:00","og_image":[{"width":1600,"height":928,"url":"https:\/\/sandzakpress.net\/arhiva\/wp-content\/uploads\/2019\/11\/DR.-ZUKORLIC\u0301.jpg","type":"image\/jpeg"}],"author":"Agencija","twitter_card":"summary_large_image","twitter_misc":{"Written by":"Agencija","Est. reading time":"4 minute"},"schema":{"@context":"https:\/\/schema.org","@graph":[{"@type":"Article","@id":"https:\/\/sandzakpress.net\/arhiva\/dr-zukorlic-o-kradji-beba-iz-porodilista-ne-smijemo-odustati-istrage-se-moraju-sprovesti-a-kriminalci-odgovarati\/#article","isPartOf":{"@id":"https:\/\/sandzakpress.net\/arhiva\/dr-zukorlic-o-kradji-beba-iz-porodilista-ne-smijemo-odustati-istrage-se-moraju-sprovesti-a-kriminalci-odgovarati\/"},"author":{"name":"Agencija","@id":"https:\/\/sandzakpress.net\/arhiva\/#\/schema\/person\/cb59d7e3ab91ab90dd680ad0305a6185"},"headline":"Dr. Zukorli\u0107 o kra\u0111i beba iz porodili\u0161ta &#8211; Ne smijemo odustati, istrage se moraju sprovesti a kriminalci odgovarati","datePublished":"2019-11-30T13:04:59+00:00","mainEntityOfPage":{"@id":"https:\/\/sandzakpress.net\/arhiva\/dr-zukorlic-o-kradji-beba-iz-porodilista-ne-smijemo-odustati-istrage-se-moraju-sprovesti-a-kriminalci-odgovarati\/"},"wordCount":722,"commentCount":1,"publisher":{"@id":"https:\/\/sandzakpress.net\/arhiva\/#\/schema\/person\/6e72b67d6e51910a1117b3b483ba20bd"},"image":{"@id":"https:\/\/sandzakpress.net\/arhiva\/dr-zukorlic-o-kradji-beba-iz-porodilista-ne-smijemo-odustati-istrage-se-moraju-sprovesti-a-kriminalci-odgovarati\/#primaryimage"},"thumbnailUrl":"https:\/\/sandzakpress.net\/arhiva\/wp-content\/uploads\/2019\/11\/DR.-ZUKORLIC\u0301.jpg","keywords":["muftija Muamer Zukorli\u0107"],"articleSection":["Novi Pazar","Politika","VIJESTI DANA"],"inLanguage":"bs-BA","potentialAction":[{"@type":"CommentAction","name":"Comment","target":["https:\/\/sandzakpress.net\/arhiva\/dr-zukorlic-o-kradji-beba-iz-porodilista-ne-smijemo-odustati-istrage-se-moraju-sprovesti-a-kriminalci-odgovarati\/#respond"]}]},{"@type":"WebPage","@id":"https:\/\/sandzakpress.net\/arhiva\/dr-zukorlic-o-kradji-beba-iz-porodilista-ne-smijemo-odustati-istrage-se-moraju-sprovesti-a-kriminalci-odgovarati\/","url":"https:\/\/sandzakpress.net\/arhiva\/dr-zukorlic-o-kradji-beba-iz-porodilista-ne-smijemo-odustati-istrage-se-moraju-sprovesti-a-kriminalci-odgovarati\/","name":"Dr. Zukorli\u0107 o kra\u0111i beba iz porodili\u0161ta - Ne smijemo odustati, istrage se moraju sprovesti a kriminalci odgovarati","isPartOf":{"@id":"https:\/\/sandzakpress.net\/arhiva\/#website"},"primaryImageOfPage":{"@id":"https:\/\/sandzakpress.net\/arhiva\/dr-zukorlic-o-kradji-beba-iz-porodilista-ne-smijemo-odustati-istrage-se-moraju-sprovesti-a-kriminalci-odgovarati\/#primaryimage"},"image":{"@id":"https:\/\/sandzakpress.net\/arhiva\/dr-zukorlic-o-kradji-beba-iz-porodilista-ne-smijemo-odustati-istrage-se-moraju-sprovesti-a-kriminalci-odgovarati\/#primaryimage"},"thumbnailUrl":"https:\/\/sandzakpress.net\/arhiva\/wp-content\/uploads\/2019\/11\/DR.-ZUKORLIC\u0301.jpg","datePublished":"2019-11-30T13:04:59+00:00","breadcrumb":{"@id":"https:\/\/sandzakpress.net\/arhiva\/dr-zukorlic-o-kradji-beba-iz-porodilista-ne-smijemo-odustati-istrage-se-moraju-sprovesti-a-kriminalci-odgovarati\/#breadcrumb"},"inLanguage":"bs-BA","potentialAction":[{"@type":"ReadAction","target":["https:\/\/sandzakpress.net\/arhiva\/dr-zukorlic-o-kradji-beba-iz-porodilista-ne-smijemo-odustati-istrage-se-moraju-sprovesti-a-kriminalci-odgovarati\/"]}]},{"@type":"ImageObject","inLanguage":"bs-BA","@id":"https:\/\/sandzakpress.net\/arhiva\/dr-zukorlic-o-kradji-beba-iz-porodilista-ne-smijemo-odustati-istrage-se-moraju-sprovesti-a-kriminalci-odgovarati\/#primaryimage","url":"https:\/\/sandzakpress.net\/arhiva\/wp-content\/uploads\/2019\/11\/DR.-ZUKORLIC\u0301.jpg","contentUrl":"https:\/\/sandzakpress.net\/arhiva\/wp-content\/uploads\/2019\/11\/DR.-ZUKORLIC\u0301.jpg","width":1600,"height":928},{"@type":"BreadcrumbList","@id":"https:\/\/sandzakpress.net\/arhiva\/dr-zukorlic-o-kradji-beba-iz-porodilista-ne-smijemo-odustati-istrage-se-moraju-sprovesti-a-kriminalci-odgovarati\/#breadcrumb","itemListElement":[{"@type":"ListItem","position":1,"name":"Home","item":"https:\/\/sandzakpress.net\/arhiva\/"},{"@type":"ListItem","position":2,"name":"Dr. Zukorli\u0107 o kra\u0111i beba iz porodili\u0161ta &#8211; Ne smijemo odustati, istrage se moraju sprovesti a kriminalci odgovarati"}]},{"@type":"WebSite","@id":"https:\/\/sandzakpress.net\/arhiva\/#website","url":"https:\/\/sandzakpress.net\/arhiva\/","name":"Sand\u017eak PRESS","description":"Prve elektronske novine u Sand\u017eaku","publisher":{"@id":"https:\/\/sandzakpress.net\/arhiva\/#\/schema\/person\/6e72b67d6e51910a1117b3b483ba20bd"},"potentialAction":[{"@type":"SearchAction","target":{"@type":"EntryPoint","urlTemplate":"https:\/\/sandzakpress.net\/arhiva\/?s={search_term_string}"},"query-input":{"@type":"PropertyValueSpecification","valueRequired":true,"valueName":"search_term_string"}}],"inLanguage":"bs-BA"},{"@type":["Person","Organization"],"@id":"https:\/\/sandzakpress.net\/arhiva\/#\/schema\/person\/6e72b67d6e51910a1117b3b483ba20bd","name":"Kul","image":{"@type":"ImageObject","inLanguage":"bs-BA","@id":"https:\/\/sandzakpress.net\/arhiva\/#\/schema\/person\/image\/","url":"https:\/\/secure.gravatar.com\/avatar\/42263f39aa27ac04c43cab85c280eb2e?s=96&d=mm&r=pg","contentUrl":"https:\/\/secure.gravatar.com\/avatar\/42263f39aa27ac04c43cab85c280eb2e?s=96&d=mm&r=pg","caption":"Kul"},"logo":{"@id":"https:\/\/sandzakpress.net\/arhiva\/#\/schema\/person\/image\/"}},{"@type":"Person","@id":"https:\/\/sandzakpress.net\/arhiva\/#\/schema\/person\/cb59d7e3ab91ab90dd680ad0305a6185","name":"Agencija","image":{"@type":"ImageObject","inLanguage":"bs-BA","@id":"https:\/\/sandzakpress.net\/arhiva\/#\/schema\/person\/image\/","url":"https:\/\/secure.gravatar.com\/avatar\/4b7fafa80a22f0c2afe23966b3961fe0?s=96&d=mm&r=pg","contentUrl":"https:\/\/secure.gravatar.com\/avatar\/4b7fafa80a22f0c2afe23966b3961fe0?s=96&d=mm&r=pg","caption":"Agencija"},"url":"https:\/\/sandzakpress.net\/arhiva\/author\/agencija\/"}]}},"_links":{"self":[{"href":"https:\/\/sandzakpress.net\/arhiva\/wp-json\/wp\/v2\/posts\/231186"}],"collection":[{"href":"https:\/\/sandzakpress.net\/arhiva\/wp-json\/wp\/v2\/posts"}],"about":[{"href":"https:\/\/sandzakpress.net\/arhiva\/wp-json\/wp\/v2\/types\/post"}],"author":[{"embeddable":true,"href":"https:\/\/sandzakpress.net\/arhiva\/wp-json\/wp\/v2\/users\/509"}],"replies":[{"embeddable":true,"href":"https:\/\/sandzakpress.net\/arhiva\/wp-json\/wp\/v2\/comments?post=231186"}],"version-history":[{"count":0,"href":"https:\/\/sandzakpress.net\/arhiva\/wp-json\/wp\/v2\/posts\/231186\/revisions"}],"wp:featuredmedia":[{"embeddable":true,"href":"https:\/\/sandzakpress.net\/arhiva\/wp-json\/wp\/v2\/media\/231187"}],"wp:attachment":[{"href":"https:\/\/sandzakpress.net\/arhiva\/wp-json\/wp\/v2\/media?parent=231186"}],"wp:term":[{"taxonomy":"category","embeddable":true,"href":"https:\/\/sandzakpress.net\/arhiva\/wp-json\/wp\/v2\/categories?post=231186"},{"taxonomy":"post_tag","embeddable":true,"href":"https:\/\/sandzakpress.net\/arhiva\/wp-json\/wp\/v2\/tags?post=231186"}],"curies":[{"name":"wp","href":"https:\/\/api.w.org\/{rel}","templated":true}]}}