{"id":231161,"date":"2019-11-29T22:40:52","date_gmt":"2019-11-29T21:40:52","guid":{"rendered":"https:\/\/sandzakpress.net\/arhiva\/?p=231161"},"modified":"2019-11-29T22:40:52","modified_gmt":"2019-11-29T21:40:52","slug":"bratski-grad-konja-podrska-zdravstvu-dio-dugogodisnje-saradnje-sa-novim-pazarom","status":"publish","type":"post","link":"https:\/\/sandzakpress.net\/arhiva\/bratski-grad-konja-podrska-zdravstvu-dio-dugogodisnje-saradnje-sa-novim-pazarom\/","title":{"rendered":"Bratski grad Konja \u2013 podr\u0161ka zdravstvu dio dugogodi\u0161nje saradnje sa Novim Pazarom"},"content":{"rendered":"<p><img decoding=\"async\" src=\"https:\/\/indeksonline.rs\/wp-content\/uploads\/2019\/11\/img_0882.jpg\" \/><\/p>\n<p><strong>Delegacija bratskog grada Konje u Republici Turskoj, posetila je danas Novi Pazar, gde se sastala sa gradona\u010delnikom Nihatom Bi\u0161evcem i njegovim saradnicima. Gostuju\u0107u delegaciju \u010dinili su Ugur Ibrahim Altaj, predsednik Unije gradova i op\u0161tina turskog sveta I gradona\u010delnik Konje, Ramazan Solmaz \u2013 dr\u017eavni pravobranilac, Hasan Ay- pedsednik Suda, Ercan Uslu- generalni sekretar Gradske uprave i po\u010dasni konzul BIH u Konji, Izet Sancakli- direktor bolnice i Ebubekir Uygur \u2013 \u0161ef kabineta gradona\u010delnika Konje.<\/strong><\/p>\n<p>\u201cIz godine u godinu imamo sa prijateljima I bratskim gradovima u Turskoj sve bojlu saradnju. Upravo su Bo\u0161njaci koji \u017eive u Turskoj most saradnje te zemlje sa Sand\u017eakom i Novim Pazarom. U okviru dana\u0161njeg sastanka potvrdili smo izuzetno sna\u017ene partnerske odnose i smer u kome nastavljamo zajedni\u010dki rad za dobrobit na\u0161ih gra\u0111ana\u201d, kazao je gradona\u010delnik Nihat Bi\u0161evac.<\/p>\n<p>\u201cZahvaljuju\u0107i dobrim odnosima Srbije i Turske omogu\u0107avaju nam da gradimo partnerstva. Novi Pazar jeaktivan \u010dlan Zajednice op\u0161tina turskog sveta sa kojim \u0107emo ralizovati brojne projekte I o tome smo danas razgovarali sa gradona\u010delnikom\u201d, kazao je Altaj isti\u010du\u0107i da je poseban povod posete obilazak novopazarske Op\u0161te bolnice, za koju je Medicinski fakultet Univerziteta u Konji je u saradnji sa Crvenim polumesecom nedavno obezbedio vrednu donaciju.<\/p>\n<p>\u201cIsticali smo vi\u0161e puta izuzetnu pomo\u0107 Ministarstva zdravlja Republike Srbije ali i me\u0111unarodnu podr\u0161ku od na\u0161ih dugogodi\u0161njih prijatelja prijatelja. u prethodnom periodu kompletno je uz por\u0161ku Turske razvojne agencije rekonstruisan ginekolo\u0161ki blok, opremljen deo nefrolo\u0161kolg bloka, a od bratskog grada Konja dobili smo le\u017eajeve od kojih \u0107e jedan broj biti ustupljen Specijalnoj bolnici za neuro muskularne bolesti\u201d, kazao je direktor Op\u0161te bolnice dr Meho Mahmutovi\u0107.<\/p>\n<p>U pitanju su izuzetno skupi elektri\u010dni le\u017eajevi koji su pacijentima Op\u0161te bolniceu postupku oporavka preko potrebni. Grad Novi Pazar i Op\u0161ta bolnica realizuju niz zajedni\u010dkih projekata a zajedni\u010dka je, kako je istaknuto, i inicijativa za nabavku opreme, koju su prijatelji u Konji prepoznali i realizovali.<\/p>\n","protected":false},"excerpt":{"rendered":"<p>Delegacija bratskog grada Konje u Republici Turskoj, posetila je danas Novi Pazar, gde se sastala sa gradona\u010delnikom Nihatom Bi\u0161evcem i njegovim saradnicima. Gostuju\u0107u delegaciju \u010dinili su Ugur Ibrahim Altaj, predsednik Unije gradova i op\u0161tina turskog sveta I gradona\u010delnik Konje, Ramazan Solmaz \u2013 dr\u017eavni pravobranilac, Hasan Ay- pedsednik Suda, Ercan Uslu- generalni sekretar Gradske uprave i [&hellip;]<\/p>\n","protected":false},"author":509,"featured_media":231164,"comment_status":"open","ping_status":"open","sticky":false,"template":"","format":"standard","meta":{"footnotes":""},"categories":[72,1],"tags":[],"class_list":{"0":"post-231161","1":"post","2":"type-post","3":"status-publish","4":"format-standard","5":"has-post-thumbnail","7":"category-novi-pazar","8":"category-politika"},"yoast_head":"<!-- This site is optimized with the Yoast SEO Premium plugin v23.1 (Yoast SEO v24.9) - https:\/\/yoast.com\/wordpress\/plugins\/seo\/ -->\n<title>Bratski grad Konja \u2013 podr\u0161ka zdravstvu dio dugogodi\u0161nje saradnje sa Novim Pazarom<\/title>\n<meta name=\"robots\" content=\"index, follow, max-snippet:-1, max-image-preview:large, max-video-preview:-1\" \/>\n<link rel=\"canonical\" href=\"https:\/\/sandzakpress.net\/arhiva\/bratski-grad-konja-podrska-zdravstvu-dio-dugogodisnje-saradnje-sa-novim-pazarom\/\" \/>\n<meta property=\"og:locale\" content=\"bs_BA\" \/>\n<meta property=\"og:type\" content=\"article\" \/>\n<meta property=\"og:title\" content=\"Bratski grad Konja \u2013 podr\u0161ka zdravstvu dio dugogodi\u0161nje saradnje sa Novim Pazarom\" \/>\n<meta property=\"og:description\" content=\"Delegacija bratskog grada Konje u Republici Turskoj, posetila je danas Novi Pazar, gde se sastala sa gradona\u010delnikom Nihatom Bi\u0161evcem i njegovim saradnicima. Gostuju\u0107u delegaciju \u010dinili su Ugur Ibrahim Altaj, predsednik Unije gradova i op\u0161tina turskog sveta I gradona\u010delnik Konje, Ramazan Solmaz \u2013 dr\u017eavni pravobranilac, Hasan Ay- pedsednik Suda, Ercan Uslu- generalni sekretar Gradske uprave i [&hellip;]\" \/>\n<meta property=\"og:url\" content=\"https:\/\/sandzakpress.net\/arhiva\/bratski-grad-konja-podrska-zdravstvu-dio-dugogodisnje-saradnje-sa-novim-pazarom\/\" \/>\n<meta property=\"og:site_name\" content=\"Sand\u017eak PRESS\" \/>\n<meta property=\"article:published_time\" content=\"2019-11-29T21:40:52+00:00\" \/>\n<meta property=\"og:image\" content=\"https:\/\/sandzakpress.net\/arhiva\/wp-content\/uploads\/2019\/11\/img_0882.jpg\" \/>\n\t<meta property=\"og:image:width\" content=\"1620\" \/>\n\t<meta property=\"og:image:height\" content=\"1080\" \/>\n\t<meta property=\"og:image:type\" content=\"image\/jpeg\" \/>\n<meta name=\"author\" content=\"Agencija\" \/>\n<meta name=\"twitter:card\" content=\"summary_large_image\" \/>\n<meta name=\"twitter:label1\" content=\"Written by\" \/>\n\t<meta name=\"twitter:data1\" content=\"Agencija\" \/>\n\t<meta name=\"twitter:label2\" content=\"Est. reading time\" \/>\n\t<meta name=\"twitter:data2\" content=\"2 minute\" \/>\n<script type=\"application\/ld+json\" class=\"yoast-schema-graph\">{\"@context\":\"https:\/\/schema.org\",\"@graph\":[{\"@type\":\"Article\",\"@id\":\"https:\/\/sandzakpress.net\/arhiva\/bratski-grad-konja-podrska-zdravstvu-dio-dugogodisnje-saradnje-sa-novim-pazarom\/#article\",\"isPartOf\":{\"@id\":\"https:\/\/sandzakpress.net\/arhiva\/bratski-grad-konja-podrska-zdravstvu-dio-dugogodisnje-saradnje-sa-novim-pazarom\/\"},\"author\":{\"name\":\"Agencija\",\"@id\":\"https:\/\/sandzakpress.net\/arhiva\/#\/schema\/person\/cb59d7e3ab91ab90dd680ad0305a6185\"},\"headline\":\"Bratski grad Konja \u2013 podr\u0161ka zdravstvu dio dugogodi\u0161nje saradnje sa Novim Pazarom\",\"datePublished\":\"2019-11-29T21:40:52+00:00\",\"mainEntityOfPage\":{\"@id\":\"https:\/\/sandzakpress.net\/arhiva\/bratski-grad-konja-podrska-zdravstvu-dio-dugogodisnje-saradnje-sa-novim-pazarom\/\"},\"wordCount\":354,\"commentCount\":0,\"publisher\":{\"@id\":\"https:\/\/sandzakpress.net\/arhiva\/#\/schema\/person\/6e72b67d6e51910a1117b3b483ba20bd\"},\"image\":{\"@id\":\"https:\/\/sandzakpress.net\/arhiva\/bratski-grad-konja-podrska-zdravstvu-dio-dugogodisnje-saradnje-sa-novim-pazarom\/#primaryimage\"},\"thumbnailUrl\":\"https:\/\/sandzakpress.net\/arhiva\/wp-content\/uploads\/2019\/11\/img_0882.jpg\",\"articleSection\":[\"Novi Pazar\",\"Politika\"],\"inLanguage\":\"bs-BA\",\"potentialAction\":[{\"@type\":\"CommentAction\",\"name\":\"Comment\",\"target\":[\"https:\/\/sandzakpress.net\/arhiva\/bratski-grad-konja-podrska-zdravstvu-dio-dugogodisnje-saradnje-sa-novim-pazarom\/#respond\"]}]},{\"@type\":\"WebPage\",\"@id\":\"https:\/\/sandzakpress.net\/arhiva\/bratski-grad-konja-podrska-zdravstvu-dio-dugogodisnje-saradnje-sa-novim-pazarom\/\",\"url\":\"https:\/\/sandzakpress.net\/arhiva\/bratski-grad-konja-podrska-zdravstvu-dio-dugogodisnje-saradnje-sa-novim-pazarom\/\",\"name\":\"Bratski grad Konja \u2013 podr\u0161ka zdravstvu dio dugogodi\u0161nje saradnje sa Novim Pazarom\",\"isPartOf\":{\"@id\":\"https:\/\/sandzakpress.net\/arhiva\/#website\"},\"primaryImageOfPage\":{\"@id\":\"https:\/\/sandzakpress.net\/arhiva\/bratski-grad-konja-podrska-zdravstvu-dio-dugogodisnje-saradnje-sa-novim-pazarom\/#primaryimage\"},\"image\":{\"@id\":\"https:\/\/sandzakpress.net\/arhiva\/bratski-grad-konja-podrska-zdravstvu-dio-dugogodisnje-saradnje-sa-novim-pazarom\/#primaryimage\"},\"thumbnailUrl\":\"https:\/\/sandzakpress.net\/arhiva\/wp-content\/uploads\/2019\/11\/img_0882.jpg\",\"datePublished\":\"2019-11-29T21:40:52+00:00\",\"breadcrumb\":{\"@id\":\"https:\/\/sandzakpress.net\/arhiva\/bratski-grad-konja-podrska-zdravstvu-dio-dugogodisnje-saradnje-sa-novim-pazarom\/#breadcrumb\"},\"inLanguage\":\"bs-BA\",\"potentialAction\":[{\"@type\":\"ReadAction\",\"target\":[\"https:\/\/sandzakpress.net\/arhiva\/bratski-grad-konja-podrska-zdravstvu-dio-dugogodisnje-saradnje-sa-novim-pazarom\/\"]}]},{\"@type\":\"ImageObject\",\"inLanguage\":\"bs-BA\",\"@id\":\"https:\/\/sandzakpress.net\/arhiva\/bratski-grad-konja-podrska-zdravstvu-dio-dugogodisnje-saradnje-sa-novim-pazarom\/#primaryimage\",\"url\":\"https:\/\/sandzakpress.net\/arhiva\/wp-content\/uploads\/2019\/11\/img_0882.jpg\",\"contentUrl\":\"https:\/\/sandzakpress.net\/arhiva\/wp-content\/uploads\/2019\/11\/img_0882.jpg\",\"width\":1620,\"height\":1080},{\"@type\":\"BreadcrumbList\",\"@id\":\"https:\/\/sandzakpress.net\/arhiva\/bratski-grad-konja-podrska-zdravstvu-dio-dugogodisnje-saradnje-sa-novim-pazarom\/#breadcrumb\",\"itemListElement\":[{\"@type\":\"ListItem\",\"position\":1,\"name\":\"Home\",\"item\":\"https:\/\/sandzakpress.net\/arhiva\/\"},{\"@type\":\"ListItem\",\"position\":2,\"name\":\"Bratski grad Konja \u2013 podr\u0161ka zdravstvu dio dugogodi\u0161nje saradnje sa Novim Pazarom\"}]},{\"@type\":\"WebSite\",\"@id\":\"https:\/\/sandzakpress.net\/arhiva\/#website\",\"url\":\"https:\/\/sandzakpress.net\/arhiva\/\",\"name\":\"Sand\u017eak PRESS\",\"description\":\"Prve elektronske novine u Sand\u017eaku\",\"publisher\":{\"@id\":\"https:\/\/sandzakpress.net\/arhiva\/#\/schema\/person\/6e72b67d6e51910a1117b3b483ba20bd\"},\"potentialAction\":[{\"@type\":\"SearchAction\",\"target\":{\"@type\":\"EntryPoint\",\"urlTemplate\":\"https:\/\/sandzakpress.net\/arhiva\/?s={search_term_string}\"},\"query-input\":{\"@type\":\"PropertyValueSpecification\",\"valueRequired\":true,\"valueName\":\"search_term_string\"}}],\"inLanguage\":\"bs-BA\"},{\"@type\":[\"Person\",\"Organization\"],\"@id\":\"https:\/\/sandzakpress.net\/arhiva\/#\/schema\/person\/6e72b67d6e51910a1117b3b483ba20bd\",\"name\":\"Kul\",\"image\":{\"@type\":\"ImageObject\",\"inLanguage\":\"bs-BA\",\"@id\":\"https:\/\/sandzakpress.net\/arhiva\/#\/schema\/person\/image\/\",\"url\":\"https:\/\/secure.gravatar.com\/avatar\/42263f39aa27ac04c43cab85c280eb2e?s=96&d=mm&r=pg\",\"contentUrl\":\"https:\/\/secure.gravatar.com\/avatar\/42263f39aa27ac04c43cab85c280eb2e?s=96&d=mm&r=pg\",\"caption\":\"Kul\"},\"logo\":{\"@id\":\"https:\/\/sandzakpress.net\/arhiva\/#\/schema\/person\/image\/\"}},{\"@type\":\"Person\",\"@id\":\"https:\/\/sandzakpress.net\/arhiva\/#\/schema\/person\/cb59d7e3ab91ab90dd680ad0305a6185\",\"name\":\"Agencija\",\"image\":{\"@type\":\"ImageObject\",\"inLanguage\":\"bs-BA\",\"@id\":\"https:\/\/sandzakpress.net\/arhiva\/#\/schema\/person\/image\/\",\"url\":\"https:\/\/secure.gravatar.com\/avatar\/4b7fafa80a22f0c2afe23966b3961fe0?s=96&d=mm&r=pg\",\"contentUrl\":\"https:\/\/secure.gravatar.com\/avatar\/4b7fafa80a22f0c2afe23966b3961fe0?s=96&d=mm&r=pg\",\"caption\":\"Agencija\"},\"url\":\"https:\/\/sandzakpress.net\/arhiva\/author\/agencija\/\"}]}<\/script>\n<!-- \/ Yoast SEO Premium plugin. -->","yoast_head_json":{"title":"Bratski grad Konja \u2013 podr\u0161ka zdravstvu dio dugogodi\u0161nje saradnje sa Novim Pazarom","robots":{"index":"index","follow":"follow","max-snippet":"max-snippet:-1","max-image-preview":"max-image-preview:large","max-video-preview":"max-video-preview:-1"},"canonical":"https:\/\/sandzakpress.net\/arhiva\/bratski-grad-konja-podrska-zdravstvu-dio-dugogodisnje-saradnje-sa-novim-pazarom\/","og_locale":"bs_BA","og_type":"article","og_title":"Bratski grad Konja \u2013 podr\u0161ka zdravstvu dio dugogodi\u0161nje saradnje sa Novim Pazarom","og_description":"Delegacija bratskog grada Konje u Republici Turskoj, posetila je danas Novi Pazar, gde se sastala sa gradona\u010delnikom Nihatom Bi\u0161evcem i njegovim saradnicima. Gostuju\u0107u delegaciju \u010dinili su Ugur Ibrahim Altaj, predsednik Unije gradova i op\u0161tina turskog sveta I gradona\u010delnik Konje, Ramazan Solmaz \u2013 dr\u017eavni pravobranilac, Hasan Ay- pedsednik Suda, Ercan Uslu- generalni sekretar Gradske uprave i [&hellip;]","og_url":"https:\/\/sandzakpress.net\/arhiva\/bratski-grad-konja-podrska-zdravstvu-dio-dugogodisnje-saradnje-sa-novim-pazarom\/","og_site_name":"Sand\u017eak PRESS","article_published_time":"2019-11-29T21:40:52+00:00","og_image":[{"width":1620,"height":1080,"url":"https:\/\/sandzakpress.net\/arhiva\/wp-content\/uploads\/2019\/11\/img_0882.jpg","type":"image\/jpeg"}],"author":"Agencija","twitter_card":"summary_large_image","twitter_misc":{"Written by":"Agencija","Est. reading time":"2 minute"},"schema":{"@context":"https:\/\/schema.org","@graph":[{"@type":"Article","@id":"https:\/\/sandzakpress.net\/arhiva\/bratski-grad-konja-podrska-zdravstvu-dio-dugogodisnje-saradnje-sa-novim-pazarom\/#article","isPartOf":{"@id":"https:\/\/sandzakpress.net\/arhiva\/bratski-grad-konja-podrska-zdravstvu-dio-dugogodisnje-saradnje-sa-novim-pazarom\/"},"author":{"name":"Agencija","@id":"https:\/\/sandzakpress.net\/arhiva\/#\/schema\/person\/cb59d7e3ab91ab90dd680ad0305a6185"},"headline":"Bratski grad Konja \u2013 podr\u0161ka zdravstvu dio dugogodi\u0161nje saradnje sa Novim Pazarom","datePublished":"2019-11-29T21:40:52+00:00","mainEntityOfPage":{"@id":"https:\/\/sandzakpress.net\/arhiva\/bratski-grad-konja-podrska-zdravstvu-dio-dugogodisnje-saradnje-sa-novim-pazarom\/"},"wordCount":354,"commentCount":0,"publisher":{"@id":"https:\/\/sandzakpress.net\/arhiva\/#\/schema\/person\/6e72b67d6e51910a1117b3b483ba20bd"},"image":{"@id":"https:\/\/sandzakpress.net\/arhiva\/bratski-grad-konja-podrska-zdravstvu-dio-dugogodisnje-saradnje-sa-novim-pazarom\/#primaryimage"},"thumbnailUrl":"https:\/\/sandzakpress.net\/arhiva\/wp-content\/uploads\/2019\/11\/img_0882.jpg","articleSection":["Novi Pazar","Politika"],"inLanguage":"bs-BA","potentialAction":[{"@type":"CommentAction","name":"Comment","target":["https:\/\/sandzakpress.net\/arhiva\/bratski-grad-konja-podrska-zdravstvu-dio-dugogodisnje-saradnje-sa-novim-pazarom\/#respond"]}]},{"@type":"WebPage","@id":"https:\/\/sandzakpress.net\/arhiva\/bratski-grad-konja-podrska-zdravstvu-dio-dugogodisnje-saradnje-sa-novim-pazarom\/","url":"https:\/\/sandzakpress.net\/arhiva\/bratski-grad-konja-podrska-zdravstvu-dio-dugogodisnje-saradnje-sa-novim-pazarom\/","name":"Bratski grad Konja \u2013 podr\u0161ka zdravstvu dio dugogodi\u0161nje saradnje sa Novim Pazarom","isPartOf":{"@id":"https:\/\/sandzakpress.net\/arhiva\/#website"},"primaryImageOfPage":{"@id":"https:\/\/sandzakpress.net\/arhiva\/bratski-grad-konja-podrska-zdravstvu-dio-dugogodisnje-saradnje-sa-novim-pazarom\/#primaryimage"},"image":{"@id":"https:\/\/sandzakpress.net\/arhiva\/bratski-grad-konja-podrska-zdravstvu-dio-dugogodisnje-saradnje-sa-novim-pazarom\/#primaryimage"},"thumbnailUrl":"https:\/\/sandzakpress.net\/arhiva\/wp-content\/uploads\/2019\/11\/img_0882.jpg","datePublished":"2019-11-29T21:40:52+00:00","breadcrumb":{"@id":"https:\/\/sandzakpress.net\/arhiva\/bratski-grad-konja-podrska-zdravstvu-dio-dugogodisnje-saradnje-sa-novim-pazarom\/#breadcrumb"},"inLanguage":"bs-BA","potentialAction":[{"@type":"ReadAction","target":["https:\/\/sandzakpress.net\/arhiva\/bratski-grad-konja-podrska-zdravstvu-dio-dugogodisnje-saradnje-sa-novim-pazarom\/"]}]},{"@type":"ImageObject","inLanguage":"bs-BA","@id":"https:\/\/sandzakpress.net\/arhiva\/bratski-grad-konja-podrska-zdravstvu-dio-dugogodisnje-saradnje-sa-novim-pazarom\/#primaryimage","url":"https:\/\/sandzakpress.net\/arhiva\/wp-content\/uploads\/2019\/11\/img_0882.jpg","contentUrl":"https:\/\/sandzakpress.net\/arhiva\/wp-content\/uploads\/2019\/11\/img_0882.jpg","width":1620,"height":1080},{"@type":"BreadcrumbList","@id":"https:\/\/sandzakpress.net\/arhiva\/bratski-grad-konja-podrska-zdravstvu-dio-dugogodisnje-saradnje-sa-novim-pazarom\/#breadcrumb","itemListElement":[{"@type":"ListItem","position":1,"name":"Home","item":"https:\/\/sandzakpress.net\/arhiva\/"},{"@type":"ListItem","position":2,"name":"Bratski grad Konja \u2013 podr\u0161ka zdravstvu dio dugogodi\u0161nje saradnje sa Novim Pazarom"}]},{"@type":"WebSite","@id":"https:\/\/sandzakpress.net\/arhiva\/#website","url":"https:\/\/sandzakpress.net\/arhiva\/","name":"Sand\u017eak PRESS","description":"Prve elektronske novine u Sand\u017eaku","publisher":{"@id":"https:\/\/sandzakpress.net\/arhiva\/#\/schema\/person\/6e72b67d6e51910a1117b3b483ba20bd"},"potentialAction":[{"@type":"SearchAction","target":{"@type":"EntryPoint","urlTemplate":"https:\/\/sandzakpress.net\/arhiva\/?s={search_term_string}"},"query-input":{"@type":"PropertyValueSpecification","valueRequired":true,"valueName":"search_term_string"}}],"inLanguage":"bs-BA"},{"@type":["Person","Organization"],"@id":"https:\/\/sandzakpress.net\/arhiva\/#\/schema\/person\/6e72b67d6e51910a1117b3b483ba20bd","name":"Kul","image":{"@type":"ImageObject","inLanguage":"bs-BA","@id":"https:\/\/sandzakpress.net\/arhiva\/#\/schema\/person\/image\/","url":"https:\/\/secure.gravatar.com\/avatar\/42263f39aa27ac04c43cab85c280eb2e?s=96&d=mm&r=pg","contentUrl":"https:\/\/secure.gravatar.com\/avatar\/42263f39aa27ac04c43cab85c280eb2e?s=96&d=mm&r=pg","caption":"Kul"},"logo":{"@id":"https:\/\/sandzakpress.net\/arhiva\/#\/schema\/person\/image\/"}},{"@type":"Person","@id":"https:\/\/sandzakpress.net\/arhiva\/#\/schema\/person\/cb59d7e3ab91ab90dd680ad0305a6185","name":"Agencija","image":{"@type":"ImageObject","inLanguage":"bs-BA","@id":"https:\/\/sandzakpress.net\/arhiva\/#\/schema\/person\/image\/","url":"https:\/\/secure.gravatar.com\/avatar\/4b7fafa80a22f0c2afe23966b3961fe0?s=96&d=mm&r=pg","contentUrl":"https:\/\/secure.gravatar.com\/avatar\/4b7fafa80a22f0c2afe23966b3961fe0?s=96&d=mm&r=pg","caption":"Agencija"},"url":"https:\/\/sandzakpress.net\/arhiva\/author\/agencija\/"}]}},"_links":{"self":[{"href":"https:\/\/sandzakpress.net\/arhiva\/wp-json\/wp\/v2\/posts\/231161"}],"collection":[{"href":"https:\/\/sandzakpress.net\/arhiva\/wp-json\/wp\/v2\/posts"}],"about":[{"href":"https:\/\/sandzakpress.net\/arhiva\/wp-json\/wp\/v2\/types\/post"}],"author":[{"embeddable":true,"href":"https:\/\/sandzakpress.net\/arhiva\/wp-json\/wp\/v2\/users\/509"}],"replies":[{"embeddable":true,"href":"https:\/\/sandzakpress.net\/arhiva\/wp-json\/wp\/v2\/comments?post=231161"}],"version-history":[{"count":0,"href":"https:\/\/sandzakpress.net\/arhiva\/wp-json\/wp\/v2\/posts\/231161\/revisions"}],"wp:featuredmedia":[{"embeddable":true,"href":"https:\/\/sandzakpress.net\/arhiva\/wp-json\/wp\/v2\/media\/231164"}],"wp:attachment":[{"href":"https:\/\/sandzakpress.net\/arhiva\/wp-json\/wp\/v2\/media?parent=231161"}],"wp:term":[{"taxonomy":"category","embeddable":true,"href":"https:\/\/sandzakpress.net\/arhiva\/wp-json\/wp\/v2\/categories?post=231161"},{"taxonomy":"post_tag","embeddable":true,"href":"https:\/\/sandzakpress.net\/arhiva\/wp-json\/wp\/v2\/tags?post=231161"}],"curies":[{"name":"wp","href":"https:\/\/api.w.org\/{rel}","templated":true}]}}