{"id":231132,"date":"2019-11-29T15:24:34","date_gmt":"2019-11-29T14:24:34","guid":{"rendered":"https:\/\/sandzakpress.net\/arhiva\/?p=231132"},"modified":"2019-11-29T15:24:34","modified_gmt":"2019-11-29T14:24:34","slug":"dr-fehratovic-uputio-zahtjev-rts-da-bolje-predstavalja-bosnjake","status":"publish","type":"post","link":"https:\/\/sandzakpress.net\/arhiva\/dr-fehratovic-uputio-zahtjev-rts-da-bolje-predstavalja-bosnjake\/","title":{"rendered":"Dr. Fehratovi\u0107 uputio zahtjev: RTS da bolje predstavalja Bo\u0161njake"},"content":{"rendered":"<p><img loading=\"lazy\" decoding=\"async\" class=\"alignnone wp-image-51690 size-full\" src=\"http:\/\/sanapress.info\/wp-content\/uploads\/2019\/11\/Capture-8.jpg\" alt=\"\" width=\"1199\" height=\"692\" \/><\/p>\n<p><strong>Poslanici u Skup\u0161tini Srbije razmatraju i izmjenu Zakona o privremenom ure\u0111ivanju na\u010dina naplate takse za javni medijski servis. Narodni poslanik Stranke pravde i pomirenja dr. Jahja Fehratovi\u0107 obra\u0107anju poru\u010dio da i Bo\u0161njaci imaju obavezu pla\u0107anja pretplatu, ali isto tako imaju i pravo da budu predstavljeni na javnom serivsu.<\/strong><\/p>\n<p>\u201cOno na \u0161ta \u0107u ja staviti fokus jeste taksa privremene naplate za RTS odnosno Javni servis. Svakako je to obaveza svih gra\u0111ana, me\u0111utim, iz te obaveze proisti\u010du i prava svakoga gra\u0111anina koji ula\u017ee u javni servis. Na taj na\u010din postaje dio sve ukupnoga sistema koji finansira razvoj javnog infromativnog servisa.<\/p>\n<p>Prava gra\u0111ana koji ula\u017eu u RTS moraju biti ispo\u0161tovana jer u R. Srbiji \u017eivi ve\u0107inski i manjinski narod. Kako ka\u017ee dr. Fehratovi\u0107, preko 30% ukupnog stanovni\u0161tva \u010dine nacionalne zajednice ali njihova vidljivost i zastupljenost na na RTS-u je skoro pa nikakva.<\/p>\n<p>&#8211; Mi imamo na\u017ealost, samo jednu emisiju koja tretira manjine a to je emisija \u201cGra\u0111anin\u201d. Sve ostalo nekako nije vidljivo i vrlo \u010desto ne odra\u017eava niti kulturu, tradiciju, kao i stvarnu sliku tih 30% ukupnih gra\u0111ana R. Srbije. Savjet RTS-a kao i sam RTS, imaju neustavni odnos prema poku\u0161aju formiranja redakcije na bosanskome jeziku gdje se oglu\u0161ila o Ustav, zakon, ali i po\u0161tivanje prema mi\u0161ljenjima koja su i protiv Ustava i protiv zakona. To nije dobra poruka za sve gra\u0111ane R. Srbije, a niti dobra poruka za pripadnike manjinskih zajednica i naroda. Zaista smatramo da u tom nekom reformiti\u010dkom smislu treba poraditi na tome i da tu pretplatu za RTS svi podjednako pla\u0107aju. Kao takvo, sti\u010du pravo da budu predstavljeni u najboljem mogu\u0107em obliku\u201d.<\/p>\n<div class=\"youtube-embed\" data-video_id=\"RDHDkkY4SQs\"><iframe loading=\"lazy\" title=\"Dr. Fehratovi\u0107 uputio zahtjev: RTS da bolje predstavalja Bo\u0161njake\" width=\"696\" height=\"392\" src=\"https:\/\/www.youtube.com\/embed\/RDHDkkY4SQs?feature=oembed&#038;enablejsapi=1\" frameborder=\"0\" allow=\"accelerometer; autoplay; encrypted-media; gyroscope; picture-in-picture\" allowfullscreen><\/iframe><\/div>\n<p>&nbsp;<\/p>\n<p>Ono \u0161to je vidljivo, posebno nama, koji ne dolazimo iz velikih centara, jeste mnogo manja zastupljenost regiona, gradova i op\u0161tina a koji su izvan centralnoh djelova R. Srbije u svakodnevnim programima, kazao je dr. Fehratovi\u0107.<\/p>\n<p>&#8211; Bez ikakvog kontinuiteta, predstavljanje posebno kulturnih i obrazovnih doga\u0111aja a kojih ima jako puno. Pro\u0161lih 15 dana, imali smo bar jedno 30 razli\u010ditih manifestacija u regionu Sand\u017eaka. Niti jedna od tih manifestacija nije predstavljena makar sekundom na RTS-u. Sve su to manifestacije koje su se ticale kulture, umjetnosti, informisanja, knji\u017eevnosti. Ovo govorim iz perspektive Bo\u0161njaka, zato \u0161to pripadam toj nacionalnoj zajednici i znam da vrlo \u010desto nije predstavljena niti kultura niti manifestacije koje organiziraju druge nacionalne zajednice. Ako pla\u0107amo pretplatu RTS-a kao i svi ostali gra\u0111ani, kroz na\u0161 udeo, treba da imamo sadr\u017eaj na predstavljanje kulture, tradicije i svega onoga \u0161to \u010dine nacionalne zajednice. Time bi se doprinelo i boljem razumijevanju me\u0111u narodima ove dr\u017eave a to bi na kraju bila prava i realna slika R. Srbije kao dr\u017eave multikulturalne, multietni\u010dke i multinacionalne dr\u017eave, zavr\u0161ava dr. Fehratovi\u0107.<\/p>\n","protected":false},"excerpt":{"rendered":"<p>Poslanici u Skup\u0161tini Srbije razmatraju i izmjenu Zakona o privremenom ure\u0111ivanju na\u010dina naplate takse za javni medijski servis. Narodni poslanik Stranke pravde i pomirenja dr. Jahja Fehratovi\u0107 obra\u0107anju poru\u010dio da i Bo\u0161njaci imaju obavezu pla\u0107anja pretplatu, ali isto tako imaju i pravo da budu predstavljeni na javnom serivsu. \u201cOno na \u0161ta \u0107u ja staviti fokus [&hellip;]<\/p>\n","protected":false},"author":509,"featured_media":231143,"comment_status":"open","ping_status":"open","sticky":false,"template":"","format":"standard","meta":{"footnotes":""},"categories":[72,1,52,327,392,393,394,8957],"tags":[],"class_list":{"0":"post-231132","1":"post","2":"type-post","3":"status-publish","4":"format-standard","5":"has-post-thumbnail","7":"category-novi-pazar","8":"category-politika","9":"category-sjenica","10":"category-tutin","11":"category-prijepolje_","12":"category-priboj","13":"category-nova-varos","14":"category-vijesti-dana"},"yoast_head":"<!-- This site is optimized with the Yoast SEO Premium plugin v23.1 (Yoast SEO v24.9) - https:\/\/yoast.com\/wordpress\/plugins\/seo\/ -->\n<title>Dr. Fehratovi\u0107 uputio zahtjev: RTS da bolje predstavalja Bo\u0161njake<\/title>\n<meta name=\"robots\" content=\"index, follow, max-snippet:-1, max-image-preview:large, max-video-preview:-1\" \/>\n<link rel=\"canonical\" href=\"https:\/\/sandzakpress.net\/arhiva\/dr-fehratovic-uputio-zahtjev-rts-da-bolje-predstavalja-bosnjake\/\" \/>\n<meta property=\"og:locale\" content=\"bs_BA\" \/>\n<meta property=\"og:type\" content=\"article\" \/>\n<meta property=\"og:title\" content=\"Dr. Fehratovi\u0107 uputio zahtjev: RTS da bolje predstavalja Bo\u0161njake\" \/>\n<meta property=\"og:description\" content=\"Poslanici u Skup\u0161tini Srbije razmatraju i izmjenu Zakona o privremenom ure\u0111ivanju na\u010dina naplate takse za javni medijski servis. Narodni poslanik Stranke pravde i pomirenja dr. Jahja Fehratovi\u0107 obra\u0107anju poru\u010dio da i Bo\u0161njaci imaju obavezu pla\u0107anja pretplatu, ali isto tako imaju i pravo da budu predstavljeni na javnom serivsu. \u201cOno na \u0161ta \u0107u ja staviti fokus [&hellip;]\" \/>\n<meta property=\"og:url\" content=\"https:\/\/sandzakpress.net\/arhiva\/dr-fehratovic-uputio-zahtjev-rts-da-bolje-predstavalja-bosnjake\/\" \/>\n<meta property=\"og:site_name\" content=\"Sand\u017eak PRESS\" \/>\n<meta property=\"article:published_time\" content=\"2019-11-29T14:24:34+00:00\" \/>\n<meta property=\"og:image\" content=\"https:\/\/sandzakpress.net\/arhiva\/wp-content\/uploads\/2019\/11\/Capture-8-1.jpg\" \/>\n\t<meta property=\"og:image:width\" content=\"1199\" \/>\n\t<meta property=\"og:image:height\" content=\"692\" \/>\n\t<meta property=\"og:image:type\" content=\"image\/jpeg\" \/>\n<meta name=\"author\" content=\"Agencija\" \/>\n<meta name=\"twitter:card\" content=\"summary_large_image\" \/>\n<meta name=\"twitter:label1\" content=\"Written by\" \/>\n\t<meta name=\"twitter:data1\" content=\"Agencija\" \/>\n\t<meta name=\"twitter:label2\" content=\"Est. reading time\" \/>\n\t<meta name=\"twitter:data2\" content=\"2 minute\" \/>\n<script type=\"application\/ld+json\" class=\"yoast-schema-graph\">{\"@context\":\"https:\/\/schema.org\",\"@graph\":[{\"@type\":\"Article\",\"@id\":\"https:\/\/sandzakpress.net\/arhiva\/dr-fehratovic-uputio-zahtjev-rts-da-bolje-predstavalja-bosnjake\/#article\",\"isPartOf\":{\"@id\":\"https:\/\/sandzakpress.net\/arhiva\/dr-fehratovic-uputio-zahtjev-rts-da-bolje-predstavalja-bosnjake\/\"},\"author\":{\"name\":\"Agencija\",\"@id\":\"https:\/\/sandzakpress.net\/arhiva\/#\/schema\/person\/cb59d7e3ab91ab90dd680ad0305a6185\"},\"headline\":\"Dr. Fehratovi\u0107 uputio zahtjev: RTS da bolje predstavalja Bo\u0161njake\",\"datePublished\":\"2019-11-29T14:24:34+00:00\",\"mainEntityOfPage\":{\"@id\":\"https:\/\/sandzakpress.net\/arhiva\/dr-fehratovic-uputio-zahtjev-rts-da-bolje-predstavalja-bosnjake\/\"},\"wordCount\":499,\"commentCount\":0,\"publisher\":{\"@id\":\"https:\/\/sandzakpress.net\/arhiva\/#\/schema\/person\/6e72b67d6e51910a1117b3b483ba20bd\"},\"image\":{\"@id\":\"https:\/\/sandzakpress.net\/arhiva\/dr-fehratovic-uputio-zahtjev-rts-da-bolje-predstavalja-bosnjake\/#primaryimage\"},\"thumbnailUrl\":\"https:\/\/sandzakpress.net\/arhiva\/wp-content\/uploads\/2019\/11\/Capture-8-1.jpg\",\"articleSection\":[\"Novi Pazar\",\"Politika\",\"Sjenica\",\"Tutin\",\"Prijepolje\",\"Priboj\",\"Nova Varo\u0161\",\"VIJESTI DANA\"],\"inLanguage\":\"bs-BA\",\"potentialAction\":[{\"@type\":\"CommentAction\",\"name\":\"Comment\",\"target\":[\"https:\/\/sandzakpress.net\/arhiva\/dr-fehratovic-uputio-zahtjev-rts-da-bolje-predstavalja-bosnjake\/#respond\"]}]},{\"@type\":\"WebPage\",\"@id\":\"https:\/\/sandzakpress.net\/arhiva\/dr-fehratovic-uputio-zahtjev-rts-da-bolje-predstavalja-bosnjake\/\",\"url\":\"https:\/\/sandzakpress.net\/arhiva\/dr-fehratovic-uputio-zahtjev-rts-da-bolje-predstavalja-bosnjake\/\",\"name\":\"Dr. Fehratovi\u0107 uputio zahtjev: RTS da bolje predstavalja Bo\u0161njake\",\"isPartOf\":{\"@id\":\"https:\/\/sandzakpress.net\/arhiva\/#website\"},\"primaryImageOfPage\":{\"@id\":\"https:\/\/sandzakpress.net\/arhiva\/dr-fehratovic-uputio-zahtjev-rts-da-bolje-predstavalja-bosnjake\/#primaryimage\"},\"image\":{\"@id\":\"https:\/\/sandzakpress.net\/arhiva\/dr-fehratovic-uputio-zahtjev-rts-da-bolje-predstavalja-bosnjake\/#primaryimage\"},\"thumbnailUrl\":\"https:\/\/sandzakpress.net\/arhiva\/wp-content\/uploads\/2019\/11\/Capture-8-1.jpg\",\"datePublished\":\"2019-11-29T14:24:34+00:00\",\"breadcrumb\":{\"@id\":\"https:\/\/sandzakpress.net\/arhiva\/dr-fehratovic-uputio-zahtjev-rts-da-bolje-predstavalja-bosnjake\/#breadcrumb\"},\"inLanguage\":\"bs-BA\",\"potentialAction\":[{\"@type\":\"ReadAction\",\"target\":[\"https:\/\/sandzakpress.net\/arhiva\/dr-fehratovic-uputio-zahtjev-rts-da-bolje-predstavalja-bosnjake\/\"]}]},{\"@type\":\"ImageObject\",\"inLanguage\":\"bs-BA\",\"@id\":\"https:\/\/sandzakpress.net\/arhiva\/dr-fehratovic-uputio-zahtjev-rts-da-bolje-predstavalja-bosnjake\/#primaryimage\",\"url\":\"https:\/\/sandzakpress.net\/arhiva\/wp-content\/uploads\/2019\/11\/Capture-8-1.jpg\",\"contentUrl\":\"https:\/\/sandzakpress.net\/arhiva\/wp-content\/uploads\/2019\/11\/Capture-8-1.jpg\",\"width\":1199,\"height\":692},{\"@type\":\"BreadcrumbList\",\"@id\":\"https:\/\/sandzakpress.net\/arhiva\/dr-fehratovic-uputio-zahtjev-rts-da-bolje-predstavalja-bosnjake\/#breadcrumb\",\"itemListElement\":[{\"@type\":\"ListItem\",\"position\":1,\"name\":\"Home\",\"item\":\"https:\/\/sandzakpress.net\/arhiva\/\"},{\"@type\":\"ListItem\",\"position\":2,\"name\":\"Dr. Fehratovi\u0107 uputio zahtjev: RTS da bolje predstavalja Bo\u0161njake\"}]},{\"@type\":\"WebSite\",\"@id\":\"https:\/\/sandzakpress.net\/arhiva\/#website\",\"url\":\"https:\/\/sandzakpress.net\/arhiva\/\",\"name\":\"Sand\u017eak PRESS\",\"description\":\"Prve elektronske novine u Sand\u017eaku\",\"publisher\":{\"@id\":\"https:\/\/sandzakpress.net\/arhiva\/#\/schema\/person\/6e72b67d6e51910a1117b3b483ba20bd\"},\"potentialAction\":[{\"@type\":\"SearchAction\",\"target\":{\"@type\":\"EntryPoint\",\"urlTemplate\":\"https:\/\/sandzakpress.net\/arhiva\/?s={search_term_string}\"},\"query-input\":{\"@type\":\"PropertyValueSpecification\",\"valueRequired\":true,\"valueName\":\"search_term_string\"}}],\"inLanguage\":\"bs-BA\"},{\"@type\":[\"Person\",\"Organization\"],\"@id\":\"https:\/\/sandzakpress.net\/arhiva\/#\/schema\/person\/6e72b67d6e51910a1117b3b483ba20bd\",\"name\":\"Kul\",\"image\":{\"@type\":\"ImageObject\",\"inLanguage\":\"bs-BA\",\"@id\":\"https:\/\/sandzakpress.net\/arhiva\/#\/schema\/person\/image\/\",\"url\":\"https:\/\/secure.gravatar.com\/avatar\/42263f39aa27ac04c43cab85c280eb2e?s=96&d=mm&r=pg\",\"contentUrl\":\"https:\/\/secure.gravatar.com\/avatar\/42263f39aa27ac04c43cab85c280eb2e?s=96&d=mm&r=pg\",\"caption\":\"Kul\"},\"logo\":{\"@id\":\"https:\/\/sandzakpress.net\/arhiva\/#\/schema\/person\/image\/\"}},{\"@type\":\"Person\",\"@id\":\"https:\/\/sandzakpress.net\/arhiva\/#\/schema\/person\/cb59d7e3ab91ab90dd680ad0305a6185\",\"name\":\"Agencija\",\"image\":{\"@type\":\"ImageObject\",\"inLanguage\":\"bs-BA\",\"@id\":\"https:\/\/sandzakpress.net\/arhiva\/#\/schema\/person\/image\/\",\"url\":\"https:\/\/secure.gravatar.com\/avatar\/4b7fafa80a22f0c2afe23966b3961fe0?s=96&d=mm&r=pg\",\"contentUrl\":\"https:\/\/secure.gravatar.com\/avatar\/4b7fafa80a22f0c2afe23966b3961fe0?s=96&d=mm&r=pg\",\"caption\":\"Agencija\"},\"url\":\"https:\/\/sandzakpress.net\/arhiva\/author\/agencija\/\"}]}<\/script>\n<!-- \/ Yoast SEO Premium plugin. -->","yoast_head_json":{"title":"Dr. Fehratovi\u0107 uputio zahtjev: RTS da bolje predstavalja Bo\u0161njake","robots":{"index":"index","follow":"follow","max-snippet":"max-snippet:-1","max-image-preview":"max-image-preview:large","max-video-preview":"max-video-preview:-1"},"canonical":"https:\/\/sandzakpress.net\/arhiva\/dr-fehratovic-uputio-zahtjev-rts-da-bolje-predstavalja-bosnjake\/","og_locale":"bs_BA","og_type":"article","og_title":"Dr. Fehratovi\u0107 uputio zahtjev: RTS da bolje predstavalja Bo\u0161njake","og_description":"Poslanici u Skup\u0161tini Srbije razmatraju i izmjenu Zakona o privremenom ure\u0111ivanju na\u010dina naplate takse za javni medijski servis. Narodni poslanik Stranke pravde i pomirenja dr. Jahja Fehratovi\u0107 obra\u0107anju poru\u010dio da i Bo\u0161njaci imaju obavezu pla\u0107anja pretplatu, ali isto tako imaju i pravo da budu predstavljeni na javnom serivsu. \u201cOno na \u0161ta \u0107u ja staviti fokus [&hellip;]","og_url":"https:\/\/sandzakpress.net\/arhiva\/dr-fehratovic-uputio-zahtjev-rts-da-bolje-predstavalja-bosnjake\/","og_site_name":"Sand\u017eak PRESS","article_published_time":"2019-11-29T14:24:34+00:00","og_image":[{"width":1199,"height":692,"url":"https:\/\/sandzakpress.net\/arhiva\/wp-content\/uploads\/2019\/11\/Capture-8-1.jpg","type":"image\/jpeg"}],"author":"Agencija","twitter_card":"summary_large_image","twitter_misc":{"Written by":"Agencija","Est. reading time":"2 minute"},"schema":{"@context":"https:\/\/schema.org","@graph":[{"@type":"Article","@id":"https:\/\/sandzakpress.net\/arhiva\/dr-fehratovic-uputio-zahtjev-rts-da-bolje-predstavalja-bosnjake\/#article","isPartOf":{"@id":"https:\/\/sandzakpress.net\/arhiva\/dr-fehratovic-uputio-zahtjev-rts-da-bolje-predstavalja-bosnjake\/"},"author":{"name":"Agencija","@id":"https:\/\/sandzakpress.net\/arhiva\/#\/schema\/person\/cb59d7e3ab91ab90dd680ad0305a6185"},"headline":"Dr. Fehratovi\u0107 uputio zahtjev: RTS da bolje predstavalja Bo\u0161njake","datePublished":"2019-11-29T14:24:34+00:00","mainEntityOfPage":{"@id":"https:\/\/sandzakpress.net\/arhiva\/dr-fehratovic-uputio-zahtjev-rts-da-bolje-predstavalja-bosnjake\/"},"wordCount":499,"commentCount":0,"publisher":{"@id":"https:\/\/sandzakpress.net\/arhiva\/#\/schema\/person\/6e72b67d6e51910a1117b3b483ba20bd"},"image":{"@id":"https:\/\/sandzakpress.net\/arhiva\/dr-fehratovic-uputio-zahtjev-rts-da-bolje-predstavalja-bosnjake\/#primaryimage"},"thumbnailUrl":"https:\/\/sandzakpress.net\/arhiva\/wp-content\/uploads\/2019\/11\/Capture-8-1.jpg","articleSection":["Novi Pazar","Politika","Sjenica","Tutin","Prijepolje","Priboj","Nova Varo\u0161","VIJESTI DANA"],"inLanguage":"bs-BA","potentialAction":[{"@type":"CommentAction","name":"Comment","target":["https:\/\/sandzakpress.net\/arhiva\/dr-fehratovic-uputio-zahtjev-rts-da-bolje-predstavalja-bosnjake\/#respond"]}]},{"@type":"WebPage","@id":"https:\/\/sandzakpress.net\/arhiva\/dr-fehratovic-uputio-zahtjev-rts-da-bolje-predstavalja-bosnjake\/","url":"https:\/\/sandzakpress.net\/arhiva\/dr-fehratovic-uputio-zahtjev-rts-da-bolje-predstavalja-bosnjake\/","name":"Dr. Fehratovi\u0107 uputio zahtjev: RTS da bolje predstavalja Bo\u0161njake","isPartOf":{"@id":"https:\/\/sandzakpress.net\/arhiva\/#website"},"primaryImageOfPage":{"@id":"https:\/\/sandzakpress.net\/arhiva\/dr-fehratovic-uputio-zahtjev-rts-da-bolje-predstavalja-bosnjake\/#primaryimage"},"image":{"@id":"https:\/\/sandzakpress.net\/arhiva\/dr-fehratovic-uputio-zahtjev-rts-da-bolje-predstavalja-bosnjake\/#primaryimage"},"thumbnailUrl":"https:\/\/sandzakpress.net\/arhiva\/wp-content\/uploads\/2019\/11\/Capture-8-1.jpg","datePublished":"2019-11-29T14:24:34+00:00","breadcrumb":{"@id":"https:\/\/sandzakpress.net\/arhiva\/dr-fehratovic-uputio-zahtjev-rts-da-bolje-predstavalja-bosnjake\/#breadcrumb"},"inLanguage":"bs-BA","potentialAction":[{"@type":"ReadAction","target":["https:\/\/sandzakpress.net\/arhiva\/dr-fehratovic-uputio-zahtjev-rts-da-bolje-predstavalja-bosnjake\/"]}]},{"@type":"ImageObject","inLanguage":"bs-BA","@id":"https:\/\/sandzakpress.net\/arhiva\/dr-fehratovic-uputio-zahtjev-rts-da-bolje-predstavalja-bosnjake\/#primaryimage","url":"https:\/\/sandzakpress.net\/arhiva\/wp-content\/uploads\/2019\/11\/Capture-8-1.jpg","contentUrl":"https:\/\/sandzakpress.net\/arhiva\/wp-content\/uploads\/2019\/11\/Capture-8-1.jpg","width":1199,"height":692},{"@type":"BreadcrumbList","@id":"https:\/\/sandzakpress.net\/arhiva\/dr-fehratovic-uputio-zahtjev-rts-da-bolje-predstavalja-bosnjake\/#breadcrumb","itemListElement":[{"@type":"ListItem","position":1,"name":"Home","item":"https:\/\/sandzakpress.net\/arhiva\/"},{"@type":"ListItem","position":2,"name":"Dr. Fehratovi\u0107 uputio zahtjev: RTS da bolje predstavalja Bo\u0161njake"}]},{"@type":"WebSite","@id":"https:\/\/sandzakpress.net\/arhiva\/#website","url":"https:\/\/sandzakpress.net\/arhiva\/","name":"Sand\u017eak PRESS","description":"Prve elektronske novine u Sand\u017eaku","publisher":{"@id":"https:\/\/sandzakpress.net\/arhiva\/#\/schema\/person\/6e72b67d6e51910a1117b3b483ba20bd"},"potentialAction":[{"@type":"SearchAction","target":{"@type":"EntryPoint","urlTemplate":"https:\/\/sandzakpress.net\/arhiva\/?s={search_term_string}"},"query-input":{"@type":"PropertyValueSpecification","valueRequired":true,"valueName":"search_term_string"}}],"inLanguage":"bs-BA"},{"@type":["Person","Organization"],"@id":"https:\/\/sandzakpress.net\/arhiva\/#\/schema\/person\/6e72b67d6e51910a1117b3b483ba20bd","name":"Kul","image":{"@type":"ImageObject","inLanguage":"bs-BA","@id":"https:\/\/sandzakpress.net\/arhiva\/#\/schema\/person\/image\/","url":"https:\/\/secure.gravatar.com\/avatar\/42263f39aa27ac04c43cab85c280eb2e?s=96&d=mm&r=pg","contentUrl":"https:\/\/secure.gravatar.com\/avatar\/42263f39aa27ac04c43cab85c280eb2e?s=96&d=mm&r=pg","caption":"Kul"},"logo":{"@id":"https:\/\/sandzakpress.net\/arhiva\/#\/schema\/person\/image\/"}},{"@type":"Person","@id":"https:\/\/sandzakpress.net\/arhiva\/#\/schema\/person\/cb59d7e3ab91ab90dd680ad0305a6185","name":"Agencija","image":{"@type":"ImageObject","inLanguage":"bs-BA","@id":"https:\/\/sandzakpress.net\/arhiva\/#\/schema\/person\/image\/","url":"https:\/\/secure.gravatar.com\/avatar\/4b7fafa80a22f0c2afe23966b3961fe0?s=96&d=mm&r=pg","contentUrl":"https:\/\/secure.gravatar.com\/avatar\/4b7fafa80a22f0c2afe23966b3961fe0?s=96&d=mm&r=pg","caption":"Agencija"},"url":"https:\/\/sandzakpress.net\/arhiva\/author\/agencija\/"}]}},"_links":{"self":[{"href":"https:\/\/sandzakpress.net\/arhiva\/wp-json\/wp\/v2\/posts\/231132"}],"collection":[{"href":"https:\/\/sandzakpress.net\/arhiva\/wp-json\/wp\/v2\/posts"}],"about":[{"href":"https:\/\/sandzakpress.net\/arhiva\/wp-json\/wp\/v2\/types\/post"}],"author":[{"embeddable":true,"href":"https:\/\/sandzakpress.net\/arhiva\/wp-json\/wp\/v2\/users\/509"}],"replies":[{"embeddable":true,"href":"https:\/\/sandzakpress.net\/arhiva\/wp-json\/wp\/v2\/comments?post=231132"}],"version-history":[{"count":0,"href":"https:\/\/sandzakpress.net\/arhiva\/wp-json\/wp\/v2\/posts\/231132\/revisions"}],"wp:featuredmedia":[{"embeddable":true,"href":"https:\/\/sandzakpress.net\/arhiva\/wp-json\/wp\/v2\/media\/231143"}],"wp:attachment":[{"href":"https:\/\/sandzakpress.net\/arhiva\/wp-json\/wp\/v2\/media?parent=231132"}],"wp:term":[{"taxonomy":"category","embeddable":true,"href":"https:\/\/sandzakpress.net\/arhiva\/wp-json\/wp\/v2\/categories?post=231132"},{"taxonomy":"post_tag","embeddable":true,"href":"https:\/\/sandzakpress.net\/arhiva\/wp-json\/wp\/v2\/tags?post=231132"}],"curies":[{"name":"wp","href":"https:\/\/api.w.org\/{rel}","templated":true}]}}