{"id":231125,"date":"2019-11-28T18:24:44","date_gmt":"2019-11-28T17:24:44","guid":{"rendered":"https:\/\/sandzakpress.net\/arhiva\/?p=231125"},"modified":"2019-11-28T18:24:44","modified_gmt":"2019-11-28T17:24:44","slug":"dr-zukorlic-u-skupstini-postavljao-pitanja-u-vezi-prava-ucenika-zaposljavanja-kladionica","status":"publish","type":"post","link":"https:\/\/sandzakpress.net\/arhiva\/dr-zukorlic-u-skupstini-postavljao-pitanja-u-vezi-prava-ucenika-zaposljavanja-kladionica\/","title":{"rendered":"Dr. Zukorli\u0107 u Skup\u0161tini postavljao pitanja u vezi prava u\u010denika, zapo\u0161ljavanja, kladionica"},"content":{"rendered":"<p><img loading=\"lazy\" decoding=\"async\" class=\"alignnone wp-image-51661 size-full\" src=\"http:\/\/sanapress.info\/wp-content\/uploads\/2019\/11\/Capture-6.jpg\" alt=\"\" width=\"1551\" height=\"892\" \/><\/p>\n<p><strong>Narodni poslanik Stranke pravde i pomirenja dr. Muamer Zukorli\u0107 danas je u Skup\u0161tini Srbije postavljao pitanja vezana za probleme sa kojima se suo\u010davaju Sand\u017eaklije. Od problema sa zdravstvenim i socijalnim pravima u\u010denika, zabrane zapo\u0161ljavanja u javnom sektoru pa do kladionica u blizini obrazovnih i vjerskih ustanova.\u00a0<\/strong><\/p>\n<p>&#8211; U posljednjih mjesec dana sa terena dobijam \u017ealbe gdje pojedini u\u010denici vjerskih \u0161kola imaju problem da ostvare svoje zdravstveno i socijalno pravo zbog odre\u0111enih dopisa ili ureda koje su do\u0161le od nadle\u017enog Ministarstva. Moje pitanje je, za\u0161to smo zapravo u\u0161li u taj problem i kada i kako \u0107emo to rije\u0161iti s obzirom da u zakonu nemamo taj problem ali su o\u010dito u pitanju razli\u010dita tuma\u010denja. Moje drugo pitanje se odnosi na to kada \u0107e se razmotriti, ili pak ukinuti odluka o zapo\u0161ljavanju u javnom sektoru. Prije svega, zanima me \u0161kolstvo jer sam po poziciji predsjednika Odbora za obrazovanje upu\u0107en u sve ono \u0161to se ti\u010de te oblasti. Imamo nagomilanih problema od enormnog broja privremeno uposlenih u \u0161kolama a koji zapravo stvaraju koncentraciju nekvaliteta ali i nemogu\u0107nosti motivacije, afirmacije kvaliteta nastavnika u tim \u0161kolama. To otvara razli\u010dite mogu\u0107nosti zloupotreba uticaja na te ljude, obzirom na njihov ne rije\u0161en status.<\/p>\n<div class=\"youtube-embed\" data-video_id=\"blIZhNy3hkE\"><iframe loading=\"lazy\" title=\"Dr. Zukorli\u0107 u Skup\u0161tini postavljao pitanja u vezi prava u\u010denika, zapo\u0161ljavanja, kladionica\" width=\"696\" height=\"392\" src=\"https:\/\/www.youtube.com\/embed\/blIZhNy3hkE?start=4&#038;feature=oembed\" frameborder=\"0\" allow=\"accelerometer; autoplay; encrypted-media; gyroscope; picture-in-picture\" allowfullscreen><\/iframe><\/div>\n<p>Ministar za rad, zapo\u0161ljavanje, bora\u010dka i socijalna pitanja Zoran \u0110or\u0111evi\u0107 kazao da se radi na rje\u0161avanju ovog problema.<\/p>\n<p>&#8211; U razgovoru sa ministrom \u0160ar\u010devi\u0107em je dogovoreno da on donese odluku kojom bi se omogu\u0107ilo da Medrese u\u0111u u sistem obrazovanja i na taj na\u010din steknu pravo iz socijalne za\u0161tite. Potrebno je da se na\u0111u u sistemu R. Srbije. Nama je potrebno samo da ministar \u0160ar\u010devi\u0107 donese tu odluku i po njegovom obe\u0107anju ta odluka se o\u010dekuje vrlo brzo i tog trenutka \u0107e problemi nestati, kazao je \u0110or\u0111evi\u0107.<\/p>\n<p>Premijerka Srbije Ana Brnabi\u0107 najavila je na sednici Skup\u0161tine Srbije da \u0107e do kraja godine predlo\u017eiti ukidanje zabrane zapo\u0161ljavanja u javnom sektoru, ali da \u0107e primanje novih radnika i dalje biti kontrolisano.<\/p>\n<p>&#8211; \u0160to se ti\u010de zapo\u0161ljavanja u javnom sektoru mi \u0107emo na kraju ove godine na kraju ove godine predlo\u017eiti potpuno ukidanje tog zakona, ali \u0107emo i dalje zadr\u017eati komisiju za zapo\u0161ljavanje zato \u0161to nastavljamo sistem kontrole kako ne bi do\u0161lo do prekomjernog zapo\u0161ljavanja u raznim resorima.<\/p>\n<p>Dr. Zukorli\u0107 se zahvalio na odgovorima i postavio dodatno pitanje vezano za kladionice u blizini prosvjetnih objekata.<\/p>\n<p>&#8211; Kako nismo makli napred u rije\u0161avanju ovog problema. U Sand\u017eaku imamo op\u0107i haos kada su u pitanju kladionice. Na\u0161e nezvani\u010dne informacije su da je ve\u0107ina kladionica u Novom Pazaru radi nelegalno i bez dozvola za rad i odre\u0111enih ispunjenih uslova. A ono \u0161to je o\u010digledno, jeste da se ne po\u0161tuje zakonski propis udaljenosti kladionica od obrazovnih i vjerskih objekata. To je ne\u0161to \u0161to je alaramnto i sa \u010dime se moramo suo\u010diti i dobiti odgovore za\u0161to se toleri\u0161e ovo bezakonje koje je izuzetno \u0161tetno za na\u0161u djecu.<\/p>\n<p>Ministar prosvjete Mladen \u0160ar\u010devi\u0107 kazao da podr\u017eava zahtjev dr. Zukorli\u0107 vezano za pitanje kladionica.<\/p>\n<p>&#8211; Sto posto podr\u017eavam va\u0161 zahtjev i ne mislim da tu treba nikoga moliti ve\u0107 primjeniti zakon kada su u pitanju kladionice u blizini \u0161kola. Inspekcije trebaju da po\u010dnu da rade svoj posao i da se obra\u0107unaju sa onima koji su prekr\u0161ili zakon.<\/p>\n<p>Govore\u0107i o zapo\u0161ljavanju, \u0160ar\u010devi\u0107 je rekao da u prosvjeti radi 20.000 mladih \u017eena koje su sposobne za ra\u0111anje, ali odla\u017eu roditeljstvo jer se pla\u0161e da \u0107e izgubiti pravo na stalno zaposlenje, a ako bi im to bilo garantovano u Srbiji \u0107e se za dve godine dogoditi &#8220;bejbi bum&#8221;.<\/p>\n<p>Dr. Zukorli\u0107 na kraju kazao da \u0107e nastaviti da govori o problemima koje mu\u010de gra\u0111ane Sand\u017eaka a sve u cilju rje\u0161avanja istih.<\/p>\n<p>izvor: SANA<\/p>\n","protected":false},"excerpt":{"rendered":"<p>Narodni poslanik Stranke pravde i pomirenja dr. Muamer Zukorli\u0107 danas je u Skup\u0161tini Srbije postavljao pitanja vezana za probleme sa kojima se suo\u010davaju Sand\u017eaklije. Od problema sa zdravstvenim i socijalnim pravima u\u010denika, zabrane zapo\u0161ljavanja u javnom sektoru pa do kladionica u blizini obrazovnih i vjerskih ustanova.\u00a0 &#8211; U posljednjih mjesec dana sa terena dobijam \u017ealbe [&hellip;]<\/p>\n","protected":false},"author":509,"featured_media":231126,"comment_status":"open","ping_status":"open","sticky":false,"template":"","format":"standard","meta":{"footnotes":""},"categories":[72,1,52,327,392,393,394,8957],"tags":[10204],"class_list":{"0":"post-231125","1":"post","2":"type-post","3":"status-publish","4":"format-standard","5":"has-post-thumbnail","7":"category-novi-pazar","8":"category-politika","9":"category-sjenica","10":"category-tutin","11":"category-prijepolje_","12":"category-priboj","13":"category-nova-varos","14":"category-vijesti-dana","15":"tag-muftija-muamer-zukorlic"},"yoast_head":"<!-- This site is optimized with the Yoast SEO Premium plugin v23.1 (Yoast SEO v24.9) - https:\/\/yoast.com\/wordpress\/plugins\/seo\/ -->\n<title>Dr. Zukorli\u0107 u Skup\u0161tini postavljao pitanja u vezi prava u\u010denika, zapo\u0161ljavanja, kladionica<\/title>\n<meta name=\"robots\" content=\"index, follow, max-snippet:-1, max-image-preview:large, max-video-preview:-1\" \/>\n<link rel=\"canonical\" href=\"https:\/\/sandzakpress.net\/arhiva\/dr-zukorlic-u-skupstini-postavljao-pitanja-u-vezi-prava-ucenika-zaposljavanja-kladionica\/\" \/>\n<meta property=\"og:locale\" content=\"bs_BA\" \/>\n<meta property=\"og:type\" content=\"article\" \/>\n<meta property=\"og:title\" content=\"Dr. Zukorli\u0107 u Skup\u0161tini postavljao pitanja u vezi prava u\u010denika, zapo\u0161ljavanja, kladionica\" \/>\n<meta property=\"og:description\" content=\"Narodni poslanik Stranke pravde i pomirenja dr. Muamer Zukorli\u0107 danas je u Skup\u0161tini Srbije postavljao pitanja vezana za probleme sa kojima se suo\u010davaju Sand\u017eaklije. Od problema sa zdravstvenim i socijalnim pravima u\u010denika, zabrane zapo\u0161ljavanja u javnom sektoru pa do kladionica u blizini obrazovnih i vjerskih ustanova.\u00a0 &#8211; U posljednjih mjesec dana sa terena dobijam \u017ealbe [&hellip;]\" \/>\n<meta property=\"og:url\" content=\"https:\/\/sandzakpress.net\/arhiva\/dr-zukorlic-u-skupstini-postavljao-pitanja-u-vezi-prava-ucenika-zaposljavanja-kladionica\/\" \/>\n<meta property=\"og:site_name\" content=\"Sand\u017eak PRESS\" \/>\n<meta property=\"article:published_time\" content=\"2019-11-28T17:24:44+00:00\" \/>\n<meta property=\"og:image\" content=\"https:\/\/sandzakpress.net\/arhiva\/wp-content\/uploads\/2019\/11\/Capture-6-1.jpg\" \/>\n\t<meta property=\"og:image:width\" content=\"1551\" \/>\n\t<meta property=\"og:image:height\" content=\"892\" \/>\n\t<meta property=\"og:image:type\" content=\"image\/jpeg\" \/>\n<meta name=\"author\" content=\"Agencija\" \/>\n<meta name=\"twitter:card\" content=\"summary_large_image\" \/>\n<meta name=\"twitter:label1\" content=\"Written by\" \/>\n\t<meta name=\"twitter:data1\" content=\"Agencija\" \/>\n\t<meta name=\"twitter:label2\" content=\"Est. reading time\" \/>\n\t<meta name=\"twitter:data2\" content=\"3 minute\" \/>\n<script type=\"application\/ld+json\" class=\"yoast-schema-graph\">{\"@context\":\"https:\/\/schema.org\",\"@graph\":[{\"@type\":\"Article\",\"@id\":\"https:\/\/sandzakpress.net\/arhiva\/dr-zukorlic-u-skupstini-postavljao-pitanja-u-vezi-prava-ucenika-zaposljavanja-kladionica\/#article\",\"isPartOf\":{\"@id\":\"https:\/\/sandzakpress.net\/arhiva\/dr-zukorlic-u-skupstini-postavljao-pitanja-u-vezi-prava-ucenika-zaposljavanja-kladionica\/\"},\"author\":{\"name\":\"Agencija\",\"@id\":\"https:\/\/sandzakpress.net\/arhiva\/#\/schema\/person\/cb59d7e3ab91ab90dd680ad0305a6185\"},\"headline\":\"Dr. Zukorli\u0107 u Skup\u0161tini postavljao pitanja u vezi prava u\u010denika, zapo\u0161ljavanja, kladionica\",\"datePublished\":\"2019-11-28T17:24:44+00:00\",\"mainEntityOfPage\":{\"@id\":\"https:\/\/sandzakpress.net\/arhiva\/dr-zukorlic-u-skupstini-postavljao-pitanja-u-vezi-prava-ucenika-zaposljavanja-kladionica\/\"},\"wordCount\":695,\"commentCount\":0,\"publisher\":{\"@id\":\"https:\/\/sandzakpress.net\/arhiva\/#\/schema\/person\/6e72b67d6e51910a1117b3b483ba20bd\"},\"image\":{\"@id\":\"https:\/\/sandzakpress.net\/arhiva\/dr-zukorlic-u-skupstini-postavljao-pitanja-u-vezi-prava-ucenika-zaposljavanja-kladionica\/#primaryimage\"},\"thumbnailUrl\":\"https:\/\/sandzakpress.net\/arhiva\/wp-content\/uploads\/2019\/11\/Capture-6-1.jpg\",\"keywords\":[\"muftija Muamer Zukorli\u0107\"],\"articleSection\":[\"Novi Pazar\",\"Politika\",\"Sjenica\",\"Tutin\",\"Prijepolje\",\"Priboj\",\"Nova Varo\u0161\",\"VIJESTI DANA\"],\"inLanguage\":\"bs-BA\",\"potentialAction\":[{\"@type\":\"CommentAction\",\"name\":\"Comment\",\"target\":[\"https:\/\/sandzakpress.net\/arhiva\/dr-zukorlic-u-skupstini-postavljao-pitanja-u-vezi-prava-ucenika-zaposljavanja-kladionica\/#respond\"]}]},{\"@type\":\"WebPage\",\"@id\":\"https:\/\/sandzakpress.net\/arhiva\/dr-zukorlic-u-skupstini-postavljao-pitanja-u-vezi-prava-ucenika-zaposljavanja-kladionica\/\",\"url\":\"https:\/\/sandzakpress.net\/arhiva\/dr-zukorlic-u-skupstini-postavljao-pitanja-u-vezi-prava-ucenika-zaposljavanja-kladionica\/\",\"name\":\"Dr. Zukorli\u0107 u Skup\u0161tini postavljao pitanja u vezi prava u\u010denika, zapo\u0161ljavanja, kladionica\",\"isPartOf\":{\"@id\":\"https:\/\/sandzakpress.net\/arhiva\/#website\"},\"primaryImageOfPage\":{\"@id\":\"https:\/\/sandzakpress.net\/arhiva\/dr-zukorlic-u-skupstini-postavljao-pitanja-u-vezi-prava-ucenika-zaposljavanja-kladionica\/#primaryimage\"},\"image\":{\"@id\":\"https:\/\/sandzakpress.net\/arhiva\/dr-zukorlic-u-skupstini-postavljao-pitanja-u-vezi-prava-ucenika-zaposljavanja-kladionica\/#primaryimage\"},\"thumbnailUrl\":\"https:\/\/sandzakpress.net\/arhiva\/wp-content\/uploads\/2019\/11\/Capture-6-1.jpg\",\"datePublished\":\"2019-11-28T17:24:44+00:00\",\"breadcrumb\":{\"@id\":\"https:\/\/sandzakpress.net\/arhiva\/dr-zukorlic-u-skupstini-postavljao-pitanja-u-vezi-prava-ucenika-zaposljavanja-kladionica\/#breadcrumb\"},\"inLanguage\":\"bs-BA\",\"potentialAction\":[{\"@type\":\"ReadAction\",\"target\":[\"https:\/\/sandzakpress.net\/arhiva\/dr-zukorlic-u-skupstini-postavljao-pitanja-u-vezi-prava-ucenika-zaposljavanja-kladionica\/\"]}]},{\"@type\":\"ImageObject\",\"inLanguage\":\"bs-BA\",\"@id\":\"https:\/\/sandzakpress.net\/arhiva\/dr-zukorlic-u-skupstini-postavljao-pitanja-u-vezi-prava-ucenika-zaposljavanja-kladionica\/#primaryimage\",\"url\":\"https:\/\/sandzakpress.net\/arhiva\/wp-content\/uploads\/2019\/11\/Capture-6-1.jpg\",\"contentUrl\":\"https:\/\/sandzakpress.net\/arhiva\/wp-content\/uploads\/2019\/11\/Capture-6-1.jpg\",\"width\":1551,\"height\":892},{\"@type\":\"BreadcrumbList\",\"@id\":\"https:\/\/sandzakpress.net\/arhiva\/dr-zukorlic-u-skupstini-postavljao-pitanja-u-vezi-prava-ucenika-zaposljavanja-kladionica\/#breadcrumb\",\"itemListElement\":[{\"@type\":\"ListItem\",\"position\":1,\"name\":\"Home\",\"item\":\"https:\/\/sandzakpress.net\/arhiva\/\"},{\"@type\":\"ListItem\",\"position\":2,\"name\":\"Dr. Zukorli\u0107 u Skup\u0161tini postavljao pitanja u vezi prava u\u010denika, zapo\u0161ljavanja, kladionica\"}]},{\"@type\":\"WebSite\",\"@id\":\"https:\/\/sandzakpress.net\/arhiva\/#website\",\"url\":\"https:\/\/sandzakpress.net\/arhiva\/\",\"name\":\"Sand\u017eak PRESS\",\"description\":\"Prve elektronske novine u Sand\u017eaku\",\"publisher\":{\"@id\":\"https:\/\/sandzakpress.net\/arhiva\/#\/schema\/person\/6e72b67d6e51910a1117b3b483ba20bd\"},\"potentialAction\":[{\"@type\":\"SearchAction\",\"target\":{\"@type\":\"EntryPoint\",\"urlTemplate\":\"https:\/\/sandzakpress.net\/arhiva\/?s={search_term_string}\"},\"query-input\":{\"@type\":\"PropertyValueSpecification\",\"valueRequired\":true,\"valueName\":\"search_term_string\"}}],\"inLanguage\":\"bs-BA\"},{\"@type\":[\"Person\",\"Organization\"],\"@id\":\"https:\/\/sandzakpress.net\/arhiva\/#\/schema\/person\/6e72b67d6e51910a1117b3b483ba20bd\",\"name\":\"Kul\",\"image\":{\"@type\":\"ImageObject\",\"inLanguage\":\"bs-BA\",\"@id\":\"https:\/\/sandzakpress.net\/arhiva\/#\/schema\/person\/image\/\",\"url\":\"https:\/\/secure.gravatar.com\/avatar\/42263f39aa27ac04c43cab85c280eb2e?s=96&d=mm&r=pg\",\"contentUrl\":\"https:\/\/secure.gravatar.com\/avatar\/42263f39aa27ac04c43cab85c280eb2e?s=96&d=mm&r=pg\",\"caption\":\"Kul\"},\"logo\":{\"@id\":\"https:\/\/sandzakpress.net\/arhiva\/#\/schema\/person\/image\/\"}},{\"@type\":\"Person\",\"@id\":\"https:\/\/sandzakpress.net\/arhiva\/#\/schema\/person\/cb59d7e3ab91ab90dd680ad0305a6185\",\"name\":\"Agencija\",\"image\":{\"@type\":\"ImageObject\",\"inLanguage\":\"bs-BA\",\"@id\":\"https:\/\/sandzakpress.net\/arhiva\/#\/schema\/person\/image\/\",\"url\":\"https:\/\/secure.gravatar.com\/avatar\/4b7fafa80a22f0c2afe23966b3961fe0?s=96&d=mm&r=pg\",\"contentUrl\":\"https:\/\/secure.gravatar.com\/avatar\/4b7fafa80a22f0c2afe23966b3961fe0?s=96&d=mm&r=pg\",\"caption\":\"Agencija\"},\"url\":\"https:\/\/sandzakpress.net\/arhiva\/author\/agencija\/\"}]}<\/script>\n<!-- \/ Yoast SEO Premium plugin. -->","yoast_head_json":{"title":"Dr. Zukorli\u0107 u Skup\u0161tini postavljao pitanja u vezi prava u\u010denika, zapo\u0161ljavanja, kladionica","robots":{"index":"index","follow":"follow","max-snippet":"max-snippet:-1","max-image-preview":"max-image-preview:large","max-video-preview":"max-video-preview:-1"},"canonical":"https:\/\/sandzakpress.net\/arhiva\/dr-zukorlic-u-skupstini-postavljao-pitanja-u-vezi-prava-ucenika-zaposljavanja-kladionica\/","og_locale":"bs_BA","og_type":"article","og_title":"Dr. Zukorli\u0107 u Skup\u0161tini postavljao pitanja u vezi prava u\u010denika, zapo\u0161ljavanja, kladionica","og_description":"Narodni poslanik Stranke pravde i pomirenja dr. Muamer Zukorli\u0107 danas je u Skup\u0161tini Srbije postavljao pitanja vezana za probleme sa kojima se suo\u010davaju Sand\u017eaklije. Od problema sa zdravstvenim i socijalnim pravima u\u010denika, zabrane zapo\u0161ljavanja u javnom sektoru pa do kladionica u blizini obrazovnih i vjerskih ustanova.\u00a0 &#8211; U posljednjih mjesec dana sa terena dobijam \u017ealbe [&hellip;]","og_url":"https:\/\/sandzakpress.net\/arhiva\/dr-zukorlic-u-skupstini-postavljao-pitanja-u-vezi-prava-ucenika-zaposljavanja-kladionica\/","og_site_name":"Sand\u017eak PRESS","article_published_time":"2019-11-28T17:24:44+00:00","og_image":[{"width":1551,"height":892,"url":"https:\/\/sandzakpress.net\/arhiva\/wp-content\/uploads\/2019\/11\/Capture-6-1.jpg","type":"image\/jpeg"}],"author":"Agencija","twitter_card":"summary_large_image","twitter_misc":{"Written by":"Agencija","Est. reading time":"3 minute"},"schema":{"@context":"https:\/\/schema.org","@graph":[{"@type":"Article","@id":"https:\/\/sandzakpress.net\/arhiva\/dr-zukorlic-u-skupstini-postavljao-pitanja-u-vezi-prava-ucenika-zaposljavanja-kladionica\/#article","isPartOf":{"@id":"https:\/\/sandzakpress.net\/arhiva\/dr-zukorlic-u-skupstini-postavljao-pitanja-u-vezi-prava-ucenika-zaposljavanja-kladionica\/"},"author":{"name":"Agencija","@id":"https:\/\/sandzakpress.net\/arhiva\/#\/schema\/person\/cb59d7e3ab91ab90dd680ad0305a6185"},"headline":"Dr. Zukorli\u0107 u Skup\u0161tini postavljao pitanja u vezi prava u\u010denika, zapo\u0161ljavanja, kladionica","datePublished":"2019-11-28T17:24:44+00:00","mainEntityOfPage":{"@id":"https:\/\/sandzakpress.net\/arhiva\/dr-zukorlic-u-skupstini-postavljao-pitanja-u-vezi-prava-ucenika-zaposljavanja-kladionica\/"},"wordCount":695,"commentCount":0,"publisher":{"@id":"https:\/\/sandzakpress.net\/arhiva\/#\/schema\/person\/6e72b67d6e51910a1117b3b483ba20bd"},"image":{"@id":"https:\/\/sandzakpress.net\/arhiva\/dr-zukorlic-u-skupstini-postavljao-pitanja-u-vezi-prava-ucenika-zaposljavanja-kladionica\/#primaryimage"},"thumbnailUrl":"https:\/\/sandzakpress.net\/arhiva\/wp-content\/uploads\/2019\/11\/Capture-6-1.jpg","keywords":["muftija Muamer Zukorli\u0107"],"articleSection":["Novi Pazar","Politika","Sjenica","Tutin","Prijepolje","Priboj","Nova Varo\u0161","VIJESTI DANA"],"inLanguage":"bs-BA","potentialAction":[{"@type":"CommentAction","name":"Comment","target":["https:\/\/sandzakpress.net\/arhiva\/dr-zukorlic-u-skupstini-postavljao-pitanja-u-vezi-prava-ucenika-zaposljavanja-kladionica\/#respond"]}]},{"@type":"WebPage","@id":"https:\/\/sandzakpress.net\/arhiva\/dr-zukorlic-u-skupstini-postavljao-pitanja-u-vezi-prava-ucenika-zaposljavanja-kladionica\/","url":"https:\/\/sandzakpress.net\/arhiva\/dr-zukorlic-u-skupstini-postavljao-pitanja-u-vezi-prava-ucenika-zaposljavanja-kladionica\/","name":"Dr. Zukorli\u0107 u Skup\u0161tini postavljao pitanja u vezi prava u\u010denika, zapo\u0161ljavanja, kladionica","isPartOf":{"@id":"https:\/\/sandzakpress.net\/arhiva\/#website"},"primaryImageOfPage":{"@id":"https:\/\/sandzakpress.net\/arhiva\/dr-zukorlic-u-skupstini-postavljao-pitanja-u-vezi-prava-ucenika-zaposljavanja-kladionica\/#primaryimage"},"image":{"@id":"https:\/\/sandzakpress.net\/arhiva\/dr-zukorlic-u-skupstini-postavljao-pitanja-u-vezi-prava-ucenika-zaposljavanja-kladionica\/#primaryimage"},"thumbnailUrl":"https:\/\/sandzakpress.net\/arhiva\/wp-content\/uploads\/2019\/11\/Capture-6-1.jpg","datePublished":"2019-11-28T17:24:44+00:00","breadcrumb":{"@id":"https:\/\/sandzakpress.net\/arhiva\/dr-zukorlic-u-skupstini-postavljao-pitanja-u-vezi-prava-ucenika-zaposljavanja-kladionica\/#breadcrumb"},"inLanguage":"bs-BA","potentialAction":[{"@type":"ReadAction","target":["https:\/\/sandzakpress.net\/arhiva\/dr-zukorlic-u-skupstini-postavljao-pitanja-u-vezi-prava-ucenika-zaposljavanja-kladionica\/"]}]},{"@type":"ImageObject","inLanguage":"bs-BA","@id":"https:\/\/sandzakpress.net\/arhiva\/dr-zukorlic-u-skupstini-postavljao-pitanja-u-vezi-prava-ucenika-zaposljavanja-kladionica\/#primaryimage","url":"https:\/\/sandzakpress.net\/arhiva\/wp-content\/uploads\/2019\/11\/Capture-6-1.jpg","contentUrl":"https:\/\/sandzakpress.net\/arhiva\/wp-content\/uploads\/2019\/11\/Capture-6-1.jpg","width":1551,"height":892},{"@type":"BreadcrumbList","@id":"https:\/\/sandzakpress.net\/arhiva\/dr-zukorlic-u-skupstini-postavljao-pitanja-u-vezi-prava-ucenika-zaposljavanja-kladionica\/#breadcrumb","itemListElement":[{"@type":"ListItem","position":1,"name":"Home","item":"https:\/\/sandzakpress.net\/arhiva\/"},{"@type":"ListItem","position":2,"name":"Dr. Zukorli\u0107 u Skup\u0161tini postavljao pitanja u vezi prava u\u010denika, zapo\u0161ljavanja, kladionica"}]},{"@type":"WebSite","@id":"https:\/\/sandzakpress.net\/arhiva\/#website","url":"https:\/\/sandzakpress.net\/arhiva\/","name":"Sand\u017eak PRESS","description":"Prve elektronske novine u Sand\u017eaku","publisher":{"@id":"https:\/\/sandzakpress.net\/arhiva\/#\/schema\/person\/6e72b67d6e51910a1117b3b483ba20bd"},"potentialAction":[{"@type":"SearchAction","target":{"@type":"EntryPoint","urlTemplate":"https:\/\/sandzakpress.net\/arhiva\/?s={search_term_string}"},"query-input":{"@type":"PropertyValueSpecification","valueRequired":true,"valueName":"search_term_string"}}],"inLanguage":"bs-BA"},{"@type":["Person","Organization"],"@id":"https:\/\/sandzakpress.net\/arhiva\/#\/schema\/person\/6e72b67d6e51910a1117b3b483ba20bd","name":"Kul","image":{"@type":"ImageObject","inLanguage":"bs-BA","@id":"https:\/\/sandzakpress.net\/arhiva\/#\/schema\/person\/image\/","url":"https:\/\/secure.gravatar.com\/avatar\/42263f39aa27ac04c43cab85c280eb2e?s=96&d=mm&r=pg","contentUrl":"https:\/\/secure.gravatar.com\/avatar\/42263f39aa27ac04c43cab85c280eb2e?s=96&d=mm&r=pg","caption":"Kul"},"logo":{"@id":"https:\/\/sandzakpress.net\/arhiva\/#\/schema\/person\/image\/"}},{"@type":"Person","@id":"https:\/\/sandzakpress.net\/arhiva\/#\/schema\/person\/cb59d7e3ab91ab90dd680ad0305a6185","name":"Agencija","image":{"@type":"ImageObject","inLanguage":"bs-BA","@id":"https:\/\/sandzakpress.net\/arhiva\/#\/schema\/person\/image\/","url":"https:\/\/secure.gravatar.com\/avatar\/4b7fafa80a22f0c2afe23966b3961fe0?s=96&d=mm&r=pg","contentUrl":"https:\/\/secure.gravatar.com\/avatar\/4b7fafa80a22f0c2afe23966b3961fe0?s=96&d=mm&r=pg","caption":"Agencija"},"url":"https:\/\/sandzakpress.net\/arhiva\/author\/agencija\/"}]}},"_links":{"self":[{"href":"https:\/\/sandzakpress.net\/arhiva\/wp-json\/wp\/v2\/posts\/231125"}],"collection":[{"href":"https:\/\/sandzakpress.net\/arhiva\/wp-json\/wp\/v2\/posts"}],"about":[{"href":"https:\/\/sandzakpress.net\/arhiva\/wp-json\/wp\/v2\/types\/post"}],"author":[{"embeddable":true,"href":"https:\/\/sandzakpress.net\/arhiva\/wp-json\/wp\/v2\/users\/509"}],"replies":[{"embeddable":true,"href":"https:\/\/sandzakpress.net\/arhiva\/wp-json\/wp\/v2\/comments?post=231125"}],"version-history":[{"count":0,"href":"https:\/\/sandzakpress.net\/arhiva\/wp-json\/wp\/v2\/posts\/231125\/revisions"}],"wp:featuredmedia":[{"embeddable":true,"href":"https:\/\/sandzakpress.net\/arhiva\/wp-json\/wp\/v2\/media\/231126"}],"wp:attachment":[{"href":"https:\/\/sandzakpress.net\/arhiva\/wp-json\/wp\/v2\/media?parent=231125"}],"wp:term":[{"taxonomy":"category","embeddable":true,"href":"https:\/\/sandzakpress.net\/arhiva\/wp-json\/wp\/v2\/categories?post=231125"},{"taxonomy":"post_tag","embeddable":true,"href":"https:\/\/sandzakpress.net\/arhiva\/wp-json\/wp\/v2\/tags?post=231125"}],"curies":[{"name":"wp","href":"https:\/\/api.w.org\/{rel}","templated":true}]}}