{"id":231094,"date":"2019-11-27T15:35:33","date_gmt":"2019-11-27T14:35:33","guid":{"rendered":"https:\/\/sandzakpress.net\/arhiva\/?p=231094"},"modified":"2019-11-27T15:35:33","modified_gmt":"2019-11-27T14:35:33","slug":"spisateljica-ammara-sabic-u-posjeti-skoli-kurana-casnog-u-novom-pazaru","status":"publish","type":"post","link":"https:\/\/sandzakpress.net\/arhiva\/spisateljica-ammara-sabic-u-posjeti-skoli-kurana-casnog-u-novom-pazaru\/","title":{"rendered":"Spisateljica Ammara \u0160abi\u0107 u posjeti \u0160koli Kur\u2019ana \u010casnog u Novom Pazaru"},"content":{"rendered":"<p><img decoding=\"async\" src=\"http:\/\/sanapress.info\/wp-content\/uploads\/2019\/11\/8A7D0E64-79E4-4F77-B2CD-76A6E96CC1EE.jpeg\" \/><\/p>\n<p><strong>Spisateljica Ammara \u0160abi\u0107 je po prvi put posjetila \u0160kolu Kur\u2019ana \u010casnog u Novom Pazaru. Li\u010dnost se upotpunjuje i oblikuje u\u010denjem Kur\u2019ana isti\u010de Ammara pa je posjeta ovoj \u0161koli od izuzetnog zna\u010daja.<\/strong><\/p>\n<p>\u201cNovi Pazar sam posje\u0107ivala par puta ali \u0160kolu Kur\u2019ana \u010casnog po prvi put. Zaista mi je drago \u0161to sve institucije pri Me\u0161ihatu Islamske Zajednice u Srbiji djeluju na ovakav na\u010din. \u0160kola Kur\u2019ana \u010casnog je od izuzetnog zna\u010daja, jer samim postojanjem i djelovanjem, generacije \u0107e biti edukovane i \u0161kolovane a upu\u0107ene u vjeru\u201d.<\/p>\n<p>Iz \u0160kole Kur\u2019ana \u010casnog poru\u010duju da su ovakve posjete i seminari od izuzetnog zna\u010daja za sve polaznike \u0160kole.<\/p>\n<p>\u201cSeminari u \u0160koli Kur\u2019ana \u010casnog su po\u010deli prije nekoliko mjeseci kao i posjete eminentnih li\u010dnosti. Drago mi je \u0161to je spisateljica Ammara sa svojom sestrom odvojila svoje vrijeme i posjetila na\u0161u \u0161kolu gdje je mogla vidjeti kako mi radimo, djelujemo i \u0161ta sve nudimo polaznicima ove \u0161kole\u201d.<\/p>\n<p>\u0160kola Kur\u2019ana \u010casnog u Novom Pazaru radi u edukativnom cilju gdje \u0107e mladima ovakvi seminari i posjete biti zna\u010dajne za sticanje potrebnih znanja.<\/p>\n<div class=\"youtube-embed\" data-video_id=\"FW8qxIBEF3Q\"><iframe loading=\"lazy\" title=\"Spisateljica Ammara \u0160abi\u0107 posjetila \u0160kolu Kur&#039;ana \u010casnog\" width=\"696\" height=\"392\" src=\"https:\/\/www.youtube.com\/embed\/FW8qxIBEF3Q?feature=oembed&#038;enablejsapi=1\" frameborder=\"0\" allow=\"accelerometer; autoplay; encrypted-media; gyroscope; picture-in-picture\" allowfullscreen><\/iframe><\/div>\n","protected":false},"excerpt":{"rendered":"<p>Spisateljica Ammara \u0160abi\u0107 je po prvi put posjetila \u0160kolu Kur\u2019ana \u010casnog u Novom Pazaru. Li\u010dnost se upotpunjuje i oblikuje u\u010denjem Kur\u2019ana isti\u010de Ammara pa je posjeta ovoj \u0161koli od izuzetnog zna\u010daja. \u201cNovi Pazar sam posje\u0107ivala par puta ali \u0160kolu Kur\u2019ana \u010casnog po prvi put. Zaista mi je drago \u0161to sve institucije pri Me\u0161ihatu Islamske Zajednice [&hellip;]<\/p>\n","protected":false},"author":509,"featured_media":231095,"comment_status":"open","ping_status":"open","sticky":false,"template":"","format":"standard","meta":{"footnotes":""},"categories":[72,5],"tags":[],"class_list":{"0":"post-231094","1":"post","2":"type-post","3":"status-publish","4":"format-standard","5":"has-post-thumbnail","7":"category-novi-pazar","8":"category-drustvo"},"yoast_head":"<!-- This site is optimized with the Yoast SEO Premium plugin v23.1 (Yoast SEO v24.9) - https:\/\/yoast.com\/wordpress\/plugins\/seo\/ -->\n<title>Spisateljica Ammara \u0160abi\u0107 u posjeti \u0160koli Kur\u2019ana \u010casnog u Novom Pazaru<\/title>\n<meta name=\"robots\" content=\"index, follow, max-snippet:-1, max-image-preview:large, max-video-preview:-1\" \/>\n<link rel=\"canonical\" href=\"https:\/\/sandzakpress.net\/arhiva\/spisateljica-ammara-sabic-u-posjeti-skoli-kurana-casnog-u-novom-pazaru\/\" \/>\n<meta property=\"og:locale\" content=\"bs_BA\" \/>\n<meta property=\"og:type\" content=\"article\" \/>\n<meta property=\"og:title\" content=\"Spisateljica Ammara \u0160abi\u0107 u posjeti \u0160koli Kur\u2019ana \u010casnog u Novom Pazaru\" \/>\n<meta property=\"og:description\" content=\"Spisateljica Ammara \u0160abi\u0107 je po prvi put posjetila \u0160kolu Kur\u2019ana \u010casnog u Novom Pazaru. Li\u010dnost se upotpunjuje i oblikuje u\u010denjem Kur\u2019ana isti\u010de Ammara pa je posjeta ovoj \u0161koli od izuzetnog zna\u010daja. \u201cNovi Pazar sam posje\u0107ivala par puta ali \u0160kolu Kur\u2019ana \u010casnog po prvi put. Zaista mi je drago \u0161to sve institucije pri Me\u0161ihatu Islamske Zajednice [&hellip;]\" \/>\n<meta property=\"og:url\" content=\"https:\/\/sandzakpress.net\/arhiva\/spisateljica-ammara-sabic-u-posjeti-skoli-kurana-casnog-u-novom-pazaru\/\" \/>\n<meta property=\"og:site_name\" content=\"Sand\u017eak PRESS\" \/>\n<meta property=\"article:published_time\" content=\"2019-11-27T14:35:33+00:00\" \/>\n<meta property=\"og:image\" content=\"https:\/\/sandzakpress.net\/arhiva\/wp-content\/uploads\/2019\/11\/8A7D0E64-79E4-4F77-B2CD-76A6E96CC1EE.jpeg.jpg\" \/>\n\t<meta property=\"og:image:width\" content=\"1600\" \/>\n\t<meta property=\"og:image:height\" content=\"887\" \/>\n\t<meta property=\"og:image:type\" content=\"image\/jpeg\" \/>\n<meta name=\"author\" content=\"Agencija\" \/>\n<meta name=\"twitter:card\" content=\"summary_large_image\" \/>\n<meta name=\"twitter:label1\" content=\"Written by\" \/>\n\t<meta name=\"twitter:data1\" content=\"Agencija\" \/>\n\t<meta name=\"twitter:label2\" content=\"Est. reading time\" \/>\n\t<meta name=\"twitter:data2\" content=\"1 minuta\" \/>\n<script type=\"application\/ld+json\" class=\"yoast-schema-graph\">{\"@context\":\"https:\/\/schema.org\",\"@graph\":[{\"@type\":\"Article\",\"@id\":\"https:\/\/sandzakpress.net\/arhiva\/spisateljica-ammara-sabic-u-posjeti-skoli-kurana-casnog-u-novom-pazaru\/#article\",\"isPartOf\":{\"@id\":\"https:\/\/sandzakpress.net\/arhiva\/spisateljica-ammara-sabic-u-posjeti-skoli-kurana-casnog-u-novom-pazaru\/\"},\"author\":{\"name\":\"Agencija\",\"@id\":\"https:\/\/sandzakpress.net\/arhiva\/#\/schema\/person\/cb59d7e3ab91ab90dd680ad0305a6185\"},\"headline\":\"Spisateljica Ammara \u0160abi\u0107 u posjeti \u0160koli Kur\u2019ana \u010casnog u Novom Pazaru\",\"datePublished\":\"2019-11-27T14:35:33+00:00\",\"mainEntityOfPage\":{\"@id\":\"https:\/\/sandzakpress.net\/arhiva\/spisateljica-ammara-sabic-u-posjeti-skoli-kurana-casnog-u-novom-pazaru\/\"},\"wordCount\":214,\"commentCount\":0,\"publisher\":{\"@id\":\"https:\/\/sandzakpress.net\/arhiva\/#\/schema\/person\/6e72b67d6e51910a1117b3b483ba20bd\"},\"image\":{\"@id\":\"https:\/\/sandzakpress.net\/arhiva\/spisateljica-ammara-sabic-u-posjeti-skoli-kurana-casnog-u-novom-pazaru\/#primaryimage\"},\"thumbnailUrl\":\"https:\/\/sandzakpress.net\/arhiva\/wp-content\/uploads\/2019\/11\/8A7D0E64-79E4-4F77-B2CD-76A6E96CC1EE.jpeg.jpg\",\"articleSection\":[\"Novi Pazar\",\"Dru\u0161tvo\"],\"inLanguage\":\"bs-BA\",\"potentialAction\":[{\"@type\":\"CommentAction\",\"name\":\"Comment\",\"target\":[\"https:\/\/sandzakpress.net\/arhiva\/spisateljica-ammara-sabic-u-posjeti-skoli-kurana-casnog-u-novom-pazaru\/#respond\"]}]},{\"@type\":\"WebPage\",\"@id\":\"https:\/\/sandzakpress.net\/arhiva\/spisateljica-ammara-sabic-u-posjeti-skoli-kurana-casnog-u-novom-pazaru\/\",\"url\":\"https:\/\/sandzakpress.net\/arhiva\/spisateljica-ammara-sabic-u-posjeti-skoli-kurana-casnog-u-novom-pazaru\/\",\"name\":\"Spisateljica Ammara \u0160abi\u0107 u posjeti \u0160koli Kur\u2019ana \u010casnog u Novom Pazaru\",\"isPartOf\":{\"@id\":\"https:\/\/sandzakpress.net\/arhiva\/#website\"},\"primaryImageOfPage\":{\"@id\":\"https:\/\/sandzakpress.net\/arhiva\/spisateljica-ammara-sabic-u-posjeti-skoli-kurana-casnog-u-novom-pazaru\/#primaryimage\"},\"image\":{\"@id\":\"https:\/\/sandzakpress.net\/arhiva\/spisateljica-ammara-sabic-u-posjeti-skoli-kurana-casnog-u-novom-pazaru\/#primaryimage\"},\"thumbnailUrl\":\"https:\/\/sandzakpress.net\/arhiva\/wp-content\/uploads\/2019\/11\/8A7D0E64-79E4-4F77-B2CD-76A6E96CC1EE.jpeg.jpg\",\"datePublished\":\"2019-11-27T14:35:33+00:00\",\"breadcrumb\":{\"@id\":\"https:\/\/sandzakpress.net\/arhiva\/spisateljica-ammara-sabic-u-posjeti-skoli-kurana-casnog-u-novom-pazaru\/#breadcrumb\"},\"inLanguage\":\"bs-BA\",\"potentialAction\":[{\"@type\":\"ReadAction\",\"target\":[\"https:\/\/sandzakpress.net\/arhiva\/spisateljica-ammara-sabic-u-posjeti-skoli-kurana-casnog-u-novom-pazaru\/\"]}]},{\"@type\":\"ImageObject\",\"inLanguage\":\"bs-BA\",\"@id\":\"https:\/\/sandzakpress.net\/arhiva\/spisateljica-ammara-sabic-u-posjeti-skoli-kurana-casnog-u-novom-pazaru\/#primaryimage\",\"url\":\"https:\/\/sandzakpress.net\/arhiva\/wp-content\/uploads\/2019\/11\/8A7D0E64-79E4-4F77-B2CD-76A6E96CC1EE.jpeg.jpg\",\"contentUrl\":\"https:\/\/sandzakpress.net\/arhiva\/wp-content\/uploads\/2019\/11\/8A7D0E64-79E4-4F77-B2CD-76A6E96CC1EE.jpeg.jpg\",\"width\":1600,\"height\":887},{\"@type\":\"BreadcrumbList\",\"@id\":\"https:\/\/sandzakpress.net\/arhiva\/spisateljica-ammara-sabic-u-posjeti-skoli-kurana-casnog-u-novom-pazaru\/#breadcrumb\",\"itemListElement\":[{\"@type\":\"ListItem\",\"position\":1,\"name\":\"Home\",\"item\":\"https:\/\/sandzakpress.net\/arhiva\/\"},{\"@type\":\"ListItem\",\"position\":2,\"name\":\"Spisateljica Ammara \u0160abi\u0107 u posjeti \u0160koli Kur\u2019ana \u010casnog u Novom Pazaru\"}]},{\"@type\":\"WebSite\",\"@id\":\"https:\/\/sandzakpress.net\/arhiva\/#website\",\"url\":\"https:\/\/sandzakpress.net\/arhiva\/\",\"name\":\"Sand\u017eak PRESS\",\"description\":\"Prve elektronske novine u Sand\u017eaku\",\"publisher\":{\"@id\":\"https:\/\/sandzakpress.net\/arhiva\/#\/schema\/person\/6e72b67d6e51910a1117b3b483ba20bd\"},\"potentialAction\":[{\"@type\":\"SearchAction\",\"target\":{\"@type\":\"EntryPoint\",\"urlTemplate\":\"https:\/\/sandzakpress.net\/arhiva\/?s={search_term_string}\"},\"query-input\":{\"@type\":\"PropertyValueSpecification\",\"valueRequired\":true,\"valueName\":\"search_term_string\"}}],\"inLanguage\":\"bs-BA\"},{\"@type\":[\"Person\",\"Organization\"],\"@id\":\"https:\/\/sandzakpress.net\/arhiva\/#\/schema\/person\/6e72b67d6e51910a1117b3b483ba20bd\",\"name\":\"Kul\",\"image\":{\"@type\":\"ImageObject\",\"inLanguage\":\"bs-BA\",\"@id\":\"https:\/\/sandzakpress.net\/arhiva\/#\/schema\/person\/image\/\",\"url\":\"https:\/\/secure.gravatar.com\/avatar\/42263f39aa27ac04c43cab85c280eb2e?s=96&d=mm&r=pg\",\"contentUrl\":\"https:\/\/secure.gravatar.com\/avatar\/42263f39aa27ac04c43cab85c280eb2e?s=96&d=mm&r=pg\",\"caption\":\"Kul\"},\"logo\":{\"@id\":\"https:\/\/sandzakpress.net\/arhiva\/#\/schema\/person\/image\/\"}},{\"@type\":\"Person\",\"@id\":\"https:\/\/sandzakpress.net\/arhiva\/#\/schema\/person\/cb59d7e3ab91ab90dd680ad0305a6185\",\"name\":\"Agencija\",\"image\":{\"@type\":\"ImageObject\",\"inLanguage\":\"bs-BA\",\"@id\":\"https:\/\/sandzakpress.net\/arhiva\/#\/schema\/person\/image\/\",\"url\":\"https:\/\/secure.gravatar.com\/avatar\/4b7fafa80a22f0c2afe23966b3961fe0?s=96&d=mm&r=pg\",\"contentUrl\":\"https:\/\/secure.gravatar.com\/avatar\/4b7fafa80a22f0c2afe23966b3961fe0?s=96&d=mm&r=pg\",\"caption\":\"Agencija\"},\"url\":\"https:\/\/sandzakpress.net\/arhiva\/author\/agencija\/\"}]}<\/script>\n<!-- \/ Yoast SEO Premium plugin. -->","yoast_head_json":{"title":"Spisateljica Ammara \u0160abi\u0107 u posjeti \u0160koli Kur\u2019ana \u010casnog u Novom Pazaru","robots":{"index":"index","follow":"follow","max-snippet":"max-snippet:-1","max-image-preview":"max-image-preview:large","max-video-preview":"max-video-preview:-1"},"canonical":"https:\/\/sandzakpress.net\/arhiva\/spisateljica-ammara-sabic-u-posjeti-skoli-kurana-casnog-u-novom-pazaru\/","og_locale":"bs_BA","og_type":"article","og_title":"Spisateljica Ammara \u0160abi\u0107 u posjeti \u0160koli Kur\u2019ana \u010casnog u Novom Pazaru","og_description":"Spisateljica Ammara \u0160abi\u0107 je po prvi put posjetila \u0160kolu Kur\u2019ana \u010casnog u Novom Pazaru. Li\u010dnost se upotpunjuje i oblikuje u\u010denjem Kur\u2019ana isti\u010de Ammara pa je posjeta ovoj \u0161koli od izuzetnog zna\u010daja. \u201cNovi Pazar sam posje\u0107ivala par puta ali \u0160kolu Kur\u2019ana \u010casnog po prvi put. Zaista mi je drago \u0161to sve institucije pri Me\u0161ihatu Islamske Zajednice [&hellip;]","og_url":"https:\/\/sandzakpress.net\/arhiva\/spisateljica-ammara-sabic-u-posjeti-skoli-kurana-casnog-u-novom-pazaru\/","og_site_name":"Sand\u017eak PRESS","article_published_time":"2019-11-27T14:35:33+00:00","og_image":[{"width":1600,"height":887,"url":"https:\/\/sandzakpress.net\/arhiva\/wp-content\/uploads\/2019\/11\/8A7D0E64-79E4-4F77-B2CD-76A6E96CC1EE.jpeg.jpg","type":"image\/jpeg"}],"author":"Agencija","twitter_card":"summary_large_image","twitter_misc":{"Written by":"Agencija","Est. reading time":"1 minuta"},"schema":{"@context":"https:\/\/schema.org","@graph":[{"@type":"Article","@id":"https:\/\/sandzakpress.net\/arhiva\/spisateljica-ammara-sabic-u-posjeti-skoli-kurana-casnog-u-novom-pazaru\/#article","isPartOf":{"@id":"https:\/\/sandzakpress.net\/arhiva\/spisateljica-ammara-sabic-u-posjeti-skoli-kurana-casnog-u-novom-pazaru\/"},"author":{"name":"Agencija","@id":"https:\/\/sandzakpress.net\/arhiva\/#\/schema\/person\/cb59d7e3ab91ab90dd680ad0305a6185"},"headline":"Spisateljica Ammara \u0160abi\u0107 u posjeti \u0160koli Kur\u2019ana \u010casnog u Novom Pazaru","datePublished":"2019-11-27T14:35:33+00:00","mainEntityOfPage":{"@id":"https:\/\/sandzakpress.net\/arhiva\/spisateljica-ammara-sabic-u-posjeti-skoli-kurana-casnog-u-novom-pazaru\/"},"wordCount":214,"commentCount":0,"publisher":{"@id":"https:\/\/sandzakpress.net\/arhiva\/#\/schema\/person\/6e72b67d6e51910a1117b3b483ba20bd"},"image":{"@id":"https:\/\/sandzakpress.net\/arhiva\/spisateljica-ammara-sabic-u-posjeti-skoli-kurana-casnog-u-novom-pazaru\/#primaryimage"},"thumbnailUrl":"https:\/\/sandzakpress.net\/arhiva\/wp-content\/uploads\/2019\/11\/8A7D0E64-79E4-4F77-B2CD-76A6E96CC1EE.jpeg.jpg","articleSection":["Novi Pazar","Dru\u0161tvo"],"inLanguage":"bs-BA","potentialAction":[{"@type":"CommentAction","name":"Comment","target":["https:\/\/sandzakpress.net\/arhiva\/spisateljica-ammara-sabic-u-posjeti-skoli-kurana-casnog-u-novom-pazaru\/#respond"]}]},{"@type":"WebPage","@id":"https:\/\/sandzakpress.net\/arhiva\/spisateljica-ammara-sabic-u-posjeti-skoli-kurana-casnog-u-novom-pazaru\/","url":"https:\/\/sandzakpress.net\/arhiva\/spisateljica-ammara-sabic-u-posjeti-skoli-kurana-casnog-u-novom-pazaru\/","name":"Spisateljica Ammara \u0160abi\u0107 u posjeti \u0160koli Kur\u2019ana \u010casnog u Novom Pazaru","isPartOf":{"@id":"https:\/\/sandzakpress.net\/arhiva\/#website"},"primaryImageOfPage":{"@id":"https:\/\/sandzakpress.net\/arhiva\/spisateljica-ammara-sabic-u-posjeti-skoli-kurana-casnog-u-novom-pazaru\/#primaryimage"},"image":{"@id":"https:\/\/sandzakpress.net\/arhiva\/spisateljica-ammara-sabic-u-posjeti-skoli-kurana-casnog-u-novom-pazaru\/#primaryimage"},"thumbnailUrl":"https:\/\/sandzakpress.net\/arhiva\/wp-content\/uploads\/2019\/11\/8A7D0E64-79E4-4F77-B2CD-76A6E96CC1EE.jpeg.jpg","datePublished":"2019-11-27T14:35:33+00:00","breadcrumb":{"@id":"https:\/\/sandzakpress.net\/arhiva\/spisateljica-ammara-sabic-u-posjeti-skoli-kurana-casnog-u-novom-pazaru\/#breadcrumb"},"inLanguage":"bs-BA","potentialAction":[{"@type":"ReadAction","target":["https:\/\/sandzakpress.net\/arhiva\/spisateljica-ammara-sabic-u-posjeti-skoli-kurana-casnog-u-novom-pazaru\/"]}]},{"@type":"ImageObject","inLanguage":"bs-BA","@id":"https:\/\/sandzakpress.net\/arhiva\/spisateljica-ammara-sabic-u-posjeti-skoli-kurana-casnog-u-novom-pazaru\/#primaryimage","url":"https:\/\/sandzakpress.net\/arhiva\/wp-content\/uploads\/2019\/11\/8A7D0E64-79E4-4F77-B2CD-76A6E96CC1EE.jpeg.jpg","contentUrl":"https:\/\/sandzakpress.net\/arhiva\/wp-content\/uploads\/2019\/11\/8A7D0E64-79E4-4F77-B2CD-76A6E96CC1EE.jpeg.jpg","width":1600,"height":887},{"@type":"BreadcrumbList","@id":"https:\/\/sandzakpress.net\/arhiva\/spisateljica-ammara-sabic-u-posjeti-skoli-kurana-casnog-u-novom-pazaru\/#breadcrumb","itemListElement":[{"@type":"ListItem","position":1,"name":"Home","item":"https:\/\/sandzakpress.net\/arhiva\/"},{"@type":"ListItem","position":2,"name":"Spisateljica Ammara \u0160abi\u0107 u posjeti \u0160koli Kur\u2019ana \u010casnog u Novom Pazaru"}]},{"@type":"WebSite","@id":"https:\/\/sandzakpress.net\/arhiva\/#website","url":"https:\/\/sandzakpress.net\/arhiva\/","name":"Sand\u017eak PRESS","description":"Prve elektronske novine u Sand\u017eaku","publisher":{"@id":"https:\/\/sandzakpress.net\/arhiva\/#\/schema\/person\/6e72b67d6e51910a1117b3b483ba20bd"},"potentialAction":[{"@type":"SearchAction","target":{"@type":"EntryPoint","urlTemplate":"https:\/\/sandzakpress.net\/arhiva\/?s={search_term_string}"},"query-input":{"@type":"PropertyValueSpecification","valueRequired":true,"valueName":"search_term_string"}}],"inLanguage":"bs-BA"},{"@type":["Person","Organization"],"@id":"https:\/\/sandzakpress.net\/arhiva\/#\/schema\/person\/6e72b67d6e51910a1117b3b483ba20bd","name":"Kul","image":{"@type":"ImageObject","inLanguage":"bs-BA","@id":"https:\/\/sandzakpress.net\/arhiva\/#\/schema\/person\/image\/","url":"https:\/\/secure.gravatar.com\/avatar\/42263f39aa27ac04c43cab85c280eb2e?s=96&d=mm&r=pg","contentUrl":"https:\/\/secure.gravatar.com\/avatar\/42263f39aa27ac04c43cab85c280eb2e?s=96&d=mm&r=pg","caption":"Kul"},"logo":{"@id":"https:\/\/sandzakpress.net\/arhiva\/#\/schema\/person\/image\/"}},{"@type":"Person","@id":"https:\/\/sandzakpress.net\/arhiva\/#\/schema\/person\/cb59d7e3ab91ab90dd680ad0305a6185","name":"Agencija","image":{"@type":"ImageObject","inLanguage":"bs-BA","@id":"https:\/\/sandzakpress.net\/arhiva\/#\/schema\/person\/image\/","url":"https:\/\/secure.gravatar.com\/avatar\/4b7fafa80a22f0c2afe23966b3961fe0?s=96&d=mm&r=pg","contentUrl":"https:\/\/secure.gravatar.com\/avatar\/4b7fafa80a22f0c2afe23966b3961fe0?s=96&d=mm&r=pg","caption":"Agencija"},"url":"https:\/\/sandzakpress.net\/arhiva\/author\/agencija\/"}]}},"_links":{"self":[{"href":"https:\/\/sandzakpress.net\/arhiva\/wp-json\/wp\/v2\/posts\/231094"}],"collection":[{"href":"https:\/\/sandzakpress.net\/arhiva\/wp-json\/wp\/v2\/posts"}],"about":[{"href":"https:\/\/sandzakpress.net\/arhiva\/wp-json\/wp\/v2\/types\/post"}],"author":[{"embeddable":true,"href":"https:\/\/sandzakpress.net\/arhiva\/wp-json\/wp\/v2\/users\/509"}],"replies":[{"embeddable":true,"href":"https:\/\/sandzakpress.net\/arhiva\/wp-json\/wp\/v2\/comments?post=231094"}],"version-history":[{"count":0,"href":"https:\/\/sandzakpress.net\/arhiva\/wp-json\/wp\/v2\/posts\/231094\/revisions"}],"wp:featuredmedia":[{"embeddable":true,"href":"https:\/\/sandzakpress.net\/arhiva\/wp-json\/wp\/v2\/media\/231095"}],"wp:attachment":[{"href":"https:\/\/sandzakpress.net\/arhiva\/wp-json\/wp\/v2\/media?parent=231094"}],"wp:term":[{"taxonomy":"category","embeddable":true,"href":"https:\/\/sandzakpress.net\/arhiva\/wp-json\/wp\/v2\/categories?post=231094"},{"taxonomy":"post_tag","embeddable":true,"href":"https:\/\/sandzakpress.net\/arhiva\/wp-json\/wp\/v2\/tags?post=231094"}],"curies":[{"name":"wp","href":"https:\/\/api.w.org\/{rel}","templated":true}]}}