{"id":231065,"date":"2019-11-26T15:13:47","date_gmt":"2019-11-26T14:13:47","guid":{"rendered":"https:\/\/sandzakpress.net\/arhiva\/?p=231065"},"modified":"2019-11-26T15:13:47","modified_gmt":"2019-11-26T14:13:47","slug":"teska-saobracajna-nesreca-kod-prijepolja-poginula-jedna-osoba","status":"publish","type":"post","link":"https:\/\/sandzakpress.net\/arhiva\/teska-saobracajna-nesreca-kod-prijepolja-poginula-jedna-osoba\/","title":{"rendered":"Te\u0161ka saobra\u0107ajna nesre\u0107a kod Prijepolja: Poginula jedna osoba"},"content":{"rendered":"<p><img loading=\"lazy\" decoding=\"async\" class=\"alignnone size-full wp-image-51560\" src=\"http:\/\/sanapress.info\/wp-content\/uploads\/2019\/11\/1-13.jpg\" alt=\"\" width=\"1600\" height=\"777\" \/><\/p>\n<p><strong>Danas oko podne, do\u0161lo je do te\u0161ke saobra\u0107ajne nesre\u0107e na putu Prijepolje \u2013 Bistrica u mjestu Stanjevine u kojoj je jedno lice izgubilo \u017eivot.<\/strong><\/p>\n<p>Do nezgode je do\u0161lo kada se vozilo ford fiesta beogradskih registarskim oznakama \u010deono sudarilo sa teretnim vozilom podgori\u010dkih tablica. Tom prilikom, \u017eensko lice koje se nalazilo u putni\u010dkom autu i koje je upravljalo vozilom izgubilo je \u017eivot, dok je druga osoba zadobila povrede i smje\u0161tena je prijepoljsku bolnicu.<\/p>\n<p><iframe loading=\"lazy\" title=\"Te\u0161ka saobra\u0107ajna nesre\u0107a kod Prijepolja: Poginula jedna osoba\" width=\"696\" height=\"392\" src=\"https:\/\/www.youtube.com\/embed\/T1GV52BB8tc?feature=oembed\" frameborder=\"0\" allow=\"accelerometer; autoplay; encrypted-media; gyroscope; picture-in-picture\" allowfullscreen><\/iframe><\/p>\n<p>(SANA)<\/p>\n","protected":false},"excerpt":{"rendered":"<p>Danas oko podne, do\u0161lo je do te\u0161ke saobra\u0107ajne nesre\u0107e na putu Prijepolje \u2013 Bistrica u mjestu Stanjevine u kojoj je jedno lice izgubilo \u017eivot. Do nezgode je do\u0161lo kada se vozilo ford fiesta beogradskih registarskim oznakama \u010deono sudarilo sa teretnim vozilom podgori\u010dkih tablica. Tom prilikom, \u017eensko lice koje se nalazilo u putni\u010dkom autu i koje [&hellip;]<\/p>\n","protected":false},"author":509,"featured_media":231066,"comment_status":"open","ping_status":"open","sticky":false,"template":"","format":"standard","meta":{"footnotes":""},"categories":[392,801,10429],"tags":[],"class_list":{"0":"post-231065","1":"post","2":"type-post","3":"status-publish","4":"format-standard","5":"has-post-thumbnail","7":"category-prijepolje_","8":"category-crna_hronika","9":"category-vazno"},"yoast_head":"<!-- This site is optimized with the Yoast SEO Premium plugin v23.1 (Yoast SEO v24.9) - https:\/\/yoast.com\/wordpress\/plugins\/seo\/ -->\n<title>Te\u0161ka saobra\u0107ajna nesre\u0107a kod Prijepolja: Poginula jedna osoba<\/title>\n<meta name=\"robots\" content=\"index, follow, max-snippet:-1, max-image-preview:large, max-video-preview:-1\" \/>\n<link rel=\"canonical\" href=\"https:\/\/sandzakpress.net\/arhiva\/teska-saobracajna-nesreca-kod-prijepolja-poginula-jedna-osoba\/\" \/>\n<meta property=\"og:locale\" content=\"bs_BA\" \/>\n<meta property=\"og:type\" content=\"article\" \/>\n<meta property=\"og:title\" content=\"Te\u0161ka saobra\u0107ajna nesre\u0107a kod Prijepolja: Poginula jedna osoba\" \/>\n<meta property=\"og:description\" content=\"Danas oko podne, do\u0161lo je do te\u0161ke saobra\u0107ajne nesre\u0107e na putu Prijepolje \u2013 Bistrica u mjestu Stanjevine u kojoj je jedno lice izgubilo \u017eivot. Do nezgode je do\u0161lo kada se vozilo ford fiesta beogradskih registarskim oznakama \u010deono sudarilo sa teretnim vozilom podgori\u010dkih tablica. Tom prilikom, \u017eensko lice koje se nalazilo u putni\u010dkom autu i koje [&hellip;]\" \/>\n<meta property=\"og:url\" content=\"https:\/\/sandzakpress.net\/arhiva\/teska-saobracajna-nesreca-kod-prijepolja-poginula-jedna-osoba\/\" \/>\n<meta property=\"og:site_name\" content=\"Sand\u017eak PRESS\" \/>\n<meta property=\"article:published_time\" content=\"2019-11-26T14:13:47+00:00\" \/>\n<meta property=\"og:image\" content=\"https:\/\/sandzakpress.net\/arhiva\/wp-content\/uploads\/2019\/11\/1-13.jpg\" \/>\n\t<meta property=\"og:image:width\" content=\"1600\" \/>\n\t<meta property=\"og:image:height\" content=\"777\" \/>\n\t<meta property=\"og:image:type\" content=\"image\/jpeg\" \/>\n<meta name=\"author\" content=\"Agencija\" \/>\n<meta name=\"twitter:card\" content=\"summary_large_image\" \/>\n<meta name=\"twitter:label1\" content=\"Written by\" \/>\n\t<meta name=\"twitter:data1\" content=\"Agencija\" \/>\n<script type=\"application\/ld+json\" class=\"yoast-schema-graph\">{\"@context\":\"https:\/\/schema.org\",\"@graph\":[{\"@type\":\"Article\",\"@id\":\"https:\/\/sandzakpress.net\/arhiva\/teska-saobracajna-nesreca-kod-prijepolja-poginula-jedna-osoba\/#article\",\"isPartOf\":{\"@id\":\"https:\/\/sandzakpress.net\/arhiva\/teska-saobracajna-nesreca-kod-prijepolja-poginula-jedna-osoba\/\"},\"author\":{\"name\":\"Agencija\",\"@id\":\"https:\/\/sandzakpress.net\/arhiva\/#\/schema\/person\/cb59d7e3ab91ab90dd680ad0305a6185\"},\"headline\":\"Te\u0161ka saobra\u0107ajna nesre\u0107a kod Prijepolja: Poginula jedna osoba\",\"datePublished\":\"2019-11-26T14:13:47+00:00\",\"mainEntityOfPage\":{\"@id\":\"https:\/\/sandzakpress.net\/arhiva\/teska-saobracajna-nesreca-kod-prijepolja-poginula-jedna-osoba\/\"},\"wordCount\":98,\"commentCount\":0,\"publisher\":{\"@id\":\"https:\/\/sandzakpress.net\/arhiva\/#\/schema\/person\/6e72b67d6e51910a1117b3b483ba20bd\"},\"image\":{\"@id\":\"https:\/\/sandzakpress.net\/arhiva\/teska-saobracajna-nesreca-kod-prijepolja-poginula-jedna-osoba\/#primaryimage\"},\"thumbnailUrl\":\"https:\/\/sandzakpress.net\/arhiva\/wp-content\/uploads\/2019\/11\/1-13.jpg\",\"articleSection\":[\"Prijepolje\",\"Hronika\",\"VA\u017dNO!\"],\"inLanguage\":\"bs-BA\",\"potentialAction\":[{\"@type\":\"CommentAction\",\"name\":\"Comment\",\"target\":[\"https:\/\/sandzakpress.net\/arhiva\/teska-saobracajna-nesreca-kod-prijepolja-poginula-jedna-osoba\/#respond\"]}]},{\"@type\":\"WebPage\",\"@id\":\"https:\/\/sandzakpress.net\/arhiva\/teska-saobracajna-nesreca-kod-prijepolja-poginula-jedna-osoba\/\",\"url\":\"https:\/\/sandzakpress.net\/arhiva\/teska-saobracajna-nesreca-kod-prijepolja-poginula-jedna-osoba\/\",\"name\":\"Te\u0161ka saobra\u0107ajna nesre\u0107a kod Prijepolja: Poginula jedna osoba\",\"isPartOf\":{\"@id\":\"https:\/\/sandzakpress.net\/arhiva\/#website\"},\"primaryImageOfPage\":{\"@id\":\"https:\/\/sandzakpress.net\/arhiva\/teska-saobracajna-nesreca-kod-prijepolja-poginula-jedna-osoba\/#primaryimage\"},\"image\":{\"@id\":\"https:\/\/sandzakpress.net\/arhiva\/teska-saobracajna-nesreca-kod-prijepolja-poginula-jedna-osoba\/#primaryimage\"},\"thumbnailUrl\":\"https:\/\/sandzakpress.net\/arhiva\/wp-content\/uploads\/2019\/11\/1-13.jpg\",\"datePublished\":\"2019-11-26T14:13:47+00:00\",\"breadcrumb\":{\"@id\":\"https:\/\/sandzakpress.net\/arhiva\/teska-saobracajna-nesreca-kod-prijepolja-poginula-jedna-osoba\/#breadcrumb\"},\"inLanguage\":\"bs-BA\",\"potentialAction\":[{\"@type\":\"ReadAction\",\"target\":[\"https:\/\/sandzakpress.net\/arhiva\/teska-saobracajna-nesreca-kod-prijepolja-poginula-jedna-osoba\/\"]}]},{\"@type\":\"ImageObject\",\"inLanguage\":\"bs-BA\",\"@id\":\"https:\/\/sandzakpress.net\/arhiva\/teska-saobracajna-nesreca-kod-prijepolja-poginula-jedna-osoba\/#primaryimage\",\"url\":\"https:\/\/sandzakpress.net\/arhiva\/wp-content\/uploads\/2019\/11\/1-13.jpg\",\"contentUrl\":\"https:\/\/sandzakpress.net\/arhiva\/wp-content\/uploads\/2019\/11\/1-13.jpg\",\"width\":1600,\"height\":777},{\"@type\":\"BreadcrumbList\",\"@id\":\"https:\/\/sandzakpress.net\/arhiva\/teska-saobracajna-nesreca-kod-prijepolja-poginula-jedna-osoba\/#breadcrumb\",\"itemListElement\":[{\"@type\":\"ListItem\",\"position\":1,\"name\":\"Home\",\"item\":\"https:\/\/sandzakpress.net\/arhiva\/\"},{\"@type\":\"ListItem\",\"position\":2,\"name\":\"Te\u0161ka saobra\u0107ajna nesre\u0107a kod Prijepolja: Poginula jedna osoba\"}]},{\"@type\":\"WebSite\",\"@id\":\"https:\/\/sandzakpress.net\/arhiva\/#website\",\"url\":\"https:\/\/sandzakpress.net\/arhiva\/\",\"name\":\"Sand\u017eak PRESS\",\"description\":\"Prve elektronske novine u Sand\u017eaku\",\"publisher\":{\"@id\":\"https:\/\/sandzakpress.net\/arhiva\/#\/schema\/person\/6e72b67d6e51910a1117b3b483ba20bd\"},\"potentialAction\":[{\"@type\":\"SearchAction\",\"target\":{\"@type\":\"EntryPoint\",\"urlTemplate\":\"https:\/\/sandzakpress.net\/arhiva\/?s={search_term_string}\"},\"query-input\":{\"@type\":\"PropertyValueSpecification\",\"valueRequired\":true,\"valueName\":\"search_term_string\"}}],\"inLanguage\":\"bs-BA\"},{\"@type\":[\"Person\",\"Organization\"],\"@id\":\"https:\/\/sandzakpress.net\/arhiva\/#\/schema\/person\/6e72b67d6e51910a1117b3b483ba20bd\",\"name\":\"Kul\",\"image\":{\"@type\":\"ImageObject\",\"inLanguage\":\"bs-BA\",\"@id\":\"https:\/\/sandzakpress.net\/arhiva\/#\/schema\/person\/image\/\",\"url\":\"https:\/\/secure.gravatar.com\/avatar\/42263f39aa27ac04c43cab85c280eb2e?s=96&d=mm&r=pg\",\"contentUrl\":\"https:\/\/secure.gravatar.com\/avatar\/42263f39aa27ac04c43cab85c280eb2e?s=96&d=mm&r=pg\",\"caption\":\"Kul\"},\"logo\":{\"@id\":\"https:\/\/sandzakpress.net\/arhiva\/#\/schema\/person\/image\/\"}},{\"@type\":\"Person\",\"@id\":\"https:\/\/sandzakpress.net\/arhiva\/#\/schema\/person\/cb59d7e3ab91ab90dd680ad0305a6185\",\"name\":\"Agencija\",\"image\":{\"@type\":\"ImageObject\",\"inLanguage\":\"bs-BA\",\"@id\":\"https:\/\/sandzakpress.net\/arhiva\/#\/schema\/person\/image\/\",\"url\":\"https:\/\/secure.gravatar.com\/avatar\/4b7fafa80a22f0c2afe23966b3961fe0?s=96&d=mm&r=pg\",\"contentUrl\":\"https:\/\/secure.gravatar.com\/avatar\/4b7fafa80a22f0c2afe23966b3961fe0?s=96&d=mm&r=pg\",\"caption\":\"Agencija\"},\"url\":\"https:\/\/sandzakpress.net\/arhiva\/author\/agencija\/\"}]}<\/script>\n<!-- \/ Yoast SEO Premium plugin. -->","yoast_head_json":{"title":"Te\u0161ka saobra\u0107ajna nesre\u0107a kod Prijepolja: Poginula jedna osoba","robots":{"index":"index","follow":"follow","max-snippet":"max-snippet:-1","max-image-preview":"max-image-preview:large","max-video-preview":"max-video-preview:-1"},"canonical":"https:\/\/sandzakpress.net\/arhiva\/teska-saobracajna-nesreca-kod-prijepolja-poginula-jedna-osoba\/","og_locale":"bs_BA","og_type":"article","og_title":"Te\u0161ka saobra\u0107ajna nesre\u0107a kod Prijepolja: Poginula jedna osoba","og_description":"Danas oko podne, do\u0161lo je do te\u0161ke saobra\u0107ajne nesre\u0107e na putu Prijepolje \u2013 Bistrica u mjestu Stanjevine u kojoj je jedno lice izgubilo \u017eivot. Do nezgode je do\u0161lo kada se vozilo ford fiesta beogradskih registarskim oznakama \u010deono sudarilo sa teretnim vozilom podgori\u010dkih tablica. Tom prilikom, \u017eensko lice koje se nalazilo u putni\u010dkom autu i koje [&hellip;]","og_url":"https:\/\/sandzakpress.net\/arhiva\/teska-saobracajna-nesreca-kod-prijepolja-poginula-jedna-osoba\/","og_site_name":"Sand\u017eak PRESS","article_published_time":"2019-11-26T14:13:47+00:00","og_image":[{"width":1600,"height":777,"url":"https:\/\/sandzakpress.net\/arhiva\/wp-content\/uploads\/2019\/11\/1-13.jpg","type":"image\/jpeg"}],"author":"Agencija","twitter_card":"summary_large_image","twitter_misc":{"Written by":"Agencija"},"schema":{"@context":"https:\/\/schema.org","@graph":[{"@type":"Article","@id":"https:\/\/sandzakpress.net\/arhiva\/teska-saobracajna-nesreca-kod-prijepolja-poginula-jedna-osoba\/#article","isPartOf":{"@id":"https:\/\/sandzakpress.net\/arhiva\/teska-saobracajna-nesreca-kod-prijepolja-poginula-jedna-osoba\/"},"author":{"name":"Agencija","@id":"https:\/\/sandzakpress.net\/arhiva\/#\/schema\/person\/cb59d7e3ab91ab90dd680ad0305a6185"},"headline":"Te\u0161ka saobra\u0107ajna nesre\u0107a kod Prijepolja: Poginula jedna osoba","datePublished":"2019-11-26T14:13:47+00:00","mainEntityOfPage":{"@id":"https:\/\/sandzakpress.net\/arhiva\/teska-saobracajna-nesreca-kod-prijepolja-poginula-jedna-osoba\/"},"wordCount":98,"commentCount":0,"publisher":{"@id":"https:\/\/sandzakpress.net\/arhiva\/#\/schema\/person\/6e72b67d6e51910a1117b3b483ba20bd"},"image":{"@id":"https:\/\/sandzakpress.net\/arhiva\/teska-saobracajna-nesreca-kod-prijepolja-poginula-jedna-osoba\/#primaryimage"},"thumbnailUrl":"https:\/\/sandzakpress.net\/arhiva\/wp-content\/uploads\/2019\/11\/1-13.jpg","articleSection":["Prijepolje","Hronika","VA\u017dNO!"],"inLanguage":"bs-BA","potentialAction":[{"@type":"CommentAction","name":"Comment","target":["https:\/\/sandzakpress.net\/arhiva\/teska-saobracajna-nesreca-kod-prijepolja-poginula-jedna-osoba\/#respond"]}]},{"@type":"WebPage","@id":"https:\/\/sandzakpress.net\/arhiva\/teska-saobracajna-nesreca-kod-prijepolja-poginula-jedna-osoba\/","url":"https:\/\/sandzakpress.net\/arhiva\/teska-saobracajna-nesreca-kod-prijepolja-poginula-jedna-osoba\/","name":"Te\u0161ka saobra\u0107ajna nesre\u0107a kod Prijepolja: Poginula jedna osoba","isPartOf":{"@id":"https:\/\/sandzakpress.net\/arhiva\/#website"},"primaryImageOfPage":{"@id":"https:\/\/sandzakpress.net\/arhiva\/teska-saobracajna-nesreca-kod-prijepolja-poginula-jedna-osoba\/#primaryimage"},"image":{"@id":"https:\/\/sandzakpress.net\/arhiva\/teska-saobracajna-nesreca-kod-prijepolja-poginula-jedna-osoba\/#primaryimage"},"thumbnailUrl":"https:\/\/sandzakpress.net\/arhiva\/wp-content\/uploads\/2019\/11\/1-13.jpg","datePublished":"2019-11-26T14:13:47+00:00","breadcrumb":{"@id":"https:\/\/sandzakpress.net\/arhiva\/teska-saobracajna-nesreca-kod-prijepolja-poginula-jedna-osoba\/#breadcrumb"},"inLanguage":"bs-BA","potentialAction":[{"@type":"ReadAction","target":["https:\/\/sandzakpress.net\/arhiva\/teska-saobracajna-nesreca-kod-prijepolja-poginula-jedna-osoba\/"]}]},{"@type":"ImageObject","inLanguage":"bs-BA","@id":"https:\/\/sandzakpress.net\/arhiva\/teska-saobracajna-nesreca-kod-prijepolja-poginula-jedna-osoba\/#primaryimage","url":"https:\/\/sandzakpress.net\/arhiva\/wp-content\/uploads\/2019\/11\/1-13.jpg","contentUrl":"https:\/\/sandzakpress.net\/arhiva\/wp-content\/uploads\/2019\/11\/1-13.jpg","width":1600,"height":777},{"@type":"BreadcrumbList","@id":"https:\/\/sandzakpress.net\/arhiva\/teska-saobracajna-nesreca-kod-prijepolja-poginula-jedna-osoba\/#breadcrumb","itemListElement":[{"@type":"ListItem","position":1,"name":"Home","item":"https:\/\/sandzakpress.net\/arhiva\/"},{"@type":"ListItem","position":2,"name":"Te\u0161ka saobra\u0107ajna nesre\u0107a kod Prijepolja: Poginula jedna osoba"}]},{"@type":"WebSite","@id":"https:\/\/sandzakpress.net\/arhiva\/#website","url":"https:\/\/sandzakpress.net\/arhiva\/","name":"Sand\u017eak PRESS","description":"Prve elektronske novine u Sand\u017eaku","publisher":{"@id":"https:\/\/sandzakpress.net\/arhiva\/#\/schema\/person\/6e72b67d6e51910a1117b3b483ba20bd"},"potentialAction":[{"@type":"SearchAction","target":{"@type":"EntryPoint","urlTemplate":"https:\/\/sandzakpress.net\/arhiva\/?s={search_term_string}"},"query-input":{"@type":"PropertyValueSpecification","valueRequired":true,"valueName":"search_term_string"}}],"inLanguage":"bs-BA"},{"@type":["Person","Organization"],"@id":"https:\/\/sandzakpress.net\/arhiva\/#\/schema\/person\/6e72b67d6e51910a1117b3b483ba20bd","name":"Kul","image":{"@type":"ImageObject","inLanguage":"bs-BA","@id":"https:\/\/sandzakpress.net\/arhiva\/#\/schema\/person\/image\/","url":"https:\/\/secure.gravatar.com\/avatar\/42263f39aa27ac04c43cab85c280eb2e?s=96&d=mm&r=pg","contentUrl":"https:\/\/secure.gravatar.com\/avatar\/42263f39aa27ac04c43cab85c280eb2e?s=96&d=mm&r=pg","caption":"Kul"},"logo":{"@id":"https:\/\/sandzakpress.net\/arhiva\/#\/schema\/person\/image\/"}},{"@type":"Person","@id":"https:\/\/sandzakpress.net\/arhiva\/#\/schema\/person\/cb59d7e3ab91ab90dd680ad0305a6185","name":"Agencija","image":{"@type":"ImageObject","inLanguage":"bs-BA","@id":"https:\/\/sandzakpress.net\/arhiva\/#\/schema\/person\/image\/","url":"https:\/\/secure.gravatar.com\/avatar\/4b7fafa80a22f0c2afe23966b3961fe0?s=96&d=mm&r=pg","contentUrl":"https:\/\/secure.gravatar.com\/avatar\/4b7fafa80a22f0c2afe23966b3961fe0?s=96&d=mm&r=pg","caption":"Agencija"},"url":"https:\/\/sandzakpress.net\/arhiva\/author\/agencija\/"}]}},"_links":{"self":[{"href":"https:\/\/sandzakpress.net\/arhiva\/wp-json\/wp\/v2\/posts\/231065"}],"collection":[{"href":"https:\/\/sandzakpress.net\/arhiva\/wp-json\/wp\/v2\/posts"}],"about":[{"href":"https:\/\/sandzakpress.net\/arhiva\/wp-json\/wp\/v2\/types\/post"}],"author":[{"embeddable":true,"href":"https:\/\/sandzakpress.net\/arhiva\/wp-json\/wp\/v2\/users\/509"}],"replies":[{"embeddable":true,"href":"https:\/\/sandzakpress.net\/arhiva\/wp-json\/wp\/v2\/comments?post=231065"}],"version-history":[{"count":0,"href":"https:\/\/sandzakpress.net\/arhiva\/wp-json\/wp\/v2\/posts\/231065\/revisions"}],"wp:featuredmedia":[{"embeddable":true,"href":"https:\/\/sandzakpress.net\/arhiva\/wp-json\/wp\/v2\/media\/231066"}],"wp:attachment":[{"href":"https:\/\/sandzakpress.net\/arhiva\/wp-json\/wp\/v2\/media?parent=231065"}],"wp:term":[{"taxonomy":"category","embeddable":true,"href":"https:\/\/sandzakpress.net\/arhiva\/wp-json\/wp\/v2\/categories?post=231065"},{"taxonomy":"post_tag","embeddable":true,"href":"https:\/\/sandzakpress.net\/arhiva\/wp-json\/wp\/v2\/tags?post=231065"}],"curies":[{"name":"wp","href":"https:\/\/api.w.org\/{rel}","templated":true}]}}