{"id":231038,"date":"2019-11-26T13:48:47","date_gmt":"2019-11-26T12:48:47","guid":{"rendered":"https:\/\/sandzakpress.net\/arhiva\/?p=231038"},"modified":"2019-11-26T13:48:47","modified_gmt":"2019-11-26T12:48:47","slug":"predavanjem-u-medicinskoj-skoli-pocelo-16-dana-aktivizma-u-novom-pazaru","status":"publish","type":"post","link":"https:\/\/sandzakpress.net\/arhiva\/predavanjem-u-medicinskoj-skoli-pocelo-16-dana-aktivizma-u-novom-pazaru\/","title":{"rendered":"Predavanjem u Medicinskoj \u0161koli po\u010delo \u201d16 dana aktivizma\u201d u Novom Pazaru"},"content":{"rendered":"<p><img decoding=\"async\" src=\"https:\/\/i1.wp.com\/rtvnp.rs\/wp-content\/uploads\/2019\/11\/aktivizam.jpg?resize=800%2C445&amp;ssl=1\" \/><\/p>\n<p><strong>Na Me\u0111unarodni dan borbe protiv nasilja nad \u017eenama, predavanjem o ulozi zdravstvenih ustanova u borbi protiv nasilja u porodici u Medicinskoj \u0161koli \u2018\u2019Dva heroja\u2019\u2019 i u Novom Pazaru je po\u010dela kampanja \u2018\u201916 dana aktivizma u borbi protiv nasilja nad \u017eenama\u2019\u2019. Koordinator svih aktivnosti u okviru ove kampanje je gradski Savet za ravnopravnost polova i jednake mogu\u0107nosti.<\/strong><\/p>\n<p>Prepoznavanje rodno zasnovanog nasilja u zdravstvenim ustanovama, bila je tema ovog predavanja kojim je u Novom Pazaru po\u010dela kampanja 16 dana aktivizma u borbi protiv nasilja nad \u017eenama. Specijalista sudske medicine, primarijus dr Fehim Jukovi\u0107 isti\u010de da bi nadle\u017eni trebalo da porade na mehanizmima za\u0161tite, jer broj \u017eena \u017ertava nasilja se ne smanjuje.<\/p>\n<p>\u201dStatistika je neumoljiva zato \u0161to svake godine imamo novi broj slu\u010dajeva nasilja u porodici. Sve vi\u0161e se govori o nasilju, ali nikako ta crna brojka da padne. O\u010digledno treba poraditi na mehanizmima zap\u0161tite \u017eena\u201d, izjavio je primarijus dr Fehim Jukovi\u0107.<\/p>\n<p>Predavanje je organizovala Medicinska \u0161kola \u2018\u2019Dva heroja\u2019\u2019 u saradnji sa Slu\u017ebom za patologiju Op\u0161te bolnice Novi Pazar.<\/p>\n<p>\u201d\u017delja nam\u00a0 je bila da \u0111aci direktno \u010duju od lekara, kod kojih se obi\u010dno javljaju \u017eene, djeca ili bilo ko ko je do\u017eiveo neki oblik nasilja, da se deca upoznaju sa kakvim se problemima susre\u0107u svi oni koji su do\u017eiveli neki vid nasilja\u201d, rekla je direktorka Medicinske \u0161kole \u201dDva heroja\u201d \u0160erifa Preljevi\u0107.<\/p>\n<p>Predsednica gradskog Saveta za ravnopravnost polova i jednake mogu\u0107nosti, Banina Muderizovi\u0107 je najavila da u ovoj kampanji u\u010destvuju sve gradske institucije, koje \u0107e na razli\u010dite na\u010dine dati doprinos obele\u017eavanju \u201d16 dana aktivizma u borbi protiv nasilja nad \u017eenama\u201d.<\/p>\n<p>\u201dIma\u0107emo priliku da \u010dujemo \u0161ta se do sada uradilo\u00a0 po pitanjima nasilja, ljudskih prava, opakih bolesti itd. Ono \u0161to je najbitnije, sazna\u0107emo koje su to preventivne mere za suzbijanje raznih devijacija u dru\u0161tvu, na ulici, u porodici\u201d, kazala je Muderizovi\u0107.<\/p>\n<p>Me\u0111unarodni dan borbe protiv nasilja nad \u017eenama Srbija do\u010dekuje sa upozoravaju\u0107om statistikom \u2013 za deceniju je stradalo vi\u0161e od 320 \u017eena u porodi\u010dnom nasilju. Ove godine ubijeno je \u00a028 \u017eena, a vi\u0161e od 400 dece ostalo je bez jednog ili oba roditelja. Rezolucijom Ujedinjenih nacija od 1999. godine 25. novembar se obele\u017eava kao Me\u0111unarodni dan borbe protiv nasilja nad \u017eenama.<\/p>\n<p><iframe loading=\"lazy\" title=\"Me\u0111unarodni dan borbe protiv nasilja\" width=\"696\" height=\"392\" src=\"https:\/\/www.youtube.com\/embed\/8VXTD-3MDFI?feature=oembed\" frameborder=\"0\" allow=\"accelerometer; autoplay; encrypted-media; gyroscope; picture-in-picture\" allowfullscreen><\/iframe><\/p>\n","protected":false},"excerpt":{"rendered":"<p>Na Me\u0111unarodni dan borbe protiv nasilja nad \u017eenama, predavanjem o ulozi zdravstvenih ustanova u borbi protiv nasilja u porodici u Medicinskoj \u0161koli \u2018\u2019Dva heroja\u2019\u2019 i u Novom Pazaru je po\u010dela kampanja \u2018\u201916 dana aktivizma u borbi protiv nasilja nad \u017eenama\u2019\u2019. Koordinator svih aktivnosti u okviru ove kampanje je gradski Savet za ravnopravnost polova i jednake [&hellip;]<\/p>\n","protected":false},"author":509,"featured_media":231040,"comment_status":"open","ping_status":"open","sticky":false,"template":"","format":"standard","meta":{"footnotes":""},"categories":[72,5],"tags":[],"class_list":{"0":"post-231038","1":"post","2":"type-post","3":"status-publish","4":"format-standard","5":"has-post-thumbnail","7":"category-novi-pazar","8":"category-drustvo"},"yoast_head":"<!-- This site is optimized with the Yoast SEO Premium plugin v23.1 (Yoast SEO v24.9) - https:\/\/yoast.com\/wordpress\/plugins\/seo\/ -->\n<title>Predavanjem u Medicinskoj \u0161koli po\u010delo \u201d16 dana aktivizma\u201d u Novom Pazaru<\/title>\n<meta name=\"robots\" content=\"index, follow, max-snippet:-1, max-image-preview:large, max-video-preview:-1\" \/>\n<link rel=\"canonical\" href=\"https:\/\/sandzakpress.net\/arhiva\/predavanjem-u-medicinskoj-skoli-pocelo-16-dana-aktivizma-u-novom-pazaru\/\" \/>\n<meta property=\"og:locale\" content=\"bs_BA\" \/>\n<meta property=\"og:type\" content=\"article\" \/>\n<meta property=\"og:title\" content=\"Predavanjem u Medicinskoj \u0161koli po\u010delo \u201d16 dana aktivizma\u201d u Novom Pazaru\" \/>\n<meta property=\"og:description\" content=\"Na Me\u0111unarodni dan borbe protiv nasilja nad \u017eenama, predavanjem o ulozi zdravstvenih ustanova u borbi protiv nasilja u porodici u Medicinskoj \u0161koli \u2018\u2019Dva heroja\u2019\u2019 i u Novom Pazaru je po\u010dela kampanja \u2018\u201916 dana aktivizma u borbi protiv nasilja nad \u017eenama\u2019\u2019. Koordinator svih aktivnosti u okviru ove kampanje je gradski Savet za ravnopravnost polova i jednake [&hellip;]\" \/>\n<meta property=\"og:url\" content=\"https:\/\/sandzakpress.net\/arhiva\/predavanjem-u-medicinskoj-skoli-pocelo-16-dana-aktivizma-u-novom-pazaru\/\" \/>\n<meta property=\"og:site_name\" content=\"Sand\u017eak PRESS\" \/>\n<meta property=\"article:published_time\" content=\"2019-11-26T12:48:47+00:00\" \/>\n<meta property=\"og:image\" content=\"https:\/\/sandzakpress.net\/arhiva\/wp-content\/uploads\/2019\/11\/aktivizam.jpg\" \/>\n\t<meta property=\"og:image:width\" content=\"800\" \/>\n\t<meta property=\"og:image:height\" content=\"445\" \/>\n\t<meta property=\"og:image:type\" content=\"image\/jpeg\" \/>\n<meta name=\"author\" content=\"Agencija\" \/>\n<meta name=\"twitter:card\" content=\"summary_large_image\" \/>\n<meta name=\"twitter:label1\" content=\"Written by\" \/>\n\t<meta name=\"twitter:data1\" content=\"Agencija\" \/>\n\t<meta name=\"twitter:label2\" content=\"Est. reading time\" \/>\n\t<meta name=\"twitter:data2\" content=\"2 minute\" \/>\n<script type=\"application\/ld+json\" class=\"yoast-schema-graph\">{\"@context\":\"https:\/\/schema.org\",\"@graph\":[{\"@type\":\"Article\",\"@id\":\"https:\/\/sandzakpress.net\/arhiva\/predavanjem-u-medicinskoj-skoli-pocelo-16-dana-aktivizma-u-novom-pazaru\/#article\",\"isPartOf\":{\"@id\":\"https:\/\/sandzakpress.net\/arhiva\/predavanjem-u-medicinskoj-skoli-pocelo-16-dana-aktivizma-u-novom-pazaru\/\"},\"author\":{\"name\":\"Agencija\",\"@id\":\"https:\/\/sandzakpress.net\/arhiva\/#\/schema\/person\/cb59d7e3ab91ab90dd680ad0305a6185\"},\"headline\":\"Predavanjem u Medicinskoj \u0161koli po\u010delo \u201d16 dana aktivizma\u201d u Novom Pazaru\",\"datePublished\":\"2019-11-26T12:48:47+00:00\",\"mainEntityOfPage\":{\"@id\":\"https:\/\/sandzakpress.net\/arhiva\/predavanjem-u-medicinskoj-skoli-pocelo-16-dana-aktivizma-u-novom-pazaru\/\"},\"wordCount\":396,\"commentCount\":0,\"publisher\":{\"@id\":\"https:\/\/sandzakpress.net\/arhiva\/#\/schema\/person\/6e72b67d6e51910a1117b3b483ba20bd\"},\"image\":{\"@id\":\"https:\/\/sandzakpress.net\/arhiva\/predavanjem-u-medicinskoj-skoli-pocelo-16-dana-aktivizma-u-novom-pazaru\/#primaryimage\"},\"thumbnailUrl\":\"https:\/\/sandzakpress.net\/arhiva\/wp-content\/uploads\/2019\/11\/aktivizam.jpg\",\"articleSection\":[\"Novi Pazar\",\"Dru\u0161tvo\"],\"inLanguage\":\"bs-BA\",\"potentialAction\":[{\"@type\":\"CommentAction\",\"name\":\"Comment\",\"target\":[\"https:\/\/sandzakpress.net\/arhiva\/predavanjem-u-medicinskoj-skoli-pocelo-16-dana-aktivizma-u-novom-pazaru\/#respond\"]}]},{\"@type\":\"WebPage\",\"@id\":\"https:\/\/sandzakpress.net\/arhiva\/predavanjem-u-medicinskoj-skoli-pocelo-16-dana-aktivizma-u-novom-pazaru\/\",\"url\":\"https:\/\/sandzakpress.net\/arhiva\/predavanjem-u-medicinskoj-skoli-pocelo-16-dana-aktivizma-u-novom-pazaru\/\",\"name\":\"Predavanjem u Medicinskoj \u0161koli po\u010delo \u201d16 dana aktivizma\u201d u Novom Pazaru\",\"isPartOf\":{\"@id\":\"https:\/\/sandzakpress.net\/arhiva\/#website\"},\"primaryImageOfPage\":{\"@id\":\"https:\/\/sandzakpress.net\/arhiva\/predavanjem-u-medicinskoj-skoli-pocelo-16-dana-aktivizma-u-novom-pazaru\/#primaryimage\"},\"image\":{\"@id\":\"https:\/\/sandzakpress.net\/arhiva\/predavanjem-u-medicinskoj-skoli-pocelo-16-dana-aktivizma-u-novom-pazaru\/#primaryimage\"},\"thumbnailUrl\":\"https:\/\/sandzakpress.net\/arhiva\/wp-content\/uploads\/2019\/11\/aktivizam.jpg\",\"datePublished\":\"2019-11-26T12:48:47+00:00\",\"breadcrumb\":{\"@id\":\"https:\/\/sandzakpress.net\/arhiva\/predavanjem-u-medicinskoj-skoli-pocelo-16-dana-aktivizma-u-novom-pazaru\/#breadcrumb\"},\"inLanguage\":\"bs-BA\",\"potentialAction\":[{\"@type\":\"ReadAction\",\"target\":[\"https:\/\/sandzakpress.net\/arhiva\/predavanjem-u-medicinskoj-skoli-pocelo-16-dana-aktivizma-u-novom-pazaru\/\"]}]},{\"@type\":\"ImageObject\",\"inLanguage\":\"bs-BA\",\"@id\":\"https:\/\/sandzakpress.net\/arhiva\/predavanjem-u-medicinskoj-skoli-pocelo-16-dana-aktivizma-u-novom-pazaru\/#primaryimage\",\"url\":\"https:\/\/sandzakpress.net\/arhiva\/wp-content\/uploads\/2019\/11\/aktivizam.jpg\",\"contentUrl\":\"https:\/\/sandzakpress.net\/arhiva\/wp-content\/uploads\/2019\/11\/aktivizam.jpg\",\"width\":800,\"height\":445},{\"@type\":\"BreadcrumbList\",\"@id\":\"https:\/\/sandzakpress.net\/arhiva\/predavanjem-u-medicinskoj-skoli-pocelo-16-dana-aktivizma-u-novom-pazaru\/#breadcrumb\",\"itemListElement\":[{\"@type\":\"ListItem\",\"position\":1,\"name\":\"Home\",\"item\":\"https:\/\/sandzakpress.net\/arhiva\/\"},{\"@type\":\"ListItem\",\"position\":2,\"name\":\"Predavanjem u Medicinskoj \u0161koli po\u010delo \u201d16 dana aktivizma\u201d u Novom Pazaru\"}]},{\"@type\":\"WebSite\",\"@id\":\"https:\/\/sandzakpress.net\/arhiva\/#website\",\"url\":\"https:\/\/sandzakpress.net\/arhiva\/\",\"name\":\"Sand\u017eak PRESS\",\"description\":\"Prve elektronske novine u Sand\u017eaku\",\"publisher\":{\"@id\":\"https:\/\/sandzakpress.net\/arhiva\/#\/schema\/person\/6e72b67d6e51910a1117b3b483ba20bd\"},\"potentialAction\":[{\"@type\":\"SearchAction\",\"target\":{\"@type\":\"EntryPoint\",\"urlTemplate\":\"https:\/\/sandzakpress.net\/arhiva\/?s={search_term_string}\"},\"query-input\":{\"@type\":\"PropertyValueSpecification\",\"valueRequired\":true,\"valueName\":\"search_term_string\"}}],\"inLanguage\":\"bs-BA\"},{\"@type\":[\"Person\",\"Organization\"],\"@id\":\"https:\/\/sandzakpress.net\/arhiva\/#\/schema\/person\/6e72b67d6e51910a1117b3b483ba20bd\",\"name\":\"Kul\",\"image\":{\"@type\":\"ImageObject\",\"inLanguage\":\"bs-BA\",\"@id\":\"https:\/\/sandzakpress.net\/arhiva\/#\/schema\/person\/image\/\",\"url\":\"https:\/\/secure.gravatar.com\/avatar\/42263f39aa27ac04c43cab85c280eb2e?s=96&d=mm&r=pg\",\"contentUrl\":\"https:\/\/secure.gravatar.com\/avatar\/42263f39aa27ac04c43cab85c280eb2e?s=96&d=mm&r=pg\",\"caption\":\"Kul\"},\"logo\":{\"@id\":\"https:\/\/sandzakpress.net\/arhiva\/#\/schema\/person\/image\/\"}},{\"@type\":\"Person\",\"@id\":\"https:\/\/sandzakpress.net\/arhiva\/#\/schema\/person\/cb59d7e3ab91ab90dd680ad0305a6185\",\"name\":\"Agencija\",\"image\":{\"@type\":\"ImageObject\",\"inLanguage\":\"bs-BA\",\"@id\":\"https:\/\/sandzakpress.net\/arhiva\/#\/schema\/person\/image\/\",\"url\":\"https:\/\/secure.gravatar.com\/avatar\/4b7fafa80a22f0c2afe23966b3961fe0?s=96&d=mm&r=pg\",\"contentUrl\":\"https:\/\/secure.gravatar.com\/avatar\/4b7fafa80a22f0c2afe23966b3961fe0?s=96&d=mm&r=pg\",\"caption\":\"Agencija\"},\"url\":\"https:\/\/sandzakpress.net\/arhiva\/author\/agencija\/\"}]}<\/script>\n<!-- \/ Yoast SEO Premium plugin. -->","yoast_head_json":{"title":"Predavanjem u Medicinskoj \u0161koli po\u010delo \u201d16 dana aktivizma\u201d u Novom Pazaru","robots":{"index":"index","follow":"follow","max-snippet":"max-snippet:-1","max-image-preview":"max-image-preview:large","max-video-preview":"max-video-preview:-1"},"canonical":"https:\/\/sandzakpress.net\/arhiva\/predavanjem-u-medicinskoj-skoli-pocelo-16-dana-aktivizma-u-novom-pazaru\/","og_locale":"bs_BA","og_type":"article","og_title":"Predavanjem u Medicinskoj \u0161koli po\u010delo \u201d16 dana aktivizma\u201d u Novom Pazaru","og_description":"Na Me\u0111unarodni dan borbe protiv nasilja nad \u017eenama, predavanjem o ulozi zdravstvenih ustanova u borbi protiv nasilja u porodici u Medicinskoj \u0161koli \u2018\u2019Dva heroja\u2019\u2019 i u Novom Pazaru je po\u010dela kampanja \u2018\u201916 dana aktivizma u borbi protiv nasilja nad \u017eenama\u2019\u2019. Koordinator svih aktivnosti u okviru ove kampanje je gradski Savet za ravnopravnost polova i jednake [&hellip;]","og_url":"https:\/\/sandzakpress.net\/arhiva\/predavanjem-u-medicinskoj-skoli-pocelo-16-dana-aktivizma-u-novom-pazaru\/","og_site_name":"Sand\u017eak PRESS","article_published_time":"2019-11-26T12:48:47+00:00","og_image":[{"width":800,"height":445,"url":"https:\/\/sandzakpress.net\/arhiva\/wp-content\/uploads\/2019\/11\/aktivizam.jpg","type":"image\/jpeg"}],"author":"Agencija","twitter_card":"summary_large_image","twitter_misc":{"Written by":"Agencija","Est. reading time":"2 minute"},"schema":{"@context":"https:\/\/schema.org","@graph":[{"@type":"Article","@id":"https:\/\/sandzakpress.net\/arhiva\/predavanjem-u-medicinskoj-skoli-pocelo-16-dana-aktivizma-u-novom-pazaru\/#article","isPartOf":{"@id":"https:\/\/sandzakpress.net\/arhiva\/predavanjem-u-medicinskoj-skoli-pocelo-16-dana-aktivizma-u-novom-pazaru\/"},"author":{"name":"Agencija","@id":"https:\/\/sandzakpress.net\/arhiva\/#\/schema\/person\/cb59d7e3ab91ab90dd680ad0305a6185"},"headline":"Predavanjem u Medicinskoj \u0161koli po\u010delo \u201d16 dana aktivizma\u201d u Novom Pazaru","datePublished":"2019-11-26T12:48:47+00:00","mainEntityOfPage":{"@id":"https:\/\/sandzakpress.net\/arhiva\/predavanjem-u-medicinskoj-skoli-pocelo-16-dana-aktivizma-u-novom-pazaru\/"},"wordCount":396,"commentCount":0,"publisher":{"@id":"https:\/\/sandzakpress.net\/arhiva\/#\/schema\/person\/6e72b67d6e51910a1117b3b483ba20bd"},"image":{"@id":"https:\/\/sandzakpress.net\/arhiva\/predavanjem-u-medicinskoj-skoli-pocelo-16-dana-aktivizma-u-novom-pazaru\/#primaryimage"},"thumbnailUrl":"https:\/\/sandzakpress.net\/arhiva\/wp-content\/uploads\/2019\/11\/aktivizam.jpg","articleSection":["Novi Pazar","Dru\u0161tvo"],"inLanguage":"bs-BA","potentialAction":[{"@type":"CommentAction","name":"Comment","target":["https:\/\/sandzakpress.net\/arhiva\/predavanjem-u-medicinskoj-skoli-pocelo-16-dana-aktivizma-u-novom-pazaru\/#respond"]}]},{"@type":"WebPage","@id":"https:\/\/sandzakpress.net\/arhiva\/predavanjem-u-medicinskoj-skoli-pocelo-16-dana-aktivizma-u-novom-pazaru\/","url":"https:\/\/sandzakpress.net\/arhiva\/predavanjem-u-medicinskoj-skoli-pocelo-16-dana-aktivizma-u-novom-pazaru\/","name":"Predavanjem u Medicinskoj \u0161koli po\u010delo \u201d16 dana aktivizma\u201d u Novom Pazaru","isPartOf":{"@id":"https:\/\/sandzakpress.net\/arhiva\/#website"},"primaryImageOfPage":{"@id":"https:\/\/sandzakpress.net\/arhiva\/predavanjem-u-medicinskoj-skoli-pocelo-16-dana-aktivizma-u-novom-pazaru\/#primaryimage"},"image":{"@id":"https:\/\/sandzakpress.net\/arhiva\/predavanjem-u-medicinskoj-skoli-pocelo-16-dana-aktivizma-u-novom-pazaru\/#primaryimage"},"thumbnailUrl":"https:\/\/sandzakpress.net\/arhiva\/wp-content\/uploads\/2019\/11\/aktivizam.jpg","datePublished":"2019-11-26T12:48:47+00:00","breadcrumb":{"@id":"https:\/\/sandzakpress.net\/arhiva\/predavanjem-u-medicinskoj-skoli-pocelo-16-dana-aktivizma-u-novom-pazaru\/#breadcrumb"},"inLanguage":"bs-BA","potentialAction":[{"@type":"ReadAction","target":["https:\/\/sandzakpress.net\/arhiva\/predavanjem-u-medicinskoj-skoli-pocelo-16-dana-aktivizma-u-novom-pazaru\/"]}]},{"@type":"ImageObject","inLanguage":"bs-BA","@id":"https:\/\/sandzakpress.net\/arhiva\/predavanjem-u-medicinskoj-skoli-pocelo-16-dana-aktivizma-u-novom-pazaru\/#primaryimage","url":"https:\/\/sandzakpress.net\/arhiva\/wp-content\/uploads\/2019\/11\/aktivizam.jpg","contentUrl":"https:\/\/sandzakpress.net\/arhiva\/wp-content\/uploads\/2019\/11\/aktivizam.jpg","width":800,"height":445},{"@type":"BreadcrumbList","@id":"https:\/\/sandzakpress.net\/arhiva\/predavanjem-u-medicinskoj-skoli-pocelo-16-dana-aktivizma-u-novom-pazaru\/#breadcrumb","itemListElement":[{"@type":"ListItem","position":1,"name":"Home","item":"https:\/\/sandzakpress.net\/arhiva\/"},{"@type":"ListItem","position":2,"name":"Predavanjem u Medicinskoj \u0161koli po\u010delo \u201d16 dana aktivizma\u201d u Novom Pazaru"}]},{"@type":"WebSite","@id":"https:\/\/sandzakpress.net\/arhiva\/#website","url":"https:\/\/sandzakpress.net\/arhiva\/","name":"Sand\u017eak PRESS","description":"Prve elektronske novine u Sand\u017eaku","publisher":{"@id":"https:\/\/sandzakpress.net\/arhiva\/#\/schema\/person\/6e72b67d6e51910a1117b3b483ba20bd"},"potentialAction":[{"@type":"SearchAction","target":{"@type":"EntryPoint","urlTemplate":"https:\/\/sandzakpress.net\/arhiva\/?s={search_term_string}"},"query-input":{"@type":"PropertyValueSpecification","valueRequired":true,"valueName":"search_term_string"}}],"inLanguage":"bs-BA"},{"@type":["Person","Organization"],"@id":"https:\/\/sandzakpress.net\/arhiva\/#\/schema\/person\/6e72b67d6e51910a1117b3b483ba20bd","name":"Kul","image":{"@type":"ImageObject","inLanguage":"bs-BA","@id":"https:\/\/sandzakpress.net\/arhiva\/#\/schema\/person\/image\/","url":"https:\/\/secure.gravatar.com\/avatar\/42263f39aa27ac04c43cab85c280eb2e?s=96&d=mm&r=pg","contentUrl":"https:\/\/secure.gravatar.com\/avatar\/42263f39aa27ac04c43cab85c280eb2e?s=96&d=mm&r=pg","caption":"Kul"},"logo":{"@id":"https:\/\/sandzakpress.net\/arhiva\/#\/schema\/person\/image\/"}},{"@type":"Person","@id":"https:\/\/sandzakpress.net\/arhiva\/#\/schema\/person\/cb59d7e3ab91ab90dd680ad0305a6185","name":"Agencija","image":{"@type":"ImageObject","inLanguage":"bs-BA","@id":"https:\/\/sandzakpress.net\/arhiva\/#\/schema\/person\/image\/","url":"https:\/\/secure.gravatar.com\/avatar\/4b7fafa80a22f0c2afe23966b3961fe0?s=96&d=mm&r=pg","contentUrl":"https:\/\/secure.gravatar.com\/avatar\/4b7fafa80a22f0c2afe23966b3961fe0?s=96&d=mm&r=pg","caption":"Agencija"},"url":"https:\/\/sandzakpress.net\/arhiva\/author\/agencija\/"}]}},"_links":{"self":[{"href":"https:\/\/sandzakpress.net\/arhiva\/wp-json\/wp\/v2\/posts\/231038"}],"collection":[{"href":"https:\/\/sandzakpress.net\/arhiva\/wp-json\/wp\/v2\/posts"}],"about":[{"href":"https:\/\/sandzakpress.net\/arhiva\/wp-json\/wp\/v2\/types\/post"}],"author":[{"embeddable":true,"href":"https:\/\/sandzakpress.net\/arhiva\/wp-json\/wp\/v2\/users\/509"}],"replies":[{"embeddable":true,"href":"https:\/\/sandzakpress.net\/arhiva\/wp-json\/wp\/v2\/comments?post=231038"}],"version-history":[{"count":0,"href":"https:\/\/sandzakpress.net\/arhiva\/wp-json\/wp\/v2\/posts\/231038\/revisions"}],"wp:featuredmedia":[{"embeddable":true,"href":"https:\/\/sandzakpress.net\/arhiva\/wp-json\/wp\/v2\/media\/231040"}],"wp:attachment":[{"href":"https:\/\/sandzakpress.net\/arhiva\/wp-json\/wp\/v2\/media?parent=231038"}],"wp:term":[{"taxonomy":"category","embeddable":true,"href":"https:\/\/sandzakpress.net\/arhiva\/wp-json\/wp\/v2\/categories?post=231038"},{"taxonomy":"post_tag","embeddable":true,"href":"https:\/\/sandzakpress.net\/arhiva\/wp-json\/wp\/v2\/tags?post=231038"}],"curies":[{"name":"wp","href":"https:\/\/api.w.org\/{rel}","templated":true}]}}