{"id":231020,"date":"2019-11-26T10:17:59","date_gmt":"2019-11-26T09:17:59","guid":{"rendered":"https:\/\/sandzakpress.net\/arhiva\/?p=231020"},"modified":"2019-11-28T19:42:00","modified_gmt":"2019-11-28T18:42:00","slug":"gradjar-bijelog-polja-petnjice-rozaja-i-pljevalja-olaksano-prema-srbiji","status":"publish","type":"post","link":"https:\/\/sandzakpress.net\/arhiva\/gradjar-bijelog-polja-petnjice-rozaja-i-pljevalja-olaksano-prema-srbiji\/","title":{"rendered":"Gra\u0111ani Bijelog Polja, Petnjice, Ro\u017eaja i Pljevalja olak\u0161ano prema Srbiji"},"content":{"rendered":"<p><img loading=\"lazy\" decoding=\"async\" class=\"alignnone size-full wp-image-231021\" src=\"https:\/\/sandzakpress.net\/arhiva\/wp-content\/uploads\/2019\/11\/Screenshot_1-1.png\" alt=\"\" width=\"1264\" height=\"697\" srcset=\"https:\/\/sandzakpress.net\/arhiva\/wp-content\/uploads\/2019\/11\/Screenshot_1-1.png 1264w, https:\/\/sandzakpress.net\/arhiva\/wp-content\/uploads\/2019\/11\/Screenshot_1-1-768x423.png 768w, https:\/\/sandzakpress.net\/arhiva\/wp-content\/uploads\/2019\/11\/Screenshot_1-1-616x340.png 616w\" sizes=\"(max-width: 1264px) 100vw, 1264px\" \/><\/p>\n<p>PODGORICA &#8211; Na dana\u0161njem sastanku predstavnika ministarstava unutra\u0161njih poslova, carina i inspekcijskih slu\u017ebi Crne Gore i Srbije konstituisana je Mje\u0161ovita crnogorsko-srpska komisija za pra\u0107enje sprovo\u0111enja sporazuma izme\u0111u Vlade Crne Gore i Vlade Srbije o grani\u010dnim prelazima za me\u0111unarodni i pograni\u010dni saobra\u0107aj.<\/p>\n<div class=\"clearfix bannerTijelo\">\u00a0<\/div>\n<p>U crnogorske Uprave policije saop\u0161teno je da je sastanak bio prilika da se razmotri dinamika aktivnosti na implementaciji sporazuma o otvaranju grani\u010dnih prelaza Dobrakovo-Gostun, Ran\u010de-Jabuka, Dra\u010denovac-\u0160piljani, Bijelo Polje-Vrbnica, te odre\u0111ivanje lokacija budu\u0107ih zajedni\u010dkih grani\u010dnih prelaza i tehni\u010dkih parametara, u \u010cemernu (Crna Gora)\u00a0i Godovu (Srbija), izrada zajedni\u010dkog projektnog zadatka za izradu projektne dokumentacije i dinamika izgradnje zajedni\u010dkih grani\u010dnih prelaza.<\/p>\n<p>Na sastanku je razgovarano i o aktivnostima na otvaranju grani\u010dnog prelaza za pograni\u010dni saobra\u0107aj Vrbnica (Srbija), na putnom pravcu Sjenica-Bijelo Polje.<\/p>\n<p>Posebna pa\u017enja je posve\u0107ena regulisanju re\u017eima pograni\u010dnog saobra\u0107aja, kako bi se stanovni\u0161tvu nastanjenom u pograni\u010dnim podru\u010djima obje dr\u017eave olak\u0161alo kretanje i prela\u017eenje zajedni\u010dke dr\u017eavne granice.<\/p>\n<p>Prilog Sporazumu o regulisanju re\u017eima pograni\u010dnog saobra\u0107aja su i 21 prelazno mjesto za prela\u017eenje dr\u017eavne granice van slu\u017ebeno otvorenih grani\u010dnih prelaza, u skladu sa potrebama lokalnog stanovni\u0161tva u pograni\u010dnim op\u0161tinama Crne Gore-Pljevlja, Bijelo Polje, Petnjica i Ro\u017eaje i pograni\u010dnim op\u0161tinama Republike Srbije-Priboj, Pljevlja, Sjenica, Tutin i Novi Pazar.<\/p>\n<p>Gra\u0111ani Crne Gore i Srbije koji \u017eive u ovom pograni\u010dnom podru\u010dju, ima\u0107e mogu\u0107nost za prela\u017eenje dr\u017eavne granice van zvani\u010dno otvorenih grani\u010dnih prelaza u re\u017eimu pograni\u010dnog saobra\u0107aja.<\/p>\n<p>Zaklju\u010divanjem i implementacijom sporazuma o grani\u010dnim prelazima i pograni\u010dnom saobra\u0107aju, posebno uspostavljanjem zajedni\u010dkih grani\u010dnih prelaza, obezbijedi\u0107e se zajedni\u010dka grani\u010dna kontrola principom jednog zaustavljanja.<\/p>\n<p>Tako\u0111e, dogovorena je dinamika izgradnje zajedni\u010dkog grani\u010dnog prelaza \u010cemerno-Granica, u \u010cemernu (Crna Gora), na putnom pravcu Pljevlja-Priboj i izgradnja zajedni\u010dkog grani\u010dnog prelaza Vu\u010da-Godovo, u Godovu (Srbija), na putnom pravcu Ro\u017eaje-Tutin.<\/p>\n<p><em>nezavisne.com<\/em><\/p>\n","protected":false},"excerpt":{"rendered":"<p>PODGORICA &#8211; Na dana\u0161njem sastanku predstavnika ministarstava unutra\u0161njih poslova, carina i inspekcijskih slu\u017ebi Crne Gore i Srbije konstituisana je Mje\u0161ovita crnogorsko-srpska komisija za pra\u0107enje sprovo\u0111enja sporazuma izme\u0111u Vlade Crne Gore i Vlade Srbije o grani\u010dnim prelazima za me\u0111unarodni i pograni\u010dni saobra\u0107aj. \u00a0 U crnogorske Uprave policije saop\u0161teno je da je sastanak bio prilika da se [&hellip;]<\/p>\n","protected":false},"author":509,"featured_media":231021,"comment_status":"open","ping_status":"open","sticky":false,"template":"","format":"standard","meta":{"footnotes":""},"categories":[398,72,1,52,10174,327,396,392,395,393,394,8957],"tags":[],"class_list":{"0":"post-231020","1":"post","2":"type-post","3":"status-publish","4":"format-standard","5":"has-post-thumbnail","7":"category-rozaje","8":"category-novi-pazar","9":"category-politika","10":"category-sjenica","11":"category-petnjica-vase-vijesti","12":"category-tutin","13":"category-bijelo_polje","14":"category-prijepolje_","15":"category-pljevlja_","16":"category-priboj","17":"category-nova-varos","18":"category-vijesti-dana"},"yoast_head":"<!-- This site is optimized with the Yoast SEO Premium plugin v23.1 (Yoast SEO v24.9) - https:\/\/yoast.com\/wordpress\/plugins\/seo\/ -->\n<title>Gra\u0111ani Bijelog Polja, Petnjice, Ro\u017eaja i Pljevalja olak\u0161ano prema Srbiji<\/title>\n<meta name=\"robots\" content=\"index, follow, max-snippet:-1, max-image-preview:large, max-video-preview:-1\" \/>\n<link rel=\"canonical\" href=\"https:\/\/sandzakpress.net\/arhiva\/gradjar-bijelog-polja-petnjice-rozaja-i-pljevalja-olaksano-prema-srbiji\/\" \/>\n<meta property=\"og:locale\" content=\"bs_BA\" \/>\n<meta property=\"og:type\" content=\"article\" \/>\n<meta property=\"og:title\" content=\"Gra\u0111ani Bijelog Polja, Petnjice, Ro\u017eaja i Pljevalja olak\u0161ano prema Srbiji\" \/>\n<meta property=\"og:description\" content=\"PODGORICA &#8211; Na dana\u0161njem sastanku predstavnika ministarstava unutra\u0161njih poslova, carina i inspekcijskih slu\u017ebi Crne Gore i Srbije konstituisana je Mje\u0161ovita crnogorsko-srpska komisija za pra\u0107enje sprovo\u0111enja sporazuma izme\u0111u Vlade Crne Gore i Vlade Srbije o grani\u010dnim prelazima za me\u0111unarodni i pograni\u010dni saobra\u0107aj. \u00a0 U crnogorske Uprave policije saop\u0161teno je da je sastanak bio prilika da se [&hellip;]\" \/>\n<meta property=\"og:url\" content=\"https:\/\/sandzakpress.net\/arhiva\/gradjar-bijelog-polja-petnjice-rozaja-i-pljevalja-olaksano-prema-srbiji\/\" \/>\n<meta property=\"og:site_name\" content=\"Sand\u017eak PRESS\" \/>\n<meta property=\"article:published_time\" content=\"2019-11-26T09:17:59+00:00\" \/>\n<meta property=\"article:modified_time\" content=\"2019-11-28T18:42:00+00:00\" \/>\n<meta property=\"og:image\" content=\"https:\/\/sandzakpress.net\/arhiva\/wp-content\/uploads\/2019\/11\/Screenshot_1-1.png\" \/>\n\t<meta property=\"og:image:width\" content=\"1264\" \/>\n\t<meta property=\"og:image:height\" content=\"697\" \/>\n\t<meta property=\"og:image:type\" content=\"image\/png\" \/>\n<meta name=\"author\" content=\"Agencija\" \/>\n<meta name=\"twitter:card\" content=\"summary_large_image\" \/>\n<meta name=\"twitter:label1\" content=\"Written by\" \/>\n\t<meta name=\"twitter:data1\" content=\"Agencija\" \/>\n\t<meta name=\"twitter:label2\" content=\"Est. reading time\" \/>\n\t<meta name=\"twitter:data2\" content=\"2 minute\" \/>\n<script type=\"application\/ld+json\" class=\"yoast-schema-graph\">{\"@context\":\"https:\/\/schema.org\",\"@graph\":[{\"@type\":\"Article\",\"@id\":\"https:\/\/sandzakpress.net\/arhiva\/gradjar-bijelog-polja-petnjice-rozaja-i-pljevalja-olaksano-prema-srbiji\/#article\",\"isPartOf\":{\"@id\":\"https:\/\/sandzakpress.net\/arhiva\/gradjar-bijelog-polja-petnjice-rozaja-i-pljevalja-olaksano-prema-srbiji\/\"},\"author\":{\"name\":\"Agencija\",\"@id\":\"https:\/\/sandzakpress.net\/arhiva\/#\/schema\/person\/cb59d7e3ab91ab90dd680ad0305a6185\"},\"headline\":\"Gra\u0111ani Bijelog Polja, Petnjice, Ro\u017eaja i Pljevalja olak\u0161ano prema Srbiji\",\"datePublished\":\"2019-11-26T09:17:59+00:00\",\"dateModified\":\"2019-11-28T18:42:00+00:00\",\"mainEntityOfPage\":{\"@id\":\"https:\/\/sandzakpress.net\/arhiva\/gradjar-bijelog-polja-petnjice-rozaja-i-pljevalja-olaksano-prema-srbiji\/\"},\"wordCount\":368,\"commentCount\":0,\"publisher\":{\"@id\":\"https:\/\/sandzakpress.net\/arhiva\/#\/schema\/person\/6e72b67d6e51910a1117b3b483ba20bd\"},\"image\":{\"@id\":\"https:\/\/sandzakpress.net\/arhiva\/gradjar-bijelog-polja-petnjice-rozaja-i-pljevalja-olaksano-prema-srbiji\/#primaryimage\"},\"thumbnailUrl\":\"https:\/\/sandzakpress.net\/arhiva\/wp-content\/uploads\/2019\/11\/Screenshot_1-1.png\",\"articleSection\":[\"Ro\u017eaje\",\"Novi Pazar\",\"Politika\",\"Sjenica\",\"Petnjica\",\"Tutin\",\"Bijelo Polje\",\"Prijepolje\",\"Pljevlja\",\"Priboj\",\"Nova Varo\u0161\",\"VIJESTI DANA\"],\"inLanguage\":\"bs-BA\",\"potentialAction\":[{\"@type\":\"CommentAction\",\"name\":\"Comment\",\"target\":[\"https:\/\/sandzakpress.net\/arhiva\/gradjar-bijelog-polja-petnjice-rozaja-i-pljevalja-olaksano-prema-srbiji\/#respond\"]}]},{\"@type\":\"WebPage\",\"@id\":\"https:\/\/sandzakpress.net\/arhiva\/gradjar-bijelog-polja-petnjice-rozaja-i-pljevalja-olaksano-prema-srbiji\/\",\"url\":\"https:\/\/sandzakpress.net\/arhiva\/gradjar-bijelog-polja-petnjice-rozaja-i-pljevalja-olaksano-prema-srbiji\/\",\"name\":\"Gra\u0111ani Bijelog Polja, Petnjice, Ro\u017eaja i Pljevalja olak\u0161ano prema Srbiji\",\"isPartOf\":{\"@id\":\"https:\/\/sandzakpress.net\/arhiva\/#website\"},\"primaryImageOfPage\":{\"@id\":\"https:\/\/sandzakpress.net\/arhiva\/gradjar-bijelog-polja-petnjice-rozaja-i-pljevalja-olaksano-prema-srbiji\/#primaryimage\"},\"image\":{\"@id\":\"https:\/\/sandzakpress.net\/arhiva\/gradjar-bijelog-polja-petnjice-rozaja-i-pljevalja-olaksano-prema-srbiji\/#primaryimage\"},\"thumbnailUrl\":\"https:\/\/sandzakpress.net\/arhiva\/wp-content\/uploads\/2019\/11\/Screenshot_1-1.png\",\"datePublished\":\"2019-11-26T09:17:59+00:00\",\"dateModified\":\"2019-11-28T18:42:00+00:00\",\"breadcrumb\":{\"@id\":\"https:\/\/sandzakpress.net\/arhiva\/gradjar-bijelog-polja-petnjice-rozaja-i-pljevalja-olaksano-prema-srbiji\/#breadcrumb\"},\"inLanguage\":\"bs-BA\",\"potentialAction\":[{\"@type\":\"ReadAction\",\"target\":[\"https:\/\/sandzakpress.net\/arhiva\/gradjar-bijelog-polja-petnjice-rozaja-i-pljevalja-olaksano-prema-srbiji\/\"]}]},{\"@type\":\"ImageObject\",\"inLanguage\":\"bs-BA\",\"@id\":\"https:\/\/sandzakpress.net\/arhiva\/gradjar-bijelog-polja-petnjice-rozaja-i-pljevalja-olaksano-prema-srbiji\/#primaryimage\",\"url\":\"https:\/\/sandzakpress.net\/arhiva\/wp-content\/uploads\/2019\/11\/Screenshot_1-1.png\",\"contentUrl\":\"https:\/\/sandzakpress.net\/arhiva\/wp-content\/uploads\/2019\/11\/Screenshot_1-1.png\",\"width\":1264,\"height\":697},{\"@type\":\"BreadcrumbList\",\"@id\":\"https:\/\/sandzakpress.net\/arhiva\/gradjar-bijelog-polja-petnjice-rozaja-i-pljevalja-olaksano-prema-srbiji\/#breadcrumb\",\"itemListElement\":[{\"@type\":\"ListItem\",\"position\":1,\"name\":\"Home\",\"item\":\"https:\/\/sandzakpress.net\/arhiva\/\"},{\"@type\":\"ListItem\",\"position\":2,\"name\":\"Gra\u0111ani Bijelog Polja, Petnjice, Ro\u017eaja i Pljevalja olak\u0161ano prema Srbiji\"}]},{\"@type\":\"WebSite\",\"@id\":\"https:\/\/sandzakpress.net\/arhiva\/#website\",\"url\":\"https:\/\/sandzakpress.net\/arhiva\/\",\"name\":\"Sand\u017eak PRESS\",\"description\":\"Prve elektronske novine u Sand\u017eaku\",\"publisher\":{\"@id\":\"https:\/\/sandzakpress.net\/arhiva\/#\/schema\/person\/6e72b67d6e51910a1117b3b483ba20bd\"},\"potentialAction\":[{\"@type\":\"SearchAction\",\"target\":{\"@type\":\"EntryPoint\",\"urlTemplate\":\"https:\/\/sandzakpress.net\/arhiva\/?s={search_term_string}\"},\"query-input\":{\"@type\":\"PropertyValueSpecification\",\"valueRequired\":true,\"valueName\":\"search_term_string\"}}],\"inLanguage\":\"bs-BA\"},{\"@type\":[\"Person\",\"Organization\"],\"@id\":\"https:\/\/sandzakpress.net\/arhiva\/#\/schema\/person\/6e72b67d6e51910a1117b3b483ba20bd\",\"name\":\"Kul\",\"image\":{\"@type\":\"ImageObject\",\"inLanguage\":\"bs-BA\",\"@id\":\"https:\/\/sandzakpress.net\/arhiva\/#\/schema\/person\/image\/\",\"url\":\"https:\/\/secure.gravatar.com\/avatar\/42263f39aa27ac04c43cab85c280eb2e?s=96&d=mm&r=pg\",\"contentUrl\":\"https:\/\/secure.gravatar.com\/avatar\/42263f39aa27ac04c43cab85c280eb2e?s=96&d=mm&r=pg\",\"caption\":\"Kul\"},\"logo\":{\"@id\":\"https:\/\/sandzakpress.net\/arhiva\/#\/schema\/person\/image\/\"}},{\"@type\":\"Person\",\"@id\":\"https:\/\/sandzakpress.net\/arhiva\/#\/schema\/person\/cb59d7e3ab91ab90dd680ad0305a6185\",\"name\":\"Agencija\",\"image\":{\"@type\":\"ImageObject\",\"inLanguage\":\"bs-BA\",\"@id\":\"https:\/\/sandzakpress.net\/arhiva\/#\/schema\/person\/image\/\",\"url\":\"https:\/\/secure.gravatar.com\/avatar\/4b7fafa80a22f0c2afe23966b3961fe0?s=96&d=mm&r=pg\",\"contentUrl\":\"https:\/\/secure.gravatar.com\/avatar\/4b7fafa80a22f0c2afe23966b3961fe0?s=96&d=mm&r=pg\",\"caption\":\"Agencija\"},\"url\":\"https:\/\/sandzakpress.net\/arhiva\/author\/agencija\/\"}]}<\/script>\n<!-- \/ Yoast SEO Premium plugin. -->","yoast_head_json":{"title":"Gra\u0111ani Bijelog Polja, Petnjice, Ro\u017eaja i Pljevalja olak\u0161ano prema Srbiji","robots":{"index":"index","follow":"follow","max-snippet":"max-snippet:-1","max-image-preview":"max-image-preview:large","max-video-preview":"max-video-preview:-1"},"canonical":"https:\/\/sandzakpress.net\/arhiva\/gradjar-bijelog-polja-petnjice-rozaja-i-pljevalja-olaksano-prema-srbiji\/","og_locale":"bs_BA","og_type":"article","og_title":"Gra\u0111ani Bijelog Polja, Petnjice, Ro\u017eaja i Pljevalja olak\u0161ano prema Srbiji","og_description":"PODGORICA &#8211; Na dana\u0161njem sastanku predstavnika ministarstava unutra\u0161njih poslova, carina i inspekcijskih slu\u017ebi Crne Gore i Srbije konstituisana je Mje\u0161ovita crnogorsko-srpska komisija za pra\u0107enje sprovo\u0111enja sporazuma izme\u0111u Vlade Crne Gore i Vlade Srbije o grani\u010dnim prelazima za me\u0111unarodni i pograni\u010dni saobra\u0107aj. \u00a0 U crnogorske Uprave policije saop\u0161teno je da je sastanak bio prilika da se [&hellip;]","og_url":"https:\/\/sandzakpress.net\/arhiva\/gradjar-bijelog-polja-petnjice-rozaja-i-pljevalja-olaksano-prema-srbiji\/","og_site_name":"Sand\u017eak PRESS","article_published_time":"2019-11-26T09:17:59+00:00","article_modified_time":"2019-11-28T18:42:00+00:00","og_image":[{"width":1264,"height":697,"url":"https:\/\/sandzakpress.net\/arhiva\/wp-content\/uploads\/2019\/11\/Screenshot_1-1.png","type":"image\/png"}],"author":"Agencija","twitter_card":"summary_large_image","twitter_misc":{"Written by":"Agencija","Est. reading time":"2 minute"},"schema":{"@context":"https:\/\/schema.org","@graph":[{"@type":"Article","@id":"https:\/\/sandzakpress.net\/arhiva\/gradjar-bijelog-polja-petnjice-rozaja-i-pljevalja-olaksano-prema-srbiji\/#article","isPartOf":{"@id":"https:\/\/sandzakpress.net\/arhiva\/gradjar-bijelog-polja-petnjice-rozaja-i-pljevalja-olaksano-prema-srbiji\/"},"author":{"name":"Agencija","@id":"https:\/\/sandzakpress.net\/arhiva\/#\/schema\/person\/cb59d7e3ab91ab90dd680ad0305a6185"},"headline":"Gra\u0111ani Bijelog Polja, Petnjice, Ro\u017eaja i Pljevalja olak\u0161ano prema Srbiji","datePublished":"2019-11-26T09:17:59+00:00","dateModified":"2019-11-28T18:42:00+00:00","mainEntityOfPage":{"@id":"https:\/\/sandzakpress.net\/arhiva\/gradjar-bijelog-polja-petnjice-rozaja-i-pljevalja-olaksano-prema-srbiji\/"},"wordCount":368,"commentCount":0,"publisher":{"@id":"https:\/\/sandzakpress.net\/arhiva\/#\/schema\/person\/6e72b67d6e51910a1117b3b483ba20bd"},"image":{"@id":"https:\/\/sandzakpress.net\/arhiva\/gradjar-bijelog-polja-petnjice-rozaja-i-pljevalja-olaksano-prema-srbiji\/#primaryimage"},"thumbnailUrl":"https:\/\/sandzakpress.net\/arhiva\/wp-content\/uploads\/2019\/11\/Screenshot_1-1.png","articleSection":["Ro\u017eaje","Novi Pazar","Politika","Sjenica","Petnjica","Tutin","Bijelo Polje","Prijepolje","Pljevlja","Priboj","Nova Varo\u0161","VIJESTI DANA"],"inLanguage":"bs-BA","potentialAction":[{"@type":"CommentAction","name":"Comment","target":["https:\/\/sandzakpress.net\/arhiva\/gradjar-bijelog-polja-petnjice-rozaja-i-pljevalja-olaksano-prema-srbiji\/#respond"]}]},{"@type":"WebPage","@id":"https:\/\/sandzakpress.net\/arhiva\/gradjar-bijelog-polja-petnjice-rozaja-i-pljevalja-olaksano-prema-srbiji\/","url":"https:\/\/sandzakpress.net\/arhiva\/gradjar-bijelog-polja-petnjice-rozaja-i-pljevalja-olaksano-prema-srbiji\/","name":"Gra\u0111ani Bijelog Polja, Petnjice, Ro\u017eaja i Pljevalja olak\u0161ano prema Srbiji","isPartOf":{"@id":"https:\/\/sandzakpress.net\/arhiva\/#website"},"primaryImageOfPage":{"@id":"https:\/\/sandzakpress.net\/arhiva\/gradjar-bijelog-polja-petnjice-rozaja-i-pljevalja-olaksano-prema-srbiji\/#primaryimage"},"image":{"@id":"https:\/\/sandzakpress.net\/arhiva\/gradjar-bijelog-polja-petnjice-rozaja-i-pljevalja-olaksano-prema-srbiji\/#primaryimage"},"thumbnailUrl":"https:\/\/sandzakpress.net\/arhiva\/wp-content\/uploads\/2019\/11\/Screenshot_1-1.png","datePublished":"2019-11-26T09:17:59+00:00","dateModified":"2019-11-28T18:42:00+00:00","breadcrumb":{"@id":"https:\/\/sandzakpress.net\/arhiva\/gradjar-bijelog-polja-petnjice-rozaja-i-pljevalja-olaksano-prema-srbiji\/#breadcrumb"},"inLanguage":"bs-BA","potentialAction":[{"@type":"ReadAction","target":["https:\/\/sandzakpress.net\/arhiva\/gradjar-bijelog-polja-petnjice-rozaja-i-pljevalja-olaksano-prema-srbiji\/"]}]},{"@type":"ImageObject","inLanguage":"bs-BA","@id":"https:\/\/sandzakpress.net\/arhiva\/gradjar-bijelog-polja-petnjice-rozaja-i-pljevalja-olaksano-prema-srbiji\/#primaryimage","url":"https:\/\/sandzakpress.net\/arhiva\/wp-content\/uploads\/2019\/11\/Screenshot_1-1.png","contentUrl":"https:\/\/sandzakpress.net\/arhiva\/wp-content\/uploads\/2019\/11\/Screenshot_1-1.png","width":1264,"height":697},{"@type":"BreadcrumbList","@id":"https:\/\/sandzakpress.net\/arhiva\/gradjar-bijelog-polja-petnjice-rozaja-i-pljevalja-olaksano-prema-srbiji\/#breadcrumb","itemListElement":[{"@type":"ListItem","position":1,"name":"Home","item":"https:\/\/sandzakpress.net\/arhiva\/"},{"@type":"ListItem","position":2,"name":"Gra\u0111ani Bijelog Polja, Petnjice, Ro\u017eaja i Pljevalja olak\u0161ano prema Srbiji"}]},{"@type":"WebSite","@id":"https:\/\/sandzakpress.net\/arhiva\/#website","url":"https:\/\/sandzakpress.net\/arhiva\/","name":"Sand\u017eak PRESS","description":"Prve elektronske novine u Sand\u017eaku","publisher":{"@id":"https:\/\/sandzakpress.net\/arhiva\/#\/schema\/person\/6e72b67d6e51910a1117b3b483ba20bd"},"potentialAction":[{"@type":"SearchAction","target":{"@type":"EntryPoint","urlTemplate":"https:\/\/sandzakpress.net\/arhiva\/?s={search_term_string}"},"query-input":{"@type":"PropertyValueSpecification","valueRequired":true,"valueName":"search_term_string"}}],"inLanguage":"bs-BA"},{"@type":["Person","Organization"],"@id":"https:\/\/sandzakpress.net\/arhiva\/#\/schema\/person\/6e72b67d6e51910a1117b3b483ba20bd","name":"Kul","image":{"@type":"ImageObject","inLanguage":"bs-BA","@id":"https:\/\/sandzakpress.net\/arhiva\/#\/schema\/person\/image\/","url":"https:\/\/secure.gravatar.com\/avatar\/42263f39aa27ac04c43cab85c280eb2e?s=96&d=mm&r=pg","contentUrl":"https:\/\/secure.gravatar.com\/avatar\/42263f39aa27ac04c43cab85c280eb2e?s=96&d=mm&r=pg","caption":"Kul"},"logo":{"@id":"https:\/\/sandzakpress.net\/arhiva\/#\/schema\/person\/image\/"}},{"@type":"Person","@id":"https:\/\/sandzakpress.net\/arhiva\/#\/schema\/person\/cb59d7e3ab91ab90dd680ad0305a6185","name":"Agencija","image":{"@type":"ImageObject","inLanguage":"bs-BA","@id":"https:\/\/sandzakpress.net\/arhiva\/#\/schema\/person\/image\/","url":"https:\/\/secure.gravatar.com\/avatar\/4b7fafa80a22f0c2afe23966b3961fe0?s=96&d=mm&r=pg","contentUrl":"https:\/\/secure.gravatar.com\/avatar\/4b7fafa80a22f0c2afe23966b3961fe0?s=96&d=mm&r=pg","caption":"Agencija"},"url":"https:\/\/sandzakpress.net\/arhiva\/author\/agencija\/"}]}},"_links":{"self":[{"href":"https:\/\/sandzakpress.net\/arhiva\/wp-json\/wp\/v2\/posts\/231020"}],"collection":[{"href":"https:\/\/sandzakpress.net\/arhiva\/wp-json\/wp\/v2\/posts"}],"about":[{"href":"https:\/\/sandzakpress.net\/arhiva\/wp-json\/wp\/v2\/types\/post"}],"author":[{"embeddable":true,"href":"https:\/\/sandzakpress.net\/arhiva\/wp-json\/wp\/v2\/users\/509"}],"replies":[{"embeddable":true,"href":"https:\/\/sandzakpress.net\/arhiva\/wp-json\/wp\/v2\/comments?post=231020"}],"version-history":[{"count":0,"href":"https:\/\/sandzakpress.net\/arhiva\/wp-json\/wp\/v2\/posts\/231020\/revisions"}],"wp:featuredmedia":[{"embeddable":true,"href":"https:\/\/sandzakpress.net\/arhiva\/wp-json\/wp\/v2\/media\/231021"}],"wp:attachment":[{"href":"https:\/\/sandzakpress.net\/arhiva\/wp-json\/wp\/v2\/media?parent=231020"}],"wp:term":[{"taxonomy":"category","embeddable":true,"href":"https:\/\/sandzakpress.net\/arhiva\/wp-json\/wp\/v2\/categories?post=231020"},{"taxonomy":"post_tag","embeddable":true,"href":"https:\/\/sandzakpress.net\/arhiva\/wp-json\/wp\/v2\/tags?post=231020"}],"curies":[{"name":"wp","href":"https:\/\/api.w.org\/{rel}","templated":true}]}}