{"id":230973,"date":"2019-11-25T15:28:26","date_gmt":"2019-11-25T14:28:26","guid":{"rendered":"https:\/\/sandzakpress.net\/arhiva\/?p=230973"},"modified":"2019-11-25T15:28:26","modified_gmt":"2019-11-25T14:28:26","slug":"cuvar-svega-sto-je-bilo-lepo-u-pazarskom-fudbalu","status":"publish","type":"post","link":"https:\/\/sandzakpress.net\/arhiva\/cuvar-svega-sto-je-bilo-lepo-u-pazarskom-fudbalu\/","title":{"rendered":"\u010cuvar svega \u0161to je bilo lepo u pazarskom fudbalu"},"content":{"rendered":"<div class=\"page-wrapper\">\n<div class=\"container\">\n<div class=\"columns\">\n<div class=\"column is-8\">\n<article id=\"post-1045422\" class=\"class=\">\n<div class=\"post-share\"><img loading=\"lazy\" decoding=\"async\" class=\"attachment-post-single size-post-single wp-post-image\" title=\"\u010cuvar svega \u0161to je bilo lepo u pazarskom fudbalu 1\" src=\"https:\/\/www.danas.rs\/wp-content\/uploads\/2019\/11\/Acif-Klimenta-Belo-istorija-fudbala-u-Pazaru-678x381.jpg?x65859\" sizes=\"(max-width: 678px) 100vw, 678px\" srcset=\"https:\/\/www.danas.rs\/wp-content\/uploads\/2019\/11\/Acif-Klimenta-Belo-istorija-fudbala-u-Pazaru-678x381.jpg 678w, https:\/\/www.danas.rs\/wp-content\/uploads\/2019\/11\/Acif-Klimenta-Belo-istorija-fudbala-u-Pazaru-300x169.jpg 300w, https:\/\/www.danas.rs\/wp-content\/uploads\/2019\/11\/Acif-Klimenta-Belo-istorija-fudbala-u-Pazaru-768x432.jpg 768w, https:\/\/www.danas.rs\/wp-content\/uploads\/2019\/11\/Acif-Klimenta-Belo-istorija-fudbala-u-Pazaru-200x112.jpg 200w, https:\/\/www.danas.rs\/wp-content\/uploads\/2019\/11\/Acif-Klimenta-Belo-istorija-fudbala-u-Pazaru-160x90.jpg 160w, https:\/\/www.danas.rs\/wp-content\/uploads\/2019\/11\/Acif-Klimenta-Belo-istorija-fudbala-u-Pazaru.jpg 1000w\" alt=\"\u010cuvar svega \u0161to je bilo lepo u pazarskom fudbalu 1\" width=\"678\" height=\"381\" \/><\/div>\n<div class=\"post-content content\">\n<div class=\"post-featured-image\">\u00a0<\/div>\n<p><strong>Re\u010d legenda od preterane, \u010desto i nepotrebne upotrebe, prili\u010dno se izlizala, pa je na pomen njegovog imena najbolje kazati \u2013 Belo je \u017eiva istorija novopazarskog fudbala. Kao ro\u0111eni Tutinac u prvi tim Jedinstva u\u0161ao je sa 15 godina, 1959. godine. Upisom u U\u010diteljsku \u0161kolu u Novom Pazaru karijeru nastavlja u klubu TK Ra\u0161ka, da bi 1962. godine stigao u Novi Pazar, u kojem ostaje do 2010. godine. Kao igra\u010d plavi dres je nosio 14 godina, deset je radio kao trener, a 24 godine provodi na mestu generalnog sekretara. Za skoro pola veka u jednom klubu stalo je mnogo lepih, manje lepih, pa i ru\u017enih stvari.<\/strong><\/p>\n<p><strong>Te 1962. godine kao golobradi de\u010dak bili ste najmla\u0111i u prvom timu Novog Pazara?<\/strong><\/p>\n<p>\u2013 I to kakvom. Sve majstor do majstora, Zvonko Miti\u0107, Abdulah Abdulahi, Cufo Ikovi\u0107, Mileta Petrovi\u0107, da ne re\u0111am vi\u0161e, na \u010delu sa neponovljivim trenerom Nazimom \u010carovcem \u0160apcom. Mnogo je vremena pro\u0161lo, ne se\u0107am se debija, znam samo da u toj generaciji od Miti\u0107a boljeg igra\u010da nije bilo.<\/p>\n<p><strong>Po tada\u0161njim podelama pozicija svi vas pamte kao centarhalfa ili poslednjeg igra\u010da odbrane?<\/strong><\/p>\n<p>\u2013 Po\u010deo sam kao desni bek, nasledio sam Veselina Simi\u0107a, dugogodi\u0161njem dopisnika Sporta iz Novog Pazara. Tek krajem 60 \u2013 ih s prestankom karijere Cufa Ikovi\u0107 prelazim na mesto poslednjeg igra\u010da odbrane.<\/p>\n<p><strong>Bilo je to vreme velikih utakmica i \u010duvenih kvalifikacija?<\/strong><\/p>\n<p>\u2013 Godine ne pamtim dobro, mislim da smo 1964. u bara\u017eu za Srpsku ligu pobedili Ma\u010dvu 3:0, u revan\u0161u u \u0160apcu izgubili smo 4:0. Svega je bilo na toj utakmici koju je sudio \u010duveni prvoliga\u0161ki sudija Baji\u0107. Davno je bilo, pa da ne diram u rane. Slede\u0107e ili ve\u0107 koje godine opet smo stigli do poslednje stepenice kvalifikacija. FAP je pao u Pazaru (3:2), pobedili smo i u gostima (2:1). Tada u gradu nije bilo mnogo vozila, ali ne preterujem kad ka\u017eem da su svi automobili i kamioni tog dana oti\u0161li na revan\u0161 u Priboj.<\/p>\n<p><strong>Bili ste i jedan od kapitena tima s najdu\u017eim sta\u017eom u istoriji kluba?<\/strong><\/p>\n<p>\u2013 Ne mogu sa precizno\u0161\u0107u re\u0107i, negde od 1968 \u2013 1976.<\/p>\n<p><strong>Prve utakmice za Novi Pazar se ne se\u0107ate, a poslednje?<\/strong><\/p>\n<p>\u2013 Izgubili smo 2:0 u Jagodini. Te 1976. godine bio sam trener i igra\u010d, ekipu sam preuzeo od LJubi\u0161e Sekuli\u0107a u toku prvenstva. Do dolaska LJubomira Spasi\u0107a ostajem prvi trener, potom radim kao pomo\u0107nik stru\u010dnjacima koji pi\u0161u najlep\u0161u istoriju kluba, Pozderu, Kali\u010daninu, Radonji\u0107u, Ostoji\u0107u, Ra\u0161evi\u0107u i \u010colakovi\u0107u\u2026<\/p>\n<p><strong>U jednom trenutku na kratko ponovo ste se vratili na mesto prvog trenera. Bilo je to 1984. godine?<\/strong><\/p>\n<p>\u2013 Sa Novim Pazarom sam postao amaterski \u0161ampion Jugoslavije. Radonji\u0107 je oti\u0161ao, a \u010colakovi\u0107 jo\u0161 nije stigao za trenera, pa sam ekipu na turniru republi\u010dkih i pokrajinskih prvaka u Prizrenu vodio do prvog mesta u konkurenciji Lirije, Bregalnice i OFK Titograda. U finalu smo pobedili Crvenku, najbolji tim one druge polovine drugoliga\u0161ke Jugoslavije, bilo je 1:0 (strelac Esad Kari\u0161ik iz penala) na Gradskom stadionu.<\/p>\n<p><strong>Mnogi su mi\u0161ljena da je taj tim sa \u017dupi\u0107em, Ugljaninom, Gusincem, Glav\u010di\u0107em i ostalima najbolji u fudbalskoj istoriji Pazara?<\/strong><\/p>\n<p>\u2013 Svako vreme ima najbolje i nemogu\u0107e je praviti pore\u0111enja. To je bila sjajna generacija, ja sam ih po\u0161tovao, oni su po\u0161tovali mene. Bio sam strog, valjda su me zato i prozvali nema\u010dki oficir. Malo kasnije (1988\/89) igrali smo i Jedinstvenu drugu ligu velike Jugoslavije, za mene je to i danas najve\u0107i uspeh kluba od postojanja.<\/p>\n<p><strong>Ve\u0107 ste pomenuli Zorana \u010colakovi\u0107a. Nema ko ne\u0107e re\u0107i najboljeg trenera kojeg je Novi Pazar ikada imao?<\/strong><\/p>\n<p>\u2013 Veliki smo prijatelji, redovno se \u010dujemo iako mu je zdravlje naru\u0161eno. Bio je veliki igra\u010d slavne generacije ni\u0161kog Radni\u010dkog, kao trener s Teteksom je u\u0161ao u Prvu ligu Jugoslavije. Takav majstor za motivaciju ne\u0107e se roditi. Osim njega ne znam nikoga ko je mogao u 365 dana da izvede 365 razli\u010ditih treninga. Strog, valjda nas je ta osobina i zbli\u017eila, veli\u010dinu je pokazivao na svakom koraku, pa i u odsustvu svake vrste sujete. Nikada nije sastavio tim, a da me ne pita za mi\u0161ljenje. I danas mi odzvanjaju njegove re\u010d: ,,Bekane, tako me je zvao, \u0161ta ti misli\u0161\u201c?<\/p>\n<p><strong>Za 24 godine na funkciji generalnog sekretara promenili ste mnogo Upravnih odbora?<\/strong><\/p>\n<p>\u2013 U vreme Amira Be\u0161irovi\u0107a, fudbalskog \u010doveka na mestu predsednika kluba, nije mogao svako da u\u0111e u tu ekipu. Bio je to trust mozgova, sve generalni i finansijski direktori najja\u010dih preduze\u0107a u Pazaru. Zadr\u017eao sam se na istom mestu i kad je stigao vi\u0161epartijski sistem, odr\u017eao me je kvalitet rada i po\u0161tenja, kod obe politi\u010dke opcije. Vremenom je ljudski i radni kvalitet postajao sve manje bitan, po\u010delo je da se kadrira na osnovu pripadnosti politi\u010dkoj grupaciji.<\/p>\n<p><strong>\u010clan ste Skup\u0161tine FK Novi Pazar, ali niste redovni kad su dolasci u pitanju?<\/strong><\/p>\n<p>\u2013 Verifikovani sam delegat. Dobio sam jedanput poziv za Skup\u0161tinu i odazvao se. Oti\u0161ao sam razo\u010daran, mnogo je tu bilo prazne pri\u010de, Za ostale da su odr\u017eane i ne znam. Novi Pazar se prepoznavao po fudbalu u biv\u0161oj velikoj zemlji, a onih ljudi koji su stvarali i stvorili takav imid\u017e nigde vi\u0161e nema. Novi Pazar nema nikakav odnos prema svojim veteranima. To je velika gre\u0161ka. Mnogi odavno zbog toga i ne dolaze na utakmice.<\/p>\n<p><strong>Niste do\u010dekali da kao generalni sekretar budete sa klubom u Super ligi?<\/strong><\/p>\n<p>\u2013 Na polusezoni uo\u010di ulaska u Super ligu poslali su me u penziju. Nije moralo tako da bude. \u017dao mi je, mnogo mi je \u017eao.<\/p>\n<p><strong>Kada ste poslednji put prisustvovali utakmici Novog Pazara?<\/strong><\/p>\n<p>\u2013 Rekoh da ne pamtim godine, mo\u017eda pre tri ili \u010detiri, Rad nam je bio protivnik. Do\u0161ao sam u lo\u017eu i seo. Tada mi prilazi \u010dovek, \u010dije ime ne\u0107u re\u0107i, i ka\u017ee: ,,Ti ovde ne mo\u017ee\u0161 da sedi\u0161\u201c. Pokupim se i odem na tribine, ne veruju\u0107i da mi se tako ne\u0161to dogodilo. Za 50 godina odanog rada u pazarskom fudbalu zaslu\u017eio sam stolicu u lo\u017ei na kojoj \u0107e pisati \u2013 Belo, ali\u2026<\/p>\n<p><strong>Klub vam se na neki na\u010din ipak odu\u017eio?<\/strong><\/p>\n<p>\u2013 Setili su me se za 90 godina postojanja Novog Pazara. Mo\u017eda su shvatili da su bili nekorektni, da su se ogre\u0161ili, \u0161ta god da je, hvala im\u2026 ispravili su nepravdu dodeljivanjem zlatne plakete za doprinos razvoju fudbalske igre.<\/p>\n<p><strong>Na utakmice ne idete, da li to zna\u010di i da ne pratite putem medija doga\u0111anja vezana za Novi Pazar?<\/strong><\/p>\n<p>\u2013 Sve pratim. Razumem da je trend u svetu da se bez igra\u010da sa strane ne mo\u017ee, ali ne mogu da shvatim da nama treba 17 igra\u010da sa strane i tek po koji iz Pazara. Postoji pet, \u0161est \u0161kola fudbala, a vi\u0161e igra\u010da su nekada izbacivale ulice i sokaci. Uslovi su fenomenalni, a ne\u0161to fali, kvalitet treninga, stru\u010dni kadar, ne znam\u2026<\/p>\n<p><strong>\u201eRatna siro\u010dad\u201c stigla ku\u0107i<\/strong><\/p>\n<p>\u2013 U Smederevu smo jedne godine igrali utakmicu u kojoj je samo pobednik ostajao u Srpskoj ligi. Pobedili smo golovima Milete Petrovi\u0107a 2:1 i ostali u ligi, me\u0111utim na povratku kod LJiga dogodi se kvar na autobusu. Retke su u to vreme bile linije koje voze do Novog Pazara, na sred puta svako je stopirao s ciljem da se opet svi okupimo na autobuskoj stanici u Kraljevu. Ja i pokojni LJutvo \u0110erlek se domognemo nekog TAM-ovog kamiona. Bili smo u nekim maji\u010dicama, vetar je toliko duvao da smo u Kraljevo stigli skoro preparirani. Sna\u0161li su se i ostali, posle dugog \u010dekanja do\u0111e na peron autobus Ivangrad prevoza. Nazim \u010carovac \u2013 \u0160apac, veliki trener i jo\u0161 ve\u0107i \u010dovek, pri\u0111e \u0161oferu i objasni mu \u0161ta nam se dogodilo, pa jo\u0161 i doda \u0161lag na pri\u010du, i to toliko uverljivo, da ne mo\u017ee\u0161 da mu ne veruje\u0161: ,,Svi fudbaleri su ratna siro\u010dad, bez igde ikoga i bez prebijene pare, uzmi nas za boga miloga! Fin \u010dovek be\u0161e taj \u0161ofer, jo\u0161 uvek pamtim njegov osmeh i jednu jedinu izgovorenu re\u010d: ,,Upadajte\u201c.<\/p>\n<p><strong>Fudbal i porodica<\/strong><\/p>\n<p>Fudbal je bio va\u017ean deo mog \u017eivota \u2013 ka\u017ee Belo, ali ni\u0161ta ne bi bilo bez razumevanja porodice. Preko \u010dega je sve morala da pre\u0111e moja supruga Senija, vodila je brigu o meni, vaspitavala decu. U stvari, decu smo vaspitavali zajedno, svi su postali divni i uspe\u0161ni ljudi. Ponosni smo na \u0107erku Almu, sinove Amera i Emira, snajke Ajlu i Sandru, dve unuke Mirelu i Melisu i dva unuka Omara i Daria \u2013 dok izgovara imena najmilijih svetlucaju Belove o\u010di.<\/p>\n<blockquote>\n<p><strong>Abdulah \u2013 Duce Gegi\u0107 za Bela<\/strong><\/p>\n<p>Belo je bio rado vi\u0111en u fudbalskim organima Srbije, dobitnik je i brojnih priznanja u Novom Pazaru: \u201ePonosan sam na plaketu za \u017eivotno delo Abdulah \u2013 Duce Gegi\u0107, koju mi je dodelio Sportski savez grada. Jedno vreme vr\u0161io sam funkciju potpredsednika Udru\u017eenja klubova Druge lige \u2013 Istok, bio sam \u010dlan Skup\u0161tine FSS, cenjen i rado vi\u0111en u fudbalskim krugovima Srbije i Beograda. Jedno od dra\u017eih priznanja dobio sam 1975. godine, progla\u0161enjem za najboljeg fudbalera Novog Pazara\u201c, ka\u017ee.<\/p>\n<\/blockquote>\n<\/div>\n<\/article>\n<\/div>\n<\/div>\n<\/div>\n<\/div>\n","protected":false},"excerpt":{"rendered":"<p>\u00a0 Re\u010d legenda od preterane, \u010desto i nepotrebne upotrebe, prili\u010dno se izlizala, pa je na pomen njegovog imena najbolje kazati \u2013 Belo je \u017eiva istorija novopazarskog fudbala. Kao ro\u0111eni Tutinac u prvi tim Jedinstva u\u0161ao je sa 15 godina, 1959. godine. Upisom u U\u010diteljsku \u0161kolu u Novom Pazaru karijeru nastavlja u klubu TK Ra\u0161ka, da [&hellip;]<\/p>\n","protected":false},"author":509,"featured_media":230975,"comment_status":"open","ping_status":"open","sticky":false,"template":"","format":"standard","meta":{"footnotes":""},"categories":[72,13],"tags":[],"class_list":{"0":"post-230973","1":"post","2":"type-post","3":"status-publish","4":"format-standard","5":"has-post-thumbnail","7":"category-novi-pazar","8":"category-sport"},"yoast_head":"<!-- This site is optimized with the Yoast SEO Premium plugin v23.1 (Yoast SEO v24.9) - https:\/\/yoast.com\/wordpress\/plugins\/seo\/ -->\n<title>\u010cuvar svega \u0161to je bilo lepo u pazarskom fudbalu<\/title>\n<meta name=\"robots\" content=\"index, follow, max-snippet:-1, max-image-preview:large, max-video-preview:-1\" \/>\n<link rel=\"canonical\" href=\"https:\/\/sandzakpress.net\/arhiva\/cuvar-svega-sto-je-bilo-lepo-u-pazarskom-fudbalu\/\" \/>\n<meta property=\"og:locale\" content=\"bs_BA\" \/>\n<meta property=\"og:type\" content=\"article\" \/>\n<meta property=\"og:title\" content=\"\u010cuvar svega \u0161to je bilo lepo u pazarskom fudbalu\" \/>\n<meta property=\"og:description\" content=\"\u00a0 Re\u010d legenda od preterane, \u010desto i nepotrebne upotrebe, prili\u010dno se izlizala, pa je na pomen njegovog imena najbolje kazati \u2013 Belo je \u017eiva istorija novopazarskog fudbala. Kao ro\u0111eni Tutinac u prvi tim Jedinstva u\u0161ao je sa 15 godina, 1959. godine. Upisom u U\u010diteljsku \u0161kolu u Novom Pazaru karijeru nastavlja u klubu TK Ra\u0161ka, da [&hellip;]\" \/>\n<meta property=\"og:url\" content=\"https:\/\/sandzakpress.net\/arhiva\/cuvar-svega-sto-je-bilo-lepo-u-pazarskom-fudbalu\/\" \/>\n<meta property=\"og:site_name\" content=\"Sand\u017eak PRESS\" \/>\n<meta property=\"article:published_time\" content=\"2019-11-25T14:28:26+00:00\" \/>\n<meta property=\"og:image\" content=\"https:\/\/sandzakpress.net\/arhiva\/wp-content\/uploads\/2019\/11\/Acif-Klimenta-Belo-istorija-fudbala-u-Pazaru-678x381.jpg\" \/>\n\t<meta property=\"og:image:width\" content=\"678\" \/>\n\t<meta property=\"og:image:height\" content=\"381\" \/>\n\t<meta property=\"og:image:type\" content=\"image\/jpeg\" \/>\n<meta name=\"author\" content=\"Agencija\" \/>\n<meta name=\"twitter:card\" content=\"summary_large_image\" \/>\n<meta name=\"twitter:label1\" content=\"Written by\" \/>\n\t<meta name=\"twitter:data1\" content=\"Agencija\" \/>\n\t<meta name=\"twitter:label2\" content=\"Est. reading time\" \/>\n\t<meta name=\"twitter:data2\" content=\"8 minuta\" \/>\n<script type=\"application\/ld+json\" class=\"yoast-schema-graph\">{\"@context\":\"https:\/\/schema.org\",\"@graph\":[{\"@type\":\"Article\",\"@id\":\"https:\/\/sandzakpress.net\/arhiva\/cuvar-svega-sto-je-bilo-lepo-u-pazarskom-fudbalu\/#article\",\"isPartOf\":{\"@id\":\"https:\/\/sandzakpress.net\/arhiva\/cuvar-svega-sto-je-bilo-lepo-u-pazarskom-fudbalu\/\"},\"author\":{\"name\":\"Agencija\",\"@id\":\"https:\/\/sandzakpress.net\/arhiva\/#\/schema\/person\/cb59d7e3ab91ab90dd680ad0305a6185\"},\"headline\":\"\u010cuvar svega \u0161to je bilo lepo u pazarskom fudbalu\",\"datePublished\":\"2019-11-25T14:28:26+00:00\",\"mainEntityOfPage\":{\"@id\":\"https:\/\/sandzakpress.net\/arhiva\/cuvar-svega-sto-je-bilo-lepo-u-pazarskom-fudbalu\/\"},\"wordCount\":1538,\"commentCount\":0,\"publisher\":{\"@id\":\"https:\/\/sandzakpress.net\/arhiva\/#\/schema\/person\/6e72b67d6e51910a1117b3b483ba20bd\"},\"image\":{\"@id\":\"https:\/\/sandzakpress.net\/arhiva\/cuvar-svega-sto-je-bilo-lepo-u-pazarskom-fudbalu\/#primaryimage\"},\"thumbnailUrl\":\"https:\/\/sandzakpress.net\/arhiva\/wp-content\/uploads\/2019\/11\/Acif-Klimenta-Belo-istorija-fudbala-u-Pazaru-678x381.jpg\",\"articleSection\":[\"Novi Pazar\",\"Sport\"],\"inLanguage\":\"bs-BA\",\"potentialAction\":[{\"@type\":\"CommentAction\",\"name\":\"Comment\",\"target\":[\"https:\/\/sandzakpress.net\/arhiva\/cuvar-svega-sto-je-bilo-lepo-u-pazarskom-fudbalu\/#respond\"]}]},{\"@type\":\"WebPage\",\"@id\":\"https:\/\/sandzakpress.net\/arhiva\/cuvar-svega-sto-je-bilo-lepo-u-pazarskom-fudbalu\/\",\"url\":\"https:\/\/sandzakpress.net\/arhiva\/cuvar-svega-sto-je-bilo-lepo-u-pazarskom-fudbalu\/\",\"name\":\"\u010cuvar svega \u0161to je bilo lepo u pazarskom fudbalu\",\"isPartOf\":{\"@id\":\"https:\/\/sandzakpress.net\/arhiva\/#website\"},\"primaryImageOfPage\":{\"@id\":\"https:\/\/sandzakpress.net\/arhiva\/cuvar-svega-sto-je-bilo-lepo-u-pazarskom-fudbalu\/#primaryimage\"},\"image\":{\"@id\":\"https:\/\/sandzakpress.net\/arhiva\/cuvar-svega-sto-je-bilo-lepo-u-pazarskom-fudbalu\/#primaryimage\"},\"thumbnailUrl\":\"https:\/\/sandzakpress.net\/arhiva\/wp-content\/uploads\/2019\/11\/Acif-Klimenta-Belo-istorija-fudbala-u-Pazaru-678x381.jpg\",\"datePublished\":\"2019-11-25T14:28:26+00:00\",\"breadcrumb\":{\"@id\":\"https:\/\/sandzakpress.net\/arhiva\/cuvar-svega-sto-je-bilo-lepo-u-pazarskom-fudbalu\/#breadcrumb\"},\"inLanguage\":\"bs-BA\",\"potentialAction\":[{\"@type\":\"ReadAction\",\"target\":[\"https:\/\/sandzakpress.net\/arhiva\/cuvar-svega-sto-je-bilo-lepo-u-pazarskom-fudbalu\/\"]}]},{\"@type\":\"ImageObject\",\"inLanguage\":\"bs-BA\",\"@id\":\"https:\/\/sandzakpress.net\/arhiva\/cuvar-svega-sto-je-bilo-lepo-u-pazarskom-fudbalu\/#primaryimage\",\"url\":\"https:\/\/sandzakpress.net\/arhiva\/wp-content\/uploads\/2019\/11\/Acif-Klimenta-Belo-istorija-fudbala-u-Pazaru-678x381.jpg\",\"contentUrl\":\"https:\/\/sandzakpress.net\/arhiva\/wp-content\/uploads\/2019\/11\/Acif-Klimenta-Belo-istorija-fudbala-u-Pazaru-678x381.jpg\",\"width\":678,\"height\":381},{\"@type\":\"BreadcrumbList\",\"@id\":\"https:\/\/sandzakpress.net\/arhiva\/cuvar-svega-sto-je-bilo-lepo-u-pazarskom-fudbalu\/#breadcrumb\",\"itemListElement\":[{\"@type\":\"ListItem\",\"position\":1,\"name\":\"Home\",\"item\":\"https:\/\/sandzakpress.net\/arhiva\/\"},{\"@type\":\"ListItem\",\"position\":2,\"name\":\"\u010cuvar svega \u0161to je bilo lepo u pazarskom fudbalu\"}]},{\"@type\":\"WebSite\",\"@id\":\"https:\/\/sandzakpress.net\/arhiva\/#website\",\"url\":\"https:\/\/sandzakpress.net\/arhiva\/\",\"name\":\"Sand\u017eak PRESS\",\"description\":\"Prve elektronske novine u Sand\u017eaku\",\"publisher\":{\"@id\":\"https:\/\/sandzakpress.net\/arhiva\/#\/schema\/person\/6e72b67d6e51910a1117b3b483ba20bd\"},\"potentialAction\":[{\"@type\":\"SearchAction\",\"target\":{\"@type\":\"EntryPoint\",\"urlTemplate\":\"https:\/\/sandzakpress.net\/arhiva\/?s={search_term_string}\"},\"query-input\":{\"@type\":\"PropertyValueSpecification\",\"valueRequired\":true,\"valueName\":\"search_term_string\"}}],\"inLanguage\":\"bs-BA\"},{\"@type\":[\"Person\",\"Organization\"],\"@id\":\"https:\/\/sandzakpress.net\/arhiva\/#\/schema\/person\/6e72b67d6e51910a1117b3b483ba20bd\",\"name\":\"Kul\",\"image\":{\"@type\":\"ImageObject\",\"inLanguage\":\"bs-BA\",\"@id\":\"https:\/\/sandzakpress.net\/arhiva\/#\/schema\/person\/image\/\",\"url\":\"https:\/\/secure.gravatar.com\/avatar\/42263f39aa27ac04c43cab85c280eb2e?s=96&d=mm&r=pg\",\"contentUrl\":\"https:\/\/secure.gravatar.com\/avatar\/42263f39aa27ac04c43cab85c280eb2e?s=96&d=mm&r=pg\",\"caption\":\"Kul\"},\"logo\":{\"@id\":\"https:\/\/sandzakpress.net\/arhiva\/#\/schema\/person\/image\/\"}},{\"@type\":\"Person\",\"@id\":\"https:\/\/sandzakpress.net\/arhiva\/#\/schema\/person\/cb59d7e3ab91ab90dd680ad0305a6185\",\"name\":\"Agencija\",\"image\":{\"@type\":\"ImageObject\",\"inLanguage\":\"bs-BA\",\"@id\":\"https:\/\/sandzakpress.net\/arhiva\/#\/schema\/person\/image\/\",\"url\":\"https:\/\/secure.gravatar.com\/avatar\/4b7fafa80a22f0c2afe23966b3961fe0?s=96&d=mm&r=pg\",\"contentUrl\":\"https:\/\/secure.gravatar.com\/avatar\/4b7fafa80a22f0c2afe23966b3961fe0?s=96&d=mm&r=pg\",\"caption\":\"Agencija\"},\"url\":\"https:\/\/sandzakpress.net\/arhiva\/author\/agencija\/\"}]}<\/script>\n<!-- \/ Yoast SEO Premium plugin. -->","yoast_head_json":{"title":"\u010cuvar svega \u0161to je bilo lepo u pazarskom fudbalu","robots":{"index":"index","follow":"follow","max-snippet":"max-snippet:-1","max-image-preview":"max-image-preview:large","max-video-preview":"max-video-preview:-1"},"canonical":"https:\/\/sandzakpress.net\/arhiva\/cuvar-svega-sto-je-bilo-lepo-u-pazarskom-fudbalu\/","og_locale":"bs_BA","og_type":"article","og_title":"\u010cuvar svega \u0161to je bilo lepo u pazarskom fudbalu","og_description":"\u00a0 Re\u010d legenda od preterane, \u010desto i nepotrebne upotrebe, prili\u010dno se izlizala, pa je na pomen njegovog imena najbolje kazati \u2013 Belo je \u017eiva istorija novopazarskog fudbala. Kao ro\u0111eni Tutinac u prvi tim Jedinstva u\u0161ao je sa 15 godina, 1959. godine. Upisom u U\u010diteljsku \u0161kolu u Novom Pazaru karijeru nastavlja u klubu TK Ra\u0161ka, da [&hellip;]","og_url":"https:\/\/sandzakpress.net\/arhiva\/cuvar-svega-sto-je-bilo-lepo-u-pazarskom-fudbalu\/","og_site_name":"Sand\u017eak PRESS","article_published_time":"2019-11-25T14:28:26+00:00","og_image":[{"width":678,"height":381,"url":"https:\/\/sandzakpress.net\/arhiva\/wp-content\/uploads\/2019\/11\/Acif-Klimenta-Belo-istorija-fudbala-u-Pazaru-678x381.jpg","type":"image\/jpeg"}],"author":"Agencija","twitter_card":"summary_large_image","twitter_misc":{"Written by":"Agencija","Est. reading time":"8 minuta"},"schema":{"@context":"https:\/\/schema.org","@graph":[{"@type":"Article","@id":"https:\/\/sandzakpress.net\/arhiva\/cuvar-svega-sto-je-bilo-lepo-u-pazarskom-fudbalu\/#article","isPartOf":{"@id":"https:\/\/sandzakpress.net\/arhiva\/cuvar-svega-sto-je-bilo-lepo-u-pazarskom-fudbalu\/"},"author":{"name":"Agencija","@id":"https:\/\/sandzakpress.net\/arhiva\/#\/schema\/person\/cb59d7e3ab91ab90dd680ad0305a6185"},"headline":"\u010cuvar svega \u0161to je bilo lepo u pazarskom fudbalu","datePublished":"2019-11-25T14:28:26+00:00","mainEntityOfPage":{"@id":"https:\/\/sandzakpress.net\/arhiva\/cuvar-svega-sto-je-bilo-lepo-u-pazarskom-fudbalu\/"},"wordCount":1538,"commentCount":0,"publisher":{"@id":"https:\/\/sandzakpress.net\/arhiva\/#\/schema\/person\/6e72b67d6e51910a1117b3b483ba20bd"},"image":{"@id":"https:\/\/sandzakpress.net\/arhiva\/cuvar-svega-sto-je-bilo-lepo-u-pazarskom-fudbalu\/#primaryimage"},"thumbnailUrl":"https:\/\/sandzakpress.net\/arhiva\/wp-content\/uploads\/2019\/11\/Acif-Klimenta-Belo-istorija-fudbala-u-Pazaru-678x381.jpg","articleSection":["Novi Pazar","Sport"],"inLanguage":"bs-BA","potentialAction":[{"@type":"CommentAction","name":"Comment","target":["https:\/\/sandzakpress.net\/arhiva\/cuvar-svega-sto-je-bilo-lepo-u-pazarskom-fudbalu\/#respond"]}]},{"@type":"WebPage","@id":"https:\/\/sandzakpress.net\/arhiva\/cuvar-svega-sto-je-bilo-lepo-u-pazarskom-fudbalu\/","url":"https:\/\/sandzakpress.net\/arhiva\/cuvar-svega-sto-je-bilo-lepo-u-pazarskom-fudbalu\/","name":"\u010cuvar svega \u0161to je bilo lepo u pazarskom fudbalu","isPartOf":{"@id":"https:\/\/sandzakpress.net\/arhiva\/#website"},"primaryImageOfPage":{"@id":"https:\/\/sandzakpress.net\/arhiva\/cuvar-svega-sto-je-bilo-lepo-u-pazarskom-fudbalu\/#primaryimage"},"image":{"@id":"https:\/\/sandzakpress.net\/arhiva\/cuvar-svega-sto-je-bilo-lepo-u-pazarskom-fudbalu\/#primaryimage"},"thumbnailUrl":"https:\/\/sandzakpress.net\/arhiva\/wp-content\/uploads\/2019\/11\/Acif-Klimenta-Belo-istorija-fudbala-u-Pazaru-678x381.jpg","datePublished":"2019-11-25T14:28:26+00:00","breadcrumb":{"@id":"https:\/\/sandzakpress.net\/arhiva\/cuvar-svega-sto-je-bilo-lepo-u-pazarskom-fudbalu\/#breadcrumb"},"inLanguage":"bs-BA","potentialAction":[{"@type":"ReadAction","target":["https:\/\/sandzakpress.net\/arhiva\/cuvar-svega-sto-je-bilo-lepo-u-pazarskom-fudbalu\/"]}]},{"@type":"ImageObject","inLanguage":"bs-BA","@id":"https:\/\/sandzakpress.net\/arhiva\/cuvar-svega-sto-je-bilo-lepo-u-pazarskom-fudbalu\/#primaryimage","url":"https:\/\/sandzakpress.net\/arhiva\/wp-content\/uploads\/2019\/11\/Acif-Klimenta-Belo-istorija-fudbala-u-Pazaru-678x381.jpg","contentUrl":"https:\/\/sandzakpress.net\/arhiva\/wp-content\/uploads\/2019\/11\/Acif-Klimenta-Belo-istorija-fudbala-u-Pazaru-678x381.jpg","width":678,"height":381},{"@type":"BreadcrumbList","@id":"https:\/\/sandzakpress.net\/arhiva\/cuvar-svega-sto-je-bilo-lepo-u-pazarskom-fudbalu\/#breadcrumb","itemListElement":[{"@type":"ListItem","position":1,"name":"Home","item":"https:\/\/sandzakpress.net\/arhiva\/"},{"@type":"ListItem","position":2,"name":"\u010cuvar svega \u0161to je bilo lepo u pazarskom fudbalu"}]},{"@type":"WebSite","@id":"https:\/\/sandzakpress.net\/arhiva\/#website","url":"https:\/\/sandzakpress.net\/arhiva\/","name":"Sand\u017eak PRESS","description":"Prve elektronske novine u Sand\u017eaku","publisher":{"@id":"https:\/\/sandzakpress.net\/arhiva\/#\/schema\/person\/6e72b67d6e51910a1117b3b483ba20bd"},"potentialAction":[{"@type":"SearchAction","target":{"@type":"EntryPoint","urlTemplate":"https:\/\/sandzakpress.net\/arhiva\/?s={search_term_string}"},"query-input":{"@type":"PropertyValueSpecification","valueRequired":true,"valueName":"search_term_string"}}],"inLanguage":"bs-BA"},{"@type":["Person","Organization"],"@id":"https:\/\/sandzakpress.net\/arhiva\/#\/schema\/person\/6e72b67d6e51910a1117b3b483ba20bd","name":"Kul","image":{"@type":"ImageObject","inLanguage":"bs-BA","@id":"https:\/\/sandzakpress.net\/arhiva\/#\/schema\/person\/image\/","url":"https:\/\/secure.gravatar.com\/avatar\/42263f39aa27ac04c43cab85c280eb2e?s=96&d=mm&r=pg","contentUrl":"https:\/\/secure.gravatar.com\/avatar\/42263f39aa27ac04c43cab85c280eb2e?s=96&d=mm&r=pg","caption":"Kul"},"logo":{"@id":"https:\/\/sandzakpress.net\/arhiva\/#\/schema\/person\/image\/"}},{"@type":"Person","@id":"https:\/\/sandzakpress.net\/arhiva\/#\/schema\/person\/cb59d7e3ab91ab90dd680ad0305a6185","name":"Agencija","image":{"@type":"ImageObject","inLanguage":"bs-BA","@id":"https:\/\/sandzakpress.net\/arhiva\/#\/schema\/person\/image\/","url":"https:\/\/secure.gravatar.com\/avatar\/4b7fafa80a22f0c2afe23966b3961fe0?s=96&d=mm&r=pg","contentUrl":"https:\/\/secure.gravatar.com\/avatar\/4b7fafa80a22f0c2afe23966b3961fe0?s=96&d=mm&r=pg","caption":"Agencija"},"url":"https:\/\/sandzakpress.net\/arhiva\/author\/agencija\/"}]}},"_links":{"self":[{"href":"https:\/\/sandzakpress.net\/arhiva\/wp-json\/wp\/v2\/posts\/230973"}],"collection":[{"href":"https:\/\/sandzakpress.net\/arhiva\/wp-json\/wp\/v2\/posts"}],"about":[{"href":"https:\/\/sandzakpress.net\/arhiva\/wp-json\/wp\/v2\/types\/post"}],"author":[{"embeddable":true,"href":"https:\/\/sandzakpress.net\/arhiva\/wp-json\/wp\/v2\/users\/509"}],"replies":[{"embeddable":true,"href":"https:\/\/sandzakpress.net\/arhiva\/wp-json\/wp\/v2\/comments?post=230973"}],"version-history":[{"count":0,"href":"https:\/\/sandzakpress.net\/arhiva\/wp-json\/wp\/v2\/posts\/230973\/revisions"}],"wp:featuredmedia":[{"embeddable":true,"href":"https:\/\/sandzakpress.net\/arhiva\/wp-json\/wp\/v2\/media\/230975"}],"wp:attachment":[{"href":"https:\/\/sandzakpress.net\/arhiva\/wp-json\/wp\/v2\/media?parent=230973"}],"wp:term":[{"taxonomy":"category","embeddable":true,"href":"https:\/\/sandzakpress.net\/arhiva\/wp-json\/wp\/v2\/categories?post=230973"},{"taxonomy":"post_tag","embeddable":true,"href":"https:\/\/sandzakpress.net\/arhiva\/wp-json\/wp\/v2\/tags?post=230973"}],"curies":[{"name":"wp","href":"https:\/\/api.w.org\/{rel}","templated":true}]}}