{"id":230884,"date":"2019-11-23T12:21:42","date_gmt":"2019-11-23T11:21:42","guid":{"rendered":"https:\/\/sandzakpress.net\/arhiva\/?p=230884"},"modified":"2019-11-23T12:21:42","modified_gmt":"2019-11-23T11:21:42","slug":"odrzano-javno-slusanje-na-temu-obrazovanje-na-jezicima-nacionalnih-manjina","status":"publish","type":"post","link":"https:\/\/sandzakpress.net\/arhiva\/odrzano-javno-slusanje-na-temu-obrazovanje-na-jezicima-nacionalnih-manjina\/","title":{"rendered":"Odr\u017eano javno slu\u0161anje na temu: Obrazovanje na jezicima nacionalnih manjina"},"content":{"rendered":"<p><img decoding=\"async\" src=\"http:\/\/sanapress.info\/wp-content\/uploads\/2019\/11\/1-10.jpg\" \/><\/p>\n<p><strong>U organizaciji Odbora za obrazovanje, nauku, tehnolo\u0161ki razvoj i informati\u010dko dru\u0161tvo odr\u017eano javno slu\u0161anje na temu: Obrazovanje na jezicima nacionalnih manjina. Raduje \u0161to se ovakav doga\u0111aj odr\u017eava u Domu Narodne skup\u0161tine u prisustvu i narodnih poslanika koji su, kako se \u010dulo, i zadu\u017eeni da donose Zakone i njihove dopune. Narodna skup\u0161tina pokazuje sposobnost, ka\u017ee predsjednik Odbora akademik Muamer Zukorli\u0107, kapacitet da \u010duje stavove, mi\u0161ljenja svih legitimnih predstavnika nacionalnih zajednica.<\/strong><\/p>\n<p>Iznose\u0107i svoje stavove predstavnicima nacionalnih manjina priklju\u010dili su se i predstavnici Srpske akademije nauka i umjetnosti (SANU) koji pitaju ima li potrebe da se u Srbiji proizvode tuma\u010di za bosanski jezik, prevodioci kao i ud\u017ebenici.<\/p>\n<p>Akademik Zukorli\u0107 pozvao je dr. Fehratovi\u0107a, kao rukovodica departmana za bosanski jezik, da pozove predstavnike akademske zajednice i u SANU i organizira na Internacionalnom univerzitetu nau\u010dnu konferenciju uz ozbiljne referate u akademskoj atmosferi.\u00a0 Zbog intervenciju SANU-a na \u0161tetu bo\u0161nja\u010dkog naroda isti\u010de da roditelji bo\u0161nja\u010dke djece cijepaju pojedine stranice jer ne mogu objasniti svojoj djeci da pojedine konstatacije poput praznika ne pripadaju tom narodu.<\/p>\n<p>Milan Pa\u0161i\u0107, pomo\u0107nik ministra za pred\u0161kolsko i osnovno obrazovanje i vaspitanje isti\u010de da su sve nacionalne manjine podjednake i da je cilj sve izazove zajedni\u010dki rije\u0161iti. Ud\u017ebenici kao klju\u010dna rije\u010d dana\u0161njeg susreta nisu isti\u010de Pa\u0161i\u0107 jedino sredstvo nastave, poru\u010duje da su plan i program nastave i u\u010denja klju\u010dni. Poziva kada budu rasprave za samu strategiju o\u00a0 obrazovanju da svi uzmu u\u010de\u0161\u0107e i nacionalni savjeti naprave svoje strategije \u0161to vi doprinijelo unaprije\u0111enju saradnje i rje\u0161avanju problema te da zajedni\u010dki budu partneri s Ministarstvom kako bi \u010ditav sistem obrazovanja bio na zadovoljstvo svih.<\/p>\n<p><iframe loading=\"lazy\" src=\"https:\/\/www.youtube.com\/embed\/29gEkC1iVBQ\" width=\"640\" height=\"360\" frameborder=\"0\" allowfullscreen=\"allowfullscreen\"><\/iframe><\/p>\n<p>Ina\u010de, Odbor \u0107e ka\u017ee akademik Zukorli\u0107, imati sluha za sve inicijative i probleme a pa\u017eljivo \u0107e razmotriti sve probleme i sugestije i nastojati ih u saradnji s nadle\u017enim institucijama rije\u0161iti. Ukazao na problem sa bo\u0161nja\u010dkom nacionalom zajednicom.<\/p>\n<p>\u2013 Kroz historiju je jasno da se prava ne nude ve\u0107 ih treba znati uzeti. Danas su od pet narodnih poslanika Bo\u0161njaka, prisutna samo dva. Za mene je bolna \u010dinjenica da mi kao Bo\u0161njaci u narodnoj Skup\u0161tini nismo imali kapaciteta, snage i svijesti da se saglasimo oko klju\u010dnih pitanja koja su va\u017ena za bo\u0161nja\u010dku nacionalnu zajednicu, nego su preovladali partikularni interesi. Boli odsustvo predstavnika BNV-a pogotovo \u0161to su upropastili u Sand\u017eaku obrazovanje na bosanskom jeziku a zbog lo\u0161e organizacije sve je manje djece na nastavi na bosanskom jeziku.<\/p>\n<p>Akademik Zukorli\u0107 je predstavnike Odbora za standardizacije srpskog jezika zamolio da promijene odnos prema nacionalno manjinama jer ih umnogome ugro\u017eavaju. Mogu\u0107nosti su ogromne, samo je ka\u017ee neophodno vi\u0161e inicijative.<\/p>\n<p>Uz odsustvo predstavnika BNV u Skup\u0161tini nisu bili predstavnici albanske nacionalne manjine dok su sve ostale iznijele probleme s kojima se suo\u010davaju. Javnom slu\u0161aju prisustvovali su predstavnici OSCE-a, nevladinih organizacija a prisutnima se obratila Anamarija Vi\u010dek dr\u017eavni sekretar u Ministarstvu prosvjete kao i Brankica Jankovi\u0107 povjerenica za za\u0161titu ravnopravnosti koja je najavila susret u januaru i februaru idu\u0107e godine gdje \u0107e se kroz Instituciju povjerenika za za\u0161titi ravnopravnosti i mehanizme unaprijediti zajedni\u010dki odnos.<\/p>\n<p><img decoding=\"async\" src=\"http:\/\/sanapress.info\/wp-content\/uploads\/2019\/11\/4-10.jpg\" \/><\/p>\n<p><img decoding=\"async\" src=\"http:\/\/sanapress.info\/wp-content\/uploads\/2019\/11\/2-10.jpg\" \/><img decoding=\"async\" src=\"http:\/\/sanapress.info\/wp-content\/uploads\/2019\/11\/3-10.jpg\" \/><img decoding=\"async\" src=\"http:\/\/sanapress.info\/wp-content\/uploads\/2019\/11\/5-8.jpg\" \/><img decoding=\"async\" src=\"http:\/\/sanapress.info\/wp-content\/uploads\/2019\/11\/6-7.jpg\" \/><img decoding=\"async\" src=\"http:\/\/sanapress.info\/wp-content\/uploads\/2019\/11\/7-6.jpg\" \/><img decoding=\"async\" src=\"http:\/\/sanapress.info\/wp-content\/uploads\/2019\/11\/8-5.jpg\" \/><img decoding=\"async\" src=\"http:\/\/sanapress.info\/wp-content\/uploads\/2019\/11\/9-4.jpg\" \/><img decoding=\"async\" src=\"http:\/\/sanapress.info\/wp-content\/uploads\/2019\/11\/10-3.jpg\" \/><\/p>\n","protected":false},"excerpt":{"rendered":"<p>U organizaciji Odbora za obrazovanje, nauku, tehnolo\u0161ki razvoj i informati\u010dko dru\u0161tvo odr\u017eano javno slu\u0161anje na temu: Obrazovanje na jezicima nacionalnih manjina. Raduje \u0161to se ovakav doga\u0111aj odr\u017eava u Domu Narodne skup\u0161tine u prisustvu i narodnih poslanika koji su, kako se \u010dulo, i zadu\u017eeni da donose Zakone i njihove dopune. Narodna skup\u0161tina pokazuje sposobnost, ka\u017ee predsjednik [&hellip;]<\/p>\n","protected":false},"author":509,"featured_media":230885,"comment_status":"open","ping_status":"open","sticky":false,"template":"","format":"standard","meta":{"footnotes":""},"categories":[72,1,8957],"tags":[],"class_list":{"0":"post-230884","1":"post","2":"type-post","3":"status-publish","4":"format-standard","5":"has-post-thumbnail","7":"category-novi-pazar","8":"category-politika","9":"category-vijesti-dana"},"yoast_head":"<!-- This site is optimized with the Yoast SEO Premium plugin v23.1 (Yoast SEO v24.9) - https:\/\/yoast.com\/wordpress\/plugins\/seo\/ -->\n<title>Odr\u017eano javno slu\u0161anje na temu: Obrazovanje na jezicima nacionalnih manjina<\/title>\n<meta name=\"robots\" content=\"index, follow, max-snippet:-1, max-image-preview:large, max-video-preview:-1\" \/>\n<link rel=\"canonical\" href=\"https:\/\/sandzakpress.net\/arhiva\/odrzano-javno-slusanje-na-temu-obrazovanje-na-jezicima-nacionalnih-manjina\/\" \/>\n<meta property=\"og:locale\" content=\"bs_BA\" \/>\n<meta property=\"og:type\" content=\"article\" \/>\n<meta property=\"og:title\" content=\"Odr\u017eano javno slu\u0161anje na temu: Obrazovanje na jezicima nacionalnih manjina\" \/>\n<meta property=\"og:description\" content=\"U organizaciji Odbora za obrazovanje, nauku, tehnolo\u0161ki razvoj i informati\u010dko dru\u0161tvo odr\u017eano javno slu\u0161anje na temu: Obrazovanje na jezicima nacionalnih manjina. Raduje \u0161to se ovakav doga\u0111aj odr\u017eava u Domu Narodne skup\u0161tine u prisustvu i narodnih poslanika koji su, kako se \u010dulo, i zadu\u017eeni da donose Zakone i njihove dopune. Narodna skup\u0161tina pokazuje sposobnost, ka\u017ee predsjednik [&hellip;]\" \/>\n<meta property=\"og:url\" content=\"https:\/\/sandzakpress.net\/arhiva\/odrzano-javno-slusanje-na-temu-obrazovanje-na-jezicima-nacionalnih-manjina\/\" \/>\n<meta property=\"og:site_name\" content=\"Sand\u017eak PRESS\" \/>\n<meta property=\"article:published_time\" content=\"2019-11-23T11:21:42+00:00\" \/>\n<meta property=\"og:image\" content=\"https:\/\/sandzakpress.net\/arhiva\/wp-content\/uploads\/2019\/11\/1-10.jpg\" \/>\n\t<meta property=\"og:image:width\" content=\"1600\" \/>\n\t<meta property=\"og:image:height\" content=\"738\" \/>\n\t<meta property=\"og:image:type\" content=\"image\/jpeg\" \/>\n<meta name=\"author\" content=\"Agencija\" \/>\n<meta name=\"twitter:card\" content=\"summary_large_image\" \/>\n<meta name=\"twitter:label1\" content=\"Written by\" \/>\n\t<meta name=\"twitter:data1\" content=\"Agencija\" \/>\n\t<meta name=\"twitter:label2\" content=\"Est. reading time\" \/>\n\t<meta name=\"twitter:data2\" content=\"3 minute\" \/>\n<script type=\"application\/ld+json\" class=\"yoast-schema-graph\">{\"@context\":\"https:\/\/schema.org\",\"@graph\":[{\"@type\":\"Article\",\"@id\":\"https:\/\/sandzakpress.net\/arhiva\/odrzano-javno-slusanje-na-temu-obrazovanje-na-jezicima-nacionalnih-manjina\/#article\",\"isPartOf\":{\"@id\":\"https:\/\/sandzakpress.net\/arhiva\/odrzano-javno-slusanje-na-temu-obrazovanje-na-jezicima-nacionalnih-manjina\/\"},\"author\":{\"name\":\"Agencija\",\"@id\":\"https:\/\/sandzakpress.net\/arhiva\/#\/schema\/person\/cb59d7e3ab91ab90dd680ad0305a6185\"},\"headline\":\"Odr\u017eano javno slu\u0161anje na temu: Obrazovanje na jezicima nacionalnih manjina\",\"datePublished\":\"2019-11-23T11:21:42+00:00\",\"mainEntityOfPage\":{\"@id\":\"https:\/\/sandzakpress.net\/arhiva\/odrzano-javno-slusanje-na-temu-obrazovanje-na-jezicima-nacionalnih-manjina\/\"},\"wordCount\":567,\"commentCount\":0,\"publisher\":{\"@id\":\"https:\/\/sandzakpress.net\/arhiva\/#\/schema\/person\/6e72b67d6e51910a1117b3b483ba20bd\"},\"image\":{\"@id\":\"https:\/\/sandzakpress.net\/arhiva\/odrzano-javno-slusanje-na-temu-obrazovanje-na-jezicima-nacionalnih-manjina\/#primaryimage\"},\"thumbnailUrl\":\"https:\/\/sandzakpress.net\/arhiva\/wp-content\/uploads\/2019\/11\/1-10.jpg\",\"articleSection\":[\"Novi Pazar\",\"Politika\",\"VIJESTI DANA\"],\"inLanguage\":\"bs-BA\",\"potentialAction\":[{\"@type\":\"CommentAction\",\"name\":\"Comment\",\"target\":[\"https:\/\/sandzakpress.net\/arhiva\/odrzano-javno-slusanje-na-temu-obrazovanje-na-jezicima-nacionalnih-manjina\/#respond\"]}]},{\"@type\":\"WebPage\",\"@id\":\"https:\/\/sandzakpress.net\/arhiva\/odrzano-javno-slusanje-na-temu-obrazovanje-na-jezicima-nacionalnih-manjina\/\",\"url\":\"https:\/\/sandzakpress.net\/arhiva\/odrzano-javno-slusanje-na-temu-obrazovanje-na-jezicima-nacionalnih-manjina\/\",\"name\":\"Odr\u017eano javno slu\u0161anje na temu: Obrazovanje na jezicima nacionalnih manjina\",\"isPartOf\":{\"@id\":\"https:\/\/sandzakpress.net\/arhiva\/#website\"},\"primaryImageOfPage\":{\"@id\":\"https:\/\/sandzakpress.net\/arhiva\/odrzano-javno-slusanje-na-temu-obrazovanje-na-jezicima-nacionalnih-manjina\/#primaryimage\"},\"image\":{\"@id\":\"https:\/\/sandzakpress.net\/arhiva\/odrzano-javno-slusanje-na-temu-obrazovanje-na-jezicima-nacionalnih-manjina\/#primaryimage\"},\"thumbnailUrl\":\"https:\/\/sandzakpress.net\/arhiva\/wp-content\/uploads\/2019\/11\/1-10.jpg\",\"datePublished\":\"2019-11-23T11:21:42+00:00\",\"breadcrumb\":{\"@id\":\"https:\/\/sandzakpress.net\/arhiva\/odrzano-javno-slusanje-na-temu-obrazovanje-na-jezicima-nacionalnih-manjina\/#breadcrumb\"},\"inLanguage\":\"bs-BA\",\"potentialAction\":[{\"@type\":\"ReadAction\",\"target\":[\"https:\/\/sandzakpress.net\/arhiva\/odrzano-javno-slusanje-na-temu-obrazovanje-na-jezicima-nacionalnih-manjina\/\"]}]},{\"@type\":\"ImageObject\",\"inLanguage\":\"bs-BA\",\"@id\":\"https:\/\/sandzakpress.net\/arhiva\/odrzano-javno-slusanje-na-temu-obrazovanje-na-jezicima-nacionalnih-manjina\/#primaryimage\",\"url\":\"https:\/\/sandzakpress.net\/arhiva\/wp-content\/uploads\/2019\/11\/1-10.jpg\",\"contentUrl\":\"https:\/\/sandzakpress.net\/arhiva\/wp-content\/uploads\/2019\/11\/1-10.jpg\",\"width\":1600,\"height\":738},{\"@type\":\"BreadcrumbList\",\"@id\":\"https:\/\/sandzakpress.net\/arhiva\/odrzano-javno-slusanje-na-temu-obrazovanje-na-jezicima-nacionalnih-manjina\/#breadcrumb\",\"itemListElement\":[{\"@type\":\"ListItem\",\"position\":1,\"name\":\"Home\",\"item\":\"https:\/\/sandzakpress.net\/arhiva\/\"},{\"@type\":\"ListItem\",\"position\":2,\"name\":\"Odr\u017eano javno slu\u0161anje na temu: Obrazovanje na jezicima nacionalnih manjina\"}]},{\"@type\":\"WebSite\",\"@id\":\"https:\/\/sandzakpress.net\/arhiva\/#website\",\"url\":\"https:\/\/sandzakpress.net\/arhiva\/\",\"name\":\"Sand\u017eak PRESS\",\"description\":\"Prve elektronske novine u Sand\u017eaku\",\"publisher\":{\"@id\":\"https:\/\/sandzakpress.net\/arhiva\/#\/schema\/person\/6e72b67d6e51910a1117b3b483ba20bd\"},\"potentialAction\":[{\"@type\":\"SearchAction\",\"target\":{\"@type\":\"EntryPoint\",\"urlTemplate\":\"https:\/\/sandzakpress.net\/arhiva\/?s={search_term_string}\"},\"query-input\":{\"@type\":\"PropertyValueSpecification\",\"valueRequired\":true,\"valueName\":\"search_term_string\"}}],\"inLanguage\":\"bs-BA\"},{\"@type\":[\"Person\",\"Organization\"],\"@id\":\"https:\/\/sandzakpress.net\/arhiva\/#\/schema\/person\/6e72b67d6e51910a1117b3b483ba20bd\",\"name\":\"Kul\",\"image\":{\"@type\":\"ImageObject\",\"inLanguage\":\"bs-BA\",\"@id\":\"https:\/\/sandzakpress.net\/arhiva\/#\/schema\/person\/image\/\",\"url\":\"https:\/\/secure.gravatar.com\/avatar\/42263f39aa27ac04c43cab85c280eb2e?s=96&d=mm&r=pg\",\"contentUrl\":\"https:\/\/secure.gravatar.com\/avatar\/42263f39aa27ac04c43cab85c280eb2e?s=96&d=mm&r=pg\",\"caption\":\"Kul\"},\"logo\":{\"@id\":\"https:\/\/sandzakpress.net\/arhiva\/#\/schema\/person\/image\/\"}},{\"@type\":\"Person\",\"@id\":\"https:\/\/sandzakpress.net\/arhiva\/#\/schema\/person\/cb59d7e3ab91ab90dd680ad0305a6185\",\"name\":\"Agencija\",\"image\":{\"@type\":\"ImageObject\",\"inLanguage\":\"bs-BA\",\"@id\":\"https:\/\/sandzakpress.net\/arhiva\/#\/schema\/person\/image\/\",\"url\":\"https:\/\/secure.gravatar.com\/avatar\/4b7fafa80a22f0c2afe23966b3961fe0?s=96&d=mm&r=pg\",\"contentUrl\":\"https:\/\/secure.gravatar.com\/avatar\/4b7fafa80a22f0c2afe23966b3961fe0?s=96&d=mm&r=pg\",\"caption\":\"Agencija\"},\"url\":\"https:\/\/sandzakpress.net\/arhiva\/author\/agencija\/\"}]}<\/script>\n<!-- \/ Yoast SEO Premium plugin. -->","yoast_head_json":{"title":"Odr\u017eano javno slu\u0161anje na temu: Obrazovanje na jezicima nacionalnih manjina","robots":{"index":"index","follow":"follow","max-snippet":"max-snippet:-1","max-image-preview":"max-image-preview:large","max-video-preview":"max-video-preview:-1"},"canonical":"https:\/\/sandzakpress.net\/arhiva\/odrzano-javno-slusanje-na-temu-obrazovanje-na-jezicima-nacionalnih-manjina\/","og_locale":"bs_BA","og_type":"article","og_title":"Odr\u017eano javno slu\u0161anje na temu: Obrazovanje na jezicima nacionalnih manjina","og_description":"U organizaciji Odbora za obrazovanje, nauku, tehnolo\u0161ki razvoj i informati\u010dko dru\u0161tvo odr\u017eano javno slu\u0161anje na temu: Obrazovanje na jezicima nacionalnih manjina. Raduje \u0161to se ovakav doga\u0111aj odr\u017eava u Domu Narodne skup\u0161tine u prisustvu i narodnih poslanika koji su, kako se \u010dulo, i zadu\u017eeni da donose Zakone i njihove dopune. Narodna skup\u0161tina pokazuje sposobnost, ka\u017ee predsjednik [&hellip;]","og_url":"https:\/\/sandzakpress.net\/arhiva\/odrzano-javno-slusanje-na-temu-obrazovanje-na-jezicima-nacionalnih-manjina\/","og_site_name":"Sand\u017eak PRESS","article_published_time":"2019-11-23T11:21:42+00:00","og_image":[{"width":1600,"height":738,"url":"https:\/\/sandzakpress.net\/arhiva\/wp-content\/uploads\/2019\/11\/1-10.jpg","type":"image\/jpeg"}],"author":"Agencija","twitter_card":"summary_large_image","twitter_misc":{"Written by":"Agencija","Est. reading time":"3 minute"},"schema":{"@context":"https:\/\/schema.org","@graph":[{"@type":"Article","@id":"https:\/\/sandzakpress.net\/arhiva\/odrzano-javno-slusanje-na-temu-obrazovanje-na-jezicima-nacionalnih-manjina\/#article","isPartOf":{"@id":"https:\/\/sandzakpress.net\/arhiva\/odrzano-javno-slusanje-na-temu-obrazovanje-na-jezicima-nacionalnih-manjina\/"},"author":{"name":"Agencija","@id":"https:\/\/sandzakpress.net\/arhiva\/#\/schema\/person\/cb59d7e3ab91ab90dd680ad0305a6185"},"headline":"Odr\u017eano javno slu\u0161anje na temu: Obrazovanje na jezicima nacionalnih manjina","datePublished":"2019-11-23T11:21:42+00:00","mainEntityOfPage":{"@id":"https:\/\/sandzakpress.net\/arhiva\/odrzano-javno-slusanje-na-temu-obrazovanje-na-jezicima-nacionalnih-manjina\/"},"wordCount":567,"commentCount":0,"publisher":{"@id":"https:\/\/sandzakpress.net\/arhiva\/#\/schema\/person\/6e72b67d6e51910a1117b3b483ba20bd"},"image":{"@id":"https:\/\/sandzakpress.net\/arhiva\/odrzano-javno-slusanje-na-temu-obrazovanje-na-jezicima-nacionalnih-manjina\/#primaryimage"},"thumbnailUrl":"https:\/\/sandzakpress.net\/arhiva\/wp-content\/uploads\/2019\/11\/1-10.jpg","articleSection":["Novi Pazar","Politika","VIJESTI DANA"],"inLanguage":"bs-BA","potentialAction":[{"@type":"CommentAction","name":"Comment","target":["https:\/\/sandzakpress.net\/arhiva\/odrzano-javno-slusanje-na-temu-obrazovanje-na-jezicima-nacionalnih-manjina\/#respond"]}]},{"@type":"WebPage","@id":"https:\/\/sandzakpress.net\/arhiva\/odrzano-javno-slusanje-na-temu-obrazovanje-na-jezicima-nacionalnih-manjina\/","url":"https:\/\/sandzakpress.net\/arhiva\/odrzano-javno-slusanje-na-temu-obrazovanje-na-jezicima-nacionalnih-manjina\/","name":"Odr\u017eano javno slu\u0161anje na temu: Obrazovanje na jezicima nacionalnih manjina","isPartOf":{"@id":"https:\/\/sandzakpress.net\/arhiva\/#website"},"primaryImageOfPage":{"@id":"https:\/\/sandzakpress.net\/arhiva\/odrzano-javno-slusanje-na-temu-obrazovanje-na-jezicima-nacionalnih-manjina\/#primaryimage"},"image":{"@id":"https:\/\/sandzakpress.net\/arhiva\/odrzano-javno-slusanje-na-temu-obrazovanje-na-jezicima-nacionalnih-manjina\/#primaryimage"},"thumbnailUrl":"https:\/\/sandzakpress.net\/arhiva\/wp-content\/uploads\/2019\/11\/1-10.jpg","datePublished":"2019-11-23T11:21:42+00:00","breadcrumb":{"@id":"https:\/\/sandzakpress.net\/arhiva\/odrzano-javno-slusanje-na-temu-obrazovanje-na-jezicima-nacionalnih-manjina\/#breadcrumb"},"inLanguage":"bs-BA","potentialAction":[{"@type":"ReadAction","target":["https:\/\/sandzakpress.net\/arhiva\/odrzano-javno-slusanje-na-temu-obrazovanje-na-jezicima-nacionalnih-manjina\/"]}]},{"@type":"ImageObject","inLanguage":"bs-BA","@id":"https:\/\/sandzakpress.net\/arhiva\/odrzano-javno-slusanje-na-temu-obrazovanje-na-jezicima-nacionalnih-manjina\/#primaryimage","url":"https:\/\/sandzakpress.net\/arhiva\/wp-content\/uploads\/2019\/11\/1-10.jpg","contentUrl":"https:\/\/sandzakpress.net\/arhiva\/wp-content\/uploads\/2019\/11\/1-10.jpg","width":1600,"height":738},{"@type":"BreadcrumbList","@id":"https:\/\/sandzakpress.net\/arhiva\/odrzano-javno-slusanje-na-temu-obrazovanje-na-jezicima-nacionalnih-manjina\/#breadcrumb","itemListElement":[{"@type":"ListItem","position":1,"name":"Home","item":"https:\/\/sandzakpress.net\/arhiva\/"},{"@type":"ListItem","position":2,"name":"Odr\u017eano javno slu\u0161anje na temu: Obrazovanje na jezicima nacionalnih manjina"}]},{"@type":"WebSite","@id":"https:\/\/sandzakpress.net\/arhiva\/#website","url":"https:\/\/sandzakpress.net\/arhiva\/","name":"Sand\u017eak PRESS","description":"Prve elektronske novine u Sand\u017eaku","publisher":{"@id":"https:\/\/sandzakpress.net\/arhiva\/#\/schema\/person\/6e72b67d6e51910a1117b3b483ba20bd"},"potentialAction":[{"@type":"SearchAction","target":{"@type":"EntryPoint","urlTemplate":"https:\/\/sandzakpress.net\/arhiva\/?s={search_term_string}"},"query-input":{"@type":"PropertyValueSpecification","valueRequired":true,"valueName":"search_term_string"}}],"inLanguage":"bs-BA"},{"@type":["Person","Organization"],"@id":"https:\/\/sandzakpress.net\/arhiva\/#\/schema\/person\/6e72b67d6e51910a1117b3b483ba20bd","name":"Kul","image":{"@type":"ImageObject","inLanguage":"bs-BA","@id":"https:\/\/sandzakpress.net\/arhiva\/#\/schema\/person\/image\/","url":"https:\/\/secure.gravatar.com\/avatar\/42263f39aa27ac04c43cab85c280eb2e?s=96&d=mm&r=pg","contentUrl":"https:\/\/secure.gravatar.com\/avatar\/42263f39aa27ac04c43cab85c280eb2e?s=96&d=mm&r=pg","caption":"Kul"},"logo":{"@id":"https:\/\/sandzakpress.net\/arhiva\/#\/schema\/person\/image\/"}},{"@type":"Person","@id":"https:\/\/sandzakpress.net\/arhiva\/#\/schema\/person\/cb59d7e3ab91ab90dd680ad0305a6185","name":"Agencija","image":{"@type":"ImageObject","inLanguage":"bs-BA","@id":"https:\/\/sandzakpress.net\/arhiva\/#\/schema\/person\/image\/","url":"https:\/\/secure.gravatar.com\/avatar\/4b7fafa80a22f0c2afe23966b3961fe0?s=96&d=mm&r=pg","contentUrl":"https:\/\/secure.gravatar.com\/avatar\/4b7fafa80a22f0c2afe23966b3961fe0?s=96&d=mm&r=pg","caption":"Agencija"},"url":"https:\/\/sandzakpress.net\/arhiva\/author\/agencija\/"}]}},"_links":{"self":[{"href":"https:\/\/sandzakpress.net\/arhiva\/wp-json\/wp\/v2\/posts\/230884"}],"collection":[{"href":"https:\/\/sandzakpress.net\/arhiva\/wp-json\/wp\/v2\/posts"}],"about":[{"href":"https:\/\/sandzakpress.net\/arhiva\/wp-json\/wp\/v2\/types\/post"}],"author":[{"embeddable":true,"href":"https:\/\/sandzakpress.net\/arhiva\/wp-json\/wp\/v2\/users\/509"}],"replies":[{"embeddable":true,"href":"https:\/\/sandzakpress.net\/arhiva\/wp-json\/wp\/v2\/comments?post=230884"}],"version-history":[{"count":0,"href":"https:\/\/sandzakpress.net\/arhiva\/wp-json\/wp\/v2\/posts\/230884\/revisions"}],"wp:featuredmedia":[{"embeddable":true,"href":"https:\/\/sandzakpress.net\/arhiva\/wp-json\/wp\/v2\/media\/230885"}],"wp:attachment":[{"href":"https:\/\/sandzakpress.net\/arhiva\/wp-json\/wp\/v2\/media?parent=230884"}],"wp:term":[{"taxonomy":"category","embeddable":true,"href":"https:\/\/sandzakpress.net\/arhiva\/wp-json\/wp\/v2\/categories?post=230884"},{"taxonomy":"post_tag","embeddable":true,"href":"https:\/\/sandzakpress.net\/arhiva\/wp-json\/wp\/v2\/tags?post=230884"}],"curies":[{"name":"wp","href":"https:\/\/api.w.org\/{rel}","templated":true}]}}