{"id":230810,"date":"2019-11-21T14:27:19","date_gmt":"2019-11-21T13:27:19","guid":{"rendered":"https:\/\/sandzakpress.net\/arhiva\/?p=230810"},"modified":"2019-11-21T14:54:46","modified_gmt":"2019-11-21T13:54:46","slug":"dr-zukorlic-prekogranicna-regija-sandzak-bi-bila-faktor-mira-i-stabilnosti-na-balkanu","status":"publish","type":"post","link":"https:\/\/sandzakpress.net\/arhiva\/dr-zukorlic-prekogranicna-regija-sandzak-bi-bila-faktor-mira-i-stabilnosti-na-balkanu\/","title":{"rendered":"Dr. Zukorli\u0107: Prekograni\u010dna regija Sand\u017eak bila bi  faktor mira i stabilnosti na Balkanu"},"content":{"rendered":"<p><img loading=\"lazy\" decoding=\"async\" class=\"alignnone size-full wp-image-230812\" src=\"https:\/\/sandzakpress.net\/arhiva\/wp-content\/uploads\/2019\/11\/74530269_235750867389709_592050981076729856_n.jpg\" alt=\"\" width=\"960\" height=\"721\" srcset=\"https:\/\/sandzakpress.net\/arhiva\/wp-content\/uploads\/2019\/11\/74530269_235750867389709_592050981076729856_n.jpg 960w, https:\/\/sandzakpress.net\/arhiva\/wp-content\/uploads\/2019\/11\/74530269_235750867389709_592050981076729856_n-768x577.jpg 768w, https:\/\/sandzakpress.net\/arhiva\/wp-content\/uploads\/2019\/11\/74530269_235750867389709_592050981076729856_n-616x463.jpg 616w\" sizes=\"(max-width: 960px) 100vw, 960px\" \/><\/p>\n<p><strong>Narodni poslanik i predsjednik Stranke pravde i pomirenja dr. Muamer Zukorli\u0107 bio je gost emisije &#8220;Posle ru\u010dka&#8221;\u00a0 na Happy televiziji. Razgovaralo se o autonomiji Sand\u017eaka, ko ima najvi\u0161e koristi od otvaranja granica ali o i tome\u00a0da li malim \u0161engenom Srbija ulazi na velika vrata u Evropu, ?<\/strong><\/p>\n<p>Gosti u studiju su pored dr. Zukorli\u0107a bili i Dejan Mileti\u0107, direktor Centra za globalizaciju, Demo Beri\u0161a, biv\u0161i oficir JNA i Vojske Srbije, a sada predsjednik matice Albanaca u Srbiji i Ilija \u017divoti\u0107, savjetnik za bezbijednost.<\/p>\n<p>Dr. Zukorli\u0107 istakao da je politi\u010dka ideja SPP-a da od Sand\u017eaka napravi mjesto susreta, mjesto koje spaja. Pojasnio da Sand\u017eak ima izvanredan geografski polo\u017eaj. Dao vi\u0111enje Sand\u017eaka kao autonomne regije.<\/p>\n<p>&#8211; U Sand\u017eaku imate decenijama politi\u010dke programe koji imaju viziju druga\u010diju nego \u0161to Sand\u017eak danas jeste. Autonomija nedostaje jer Sand\u017eak jeste historijski, geografski, kulturolo\u0161ki, etnografski posebna regija.\u00a0Kada ka\u017eem autonomija po politi\u010dkom programu SPP-a to je prekograni\u010dna autonomna regija koja ne ugro\u017eava suverenitet ni Srbije a ni i Crne Gore. Uspostava prekograni\u010dne regije Sand\u017eak je faktor stabilizacije,mira, stabilnosti na Balkanu.\u00a0<\/p>\n<p>Dr. Zukorli\u0107 se osvrnuo na vezu autonomije i privrede, postavljaju\u0107i pitanje za\u0161to je Sand\u017eak bio 100 godina pod sankcijama?<\/p>\n<p>&#8211; Vi vidite koliko se brzo grade putevi u Srbiji. Mi imamo projekat za Koridor 11 do ivice Sand\u017eaka za dalje se ne zna. Mi nemamo nove fabrike iako se Srbija nalazi u procesu privrednog rasta. To daje jednu ne ba\u0161 optimisti\u010dnu poruku za sve gra\u0111ane na tom prostoru koji i dalje uprkos svemu \u0161to im se de\u0161avalo jedno cijelo stolje\u0107e, ostaju nekako na zape\u0107ku, na periferiji, skoro pa komunikacijski izolirani. Mi smatramo da bi Sand\u017eak mogao biti dobiti autonomiju koja bi bila definisana formi koja je primjenjena u Ju\u017enom Tirolu. Na ovaj na\u010din Sand\u017eak bi postao ekonomska free (slobodna) zona, \u0161to bi otvorilo brojne mogu\u0107nosti. Prostor Sand\u017eaka bi umjesto ta\u010dke sudara postao ta\u010dka susreta, uvjeren sam da bi to dovelo i do relaksacije odnosa izme\u0111u Srbije i Crne Gore, ali i smanjivanju tenzija na Balkanu.\u00a0Pametni narodi pitanja rje\u0161avaju sporazumom.<\/p>\n<p><iframe loading=\"lazy\" style=\"border: none; overflow: hidden;\" src=\"https:\/\/www.facebook.com\/plugins\/video.php?href=https%3A%2F%2Fwww.facebook.com%2FMuamerZukorlic%2Fvideos%2F559201731548974%2F&amp;show_text=0&amp;width=560\" width=\"560\" height=\"315\" frameborder=\"0\" scrolling=\"no\" allowfullscreen=\"allowfullscreen\"><\/iframe><\/p>\n<p>Dr. Zukorli\u0107 istakao da autonomija Sand\u017eaka nije politi\u010dki projekat ili ili, ve\u0107 nudi rje\u0161enje kojim svi dobijaju.\u00a0<\/p>\n<p>&#8211; Vrijeme je za zrelu politiku kojom svi dobijaju, kojom se stabilizira stanje, rje\u0161enje treba tra\u017eiti dogovorom.\u00a0Stepen, ure\u0111enje, prijenos ovlasti autonomije bi se rje\u0161avao dijalagom. U privrednom smislu prekograni\u010dna autonomna regija Sand\u017eak bi bila interesantna za ulaganje sand\u017ea\u010dkoj dijaspori, kojih ima vi\u0161e od milion. Tu su i muslimanske zemlje. Dodatno bi se pospe\u0161ila volja tih ljudi da ula\u017eu. Mi trenutno imamo stanje gdje se zapravo Sand\u017eak tretira kao tu\u0111 od strane dr\u017eave.<\/p>\n<p>Dr. Zukorli\u0107 podsjetio na vrijeme 90-tih godina kada su Sand\u017eaku po\u010dinjeni zlo\u010dini nad civilnim stanovni\u0161tvom.<\/p>\n<p>&#8211; Ja sam zatekao topove iznad Novog Pazara, 90-tih su hiljade Bo\u0161njaka kroz pro\u0161li torturu bezbjedonosnih slu\u017ebi. Vama je smije\u0161no to \u0161to je neko ubijao i mu\u010dio, to je neozbiljno. Postoje ljudi u Sand\u017eaku koji su i danas \u017eivi koji su prebijani i koji \u0107e posvjedo\u010diti o ovome. Kroz mu\u010denje i prebijanje su pro\u0161le na hiljade ljudi, ovo su gole istine. Cijelo jedno stolje\u0107e moj narod je ubijan, raseljavan, mu\u010den. Imali ste otmicu u \u0160trpcima, oteti su i ubijeni gra\u0111ani Srbije na teritoriji Srbije i to nikada to nije do kraja nije rije\u0161eno. Imate Sjvernin, Kurkuvi\u0107e, gdje imamo zid \u0107utanja. Zlo\u010dinci nisu ka\u017enjeni, porodice nisu obe\u0161te\u0107ene, nisu im priznat ni status civilnih \u017ertva rata.<\/p>\n<p>Dr. Zukorli\u0107 istakao da ne \u017eeli da se to ikome ponovi.<\/p>\n<p>&#8211; Ja nudim novu stranicu, ali pomirenje ne mo\u017eete graditi na jednostranoj pri\u010di. \u010cinjenice se moraju prihvatiti, zlo\u010dinci osuditi. Ne \u017eelim sijati mr\u017enju, \u017eelim da stavimo ta\u010dku na ratove i sukobe. Moja ideja je zbli\u017eavanje dva naroda. Mi smo upu\u0107eni jedni na druge, jedino Srbi i Bo\u0161njaci nisu podijeli \u017eivotni prostor. Odnose koje smo imali na negaciji treba da ostanu iza nas.\u00a0<\/p>\n<p>Na kraju emisije dr. Zukorli\u0107 govorio o naru\u0161enoj\u00a0nacionalnoj strukturi u svim dr\u017eavnim organima u Sand\u017eaku.<\/p>\n<p>&#8211; Svi dr\u017eavni organi koji imaju ispostave u Sand\u017eaku imaju nacionalnu strukturu zaposlenih na \u0161tetu Bo\u0161njaka. Stanovni\u0161tvo u Novom Pazaru \u010dini 80% Bo\u0161njaka a Policijskoj upravi je je tek oko 30% zaposlenih Bo\u0161njaka.\u00a0<\/p>\n<p>izvor: SANA<\/p>\n","protected":false},"excerpt":{"rendered":"<p>Narodni poslanik i predsjednik Stranke pravde i pomirenja dr. Muamer Zukorli\u0107 bio je gost emisije &#8220;Posle ru\u010dka&#8221;\u00a0 na Happy televiziji. Razgovaralo se o autonomiji Sand\u017eaka, ko ima najvi\u0161e koristi od otvaranja granica ali o i tome\u00a0da li malim \u0161engenom Srbija ulazi na velika vrata u Evropu, ? Gosti u studiju su pored dr. Zukorli\u0107a bili [&hellip;]<\/p>\n","protected":false},"author":509,"featured_media":230811,"comment_status":"open","ping_status":"open","sticky":false,"template":"","format":"standard","meta":{"footnotes":""},"categories":[72,52,1,327,392,393,394,8957],"tags":[10204],"class_list":{"0":"post-230810","1":"post","2":"type-post","3":"status-publish","4":"format-standard","5":"has-post-thumbnail","7":"category-novi-pazar","8":"category-sjenica","9":"category-politika","10":"category-tutin","11":"category-prijepolje_","12":"category-priboj","13":"category-nova-varos","14":"category-vijesti-dana","15":"tag-muftija-muamer-zukorlic"},"yoast_head":"<!-- This site is optimized with the Yoast SEO Premium plugin v23.1 (Yoast SEO v24.9) - https:\/\/yoast.com\/wordpress\/plugins\/seo\/ -->\n<title>Dr. Zukorli\u0107: Prekograni\u010dna regija Sand\u017eak bila bi faktor mira i stabilnosti na Balkanu<\/title>\n<meta name=\"robots\" content=\"index, follow, max-snippet:-1, max-image-preview:large, max-video-preview:-1\" \/>\n<link rel=\"canonical\" href=\"https:\/\/sandzakpress.net\/arhiva\/dr-zukorlic-prekogranicna-regija-sandzak-bi-bila-faktor-mira-i-stabilnosti-na-balkanu\/\" \/>\n<meta property=\"og:locale\" content=\"bs_BA\" \/>\n<meta property=\"og:type\" content=\"article\" \/>\n<meta property=\"og:title\" content=\"Dr. Zukorli\u0107: Prekograni\u010dna regija Sand\u017eak bila bi faktor mira i stabilnosti na Balkanu\" \/>\n<meta property=\"og:description\" content=\"Narodni poslanik i predsjednik Stranke pravde i pomirenja dr. Muamer Zukorli\u0107 bio je gost emisije &#8220;Posle ru\u010dka&#8221;\u00a0 na Happy televiziji. Razgovaralo se o autonomiji Sand\u017eaka, ko ima najvi\u0161e koristi od otvaranja granica ali o i tome\u00a0da li malim \u0161engenom Srbija ulazi na velika vrata u Evropu, ? Gosti u studiju su pored dr. Zukorli\u0107a bili [&hellip;]\" \/>\n<meta property=\"og:url\" content=\"https:\/\/sandzakpress.net\/arhiva\/dr-zukorlic-prekogranicna-regija-sandzak-bi-bila-faktor-mira-i-stabilnosti-na-balkanu\/\" \/>\n<meta property=\"og:site_name\" content=\"Sand\u017eak PRESS\" \/>\n<meta property=\"article:published_time\" content=\"2019-11-21T13:27:19+00:00\" \/>\n<meta property=\"article:modified_time\" content=\"2019-11-21T13:54:46+00:00\" \/>\n<meta property=\"og:image\" content=\"https:\/\/sandzakpress.net\/arhiva\/wp-content\/uploads\/2019\/11\/Capture-9.jpg\" \/>\n\t<meta property=\"og:image:width\" content=\"1211\" \/>\n\t<meta property=\"og:image:height\" content=\"773\" \/>\n\t<meta property=\"og:image:type\" content=\"image\/jpeg\" \/>\n<meta name=\"author\" content=\"Agencija\" \/>\n<meta name=\"twitter:card\" content=\"summary_large_image\" \/>\n<meta name=\"twitter:label1\" content=\"Written by\" \/>\n\t<meta name=\"twitter:data1\" content=\"Agencija\" \/>\n\t<meta name=\"twitter:label2\" content=\"Est. reading time\" \/>\n\t<meta name=\"twitter:data2\" content=\"4 minute\" \/>\n<script type=\"application\/ld+json\" class=\"yoast-schema-graph\">{\"@context\":\"https:\/\/schema.org\",\"@graph\":[{\"@type\":\"Article\",\"@id\":\"https:\/\/sandzakpress.net\/arhiva\/dr-zukorlic-prekogranicna-regija-sandzak-bi-bila-faktor-mira-i-stabilnosti-na-balkanu\/#article\",\"isPartOf\":{\"@id\":\"https:\/\/sandzakpress.net\/arhiva\/dr-zukorlic-prekogranicna-regija-sandzak-bi-bila-faktor-mira-i-stabilnosti-na-balkanu\/\"},\"author\":{\"name\":\"Agencija\",\"@id\":\"https:\/\/sandzakpress.net\/arhiva\/#\/schema\/person\/cb59d7e3ab91ab90dd680ad0305a6185\"},\"headline\":\"Dr. Zukorli\u0107: Prekograni\u010dna regija Sand\u017eak bila bi faktor mira i stabilnosti na Balkanu\",\"datePublished\":\"2019-11-21T13:27:19+00:00\",\"dateModified\":\"2019-11-21T13:54:46+00:00\",\"mainEntityOfPage\":{\"@id\":\"https:\/\/sandzakpress.net\/arhiva\/dr-zukorlic-prekogranicna-regija-sandzak-bi-bila-faktor-mira-i-stabilnosti-na-balkanu\/\"},\"wordCount\":786,\"commentCount\":2,\"publisher\":{\"@id\":\"https:\/\/sandzakpress.net\/arhiva\/#\/schema\/person\/6e72b67d6e51910a1117b3b483ba20bd\"},\"image\":{\"@id\":\"https:\/\/sandzakpress.net\/arhiva\/dr-zukorlic-prekogranicna-regija-sandzak-bi-bila-faktor-mira-i-stabilnosti-na-balkanu\/#primaryimage\"},\"thumbnailUrl\":\"https:\/\/sandzakpress.net\/arhiva\/wp-content\/uploads\/2019\/11\/Capture-9.jpg\",\"keywords\":[\"muftija Muamer Zukorli\u0107\"],\"articleSection\":[\"Novi Pazar\",\"Sjenica\",\"Politika\",\"Tutin\",\"Prijepolje\",\"Priboj\",\"Nova Varo\u0161\",\"VIJESTI DANA\"],\"inLanguage\":\"bs-BA\",\"potentialAction\":[{\"@type\":\"CommentAction\",\"name\":\"Comment\",\"target\":[\"https:\/\/sandzakpress.net\/arhiva\/dr-zukorlic-prekogranicna-regija-sandzak-bi-bila-faktor-mira-i-stabilnosti-na-balkanu\/#respond\"]}]},{\"@type\":\"WebPage\",\"@id\":\"https:\/\/sandzakpress.net\/arhiva\/dr-zukorlic-prekogranicna-regija-sandzak-bi-bila-faktor-mira-i-stabilnosti-na-balkanu\/\",\"url\":\"https:\/\/sandzakpress.net\/arhiva\/dr-zukorlic-prekogranicna-regija-sandzak-bi-bila-faktor-mira-i-stabilnosti-na-balkanu\/\",\"name\":\"Dr. Zukorli\u0107: Prekograni\u010dna regija Sand\u017eak bila bi faktor mira i stabilnosti na Balkanu\",\"isPartOf\":{\"@id\":\"https:\/\/sandzakpress.net\/arhiva\/#website\"},\"primaryImageOfPage\":{\"@id\":\"https:\/\/sandzakpress.net\/arhiva\/dr-zukorlic-prekogranicna-regija-sandzak-bi-bila-faktor-mira-i-stabilnosti-na-balkanu\/#primaryimage\"},\"image\":{\"@id\":\"https:\/\/sandzakpress.net\/arhiva\/dr-zukorlic-prekogranicna-regija-sandzak-bi-bila-faktor-mira-i-stabilnosti-na-balkanu\/#primaryimage\"},\"thumbnailUrl\":\"https:\/\/sandzakpress.net\/arhiva\/wp-content\/uploads\/2019\/11\/Capture-9.jpg\",\"datePublished\":\"2019-11-21T13:27:19+00:00\",\"dateModified\":\"2019-11-21T13:54:46+00:00\",\"breadcrumb\":{\"@id\":\"https:\/\/sandzakpress.net\/arhiva\/dr-zukorlic-prekogranicna-regija-sandzak-bi-bila-faktor-mira-i-stabilnosti-na-balkanu\/#breadcrumb\"},\"inLanguage\":\"bs-BA\",\"potentialAction\":[{\"@type\":\"ReadAction\",\"target\":[\"https:\/\/sandzakpress.net\/arhiva\/dr-zukorlic-prekogranicna-regija-sandzak-bi-bila-faktor-mira-i-stabilnosti-na-balkanu\/\"]}]},{\"@type\":\"ImageObject\",\"inLanguage\":\"bs-BA\",\"@id\":\"https:\/\/sandzakpress.net\/arhiva\/dr-zukorlic-prekogranicna-regija-sandzak-bi-bila-faktor-mira-i-stabilnosti-na-balkanu\/#primaryimage\",\"url\":\"https:\/\/sandzakpress.net\/arhiva\/wp-content\/uploads\/2019\/11\/Capture-9.jpg\",\"contentUrl\":\"https:\/\/sandzakpress.net\/arhiva\/wp-content\/uploads\/2019\/11\/Capture-9.jpg\",\"width\":1211,\"height\":773},{\"@type\":\"BreadcrumbList\",\"@id\":\"https:\/\/sandzakpress.net\/arhiva\/dr-zukorlic-prekogranicna-regija-sandzak-bi-bila-faktor-mira-i-stabilnosti-na-balkanu\/#breadcrumb\",\"itemListElement\":[{\"@type\":\"ListItem\",\"position\":1,\"name\":\"Home\",\"item\":\"https:\/\/sandzakpress.net\/arhiva\/\"},{\"@type\":\"ListItem\",\"position\":2,\"name\":\"Dr. Zukorli\u0107: Prekograni\u010dna regija Sand\u017eak bila bi faktor mira i stabilnosti na Balkanu\"}]},{\"@type\":\"WebSite\",\"@id\":\"https:\/\/sandzakpress.net\/arhiva\/#website\",\"url\":\"https:\/\/sandzakpress.net\/arhiva\/\",\"name\":\"Sand\u017eak PRESS\",\"description\":\"Prve elektronske novine u Sand\u017eaku\",\"publisher\":{\"@id\":\"https:\/\/sandzakpress.net\/arhiva\/#\/schema\/person\/6e72b67d6e51910a1117b3b483ba20bd\"},\"potentialAction\":[{\"@type\":\"SearchAction\",\"target\":{\"@type\":\"EntryPoint\",\"urlTemplate\":\"https:\/\/sandzakpress.net\/arhiva\/?s={search_term_string}\"},\"query-input\":{\"@type\":\"PropertyValueSpecification\",\"valueRequired\":true,\"valueName\":\"search_term_string\"}}],\"inLanguage\":\"bs-BA\"},{\"@type\":[\"Person\",\"Organization\"],\"@id\":\"https:\/\/sandzakpress.net\/arhiva\/#\/schema\/person\/6e72b67d6e51910a1117b3b483ba20bd\",\"name\":\"Kul\",\"image\":{\"@type\":\"ImageObject\",\"inLanguage\":\"bs-BA\",\"@id\":\"https:\/\/sandzakpress.net\/arhiva\/#\/schema\/person\/image\/\",\"url\":\"https:\/\/secure.gravatar.com\/avatar\/42263f39aa27ac04c43cab85c280eb2e?s=96&d=mm&r=pg\",\"contentUrl\":\"https:\/\/secure.gravatar.com\/avatar\/42263f39aa27ac04c43cab85c280eb2e?s=96&d=mm&r=pg\",\"caption\":\"Kul\"},\"logo\":{\"@id\":\"https:\/\/sandzakpress.net\/arhiva\/#\/schema\/person\/image\/\"}},{\"@type\":\"Person\",\"@id\":\"https:\/\/sandzakpress.net\/arhiva\/#\/schema\/person\/cb59d7e3ab91ab90dd680ad0305a6185\",\"name\":\"Agencija\",\"image\":{\"@type\":\"ImageObject\",\"inLanguage\":\"bs-BA\",\"@id\":\"https:\/\/sandzakpress.net\/arhiva\/#\/schema\/person\/image\/\",\"url\":\"https:\/\/secure.gravatar.com\/avatar\/4b7fafa80a22f0c2afe23966b3961fe0?s=96&d=mm&r=pg\",\"contentUrl\":\"https:\/\/secure.gravatar.com\/avatar\/4b7fafa80a22f0c2afe23966b3961fe0?s=96&d=mm&r=pg\",\"caption\":\"Agencija\"},\"url\":\"https:\/\/sandzakpress.net\/arhiva\/author\/agencija\/\"}]}<\/script>\n<!-- \/ Yoast SEO Premium plugin. -->","yoast_head_json":{"title":"Dr. Zukorli\u0107: Prekograni\u010dna regija Sand\u017eak bila bi faktor mira i stabilnosti na Balkanu","robots":{"index":"index","follow":"follow","max-snippet":"max-snippet:-1","max-image-preview":"max-image-preview:large","max-video-preview":"max-video-preview:-1"},"canonical":"https:\/\/sandzakpress.net\/arhiva\/dr-zukorlic-prekogranicna-regija-sandzak-bi-bila-faktor-mira-i-stabilnosti-na-balkanu\/","og_locale":"bs_BA","og_type":"article","og_title":"Dr. Zukorli\u0107: Prekograni\u010dna regija Sand\u017eak bila bi faktor mira i stabilnosti na Balkanu","og_description":"Narodni poslanik i predsjednik Stranke pravde i pomirenja dr. Muamer Zukorli\u0107 bio je gost emisije &#8220;Posle ru\u010dka&#8221;\u00a0 na Happy televiziji. Razgovaralo se o autonomiji Sand\u017eaka, ko ima najvi\u0161e koristi od otvaranja granica ali o i tome\u00a0da li malim \u0161engenom Srbija ulazi na velika vrata u Evropu, ? Gosti u studiju su pored dr. Zukorli\u0107a bili [&hellip;]","og_url":"https:\/\/sandzakpress.net\/arhiva\/dr-zukorlic-prekogranicna-regija-sandzak-bi-bila-faktor-mira-i-stabilnosti-na-balkanu\/","og_site_name":"Sand\u017eak PRESS","article_published_time":"2019-11-21T13:27:19+00:00","article_modified_time":"2019-11-21T13:54:46+00:00","og_image":[{"width":1211,"height":773,"url":"https:\/\/sandzakpress.net\/arhiva\/wp-content\/uploads\/2019\/11\/Capture-9.jpg","type":"image\/jpeg"}],"author":"Agencija","twitter_card":"summary_large_image","twitter_misc":{"Written by":"Agencija","Est. reading time":"4 minute"},"schema":{"@context":"https:\/\/schema.org","@graph":[{"@type":"Article","@id":"https:\/\/sandzakpress.net\/arhiva\/dr-zukorlic-prekogranicna-regija-sandzak-bi-bila-faktor-mira-i-stabilnosti-na-balkanu\/#article","isPartOf":{"@id":"https:\/\/sandzakpress.net\/arhiva\/dr-zukorlic-prekogranicna-regija-sandzak-bi-bila-faktor-mira-i-stabilnosti-na-balkanu\/"},"author":{"name":"Agencija","@id":"https:\/\/sandzakpress.net\/arhiva\/#\/schema\/person\/cb59d7e3ab91ab90dd680ad0305a6185"},"headline":"Dr. Zukorli\u0107: Prekograni\u010dna regija Sand\u017eak bila bi faktor mira i stabilnosti na Balkanu","datePublished":"2019-11-21T13:27:19+00:00","dateModified":"2019-11-21T13:54:46+00:00","mainEntityOfPage":{"@id":"https:\/\/sandzakpress.net\/arhiva\/dr-zukorlic-prekogranicna-regija-sandzak-bi-bila-faktor-mira-i-stabilnosti-na-balkanu\/"},"wordCount":786,"commentCount":2,"publisher":{"@id":"https:\/\/sandzakpress.net\/arhiva\/#\/schema\/person\/6e72b67d6e51910a1117b3b483ba20bd"},"image":{"@id":"https:\/\/sandzakpress.net\/arhiva\/dr-zukorlic-prekogranicna-regija-sandzak-bi-bila-faktor-mira-i-stabilnosti-na-balkanu\/#primaryimage"},"thumbnailUrl":"https:\/\/sandzakpress.net\/arhiva\/wp-content\/uploads\/2019\/11\/Capture-9.jpg","keywords":["muftija Muamer Zukorli\u0107"],"articleSection":["Novi Pazar","Sjenica","Politika","Tutin","Prijepolje","Priboj","Nova Varo\u0161","VIJESTI DANA"],"inLanguage":"bs-BA","potentialAction":[{"@type":"CommentAction","name":"Comment","target":["https:\/\/sandzakpress.net\/arhiva\/dr-zukorlic-prekogranicna-regija-sandzak-bi-bila-faktor-mira-i-stabilnosti-na-balkanu\/#respond"]}]},{"@type":"WebPage","@id":"https:\/\/sandzakpress.net\/arhiva\/dr-zukorlic-prekogranicna-regija-sandzak-bi-bila-faktor-mira-i-stabilnosti-na-balkanu\/","url":"https:\/\/sandzakpress.net\/arhiva\/dr-zukorlic-prekogranicna-regija-sandzak-bi-bila-faktor-mira-i-stabilnosti-na-balkanu\/","name":"Dr. Zukorli\u0107: Prekograni\u010dna regija Sand\u017eak bila bi faktor mira i stabilnosti na Balkanu","isPartOf":{"@id":"https:\/\/sandzakpress.net\/arhiva\/#website"},"primaryImageOfPage":{"@id":"https:\/\/sandzakpress.net\/arhiva\/dr-zukorlic-prekogranicna-regija-sandzak-bi-bila-faktor-mira-i-stabilnosti-na-balkanu\/#primaryimage"},"image":{"@id":"https:\/\/sandzakpress.net\/arhiva\/dr-zukorlic-prekogranicna-regija-sandzak-bi-bila-faktor-mira-i-stabilnosti-na-balkanu\/#primaryimage"},"thumbnailUrl":"https:\/\/sandzakpress.net\/arhiva\/wp-content\/uploads\/2019\/11\/Capture-9.jpg","datePublished":"2019-11-21T13:27:19+00:00","dateModified":"2019-11-21T13:54:46+00:00","breadcrumb":{"@id":"https:\/\/sandzakpress.net\/arhiva\/dr-zukorlic-prekogranicna-regija-sandzak-bi-bila-faktor-mira-i-stabilnosti-na-balkanu\/#breadcrumb"},"inLanguage":"bs-BA","potentialAction":[{"@type":"ReadAction","target":["https:\/\/sandzakpress.net\/arhiva\/dr-zukorlic-prekogranicna-regija-sandzak-bi-bila-faktor-mira-i-stabilnosti-na-balkanu\/"]}]},{"@type":"ImageObject","inLanguage":"bs-BA","@id":"https:\/\/sandzakpress.net\/arhiva\/dr-zukorlic-prekogranicna-regija-sandzak-bi-bila-faktor-mira-i-stabilnosti-na-balkanu\/#primaryimage","url":"https:\/\/sandzakpress.net\/arhiva\/wp-content\/uploads\/2019\/11\/Capture-9.jpg","contentUrl":"https:\/\/sandzakpress.net\/arhiva\/wp-content\/uploads\/2019\/11\/Capture-9.jpg","width":1211,"height":773},{"@type":"BreadcrumbList","@id":"https:\/\/sandzakpress.net\/arhiva\/dr-zukorlic-prekogranicna-regija-sandzak-bi-bila-faktor-mira-i-stabilnosti-na-balkanu\/#breadcrumb","itemListElement":[{"@type":"ListItem","position":1,"name":"Home","item":"https:\/\/sandzakpress.net\/arhiva\/"},{"@type":"ListItem","position":2,"name":"Dr. Zukorli\u0107: Prekograni\u010dna regija Sand\u017eak bila bi faktor mira i stabilnosti na Balkanu"}]},{"@type":"WebSite","@id":"https:\/\/sandzakpress.net\/arhiva\/#website","url":"https:\/\/sandzakpress.net\/arhiva\/","name":"Sand\u017eak PRESS","description":"Prve elektronske novine u Sand\u017eaku","publisher":{"@id":"https:\/\/sandzakpress.net\/arhiva\/#\/schema\/person\/6e72b67d6e51910a1117b3b483ba20bd"},"potentialAction":[{"@type":"SearchAction","target":{"@type":"EntryPoint","urlTemplate":"https:\/\/sandzakpress.net\/arhiva\/?s={search_term_string}"},"query-input":{"@type":"PropertyValueSpecification","valueRequired":true,"valueName":"search_term_string"}}],"inLanguage":"bs-BA"},{"@type":["Person","Organization"],"@id":"https:\/\/sandzakpress.net\/arhiva\/#\/schema\/person\/6e72b67d6e51910a1117b3b483ba20bd","name":"Kul","image":{"@type":"ImageObject","inLanguage":"bs-BA","@id":"https:\/\/sandzakpress.net\/arhiva\/#\/schema\/person\/image\/","url":"https:\/\/secure.gravatar.com\/avatar\/42263f39aa27ac04c43cab85c280eb2e?s=96&d=mm&r=pg","contentUrl":"https:\/\/secure.gravatar.com\/avatar\/42263f39aa27ac04c43cab85c280eb2e?s=96&d=mm&r=pg","caption":"Kul"},"logo":{"@id":"https:\/\/sandzakpress.net\/arhiva\/#\/schema\/person\/image\/"}},{"@type":"Person","@id":"https:\/\/sandzakpress.net\/arhiva\/#\/schema\/person\/cb59d7e3ab91ab90dd680ad0305a6185","name":"Agencija","image":{"@type":"ImageObject","inLanguage":"bs-BA","@id":"https:\/\/sandzakpress.net\/arhiva\/#\/schema\/person\/image\/","url":"https:\/\/secure.gravatar.com\/avatar\/4b7fafa80a22f0c2afe23966b3961fe0?s=96&d=mm&r=pg","contentUrl":"https:\/\/secure.gravatar.com\/avatar\/4b7fafa80a22f0c2afe23966b3961fe0?s=96&d=mm&r=pg","caption":"Agencija"},"url":"https:\/\/sandzakpress.net\/arhiva\/author\/agencija\/"}]}},"_links":{"self":[{"href":"https:\/\/sandzakpress.net\/arhiva\/wp-json\/wp\/v2\/posts\/230810"}],"collection":[{"href":"https:\/\/sandzakpress.net\/arhiva\/wp-json\/wp\/v2\/posts"}],"about":[{"href":"https:\/\/sandzakpress.net\/arhiva\/wp-json\/wp\/v2\/types\/post"}],"author":[{"embeddable":true,"href":"https:\/\/sandzakpress.net\/arhiva\/wp-json\/wp\/v2\/users\/509"}],"replies":[{"embeddable":true,"href":"https:\/\/sandzakpress.net\/arhiva\/wp-json\/wp\/v2\/comments?post=230810"}],"version-history":[{"count":0,"href":"https:\/\/sandzakpress.net\/arhiva\/wp-json\/wp\/v2\/posts\/230810\/revisions"}],"wp:featuredmedia":[{"embeddable":true,"href":"https:\/\/sandzakpress.net\/arhiva\/wp-json\/wp\/v2\/media\/230811"}],"wp:attachment":[{"href":"https:\/\/sandzakpress.net\/arhiva\/wp-json\/wp\/v2\/media?parent=230810"}],"wp:term":[{"taxonomy":"category","embeddable":true,"href":"https:\/\/sandzakpress.net\/arhiva\/wp-json\/wp\/v2\/categories?post=230810"},{"taxonomy":"post_tag","embeddable":true,"href":"https:\/\/sandzakpress.net\/arhiva\/wp-json\/wp\/v2\/tags?post=230810"}],"curies":[{"name":"wp","href":"https:\/\/api.w.org\/{rel}","templated":true}]}}