{"id":230802,"date":"2019-11-20T22:25:18","date_gmt":"2019-11-20T21:25:18","guid":{"rendered":"https:\/\/sandzakpress.net\/arhiva\/?p=230802"},"modified":"2019-11-20T22:25:18","modified_gmt":"2019-11-20T21:25:18","slug":"dr-fehratovic-o-budzetu-za-2020-godinu-i-investicijama-u-sandzaku","status":"publish","type":"post","link":"https:\/\/sandzakpress.net\/arhiva\/dr-fehratovic-o-budzetu-za-2020-godinu-i-investicijama-u-sandzaku\/","title":{"rendered":"Dr. Fehratovi\u0107 o bud\u017eetu za 2020.godinu i investicijama u Sand\u017eaku"},"content":{"rendered":"<p><img loading=\"lazy\" decoding=\"async\" class=\"alignnone size-large wp-image-230803\" src=\"https:\/\/sandzakpress.net\/arhiva\/wp-content\/uploads\/2019\/11\/007007AD-122D-41E8-BF92-2E6F3B9F03BA-1024x590-616x355.jpeg\" alt=\"\" width=\"616\" height=\"355\" srcset=\"https:\/\/sandzakpress.net\/arhiva\/wp-content\/uploads\/2019\/11\/007007AD-122D-41E8-BF92-2E6F3B9F03BA-1024x590-616x355.jpeg 616w, https:\/\/sandzakpress.net\/arhiva\/wp-content\/uploads\/2019\/11\/007007AD-122D-41E8-BF92-2E6F3B9F03BA-1024x590-768x443.jpeg 768w, https:\/\/sandzakpress.net\/arhiva\/wp-content\/uploads\/2019\/11\/007007AD-122D-41E8-BF92-2E6F3B9F03BA-1024x590.jpeg 1024w\" sizes=\"(max-width: 616px) 100vw, 616px\" \/><\/p>\n<p><strong>Dr. Fehratovi\u0107 danas u Skup\u0161tini Srbije o bud\u017eetu za 2020.godinu ali i o investicijama u Sand\u017eaku. Na samom po\u010detku, \u010destitao je svim Bo\u0161njacima Dan Sand\u017eaka.<\/strong><\/p>\n<p>\u201cDan Sand\u017eaka se smatra i Nacionalnim danom jer je narod iz Sand\u017eaka u Pljevljima tada rekao da \u017eeli spojiti narod kroz ovaj prostor. Prostor na kome \u0107e \u017eivjeti u miru i toleranciji i gdje ne\u0107e biti nikakvog fa\u0161izma. To je jedan od razloga zbog kojeg smatramo da je ovaj bud\u017eet dobar. Bavi se ujedno i infrastrukturalnim projektima. A takvi projekti su nam zaista va\u017eni jer spajaju i ljude i prostore i narode, tako da smo radosni da \u0107e i ovim nacrtom bud\u017eeta biti realizirani mnogi projekti na podru\u010dju Sand\u017eaka. Prije svega, to mislim na dio prema Kotromanu auto puta, rekonstrukciju dr\u017eavnog puta Novi Pazar-Tutin\u201d.<\/p>\n<p>Ono \u0161to zabrinjava nas, kako ka\u017ee dr. Fehratovi\u0107 jeste to da je ve\u0107 nekoliko puta najavljivano, probijeni su termini te rekonstrukcije. \u010cak i kada je Erdoan posjetio Sand\u017eak, opet se krenulo sa rekonstrukcijom ali samo jednog potpornog zida.<\/p>\n<p>\u201cGra\u0111ani su dosta izgubili povjerenje jer su dugo \u010dekali. Imat \u0107e strpljenja jo\u0161 malo ali samo ako budu sigurni da \u0107e se to doista zavr\u0161iti\u201d.<\/p>\n<p>Ujedno, \u017eelimo pohvaliti kapitalni projekat gasovod koji ide od Brusa, Kopaonika, Ra\u0161ke i Novog Pazara i Tutina a to je jedan od velikih uvjeta za razvoj privrede i bilo kakvog ekonomskog boljitka, kazao je dr. Fehratovi\u0107.<\/p>\n<p>\u201cOno \u0161to smo mo\u017eda i o\u010dekivali i na neki na\u010din apelujemo da se na\u0111e u prijedlogu slijede\u0107ega bud\u017eeta jeste i rekonstrukcija elektromre\u017ea na tim podru\u010djima. Elektro mre\u017ee na tim podru\u010djima su zaista nedovoljnih kapaciteta s obzirom na ekspanziju gra\u0111evinskih investicija. Gra\u0111ani bivaju u strahu, sa pravom, da li \u0107e postoje\u0107i kapaciteti mo\u0107i da izdr\u017ee kada se sva novo izgradnja priklju\u010di na mre\u017eu. Ovo samo sugeriramo nadle\u017enim Ministarstvima i Vladi da pa\u017eljivo pogledaju i ovo pitanje\u201d, isti\u010de dr. Fehratovi\u0107.<\/p>\n<p>Na terenu se vrlo \u010desto susre\u0107emo a koja je prisutna u ovom nacrtu bud\u017eeta jesu ozbiljnija izdavanja za prosvjetu, to je dobro. Me\u0111utim, ono \u0161to interesira prosvetne radnike \u010dinjenica da jo\u0161 uvjek nismo u prilici da otpo\u010dne proces primanja za stalni radni odnos u prosveti.<\/p>\n<p>\u201cImamo stalni rast u bud\u017eetu i finansijska situacija je stabilna, ovim putem apelujemo da se i na ovo pitanje obrati pa\u017enja. Ujedno da nadle\u017ena Ministarstva i Vlada posebno pozabave ovim pitanjem. Veliki je broj ljudi u prosveti koji su na ivici da li da ostanu u ovoj dr\u017eavi ili ne a sve zbog nesigurnosti u njihova primanja\u201d, zavr\u0161ava dr. Fehratovi\u0107.<\/p>\n<p><iframe loading=\"lazy\" title=\"Dr. Fehratovi\u0107 u Skup\u0161tini Srbije o bud\u017eetu za 2020. godinu i investicijama u Sand\u017eaku\" width=\"696\" height=\"392\" src=\"https:\/\/www.youtube.com\/embed\/_7A4EeihcFw?feature=oembed\" frameborder=\"0\" allow=\"accelerometer; autoplay; encrypted-media; gyroscope; picture-in-picture\" allowfullscreen><\/iframe><\/p>\n<p>&nbsp;<\/p>\n","protected":false},"excerpt":{"rendered":"<p>Dr. Fehratovi\u0107 danas u Skup\u0161tini Srbije o bud\u017eetu za 2020.godinu ali i o investicijama u Sand\u017eaku. Na samom po\u010detku, \u010destitao je svim Bo\u0161njacima Dan Sand\u017eaka. \u201cDan Sand\u017eaka se smatra i Nacionalnim danom jer je narod iz Sand\u017eaka u Pljevljima tada rekao da \u017eeli spojiti narod kroz ovaj prostor. Prostor na kome \u0107e \u017eivjeti u miru [&hellip;]<\/p>\n","protected":false},"author":509,"featured_media":230804,"comment_status":"open","ping_status":"open","sticky":false,"template":"","format":"standard","meta":{"footnotes":""},"categories":[72,800,1,8957],"tags":[],"class_list":{"0":"post-230802","1":"post","2":"type-post","3":"status-publish","4":"format-standard","5":"has-post-thumbnail","7":"category-novi-pazar","8":"category-nacija","9":"category-politika","10":"category-vijesti-dana"},"yoast_head":"<!-- This site is optimized with the Yoast SEO Premium plugin v23.1 (Yoast SEO v24.9) - https:\/\/yoast.com\/wordpress\/plugins\/seo\/ -->\n<title>Dr. Fehratovi\u0107 o bud\u017eetu za 2020.godinu i investicijama u Sand\u017eaku<\/title>\n<meta name=\"robots\" content=\"index, follow, max-snippet:-1, max-image-preview:large, max-video-preview:-1\" \/>\n<link rel=\"canonical\" href=\"https:\/\/sandzakpress.net\/arhiva\/dr-fehratovic-o-budzetu-za-2020-godinu-i-investicijama-u-sandzaku\/\" \/>\n<meta property=\"og:locale\" content=\"bs_BA\" \/>\n<meta property=\"og:type\" content=\"article\" \/>\n<meta property=\"og:title\" content=\"Dr. Fehratovi\u0107 o bud\u017eetu za 2020.godinu i investicijama u Sand\u017eaku\" \/>\n<meta property=\"og:description\" content=\"Dr. Fehratovi\u0107 danas u Skup\u0161tini Srbije o bud\u017eetu za 2020.godinu ali i o investicijama u Sand\u017eaku. Na samom po\u010detku, \u010destitao je svim Bo\u0161njacima Dan Sand\u017eaka. \u201cDan Sand\u017eaka se smatra i Nacionalnim danom jer je narod iz Sand\u017eaka u Pljevljima tada rekao da \u017eeli spojiti narod kroz ovaj prostor. Prostor na kome \u0107e \u017eivjeti u miru [&hellip;]\" \/>\n<meta property=\"og:url\" content=\"https:\/\/sandzakpress.net\/arhiva\/dr-fehratovic-o-budzetu-za-2020-godinu-i-investicijama-u-sandzaku\/\" \/>\n<meta property=\"og:site_name\" content=\"Sand\u017eak PRESS\" \/>\n<meta property=\"article:published_time\" content=\"2019-11-20T21:25:18+00:00\" \/>\n<meta property=\"og:image\" content=\"https:\/\/sandzakpress.net\/arhiva\/wp-content\/uploads\/2019\/11\/007007AD-122D-41E8-BF92-2E6F3B9F03BA-1024x590-616x355-1.jpeg.jpg\" \/>\n\t<meta property=\"og:image:width\" content=\"616\" \/>\n\t<meta property=\"og:image:height\" content=\"355\" \/>\n\t<meta property=\"og:image:type\" content=\"image\/jpeg\" \/>\n<meta name=\"author\" content=\"Agencija\" \/>\n<meta name=\"twitter:card\" content=\"summary_large_image\" \/>\n<meta name=\"twitter:label1\" content=\"Written by\" \/>\n\t<meta name=\"twitter:data1\" content=\"Agencija\" \/>\n\t<meta name=\"twitter:label2\" content=\"Est. reading time\" \/>\n\t<meta name=\"twitter:data2\" content=\"2 minute\" \/>\n<script type=\"application\/ld+json\" class=\"yoast-schema-graph\">{\"@context\":\"https:\/\/schema.org\",\"@graph\":[{\"@type\":\"Article\",\"@id\":\"https:\/\/sandzakpress.net\/arhiva\/dr-fehratovic-o-budzetu-za-2020-godinu-i-investicijama-u-sandzaku\/#article\",\"isPartOf\":{\"@id\":\"https:\/\/sandzakpress.net\/arhiva\/dr-fehratovic-o-budzetu-za-2020-godinu-i-investicijama-u-sandzaku\/\"},\"author\":{\"name\":\"Agencija\",\"@id\":\"https:\/\/sandzakpress.net\/arhiva\/#\/schema\/person\/cb59d7e3ab91ab90dd680ad0305a6185\"},\"headline\":\"Dr. Fehratovi\u0107 o bud\u017eetu za 2020.godinu i investicijama u Sand\u017eaku\",\"datePublished\":\"2019-11-20T21:25:18+00:00\",\"mainEntityOfPage\":{\"@id\":\"https:\/\/sandzakpress.net\/arhiva\/dr-fehratovic-o-budzetu-za-2020-godinu-i-investicijama-u-sandzaku\/\"},\"wordCount\":479,\"commentCount\":0,\"publisher\":{\"@id\":\"https:\/\/sandzakpress.net\/arhiva\/#\/schema\/person\/6e72b67d6e51910a1117b3b483ba20bd\"},\"image\":{\"@id\":\"https:\/\/sandzakpress.net\/arhiva\/dr-fehratovic-o-budzetu-za-2020-godinu-i-investicijama-u-sandzaku\/#primaryimage\"},\"thumbnailUrl\":\"https:\/\/sandzakpress.net\/arhiva\/wp-content\/uploads\/2019\/11\/007007AD-122D-41E8-BF92-2E6F3B9F03BA-1024x590-616x355-1.jpeg.jpg\",\"articleSection\":[\"Novi Pazar\",\"Nacija\",\"Politika\",\"VIJESTI DANA\"],\"inLanguage\":\"bs-BA\",\"potentialAction\":[{\"@type\":\"CommentAction\",\"name\":\"Comment\",\"target\":[\"https:\/\/sandzakpress.net\/arhiva\/dr-fehratovic-o-budzetu-za-2020-godinu-i-investicijama-u-sandzaku\/#respond\"]}]},{\"@type\":\"WebPage\",\"@id\":\"https:\/\/sandzakpress.net\/arhiva\/dr-fehratovic-o-budzetu-za-2020-godinu-i-investicijama-u-sandzaku\/\",\"url\":\"https:\/\/sandzakpress.net\/arhiva\/dr-fehratovic-o-budzetu-za-2020-godinu-i-investicijama-u-sandzaku\/\",\"name\":\"Dr. Fehratovi\u0107 o bud\u017eetu za 2020.godinu i investicijama u Sand\u017eaku\",\"isPartOf\":{\"@id\":\"https:\/\/sandzakpress.net\/arhiva\/#website\"},\"primaryImageOfPage\":{\"@id\":\"https:\/\/sandzakpress.net\/arhiva\/dr-fehratovic-o-budzetu-za-2020-godinu-i-investicijama-u-sandzaku\/#primaryimage\"},\"image\":{\"@id\":\"https:\/\/sandzakpress.net\/arhiva\/dr-fehratovic-o-budzetu-za-2020-godinu-i-investicijama-u-sandzaku\/#primaryimage\"},\"thumbnailUrl\":\"https:\/\/sandzakpress.net\/arhiva\/wp-content\/uploads\/2019\/11\/007007AD-122D-41E8-BF92-2E6F3B9F03BA-1024x590-616x355-1.jpeg.jpg\",\"datePublished\":\"2019-11-20T21:25:18+00:00\",\"breadcrumb\":{\"@id\":\"https:\/\/sandzakpress.net\/arhiva\/dr-fehratovic-o-budzetu-za-2020-godinu-i-investicijama-u-sandzaku\/#breadcrumb\"},\"inLanguage\":\"bs-BA\",\"potentialAction\":[{\"@type\":\"ReadAction\",\"target\":[\"https:\/\/sandzakpress.net\/arhiva\/dr-fehratovic-o-budzetu-za-2020-godinu-i-investicijama-u-sandzaku\/\"]}]},{\"@type\":\"ImageObject\",\"inLanguage\":\"bs-BA\",\"@id\":\"https:\/\/sandzakpress.net\/arhiva\/dr-fehratovic-o-budzetu-za-2020-godinu-i-investicijama-u-sandzaku\/#primaryimage\",\"url\":\"https:\/\/sandzakpress.net\/arhiva\/wp-content\/uploads\/2019\/11\/007007AD-122D-41E8-BF92-2E6F3B9F03BA-1024x590-616x355-1.jpeg.jpg\",\"contentUrl\":\"https:\/\/sandzakpress.net\/arhiva\/wp-content\/uploads\/2019\/11\/007007AD-122D-41E8-BF92-2E6F3B9F03BA-1024x590-616x355-1.jpeg.jpg\",\"width\":616,\"height\":355},{\"@type\":\"BreadcrumbList\",\"@id\":\"https:\/\/sandzakpress.net\/arhiva\/dr-fehratovic-o-budzetu-za-2020-godinu-i-investicijama-u-sandzaku\/#breadcrumb\",\"itemListElement\":[{\"@type\":\"ListItem\",\"position\":1,\"name\":\"Home\",\"item\":\"https:\/\/sandzakpress.net\/arhiva\/\"},{\"@type\":\"ListItem\",\"position\":2,\"name\":\"Dr. Fehratovi\u0107 o bud\u017eetu za 2020.godinu i investicijama u Sand\u017eaku\"}]},{\"@type\":\"WebSite\",\"@id\":\"https:\/\/sandzakpress.net\/arhiva\/#website\",\"url\":\"https:\/\/sandzakpress.net\/arhiva\/\",\"name\":\"Sand\u017eak PRESS\",\"description\":\"Prve elektronske novine u Sand\u017eaku\",\"publisher\":{\"@id\":\"https:\/\/sandzakpress.net\/arhiva\/#\/schema\/person\/6e72b67d6e51910a1117b3b483ba20bd\"},\"potentialAction\":[{\"@type\":\"SearchAction\",\"target\":{\"@type\":\"EntryPoint\",\"urlTemplate\":\"https:\/\/sandzakpress.net\/arhiva\/?s={search_term_string}\"},\"query-input\":{\"@type\":\"PropertyValueSpecification\",\"valueRequired\":true,\"valueName\":\"search_term_string\"}}],\"inLanguage\":\"bs-BA\"},{\"@type\":[\"Person\",\"Organization\"],\"@id\":\"https:\/\/sandzakpress.net\/arhiva\/#\/schema\/person\/6e72b67d6e51910a1117b3b483ba20bd\",\"name\":\"Kul\",\"image\":{\"@type\":\"ImageObject\",\"inLanguage\":\"bs-BA\",\"@id\":\"https:\/\/sandzakpress.net\/arhiva\/#\/schema\/person\/image\/\",\"url\":\"https:\/\/secure.gravatar.com\/avatar\/42263f39aa27ac04c43cab85c280eb2e?s=96&d=mm&r=pg\",\"contentUrl\":\"https:\/\/secure.gravatar.com\/avatar\/42263f39aa27ac04c43cab85c280eb2e?s=96&d=mm&r=pg\",\"caption\":\"Kul\"},\"logo\":{\"@id\":\"https:\/\/sandzakpress.net\/arhiva\/#\/schema\/person\/image\/\"}},{\"@type\":\"Person\",\"@id\":\"https:\/\/sandzakpress.net\/arhiva\/#\/schema\/person\/cb59d7e3ab91ab90dd680ad0305a6185\",\"name\":\"Agencija\",\"image\":{\"@type\":\"ImageObject\",\"inLanguage\":\"bs-BA\",\"@id\":\"https:\/\/sandzakpress.net\/arhiva\/#\/schema\/person\/image\/\",\"url\":\"https:\/\/secure.gravatar.com\/avatar\/4b7fafa80a22f0c2afe23966b3961fe0?s=96&d=mm&r=pg\",\"contentUrl\":\"https:\/\/secure.gravatar.com\/avatar\/4b7fafa80a22f0c2afe23966b3961fe0?s=96&d=mm&r=pg\",\"caption\":\"Agencija\"},\"url\":\"https:\/\/sandzakpress.net\/arhiva\/author\/agencija\/\"}]}<\/script>\n<!-- \/ Yoast SEO Premium plugin. -->","yoast_head_json":{"title":"Dr. Fehratovi\u0107 o bud\u017eetu za 2020.godinu i investicijama u Sand\u017eaku","robots":{"index":"index","follow":"follow","max-snippet":"max-snippet:-1","max-image-preview":"max-image-preview:large","max-video-preview":"max-video-preview:-1"},"canonical":"https:\/\/sandzakpress.net\/arhiva\/dr-fehratovic-o-budzetu-za-2020-godinu-i-investicijama-u-sandzaku\/","og_locale":"bs_BA","og_type":"article","og_title":"Dr. Fehratovi\u0107 o bud\u017eetu za 2020.godinu i investicijama u Sand\u017eaku","og_description":"Dr. Fehratovi\u0107 danas u Skup\u0161tini Srbije o bud\u017eetu za 2020.godinu ali i o investicijama u Sand\u017eaku. Na samom po\u010detku, \u010destitao je svim Bo\u0161njacima Dan Sand\u017eaka. \u201cDan Sand\u017eaka se smatra i Nacionalnim danom jer je narod iz Sand\u017eaka u Pljevljima tada rekao da \u017eeli spojiti narod kroz ovaj prostor. Prostor na kome \u0107e \u017eivjeti u miru [&hellip;]","og_url":"https:\/\/sandzakpress.net\/arhiva\/dr-fehratovic-o-budzetu-za-2020-godinu-i-investicijama-u-sandzaku\/","og_site_name":"Sand\u017eak PRESS","article_published_time":"2019-11-20T21:25:18+00:00","og_image":[{"width":616,"height":355,"url":"https:\/\/sandzakpress.net\/arhiva\/wp-content\/uploads\/2019\/11\/007007AD-122D-41E8-BF92-2E6F3B9F03BA-1024x590-616x355-1.jpeg.jpg","type":"image\/jpeg"}],"author":"Agencija","twitter_card":"summary_large_image","twitter_misc":{"Written by":"Agencija","Est. reading time":"2 minute"},"schema":{"@context":"https:\/\/schema.org","@graph":[{"@type":"Article","@id":"https:\/\/sandzakpress.net\/arhiva\/dr-fehratovic-o-budzetu-za-2020-godinu-i-investicijama-u-sandzaku\/#article","isPartOf":{"@id":"https:\/\/sandzakpress.net\/arhiva\/dr-fehratovic-o-budzetu-za-2020-godinu-i-investicijama-u-sandzaku\/"},"author":{"name":"Agencija","@id":"https:\/\/sandzakpress.net\/arhiva\/#\/schema\/person\/cb59d7e3ab91ab90dd680ad0305a6185"},"headline":"Dr. Fehratovi\u0107 o bud\u017eetu za 2020.godinu i investicijama u Sand\u017eaku","datePublished":"2019-11-20T21:25:18+00:00","mainEntityOfPage":{"@id":"https:\/\/sandzakpress.net\/arhiva\/dr-fehratovic-o-budzetu-za-2020-godinu-i-investicijama-u-sandzaku\/"},"wordCount":479,"commentCount":0,"publisher":{"@id":"https:\/\/sandzakpress.net\/arhiva\/#\/schema\/person\/6e72b67d6e51910a1117b3b483ba20bd"},"image":{"@id":"https:\/\/sandzakpress.net\/arhiva\/dr-fehratovic-o-budzetu-za-2020-godinu-i-investicijama-u-sandzaku\/#primaryimage"},"thumbnailUrl":"https:\/\/sandzakpress.net\/arhiva\/wp-content\/uploads\/2019\/11\/007007AD-122D-41E8-BF92-2E6F3B9F03BA-1024x590-616x355-1.jpeg.jpg","articleSection":["Novi Pazar","Nacija","Politika","VIJESTI DANA"],"inLanguage":"bs-BA","potentialAction":[{"@type":"CommentAction","name":"Comment","target":["https:\/\/sandzakpress.net\/arhiva\/dr-fehratovic-o-budzetu-za-2020-godinu-i-investicijama-u-sandzaku\/#respond"]}]},{"@type":"WebPage","@id":"https:\/\/sandzakpress.net\/arhiva\/dr-fehratovic-o-budzetu-za-2020-godinu-i-investicijama-u-sandzaku\/","url":"https:\/\/sandzakpress.net\/arhiva\/dr-fehratovic-o-budzetu-za-2020-godinu-i-investicijama-u-sandzaku\/","name":"Dr. Fehratovi\u0107 o bud\u017eetu za 2020.godinu i investicijama u Sand\u017eaku","isPartOf":{"@id":"https:\/\/sandzakpress.net\/arhiva\/#website"},"primaryImageOfPage":{"@id":"https:\/\/sandzakpress.net\/arhiva\/dr-fehratovic-o-budzetu-za-2020-godinu-i-investicijama-u-sandzaku\/#primaryimage"},"image":{"@id":"https:\/\/sandzakpress.net\/arhiva\/dr-fehratovic-o-budzetu-za-2020-godinu-i-investicijama-u-sandzaku\/#primaryimage"},"thumbnailUrl":"https:\/\/sandzakpress.net\/arhiva\/wp-content\/uploads\/2019\/11\/007007AD-122D-41E8-BF92-2E6F3B9F03BA-1024x590-616x355-1.jpeg.jpg","datePublished":"2019-11-20T21:25:18+00:00","breadcrumb":{"@id":"https:\/\/sandzakpress.net\/arhiva\/dr-fehratovic-o-budzetu-za-2020-godinu-i-investicijama-u-sandzaku\/#breadcrumb"},"inLanguage":"bs-BA","potentialAction":[{"@type":"ReadAction","target":["https:\/\/sandzakpress.net\/arhiva\/dr-fehratovic-o-budzetu-za-2020-godinu-i-investicijama-u-sandzaku\/"]}]},{"@type":"ImageObject","inLanguage":"bs-BA","@id":"https:\/\/sandzakpress.net\/arhiva\/dr-fehratovic-o-budzetu-za-2020-godinu-i-investicijama-u-sandzaku\/#primaryimage","url":"https:\/\/sandzakpress.net\/arhiva\/wp-content\/uploads\/2019\/11\/007007AD-122D-41E8-BF92-2E6F3B9F03BA-1024x590-616x355-1.jpeg.jpg","contentUrl":"https:\/\/sandzakpress.net\/arhiva\/wp-content\/uploads\/2019\/11\/007007AD-122D-41E8-BF92-2E6F3B9F03BA-1024x590-616x355-1.jpeg.jpg","width":616,"height":355},{"@type":"BreadcrumbList","@id":"https:\/\/sandzakpress.net\/arhiva\/dr-fehratovic-o-budzetu-za-2020-godinu-i-investicijama-u-sandzaku\/#breadcrumb","itemListElement":[{"@type":"ListItem","position":1,"name":"Home","item":"https:\/\/sandzakpress.net\/arhiva\/"},{"@type":"ListItem","position":2,"name":"Dr. Fehratovi\u0107 o bud\u017eetu za 2020.godinu i investicijama u Sand\u017eaku"}]},{"@type":"WebSite","@id":"https:\/\/sandzakpress.net\/arhiva\/#website","url":"https:\/\/sandzakpress.net\/arhiva\/","name":"Sand\u017eak PRESS","description":"Prve elektronske novine u Sand\u017eaku","publisher":{"@id":"https:\/\/sandzakpress.net\/arhiva\/#\/schema\/person\/6e72b67d6e51910a1117b3b483ba20bd"},"potentialAction":[{"@type":"SearchAction","target":{"@type":"EntryPoint","urlTemplate":"https:\/\/sandzakpress.net\/arhiva\/?s={search_term_string}"},"query-input":{"@type":"PropertyValueSpecification","valueRequired":true,"valueName":"search_term_string"}}],"inLanguage":"bs-BA"},{"@type":["Person","Organization"],"@id":"https:\/\/sandzakpress.net\/arhiva\/#\/schema\/person\/6e72b67d6e51910a1117b3b483ba20bd","name":"Kul","image":{"@type":"ImageObject","inLanguage":"bs-BA","@id":"https:\/\/sandzakpress.net\/arhiva\/#\/schema\/person\/image\/","url":"https:\/\/secure.gravatar.com\/avatar\/42263f39aa27ac04c43cab85c280eb2e?s=96&d=mm&r=pg","contentUrl":"https:\/\/secure.gravatar.com\/avatar\/42263f39aa27ac04c43cab85c280eb2e?s=96&d=mm&r=pg","caption":"Kul"},"logo":{"@id":"https:\/\/sandzakpress.net\/arhiva\/#\/schema\/person\/image\/"}},{"@type":"Person","@id":"https:\/\/sandzakpress.net\/arhiva\/#\/schema\/person\/cb59d7e3ab91ab90dd680ad0305a6185","name":"Agencija","image":{"@type":"ImageObject","inLanguage":"bs-BA","@id":"https:\/\/sandzakpress.net\/arhiva\/#\/schema\/person\/image\/","url":"https:\/\/secure.gravatar.com\/avatar\/4b7fafa80a22f0c2afe23966b3961fe0?s=96&d=mm&r=pg","contentUrl":"https:\/\/secure.gravatar.com\/avatar\/4b7fafa80a22f0c2afe23966b3961fe0?s=96&d=mm&r=pg","caption":"Agencija"},"url":"https:\/\/sandzakpress.net\/arhiva\/author\/agencija\/"}]}},"_links":{"self":[{"href":"https:\/\/sandzakpress.net\/arhiva\/wp-json\/wp\/v2\/posts\/230802"}],"collection":[{"href":"https:\/\/sandzakpress.net\/arhiva\/wp-json\/wp\/v2\/posts"}],"about":[{"href":"https:\/\/sandzakpress.net\/arhiva\/wp-json\/wp\/v2\/types\/post"}],"author":[{"embeddable":true,"href":"https:\/\/sandzakpress.net\/arhiva\/wp-json\/wp\/v2\/users\/509"}],"replies":[{"embeddable":true,"href":"https:\/\/sandzakpress.net\/arhiva\/wp-json\/wp\/v2\/comments?post=230802"}],"version-history":[{"count":0,"href":"https:\/\/sandzakpress.net\/arhiva\/wp-json\/wp\/v2\/posts\/230802\/revisions"}],"wp:featuredmedia":[{"embeddable":true,"href":"https:\/\/sandzakpress.net\/arhiva\/wp-json\/wp\/v2\/media\/230804"}],"wp:attachment":[{"href":"https:\/\/sandzakpress.net\/arhiva\/wp-json\/wp\/v2\/media?parent=230802"}],"wp:term":[{"taxonomy":"category","embeddable":true,"href":"https:\/\/sandzakpress.net\/arhiva\/wp-json\/wp\/v2\/categories?post=230802"},{"taxonomy":"post_tag","embeddable":true,"href":"https:\/\/sandzakpress.net\/arhiva\/wp-json\/wp\/v2\/tags?post=230802"}],"curies":[{"name":"wp","href":"https:\/\/api.w.org\/{rel}","templated":true}]}}