{"id":230799,"date":"2019-11-20T15:45:51","date_gmt":"2019-11-20T14:45:51","guid":{"rendered":"https:\/\/sandzakpress.net\/arhiva\/?p=230799"},"modified":"2019-11-20T15:45:51","modified_gmt":"2019-11-20T14:45:51","slug":"cestitka-u-povodu-dana-sandzaka-predsjednika-zsd-a","status":"publish","type":"post","link":"https:\/\/sandzakpress.net\/arhiva\/cestitka-u-povodu-dana-sandzaka-predsjednika-zsd-a\/","title":{"rendered":"\u010cestitka u povodu Dana Sand\u017eaka predsjednika ZSD-a"},"content":{"rendered":"<p><img decoding=\"async\" src=\"http:\/\/www.zsd.eu.com\/wp-content\/uploads\/2019\/11\/063B6FCB-B9A9-4C47-AFB9-CF0C20FE90F8-600x538-1.jpeg-600x400.jpg\" \/><\/p>\n<p><strong>U ime Zajednice sandza\u010dke dijaspore kao i u svoje li\u010dno ime svim Sand\u017eaklijama upu\u0107ujem \u010destitke povodom Dana Sandzaka.<\/strong><\/p>\n<p>Ne treba da zaboravimo da je Sand\u017eak satkan od sviju nas i da njegova snaga i prosperitet zavise od znanja i dobrote svakog pojedinca, zatim, od porodice koja \u010duva moralne, tradicionalne i kulturne vrijednosti, te od dobro organizirane zajednice koja gradi mostove pravde, dobra i uvazavanja me\u0111u ljudima, a ru\u0161i zidove nepravde, kriminala i raznih drugih po\u0161asti.<\/p>\n<p>Neka nam sloboda, mir, tolerancija i me\u0111usobno razumijevanje budu izvori snage koji \u0107e nas inspirisati da svi zajedno u\u010destvovati u izgradnji moderne, prosperitetne i multietni\u010dke prekograni\u010dne regije Sand\u017eak.<\/p>\n<p><strong>Predsjednik ZSD<br \/>Mithat Mujovi\u0107<\/strong><\/p>\n","protected":false},"excerpt":{"rendered":"<p>U ime Zajednice sandza\u010dke dijaspore kao i u svoje li\u010dno ime svim Sand\u017eaklijama upu\u0107ujem \u010destitke povodom Dana Sandzaka. Ne treba da zaboravimo da je Sand\u017eak satkan od sviju nas i da njegova snaga i prosperitet zavise od znanja i dobrote svakog pojedinca, zatim, od porodice koja \u010duva moralne, tradicionalne i kulturne vrijednosti, te od dobro [&hellip;]<\/p>\n","protected":false},"author":509,"featured_media":230800,"comment_status":"open","ping_status":"open","sticky":false,"template":"","format":"standard","meta":{"footnotes":""},"categories":[800,9538,9539],"tags":[],"class_list":{"0":"post-230799","1":"post","2":"type-post","3":"status-publish","4":"format-standard","5":"has-post-thumbnail","7":"category-nacija","8":"category-njemacka-dijaspora-gradovi-vase-vijesti","9":"category-austrija-dijaspora-gradovi-vase-vijesti"},"yoast_head":"<!-- This site is optimized with the Yoast SEO Premium plugin v23.1 (Yoast SEO v24.9) - https:\/\/yoast.com\/wordpress\/plugins\/seo\/ -->\n<title>\u010cestitka u povodu Dana Sand\u017eaka predsjednika ZSD-a<\/title>\n<meta name=\"robots\" content=\"index, follow, max-snippet:-1, max-image-preview:large, max-video-preview:-1\" \/>\n<link rel=\"canonical\" href=\"https:\/\/sandzakpress.net\/arhiva\/cestitka-u-povodu-dana-sandzaka-predsjednika-zsd-a\/\" \/>\n<meta property=\"og:locale\" content=\"bs_BA\" \/>\n<meta property=\"og:type\" content=\"article\" \/>\n<meta property=\"og:title\" content=\"\u010cestitka u povodu Dana Sand\u017eaka predsjednika ZSD-a\" \/>\n<meta property=\"og:description\" content=\"U ime Zajednice sandza\u010dke dijaspore kao i u svoje li\u010dno ime svim Sand\u017eaklijama upu\u0107ujem \u010destitke povodom Dana Sandzaka. Ne treba da zaboravimo da je Sand\u017eak satkan od sviju nas i da njegova snaga i prosperitet zavise od znanja i dobrote svakog pojedinca, zatim, od porodice koja \u010duva moralne, tradicionalne i kulturne vrijednosti, te od dobro [&hellip;]\" \/>\n<meta property=\"og:url\" content=\"https:\/\/sandzakpress.net\/arhiva\/cestitka-u-povodu-dana-sandzaka-predsjednika-zsd-a\/\" \/>\n<meta property=\"og:site_name\" content=\"Sand\u017eak PRESS\" \/>\n<meta property=\"article:published_time\" content=\"2019-11-20T14:45:51+00:00\" \/>\n<meta property=\"og:image\" content=\"https:\/\/sandzakpress.net\/arhiva\/wp-content\/uploads\/2019\/11\/063B6FCB-B9A9-4C47-AFB9-CF0C20FE90F8-600x538-1.jpeg-600x400.jpg\" \/>\n\t<meta property=\"og:image:width\" content=\"600\" \/>\n\t<meta property=\"og:image:height\" content=\"400\" \/>\n\t<meta property=\"og:image:type\" content=\"image\/jpeg\" \/>\n<meta name=\"author\" content=\"Agencija\" \/>\n<meta name=\"twitter:card\" content=\"summary_large_image\" \/>\n<meta name=\"twitter:label1\" content=\"Written by\" \/>\n\t<meta name=\"twitter:data1\" content=\"Agencija\" \/>\n\t<meta name=\"twitter:label2\" content=\"Est. reading time\" \/>\n\t<meta name=\"twitter:data2\" content=\"1 minuta\" \/>\n<script type=\"application\/ld+json\" class=\"yoast-schema-graph\">{\"@context\":\"https:\/\/schema.org\",\"@graph\":[{\"@type\":\"Article\",\"@id\":\"https:\/\/sandzakpress.net\/arhiva\/cestitka-u-povodu-dana-sandzaka-predsjednika-zsd-a\/#article\",\"isPartOf\":{\"@id\":\"https:\/\/sandzakpress.net\/arhiva\/cestitka-u-povodu-dana-sandzaka-predsjednika-zsd-a\/\"},\"author\":{\"name\":\"Agencija\",\"@id\":\"https:\/\/sandzakpress.net\/arhiva\/#\/schema\/person\/cb59d7e3ab91ab90dd680ad0305a6185\"},\"headline\":\"\u010cestitka u povodu Dana Sand\u017eaka predsjednika ZSD-a\",\"datePublished\":\"2019-11-20T14:45:51+00:00\",\"mainEntityOfPage\":{\"@id\":\"https:\/\/sandzakpress.net\/arhiva\/cestitka-u-povodu-dana-sandzaka-predsjednika-zsd-a\/\"},\"wordCount\":127,\"commentCount\":0,\"publisher\":{\"@id\":\"https:\/\/sandzakpress.net\/arhiva\/#\/schema\/person\/6e72b67d6e51910a1117b3b483ba20bd\"},\"image\":{\"@id\":\"https:\/\/sandzakpress.net\/arhiva\/cestitka-u-povodu-dana-sandzaka-predsjednika-zsd-a\/#primaryimage\"},\"thumbnailUrl\":\"https:\/\/sandzakpress.net\/arhiva\/wp-content\/uploads\/2019\/11\/063B6FCB-B9A9-4C47-AFB9-CF0C20FE90F8-600x538-1.jpeg-600x400.jpg\",\"articleSection\":[\"Nacija\",\"Njema\u010dka\",\"Austrija\"],\"inLanguage\":\"bs-BA\",\"potentialAction\":[{\"@type\":\"CommentAction\",\"name\":\"Comment\",\"target\":[\"https:\/\/sandzakpress.net\/arhiva\/cestitka-u-povodu-dana-sandzaka-predsjednika-zsd-a\/#respond\"]}]},{\"@type\":\"WebPage\",\"@id\":\"https:\/\/sandzakpress.net\/arhiva\/cestitka-u-povodu-dana-sandzaka-predsjednika-zsd-a\/\",\"url\":\"https:\/\/sandzakpress.net\/arhiva\/cestitka-u-povodu-dana-sandzaka-predsjednika-zsd-a\/\",\"name\":\"\u010cestitka u povodu Dana Sand\u017eaka predsjednika ZSD-a\",\"isPartOf\":{\"@id\":\"https:\/\/sandzakpress.net\/arhiva\/#website\"},\"primaryImageOfPage\":{\"@id\":\"https:\/\/sandzakpress.net\/arhiva\/cestitka-u-povodu-dana-sandzaka-predsjednika-zsd-a\/#primaryimage\"},\"image\":{\"@id\":\"https:\/\/sandzakpress.net\/arhiva\/cestitka-u-povodu-dana-sandzaka-predsjednika-zsd-a\/#primaryimage\"},\"thumbnailUrl\":\"https:\/\/sandzakpress.net\/arhiva\/wp-content\/uploads\/2019\/11\/063B6FCB-B9A9-4C47-AFB9-CF0C20FE90F8-600x538-1.jpeg-600x400.jpg\",\"datePublished\":\"2019-11-20T14:45:51+00:00\",\"breadcrumb\":{\"@id\":\"https:\/\/sandzakpress.net\/arhiva\/cestitka-u-povodu-dana-sandzaka-predsjednika-zsd-a\/#breadcrumb\"},\"inLanguage\":\"bs-BA\",\"potentialAction\":[{\"@type\":\"ReadAction\",\"target\":[\"https:\/\/sandzakpress.net\/arhiva\/cestitka-u-povodu-dana-sandzaka-predsjednika-zsd-a\/\"]}]},{\"@type\":\"ImageObject\",\"inLanguage\":\"bs-BA\",\"@id\":\"https:\/\/sandzakpress.net\/arhiva\/cestitka-u-povodu-dana-sandzaka-predsjednika-zsd-a\/#primaryimage\",\"url\":\"https:\/\/sandzakpress.net\/arhiva\/wp-content\/uploads\/2019\/11\/063B6FCB-B9A9-4C47-AFB9-CF0C20FE90F8-600x538-1.jpeg-600x400.jpg\",\"contentUrl\":\"https:\/\/sandzakpress.net\/arhiva\/wp-content\/uploads\/2019\/11\/063B6FCB-B9A9-4C47-AFB9-CF0C20FE90F8-600x538-1.jpeg-600x400.jpg\",\"width\":600,\"height\":400},{\"@type\":\"BreadcrumbList\",\"@id\":\"https:\/\/sandzakpress.net\/arhiva\/cestitka-u-povodu-dana-sandzaka-predsjednika-zsd-a\/#breadcrumb\",\"itemListElement\":[{\"@type\":\"ListItem\",\"position\":1,\"name\":\"Home\",\"item\":\"https:\/\/sandzakpress.net\/arhiva\/\"},{\"@type\":\"ListItem\",\"position\":2,\"name\":\"\u010cestitka u povodu Dana Sand\u017eaka predsjednika ZSD-a\"}]},{\"@type\":\"WebSite\",\"@id\":\"https:\/\/sandzakpress.net\/arhiva\/#website\",\"url\":\"https:\/\/sandzakpress.net\/arhiva\/\",\"name\":\"Sand\u017eak PRESS\",\"description\":\"Prve elektronske novine u Sand\u017eaku\",\"publisher\":{\"@id\":\"https:\/\/sandzakpress.net\/arhiva\/#\/schema\/person\/6e72b67d6e51910a1117b3b483ba20bd\"},\"potentialAction\":[{\"@type\":\"SearchAction\",\"target\":{\"@type\":\"EntryPoint\",\"urlTemplate\":\"https:\/\/sandzakpress.net\/arhiva\/?s={search_term_string}\"},\"query-input\":{\"@type\":\"PropertyValueSpecification\",\"valueRequired\":true,\"valueName\":\"search_term_string\"}}],\"inLanguage\":\"bs-BA\"},{\"@type\":[\"Person\",\"Organization\"],\"@id\":\"https:\/\/sandzakpress.net\/arhiva\/#\/schema\/person\/6e72b67d6e51910a1117b3b483ba20bd\",\"name\":\"Kul\",\"image\":{\"@type\":\"ImageObject\",\"inLanguage\":\"bs-BA\",\"@id\":\"https:\/\/sandzakpress.net\/arhiva\/#\/schema\/person\/image\/\",\"url\":\"https:\/\/secure.gravatar.com\/avatar\/42263f39aa27ac04c43cab85c280eb2e?s=96&d=mm&r=pg\",\"contentUrl\":\"https:\/\/secure.gravatar.com\/avatar\/42263f39aa27ac04c43cab85c280eb2e?s=96&d=mm&r=pg\",\"caption\":\"Kul\"},\"logo\":{\"@id\":\"https:\/\/sandzakpress.net\/arhiva\/#\/schema\/person\/image\/\"}},{\"@type\":\"Person\",\"@id\":\"https:\/\/sandzakpress.net\/arhiva\/#\/schema\/person\/cb59d7e3ab91ab90dd680ad0305a6185\",\"name\":\"Agencija\",\"image\":{\"@type\":\"ImageObject\",\"inLanguage\":\"bs-BA\",\"@id\":\"https:\/\/sandzakpress.net\/arhiva\/#\/schema\/person\/image\/\",\"url\":\"https:\/\/secure.gravatar.com\/avatar\/4b7fafa80a22f0c2afe23966b3961fe0?s=96&d=mm&r=pg\",\"contentUrl\":\"https:\/\/secure.gravatar.com\/avatar\/4b7fafa80a22f0c2afe23966b3961fe0?s=96&d=mm&r=pg\",\"caption\":\"Agencija\"},\"url\":\"https:\/\/sandzakpress.net\/arhiva\/author\/agencija\/\"}]}<\/script>\n<!-- \/ Yoast SEO Premium plugin. -->","yoast_head_json":{"title":"\u010cestitka u povodu Dana Sand\u017eaka predsjednika ZSD-a","robots":{"index":"index","follow":"follow","max-snippet":"max-snippet:-1","max-image-preview":"max-image-preview:large","max-video-preview":"max-video-preview:-1"},"canonical":"https:\/\/sandzakpress.net\/arhiva\/cestitka-u-povodu-dana-sandzaka-predsjednika-zsd-a\/","og_locale":"bs_BA","og_type":"article","og_title":"\u010cestitka u povodu Dana Sand\u017eaka predsjednika ZSD-a","og_description":"U ime Zajednice sandza\u010dke dijaspore kao i u svoje li\u010dno ime svim Sand\u017eaklijama upu\u0107ujem \u010destitke povodom Dana Sandzaka. Ne treba da zaboravimo da je Sand\u017eak satkan od sviju nas i da njegova snaga i prosperitet zavise od znanja i dobrote svakog pojedinca, zatim, od porodice koja \u010duva moralne, tradicionalne i kulturne vrijednosti, te od dobro [&hellip;]","og_url":"https:\/\/sandzakpress.net\/arhiva\/cestitka-u-povodu-dana-sandzaka-predsjednika-zsd-a\/","og_site_name":"Sand\u017eak PRESS","article_published_time":"2019-11-20T14:45:51+00:00","og_image":[{"width":600,"height":400,"url":"https:\/\/sandzakpress.net\/arhiva\/wp-content\/uploads\/2019\/11\/063B6FCB-B9A9-4C47-AFB9-CF0C20FE90F8-600x538-1.jpeg-600x400.jpg","type":"image\/jpeg"}],"author":"Agencija","twitter_card":"summary_large_image","twitter_misc":{"Written by":"Agencija","Est. reading time":"1 minuta"},"schema":{"@context":"https:\/\/schema.org","@graph":[{"@type":"Article","@id":"https:\/\/sandzakpress.net\/arhiva\/cestitka-u-povodu-dana-sandzaka-predsjednika-zsd-a\/#article","isPartOf":{"@id":"https:\/\/sandzakpress.net\/arhiva\/cestitka-u-povodu-dana-sandzaka-predsjednika-zsd-a\/"},"author":{"name":"Agencija","@id":"https:\/\/sandzakpress.net\/arhiva\/#\/schema\/person\/cb59d7e3ab91ab90dd680ad0305a6185"},"headline":"\u010cestitka u povodu Dana Sand\u017eaka predsjednika ZSD-a","datePublished":"2019-11-20T14:45:51+00:00","mainEntityOfPage":{"@id":"https:\/\/sandzakpress.net\/arhiva\/cestitka-u-povodu-dana-sandzaka-predsjednika-zsd-a\/"},"wordCount":127,"commentCount":0,"publisher":{"@id":"https:\/\/sandzakpress.net\/arhiva\/#\/schema\/person\/6e72b67d6e51910a1117b3b483ba20bd"},"image":{"@id":"https:\/\/sandzakpress.net\/arhiva\/cestitka-u-povodu-dana-sandzaka-predsjednika-zsd-a\/#primaryimage"},"thumbnailUrl":"https:\/\/sandzakpress.net\/arhiva\/wp-content\/uploads\/2019\/11\/063B6FCB-B9A9-4C47-AFB9-CF0C20FE90F8-600x538-1.jpeg-600x400.jpg","articleSection":["Nacija","Njema\u010dka","Austrija"],"inLanguage":"bs-BA","potentialAction":[{"@type":"CommentAction","name":"Comment","target":["https:\/\/sandzakpress.net\/arhiva\/cestitka-u-povodu-dana-sandzaka-predsjednika-zsd-a\/#respond"]}]},{"@type":"WebPage","@id":"https:\/\/sandzakpress.net\/arhiva\/cestitka-u-povodu-dana-sandzaka-predsjednika-zsd-a\/","url":"https:\/\/sandzakpress.net\/arhiva\/cestitka-u-povodu-dana-sandzaka-predsjednika-zsd-a\/","name":"\u010cestitka u povodu Dana Sand\u017eaka predsjednika ZSD-a","isPartOf":{"@id":"https:\/\/sandzakpress.net\/arhiva\/#website"},"primaryImageOfPage":{"@id":"https:\/\/sandzakpress.net\/arhiva\/cestitka-u-povodu-dana-sandzaka-predsjednika-zsd-a\/#primaryimage"},"image":{"@id":"https:\/\/sandzakpress.net\/arhiva\/cestitka-u-povodu-dana-sandzaka-predsjednika-zsd-a\/#primaryimage"},"thumbnailUrl":"https:\/\/sandzakpress.net\/arhiva\/wp-content\/uploads\/2019\/11\/063B6FCB-B9A9-4C47-AFB9-CF0C20FE90F8-600x538-1.jpeg-600x400.jpg","datePublished":"2019-11-20T14:45:51+00:00","breadcrumb":{"@id":"https:\/\/sandzakpress.net\/arhiva\/cestitka-u-povodu-dana-sandzaka-predsjednika-zsd-a\/#breadcrumb"},"inLanguage":"bs-BA","potentialAction":[{"@type":"ReadAction","target":["https:\/\/sandzakpress.net\/arhiva\/cestitka-u-povodu-dana-sandzaka-predsjednika-zsd-a\/"]}]},{"@type":"ImageObject","inLanguage":"bs-BA","@id":"https:\/\/sandzakpress.net\/arhiva\/cestitka-u-povodu-dana-sandzaka-predsjednika-zsd-a\/#primaryimage","url":"https:\/\/sandzakpress.net\/arhiva\/wp-content\/uploads\/2019\/11\/063B6FCB-B9A9-4C47-AFB9-CF0C20FE90F8-600x538-1.jpeg-600x400.jpg","contentUrl":"https:\/\/sandzakpress.net\/arhiva\/wp-content\/uploads\/2019\/11\/063B6FCB-B9A9-4C47-AFB9-CF0C20FE90F8-600x538-1.jpeg-600x400.jpg","width":600,"height":400},{"@type":"BreadcrumbList","@id":"https:\/\/sandzakpress.net\/arhiva\/cestitka-u-povodu-dana-sandzaka-predsjednika-zsd-a\/#breadcrumb","itemListElement":[{"@type":"ListItem","position":1,"name":"Home","item":"https:\/\/sandzakpress.net\/arhiva\/"},{"@type":"ListItem","position":2,"name":"\u010cestitka u povodu Dana Sand\u017eaka predsjednika ZSD-a"}]},{"@type":"WebSite","@id":"https:\/\/sandzakpress.net\/arhiva\/#website","url":"https:\/\/sandzakpress.net\/arhiva\/","name":"Sand\u017eak PRESS","description":"Prve elektronske novine u Sand\u017eaku","publisher":{"@id":"https:\/\/sandzakpress.net\/arhiva\/#\/schema\/person\/6e72b67d6e51910a1117b3b483ba20bd"},"potentialAction":[{"@type":"SearchAction","target":{"@type":"EntryPoint","urlTemplate":"https:\/\/sandzakpress.net\/arhiva\/?s={search_term_string}"},"query-input":{"@type":"PropertyValueSpecification","valueRequired":true,"valueName":"search_term_string"}}],"inLanguage":"bs-BA"},{"@type":["Person","Organization"],"@id":"https:\/\/sandzakpress.net\/arhiva\/#\/schema\/person\/6e72b67d6e51910a1117b3b483ba20bd","name":"Kul","image":{"@type":"ImageObject","inLanguage":"bs-BA","@id":"https:\/\/sandzakpress.net\/arhiva\/#\/schema\/person\/image\/","url":"https:\/\/secure.gravatar.com\/avatar\/42263f39aa27ac04c43cab85c280eb2e?s=96&d=mm&r=pg","contentUrl":"https:\/\/secure.gravatar.com\/avatar\/42263f39aa27ac04c43cab85c280eb2e?s=96&d=mm&r=pg","caption":"Kul"},"logo":{"@id":"https:\/\/sandzakpress.net\/arhiva\/#\/schema\/person\/image\/"}},{"@type":"Person","@id":"https:\/\/sandzakpress.net\/arhiva\/#\/schema\/person\/cb59d7e3ab91ab90dd680ad0305a6185","name":"Agencija","image":{"@type":"ImageObject","inLanguage":"bs-BA","@id":"https:\/\/sandzakpress.net\/arhiva\/#\/schema\/person\/image\/","url":"https:\/\/secure.gravatar.com\/avatar\/4b7fafa80a22f0c2afe23966b3961fe0?s=96&d=mm&r=pg","contentUrl":"https:\/\/secure.gravatar.com\/avatar\/4b7fafa80a22f0c2afe23966b3961fe0?s=96&d=mm&r=pg","caption":"Agencija"},"url":"https:\/\/sandzakpress.net\/arhiva\/author\/agencija\/"}]}},"_links":{"self":[{"href":"https:\/\/sandzakpress.net\/arhiva\/wp-json\/wp\/v2\/posts\/230799"}],"collection":[{"href":"https:\/\/sandzakpress.net\/arhiva\/wp-json\/wp\/v2\/posts"}],"about":[{"href":"https:\/\/sandzakpress.net\/arhiva\/wp-json\/wp\/v2\/types\/post"}],"author":[{"embeddable":true,"href":"https:\/\/sandzakpress.net\/arhiva\/wp-json\/wp\/v2\/users\/509"}],"replies":[{"embeddable":true,"href":"https:\/\/sandzakpress.net\/arhiva\/wp-json\/wp\/v2\/comments?post=230799"}],"version-history":[{"count":0,"href":"https:\/\/sandzakpress.net\/arhiva\/wp-json\/wp\/v2\/posts\/230799\/revisions"}],"wp:featuredmedia":[{"embeddable":true,"href":"https:\/\/sandzakpress.net\/arhiva\/wp-json\/wp\/v2\/media\/230800"}],"wp:attachment":[{"href":"https:\/\/sandzakpress.net\/arhiva\/wp-json\/wp\/v2\/media?parent=230799"}],"wp:term":[{"taxonomy":"category","embeddable":true,"href":"https:\/\/sandzakpress.net\/arhiva\/wp-json\/wp\/v2\/categories?post=230799"},{"taxonomy":"post_tag","embeddable":true,"href":"https:\/\/sandzakpress.net\/arhiva\/wp-json\/wp\/v2\/tags?post=230799"}],"curies":[{"name":"wp","href":"https:\/\/api.w.org\/{rel}","templated":true}]}}