{"id":230760,"date":"2019-11-20T12:22:27","date_gmt":"2019-11-20T11:22:27","guid":{"rendered":"https:\/\/sandzakpress.net\/arhiva\/?p=230760"},"modified":"2019-11-20T12:22:27","modified_gmt":"2019-11-20T11:22:27","slug":"bosnjaci-obiljezavaju-dan-sandzaka","status":"publish","type":"post","link":"https:\/\/sandzakpress.net\/arhiva\/bosnjaci-obiljezavaju-dan-sandzaka\/","title":{"rendered":"Bo\u0161njaci obilje\u017eavaju Dan Sand\u017eaka"},"content":{"rendered":"<p><img loading=\"lazy\" decoding=\"async\" class=\"alignnone size-full wp-image-230761\" src=\"https:\/\/sandzakpress.net\/arhiva\/wp-content\/uploads\/2019\/11\/viber_image_2019-11-19_22-17-57.jpg\" alt=\"\" width=\"1593\" height=\"1041\" srcset=\"https:\/\/sandzakpress.net\/arhiva\/wp-content\/uploads\/2019\/11\/viber_image_2019-11-19_22-17-57.jpg 1593w, https:\/\/sandzakpress.net\/arhiva\/wp-content\/uploads\/2019\/11\/viber_image_2019-11-19_22-17-57-768x502.jpg 768w, https:\/\/sandzakpress.net\/arhiva\/wp-content\/uploads\/2019\/11\/viber_image_2019-11-19_22-17-57-616x403.jpg 616w, https:\/\/sandzakpress.net\/arhiva\/wp-content\/uploads\/2019\/11\/viber_image_2019-11-19_22-17-57-100x65.jpg 100w, https:\/\/sandzakpress.net\/arhiva\/wp-content\/uploads\/2019\/11\/viber_image_2019-11-19_22-17-57-260x170.jpg 260w\" sizes=\"(max-width: 1593px) 100vw, 1593px\" \/><\/p>\n<p><strong>Bo\u0161njaci danas obilje\u017eavaju nacionalni blagdan 20. novembar \u2013 Dan Sad\u017eaka, u znak sje\u0107anja na osnivanje Zemaljskog antifa\u0161isti\u010dkog vije\u0107a narodnog oslobo\u0111enja Sand\u017eaka (ZAVNOS) u Pljevljima 1943.<\/strong><\/p>\n<p>Ovaj blagdan je neradni dan u sand\u017ea\u010dkim op\u0161tinama, a on se ve\u0107 petnaest godina obilje\u017eava kao nacionalni blagdan Bo\u0161njaka u Srbiji. Na zgradama lokalne samouprave, op\u0161tinskih ustanova i preduze\u0107a i \u0161kola je istaknuta bo\u0161nja\u010dka nacionalna zastava.<\/p>\n<p>Povodom Dana Sand\u017eaka u amfiteatru Fakulteta za Islamske studije u Novom Pazaru sino\u0107 je organizirana sve\u010dana akademija.<\/p>\n<p>\u201cMatica Bo\u0161nja\u010dka\u201d je ovim povodom organizirala manifestaciju \u201cSand\u017ea\u010dki dani knjige\u201d koja je prethodnih dana odr\u017eana u Pljevljima, Petnjici, Priboju, Prijepolju, Sjenici, Tutinu i Novom Pazaru.<\/p>\n<p>U\u010desnici manifestacije bili su knji\u017eevnici Braho Adrovi\u0107, \u0160aban \u0160arenkapi\u0107, Hodo Katal, Elvira Kujevi\u0107, Kemal D\u017eemi\u0107, Zehnija Buli\u0107, Sanela Halkovi\u0107, Enver Muratovi\u0107a, Edin Smailovi\u0107, Rebeka \u010cilovi\u0107 i Dijana Tiganj.<\/p>\n<p>Na sve\u010danoj akademiji uru\u010dena je novoustanovljena nagrada \u201cSulejman Tabakovi\u0107\u201d, koja se ove godine prvi put dodjeljuje, a pripala je knji\u017eevnom stvaraocu \u0160abanu \u0160arenkapi\u0107u iz Novog Pazara za knjigu pjesama \u201cKafkin Kalfa\u201d. Nagradu je laureatu uru\u010dio narodni poslanik dr. Muamer Zukorli\u0107.<\/p>\n<p>BNV je program obilje\u017eavanja po\u010deo ju\u010der Sand\u017ea\u010dkim knji\u017eevnim susretima (SAKS), dok \u0107e u srijedu, osim polaganja cvije\u0107a u Pljevljima, na mjestu gdje je formiran ZAVNOS, biti odr\u017eana i Sve\u010dana akademija.<\/p>\n<p>Bo\u0161nja\u010dki institut za nauku, kulturu i umjetnost u saradnji sa novopazarskom bibliotekom, Kulturnim centrom i centrom Duga na Dan Sand\u017eaka organira promociju romana Avda \u0106erani\u0107a \u201cNa krilima meleka\u201d, projekciju filma o Maku Dizdaru, ve\u010der sevdaha i sve\u010dani koktel, na kome \u0107e biti uru\u010dena nagrada Bo\u0161nja\u010dkog instituta ovogodi\u0161njem laureatu Senadinu Lavi\u0107u.<\/p>\n<p>Pored Dana Sand\u017eaka, bo\u0161nja\u010dki nacionalni blagdani su i 11. maj Dan bo\u0161nja\u010dke nacionalne zastave, 11. juli Dan sje\u0107anja i 28. septembar \u2013 Dan Bo\u0161njaka koji je od ove godine uvr\u0161ten kao jedan od blagdana Bo\u0161anjaka u Srbiji.<\/p>\n","protected":false},"excerpt":{"rendered":"<p>Bo\u0161njaci danas obilje\u017eavaju nacionalni blagdan 20. novembar \u2013 Dan Sad\u017eaka, u znak sje\u0107anja na osnivanje Zemaljskog antifa\u0161isti\u010dkog vije\u0107a narodnog oslobo\u0111enja Sand\u017eaka (ZAVNOS) u Pljevljima 1943. Ovaj blagdan je neradni dan u sand\u017ea\u010dkim op\u0161tinama, a on se ve\u0107 petnaest godina obilje\u017eava kao nacionalni blagdan Bo\u0161njaka u Srbiji. Na zgradama lokalne samouprave, op\u0161tinskih ustanova i preduze\u0107a i [&hellip;]<\/p>\n","protected":false},"author":509,"featured_media":230761,"comment_status":"open","ping_status":"open","sticky":false,"template":"","format":"standard","meta":{"footnotes":""},"categories":[800,72,52,327,392,393,394,8957],"tags":[],"class_list":{"0":"post-230760","1":"post","2":"type-post","3":"status-publish","4":"format-standard","5":"has-post-thumbnail","7":"category-nacija","8":"category-novi-pazar","9":"category-sjenica","10":"category-tutin","11":"category-prijepolje_","12":"category-priboj","13":"category-nova-varos","14":"category-vijesti-dana"},"yoast_head":"<!-- This site is optimized with the Yoast SEO Premium plugin v23.1 (Yoast SEO v24.9) - https:\/\/yoast.com\/wordpress\/plugins\/seo\/ -->\n<title>Bo\u0161njaci obilje\u017eavaju Dan Sand\u017eaka<\/title>\n<meta name=\"robots\" content=\"index, follow, max-snippet:-1, max-image-preview:large, max-video-preview:-1\" \/>\n<link rel=\"canonical\" href=\"https:\/\/sandzakpress.net\/arhiva\/bosnjaci-obiljezavaju-dan-sandzaka\/\" \/>\n<meta property=\"og:locale\" content=\"bs_BA\" \/>\n<meta property=\"og:type\" content=\"article\" \/>\n<meta property=\"og:title\" content=\"Bo\u0161njaci obilje\u017eavaju Dan Sand\u017eaka\" \/>\n<meta property=\"og:description\" content=\"Bo\u0161njaci danas obilje\u017eavaju nacionalni blagdan 20. novembar \u2013 Dan Sad\u017eaka, u znak sje\u0107anja na osnivanje Zemaljskog antifa\u0161isti\u010dkog vije\u0107a narodnog oslobo\u0111enja Sand\u017eaka (ZAVNOS) u Pljevljima 1943. Ovaj blagdan je neradni dan u sand\u017ea\u010dkim op\u0161tinama, a on se ve\u0107 petnaest godina obilje\u017eava kao nacionalni blagdan Bo\u0161njaka u Srbiji. Na zgradama lokalne samouprave, op\u0161tinskih ustanova i preduze\u0107a i [&hellip;]\" \/>\n<meta property=\"og:url\" content=\"https:\/\/sandzakpress.net\/arhiva\/bosnjaci-obiljezavaju-dan-sandzaka\/\" \/>\n<meta property=\"og:site_name\" content=\"Sand\u017eak PRESS\" \/>\n<meta property=\"article:published_time\" content=\"2019-11-20T11:22:27+00:00\" \/>\n<meta property=\"og:image\" content=\"https:\/\/sandzakpress.net\/arhiva\/wp-content\/uploads\/2019\/11\/viber_image_2019-11-19_22-17-57.jpg\" \/>\n\t<meta property=\"og:image:width\" content=\"1593\" \/>\n\t<meta property=\"og:image:height\" content=\"1041\" \/>\n\t<meta property=\"og:image:type\" content=\"image\/jpeg\" \/>\n<meta name=\"author\" content=\"Agencija\" \/>\n<meta name=\"twitter:card\" content=\"summary_large_image\" \/>\n<meta name=\"twitter:label1\" content=\"Written by\" \/>\n\t<meta name=\"twitter:data1\" content=\"Agencija\" \/>\n\t<meta name=\"twitter:label2\" content=\"Est. reading time\" \/>\n\t<meta name=\"twitter:data2\" content=\"2 minute\" \/>\n<script type=\"application\/ld+json\" class=\"yoast-schema-graph\">{\"@context\":\"https:\/\/schema.org\",\"@graph\":[{\"@type\":\"Article\",\"@id\":\"https:\/\/sandzakpress.net\/arhiva\/bosnjaci-obiljezavaju-dan-sandzaka\/#article\",\"isPartOf\":{\"@id\":\"https:\/\/sandzakpress.net\/arhiva\/bosnjaci-obiljezavaju-dan-sandzaka\/\"},\"author\":{\"name\":\"Agencija\",\"@id\":\"https:\/\/sandzakpress.net\/arhiva\/#\/schema\/person\/cb59d7e3ab91ab90dd680ad0305a6185\"},\"headline\":\"Bo\u0161njaci obilje\u017eavaju Dan Sand\u017eaka\",\"datePublished\":\"2019-11-20T11:22:27+00:00\",\"mainEntityOfPage\":{\"@id\":\"https:\/\/sandzakpress.net\/arhiva\/bosnjaci-obiljezavaju-dan-sandzaka\/\"},\"wordCount\":351,\"commentCount\":1,\"publisher\":{\"@id\":\"https:\/\/sandzakpress.net\/arhiva\/#\/schema\/person\/6e72b67d6e51910a1117b3b483ba20bd\"},\"image\":{\"@id\":\"https:\/\/sandzakpress.net\/arhiva\/bosnjaci-obiljezavaju-dan-sandzaka\/#primaryimage\"},\"thumbnailUrl\":\"https:\/\/sandzakpress.net\/arhiva\/wp-content\/uploads\/2019\/11\/viber_image_2019-11-19_22-17-57.jpg\",\"articleSection\":[\"Nacija\",\"Novi Pazar\",\"Sjenica\",\"Tutin\",\"Prijepolje\",\"Priboj\",\"Nova Varo\u0161\",\"VIJESTI DANA\"],\"inLanguage\":\"bs-BA\",\"potentialAction\":[{\"@type\":\"CommentAction\",\"name\":\"Comment\",\"target\":[\"https:\/\/sandzakpress.net\/arhiva\/bosnjaci-obiljezavaju-dan-sandzaka\/#respond\"]}]},{\"@type\":\"WebPage\",\"@id\":\"https:\/\/sandzakpress.net\/arhiva\/bosnjaci-obiljezavaju-dan-sandzaka\/\",\"url\":\"https:\/\/sandzakpress.net\/arhiva\/bosnjaci-obiljezavaju-dan-sandzaka\/\",\"name\":\"Bo\u0161njaci obilje\u017eavaju Dan Sand\u017eaka\",\"isPartOf\":{\"@id\":\"https:\/\/sandzakpress.net\/arhiva\/#website\"},\"primaryImageOfPage\":{\"@id\":\"https:\/\/sandzakpress.net\/arhiva\/bosnjaci-obiljezavaju-dan-sandzaka\/#primaryimage\"},\"image\":{\"@id\":\"https:\/\/sandzakpress.net\/arhiva\/bosnjaci-obiljezavaju-dan-sandzaka\/#primaryimage\"},\"thumbnailUrl\":\"https:\/\/sandzakpress.net\/arhiva\/wp-content\/uploads\/2019\/11\/viber_image_2019-11-19_22-17-57.jpg\",\"datePublished\":\"2019-11-20T11:22:27+00:00\",\"breadcrumb\":{\"@id\":\"https:\/\/sandzakpress.net\/arhiva\/bosnjaci-obiljezavaju-dan-sandzaka\/#breadcrumb\"},\"inLanguage\":\"bs-BA\",\"potentialAction\":[{\"@type\":\"ReadAction\",\"target\":[\"https:\/\/sandzakpress.net\/arhiva\/bosnjaci-obiljezavaju-dan-sandzaka\/\"]}]},{\"@type\":\"ImageObject\",\"inLanguage\":\"bs-BA\",\"@id\":\"https:\/\/sandzakpress.net\/arhiva\/bosnjaci-obiljezavaju-dan-sandzaka\/#primaryimage\",\"url\":\"https:\/\/sandzakpress.net\/arhiva\/wp-content\/uploads\/2019\/11\/viber_image_2019-11-19_22-17-57.jpg\",\"contentUrl\":\"https:\/\/sandzakpress.net\/arhiva\/wp-content\/uploads\/2019\/11\/viber_image_2019-11-19_22-17-57.jpg\",\"width\":1593,\"height\":1041},{\"@type\":\"BreadcrumbList\",\"@id\":\"https:\/\/sandzakpress.net\/arhiva\/bosnjaci-obiljezavaju-dan-sandzaka\/#breadcrumb\",\"itemListElement\":[{\"@type\":\"ListItem\",\"position\":1,\"name\":\"Home\",\"item\":\"https:\/\/sandzakpress.net\/arhiva\/\"},{\"@type\":\"ListItem\",\"position\":2,\"name\":\"Bo\u0161njaci obilje\u017eavaju Dan Sand\u017eaka\"}]},{\"@type\":\"WebSite\",\"@id\":\"https:\/\/sandzakpress.net\/arhiva\/#website\",\"url\":\"https:\/\/sandzakpress.net\/arhiva\/\",\"name\":\"Sand\u017eak PRESS\",\"description\":\"Prve elektronske novine u Sand\u017eaku\",\"publisher\":{\"@id\":\"https:\/\/sandzakpress.net\/arhiva\/#\/schema\/person\/6e72b67d6e51910a1117b3b483ba20bd\"},\"potentialAction\":[{\"@type\":\"SearchAction\",\"target\":{\"@type\":\"EntryPoint\",\"urlTemplate\":\"https:\/\/sandzakpress.net\/arhiva\/?s={search_term_string}\"},\"query-input\":{\"@type\":\"PropertyValueSpecification\",\"valueRequired\":true,\"valueName\":\"search_term_string\"}}],\"inLanguage\":\"bs-BA\"},{\"@type\":[\"Person\",\"Organization\"],\"@id\":\"https:\/\/sandzakpress.net\/arhiva\/#\/schema\/person\/6e72b67d6e51910a1117b3b483ba20bd\",\"name\":\"Kul\",\"image\":{\"@type\":\"ImageObject\",\"inLanguage\":\"bs-BA\",\"@id\":\"https:\/\/sandzakpress.net\/arhiva\/#\/schema\/person\/image\/\",\"url\":\"https:\/\/secure.gravatar.com\/avatar\/42263f39aa27ac04c43cab85c280eb2e?s=96&d=mm&r=pg\",\"contentUrl\":\"https:\/\/secure.gravatar.com\/avatar\/42263f39aa27ac04c43cab85c280eb2e?s=96&d=mm&r=pg\",\"caption\":\"Kul\"},\"logo\":{\"@id\":\"https:\/\/sandzakpress.net\/arhiva\/#\/schema\/person\/image\/\"}},{\"@type\":\"Person\",\"@id\":\"https:\/\/sandzakpress.net\/arhiva\/#\/schema\/person\/cb59d7e3ab91ab90dd680ad0305a6185\",\"name\":\"Agencija\",\"image\":{\"@type\":\"ImageObject\",\"inLanguage\":\"bs-BA\",\"@id\":\"https:\/\/sandzakpress.net\/arhiva\/#\/schema\/person\/image\/\",\"url\":\"https:\/\/secure.gravatar.com\/avatar\/4b7fafa80a22f0c2afe23966b3961fe0?s=96&d=mm&r=pg\",\"contentUrl\":\"https:\/\/secure.gravatar.com\/avatar\/4b7fafa80a22f0c2afe23966b3961fe0?s=96&d=mm&r=pg\",\"caption\":\"Agencija\"},\"url\":\"https:\/\/sandzakpress.net\/arhiva\/author\/agencija\/\"}]}<\/script>\n<!-- \/ Yoast SEO Premium plugin. -->","yoast_head_json":{"title":"Bo\u0161njaci obilje\u017eavaju Dan Sand\u017eaka","robots":{"index":"index","follow":"follow","max-snippet":"max-snippet:-1","max-image-preview":"max-image-preview:large","max-video-preview":"max-video-preview:-1"},"canonical":"https:\/\/sandzakpress.net\/arhiva\/bosnjaci-obiljezavaju-dan-sandzaka\/","og_locale":"bs_BA","og_type":"article","og_title":"Bo\u0161njaci obilje\u017eavaju Dan Sand\u017eaka","og_description":"Bo\u0161njaci danas obilje\u017eavaju nacionalni blagdan 20. novembar \u2013 Dan Sad\u017eaka, u znak sje\u0107anja na osnivanje Zemaljskog antifa\u0161isti\u010dkog vije\u0107a narodnog oslobo\u0111enja Sand\u017eaka (ZAVNOS) u Pljevljima 1943. Ovaj blagdan je neradni dan u sand\u017ea\u010dkim op\u0161tinama, a on se ve\u0107 petnaest godina obilje\u017eava kao nacionalni blagdan Bo\u0161njaka u Srbiji. Na zgradama lokalne samouprave, op\u0161tinskih ustanova i preduze\u0107a i [&hellip;]","og_url":"https:\/\/sandzakpress.net\/arhiva\/bosnjaci-obiljezavaju-dan-sandzaka\/","og_site_name":"Sand\u017eak PRESS","article_published_time":"2019-11-20T11:22:27+00:00","og_image":[{"width":1593,"height":1041,"url":"https:\/\/sandzakpress.net\/arhiva\/wp-content\/uploads\/2019\/11\/viber_image_2019-11-19_22-17-57.jpg","type":"image\/jpeg"}],"author":"Agencija","twitter_card":"summary_large_image","twitter_misc":{"Written by":"Agencija","Est. reading time":"2 minute"},"schema":{"@context":"https:\/\/schema.org","@graph":[{"@type":"Article","@id":"https:\/\/sandzakpress.net\/arhiva\/bosnjaci-obiljezavaju-dan-sandzaka\/#article","isPartOf":{"@id":"https:\/\/sandzakpress.net\/arhiva\/bosnjaci-obiljezavaju-dan-sandzaka\/"},"author":{"name":"Agencija","@id":"https:\/\/sandzakpress.net\/arhiva\/#\/schema\/person\/cb59d7e3ab91ab90dd680ad0305a6185"},"headline":"Bo\u0161njaci obilje\u017eavaju Dan Sand\u017eaka","datePublished":"2019-11-20T11:22:27+00:00","mainEntityOfPage":{"@id":"https:\/\/sandzakpress.net\/arhiva\/bosnjaci-obiljezavaju-dan-sandzaka\/"},"wordCount":351,"commentCount":1,"publisher":{"@id":"https:\/\/sandzakpress.net\/arhiva\/#\/schema\/person\/6e72b67d6e51910a1117b3b483ba20bd"},"image":{"@id":"https:\/\/sandzakpress.net\/arhiva\/bosnjaci-obiljezavaju-dan-sandzaka\/#primaryimage"},"thumbnailUrl":"https:\/\/sandzakpress.net\/arhiva\/wp-content\/uploads\/2019\/11\/viber_image_2019-11-19_22-17-57.jpg","articleSection":["Nacija","Novi Pazar","Sjenica","Tutin","Prijepolje","Priboj","Nova Varo\u0161","VIJESTI DANA"],"inLanguage":"bs-BA","potentialAction":[{"@type":"CommentAction","name":"Comment","target":["https:\/\/sandzakpress.net\/arhiva\/bosnjaci-obiljezavaju-dan-sandzaka\/#respond"]}]},{"@type":"WebPage","@id":"https:\/\/sandzakpress.net\/arhiva\/bosnjaci-obiljezavaju-dan-sandzaka\/","url":"https:\/\/sandzakpress.net\/arhiva\/bosnjaci-obiljezavaju-dan-sandzaka\/","name":"Bo\u0161njaci obilje\u017eavaju Dan Sand\u017eaka","isPartOf":{"@id":"https:\/\/sandzakpress.net\/arhiva\/#website"},"primaryImageOfPage":{"@id":"https:\/\/sandzakpress.net\/arhiva\/bosnjaci-obiljezavaju-dan-sandzaka\/#primaryimage"},"image":{"@id":"https:\/\/sandzakpress.net\/arhiva\/bosnjaci-obiljezavaju-dan-sandzaka\/#primaryimage"},"thumbnailUrl":"https:\/\/sandzakpress.net\/arhiva\/wp-content\/uploads\/2019\/11\/viber_image_2019-11-19_22-17-57.jpg","datePublished":"2019-11-20T11:22:27+00:00","breadcrumb":{"@id":"https:\/\/sandzakpress.net\/arhiva\/bosnjaci-obiljezavaju-dan-sandzaka\/#breadcrumb"},"inLanguage":"bs-BA","potentialAction":[{"@type":"ReadAction","target":["https:\/\/sandzakpress.net\/arhiva\/bosnjaci-obiljezavaju-dan-sandzaka\/"]}]},{"@type":"ImageObject","inLanguage":"bs-BA","@id":"https:\/\/sandzakpress.net\/arhiva\/bosnjaci-obiljezavaju-dan-sandzaka\/#primaryimage","url":"https:\/\/sandzakpress.net\/arhiva\/wp-content\/uploads\/2019\/11\/viber_image_2019-11-19_22-17-57.jpg","contentUrl":"https:\/\/sandzakpress.net\/arhiva\/wp-content\/uploads\/2019\/11\/viber_image_2019-11-19_22-17-57.jpg","width":1593,"height":1041},{"@type":"BreadcrumbList","@id":"https:\/\/sandzakpress.net\/arhiva\/bosnjaci-obiljezavaju-dan-sandzaka\/#breadcrumb","itemListElement":[{"@type":"ListItem","position":1,"name":"Home","item":"https:\/\/sandzakpress.net\/arhiva\/"},{"@type":"ListItem","position":2,"name":"Bo\u0161njaci obilje\u017eavaju Dan Sand\u017eaka"}]},{"@type":"WebSite","@id":"https:\/\/sandzakpress.net\/arhiva\/#website","url":"https:\/\/sandzakpress.net\/arhiva\/","name":"Sand\u017eak PRESS","description":"Prve elektronske novine u Sand\u017eaku","publisher":{"@id":"https:\/\/sandzakpress.net\/arhiva\/#\/schema\/person\/6e72b67d6e51910a1117b3b483ba20bd"},"potentialAction":[{"@type":"SearchAction","target":{"@type":"EntryPoint","urlTemplate":"https:\/\/sandzakpress.net\/arhiva\/?s={search_term_string}"},"query-input":{"@type":"PropertyValueSpecification","valueRequired":true,"valueName":"search_term_string"}}],"inLanguage":"bs-BA"},{"@type":["Person","Organization"],"@id":"https:\/\/sandzakpress.net\/arhiva\/#\/schema\/person\/6e72b67d6e51910a1117b3b483ba20bd","name":"Kul","image":{"@type":"ImageObject","inLanguage":"bs-BA","@id":"https:\/\/sandzakpress.net\/arhiva\/#\/schema\/person\/image\/","url":"https:\/\/secure.gravatar.com\/avatar\/42263f39aa27ac04c43cab85c280eb2e?s=96&d=mm&r=pg","contentUrl":"https:\/\/secure.gravatar.com\/avatar\/42263f39aa27ac04c43cab85c280eb2e?s=96&d=mm&r=pg","caption":"Kul"},"logo":{"@id":"https:\/\/sandzakpress.net\/arhiva\/#\/schema\/person\/image\/"}},{"@type":"Person","@id":"https:\/\/sandzakpress.net\/arhiva\/#\/schema\/person\/cb59d7e3ab91ab90dd680ad0305a6185","name":"Agencija","image":{"@type":"ImageObject","inLanguage":"bs-BA","@id":"https:\/\/sandzakpress.net\/arhiva\/#\/schema\/person\/image\/","url":"https:\/\/secure.gravatar.com\/avatar\/4b7fafa80a22f0c2afe23966b3961fe0?s=96&d=mm&r=pg","contentUrl":"https:\/\/secure.gravatar.com\/avatar\/4b7fafa80a22f0c2afe23966b3961fe0?s=96&d=mm&r=pg","caption":"Agencija"},"url":"https:\/\/sandzakpress.net\/arhiva\/author\/agencija\/"}]}},"_links":{"self":[{"href":"https:\/\/sandzakpress.net\/arhiva\/wp-json\/wp\/v2\/posts\/230760"}],"collection":[{"href":"https:\/\/sandzakpress.net\/arhiva\/wp-json\/wp\/v2\/posts"}],"about":[{"href":"https:\/\/sandzakpress.net\/arhiva\/wp-json\/wp\/v2\/types\/post"}],"author":[{"embeddable":true,"href":"https:\/\/sandzakpress.net\/arhiva\/wp-json\/wp\/v2\/users\/509"}],"replies":[{"embeddable":true,"href":"https:\/\/sandzakpress.net\/arhiva\/wp-json\/wp\/v2\/comments?post=230760"}],"version-history":[{"count":0,"href":"https:\/\/sandzakpress.net\/arhiva\/wp-json\/wp\/v2\/posts\/230760\/revisions"}],"wp:featuredmedia":[{"embeddable":true,"href":"https:\/\/sandzakpress.net\/arhiva\/wp-json\/wp\/v2\/media\/230761"}],"wp:attachment":[{"href":"https:\/\/sandzakpress.net\/arhiva\/wp-json\/wp\/v2\/media?parent=230760"}],"wp:term":[{"taxonomy":"category","embeddable":true,"href":"https:\/\/sandzakpress.net\/arhiva\/wp-json\/wp\/v2\/categories?post=230760"},{"taxonomy":"post_tag","embeddable":true,"href":"https:\/\/sandzakpress.net\/arhiva\/wp-json\/wp\/v2\/tags?post=230760"}],"curies":[{"name":"wp","href":"https:\/\/api.w.org\/{rel}","templated":true}]}}