{"id":23070,"date":"2011-11-04T15:52:33","date_gmt":"2011-11-04T14:52:33","guid":{"rendered":"https:\/\/sandzakpress.net\/arhiva\/?p=23070"},"modified":"2011-11-08T18:06:25","modified_gmt":"2011-11-08T17:06:25","slug":"gran-pri-za-saru-i-harisa","status":"publish","type":"post","link":"https:\/\/sandzakpress.net\/arhiva\/gran-pri-za-saru-i-harisa\/","title":{"rendered":"Gran-pri za Saru i Harisa"},"content":{"rendered":"<p><strong><a href=\"https:\/\/sandzakpress.net\/arhiva\/wp-content\/uploads\/2011\/11\/1320275771.jpg\"><img loading=\"lazy\" decoding=\"async\" class=\"alignleft size-full wp-image-23072\" title=\"1320275771\" src=\"https:\/\/sandzakpress.net\/arhiva\/wp-content\/uploads\/2011\/11\/1320275771.jpg\" alt=\"\" width=\"300\" height=\"316\" \/><\/a>Ro\u017eaje &#8211; Duet Sara Ljaji\u0107 i Haris Kala\u010d iz Ro\u017eaja okitio se prvom nagradom na  festivalu za djecu \u201ePri\u0161tina-fest\u201c, koji je odr\u017ean krajem pro\u0161le sedmice  u Pi\u0161tini. Njima je pripala prva nagrada u konkurenciji solista za  numeru \u201eOsmijeh\u201c, autorke Jasmine Mu\u0161anovi\u0107, za koju je kompoziciju i  aran\u017eman uradio Adnan Mu\u0161anovi\u0107. <\/strong><\/p>\n<p>Priznaje dobija na zna\u010daju ako se zna da je pobjedni\u010dki grand pri  pripao ba\u0161 crnogorskim predstavnicima, i to u konkurenciji mladih  izvo\u0111a\u010da iz SAD, \u0160vedske, Italije, Bugarske, Albanije, sa Kosova i  drugih zemalja.<\/p>\n<p>Haris i Sara su prvi put u duetu nastupili pro\u0161le godine u  revijalnom dijelu dje\u010djeg festivala \u201eZlatna pahulja\u201c, a zatim su  kompoziciju \u201eOsmijeh\u201c izveli na jo\u0161 nekoliko nastupa u zemlji i  inostranstvu.<\/p>\n<p>&#8211; Festival u Pri\u0161tini je prva smotra na kojoj smo nastupili u  takmi\u010darskom dijelu i izuzetno smo ponosni \u0161to nam se posre\u0107ilo da u  veoma jakoj konkurenciji osvojimo prvu nagradu &#8211; s ponosom isti\u010du Sara i  Haris koji planiraju da i ubudu\u0107e nastave saradnju.<\/p>\n<p>Sara je ina\u010de i ranije osvajala nagrade na muzi\u010dkim festivalima,  me\u0111u kojima i na ro\u017eajskom festivalu \u201eZlatna pahulja\u201c, dok je Harisu ovo  prvo priznanje.<\/p>\n<p>Izvor: <strong>Pobjeda.me<\/strong><\/p>\n","protected":false},"excerpt":{"rendered":"<p>Ro\u017eaje &#8211; Duet Sara Ljaji\u0107 i Haris Kala\u010d iz Ro\u017eaja okitio se prvom nagradom na festivalu za djecu \u201ePri\u0161tina-fest\u201c, koji je odr\u017ean krajem pro\u0161le sedmice u Pi\u0161tini. Njima je pripala prva nagrada u konkurenciji solista za numeru \u201eOsmijeh\u201c, autorke Jasmine Mu\u0161anovi\u0107, za koju je kompoziciju i aran\u017eman uradio Adnan Mu\u0161anovi\u0107. Priznaje dobija na zna\u010daju ako [&hellip;]<\/p>\n","protected":false},"author":13,"featured_media":23072,"comment_status":"open","ping_status":"open","sticky":false,"template":"","format":"standard","meta":{"footnotes":""},"categories":[398],"tags":[],"class_list":{"0":"post-23070","1":"post","2":"type-post","3":"status-publish","4":"format-standard","5":"has-post-thumbnail","7":"category-rozaje"},"yoast_head":"<!-- This site is optimized with the Yoast SEO Premium plugin v23.1 (Yoast SEO v24.9) - https:\/\/yoast.com\/wordpress\/plugins\/seo\/ -->\n<title>Gran-pri za Saru i Harisa<\/title>\n<meta name=\"robots\" content=\"index, follow, max-snippet:-1, max-image-preview:large, max-video-preview:-1\" \/>\n<link rel=\"canonical\" href=\"https:\/\/sandzakpress.net\/arhiva\/gran-pri-za-saru-i-harisa\/\" \/>\n<meta property=\"og:locale\" content=\"bs_BA\" \/>\n<meta property=\"og:type\" content=\"article\" \/>\n<meta property=\"og:title\" content=\"Gran-pri za Saru i Harisa\" \/>\n<meta property=\"og:description\" content=\"Ro\u017eaje &#8211; Duet Sara Ljaji\u0107 i Haris Kala\u010d iz Ro\u017eaja okitio se prvom nagradom na festivalu za djecu \u201ePri\u0161tina-fest\u201c, koji je odr\u017ean krajem pro\u0161le sedmice u Pi\u0161tini. Njima je pripala prva nagrada u konkurenciji solista za numeru \u201eOsmijeh\u201c, autorke Jasmine Mu\u0161anovi\u0107, za koju je kompoziciju i aran\u017eman uradio Adnan Mu\u0161anovi\u0107. Priznaje dobija na zna\u010daju ako [&hellip;]\" \/>\n<meta property=\"og:url\" content=\"https:\/\/sandzakpress.net\/arhiva\/gran-pri-za-saru-i-harisa\/\" \/>\n<meta property=\"og:site_name\" content=\"Sand\u017eak PRESS\" \/>\n<meta property=\"article:published_time\" content=\"2011-11-04T14:52:33+00:00\" \/>\n<meta property=\"article:modified_time\" content=\"2011-11-08T17:06:25+00:00\" \/>\n<meta property=\"og:image\" content=\"https:\/\/sandzakpress.net\/arhiva\/wp-content\/uploads\/2011\/11\/1320275771.jpg\" \/>\n\t<meta property=\"og:image:width\" content=\"300\" \/>\n\t<meta property=\"og:image:height\" content=\"316\" \/>\n\t<meta property=\"og:image:type\" content=\"image\/jpeg\" \/>\n<meta name=\"twitter:card\" content=\"summary_large_image\" \/>\n<meta name=\"twitter:label1\" content=\"Written by\" \/>\n\t<meta name=\"twitter:data1\" content=\"\" \/>\n\t<meta name=\"twitter:label2\" content=\"Est. reading time\" \/>\n\t<meta name=\"twitter:data2\" content=\"1 minuta\" \/>\n<script type=\"application\/ld+json\" class=\"yoast-schema-graph\">{\"@context\":\"https:\/\/schema.org\",\"@graph\":[{\"@type\":\"Article\",\"@id\":\"https:\/\/sandzakpress.net\/arhiva\/gran-pri-za-saru-i-harisa\/#article\",\"isPartOf\":{\"@id\":\"https:\/\/sandzakpress.net\/arhiva\/gran-pri-za-saru-i-harisa\/\"},\"author\":{\"name\":\"\",\"@id\":\"\"},\"headline\":\"Gran-pri za Saru i Harisa\",\"datePublished\":\"2011-11-04T14:52:33+00:00\",\"dateModified\":\"2011-11-08T17:06:25+00:00\",\"mainEntityOfPage\":{\"@id\":\"https:\/\/sandzakpress.net\/arhiva\/gran-pri-za-saru-i-harisa\/\"},\"wordCount\":215,\"commentCount\":0,\"publisher\":{\"@id\":\"https:\/\/sandzakpress.net\/arhiva\/#\/schema\/person\/6e72b67d6e51910a1117b3b483ba20bd\"},\"image\":{\"@id\":\"https:\/\/sandzakpress.net\/arhiva\/gran-pri-za-saru-i-harisa\/#primaryimage\"},\"thumbnailUrl\":\"https:\/\/sandzakpress.net\/arhiva\/wp-content\/uploads\/2011\/11\/1320275771.jpg\",\"articleSection\":[\"Ro\u017eaje\"],\"inLanguage\":\"bs-BA\",\"potentialAction\":[{\"@type\":\"CommentAction\",\"name\":\"Comment\",\"target\":[\"https:\/\/sandzakpress.net\/arhiva\/gran-pri-za-saru-i-harisa\/#respond\"]}]},{\"@type\":\"WebPage\",\"@id\":\"https:\/\/sandzakpress.net\/arhiva\/gran-pri-za-saru-i-harisa\/\",\"url\":\"https:\/\/sandzakpress.net\/arhiva\/gran-pri-za-saru-i-harisa\/\",\"name\":\"Gran-pri za Saru i Harisa\",\"isPartOf\":{\"@id\":\"https:\/\/sandzakpress.net\/arhiva\/#website\"},\"primaryImageOfPage\":{\"@id\":\"https:\/\/sandzakpress.net\/arhiva\/gran-pri-za-saru-i-harisa\/#primaryimage\"},\"image\":{\"@id\":\"https:\/\/sandzakpress.net\/arhiva\/gran-pri-za-saru-i-harisa\/#primaryimage\"},\"thumbnailUrl\":\"https:\/\/sandzakpress.net\/arhiva\/wp-content\/uploads\/2011\/11\/1320275771.jpg\",\"datePublished\":\"2011-11-04T14:52:33+00:00\",\"dateModified\":\"2011-11-08T17:06:25+00:00\",\"breadcrumb\":{\"@id\":\"https:\/\/sandzakpress.net\/arhiva\/gran-pri-za-saru-i-harisa\/#breadcrumb\"},\"inLanguage\":\"bs-BA\",\"potentialAction\":[{\"@type\":\"ReadAction\",\"target\":[\"https:\/\/sandzakpress.net\/arhiva\/gran-pri-za-saru-i-harisa\/\"]}]},{\"@type\":\"ImageObject\",\"inLanguage\":\"bs-BA\",\"@id\":\"https:\/\/sandzakpress.net\/arhiva\/gran-pri-za-saru-i-harisa\/#primaryimage\",\"url\":\"https:\/\/sandzakpress.net\/arhiva\/wp-content\/uploads\/2011\/11\/1320275771.jpg\",\"contentUrl\":\"https:\/\/sandzakpress.net\/arhiva\/wp-content\/uploads\/2011\/11\/1320275771.jpg\",\"width\":300,\"height\":316},{\"@type\":\"BreadcrumbList\",\"@id\":\"https:\/\/sandzakpress.net\/arhiva\/gran-pri-za-saru-i-harisa\/#breadcrumb\",\"itemListElement\":[{\"@type\":\"ListItem\",\"position\":1,\"name\":\"Home\",\"item\":\"https:\/\/sandzakpress.net\/arhiva\/\"},{\"@type\":\"ListItem\",\"position\":2,\"name\":\"Gran-pri za Saru i Harisa\"}]},{\"@type\":\"WebSite\",\"@id\":\"https:\/\/sandzakpress.net\/arhiva\/#website\",\"url\":\"https:\/\/sandzakpress.net\/arhiva\/\",\"name\":\"Sand\u017eak PRESS\",\"description\":\"Prve elektronske novine u Sand\u017eaku\",\"publisher\":{\"@id\":\"https:\/\/sandzakpress.net\/arhiva\/#\/schema\/person\/6e72b67d6e51910a1117b3b483ba20bd\"},\"potentialAction\":[{\"@type\":\"SearchAction\",\"target\":{\"@type\":\"EntryPoint\",\"urlTemplate\":\"https:\/\/sandzakpress.net\/arhiva\/?s={search_term_string}\"},\"query-input\":{\"@type\":\"PropertyValueSpecification\",\"valueRequired\":true,\"valueName\":\"search_term_string\"}}],\"inLanguage\":\"bs-BA\"},{\"@type\":[\"Person\",\"Organization\"],\"@id\":\"https:\/\/sandzakpress.net\/arhiva\/#\/schema\/person\/6e72b67d6e51910a1117b3b483ba20bd\",\"name\":\"Kul\",\"image\":{\"@type\":\"ImageObject\",\"inLanguage\":\"bs-BA\",\"@id\":\"https:\/\/sandzakpress.net\/arhiva\/#\/schema\/person\/image\/\",\"url\":\"https:\/\/secure.gravatar.com\/avatar\/42263f39aa27ac04c43cab85c280eb2e?s=96&d=mm&r=pg\",\"contentUrl\":\"https:\/\/secure.gravatar.com\/avatar\/42263f39aa27ac04c43cab85c280eb2e?s=96&d=mm&r=pg\",\"caption\":\"Kul\"},\"logo\":{\"@id\":\"https:\/\/sandzakpress.net\/arhiva\/#\/schema\/person\/image\/\"}},{\"@type\":\"Person\",\"@id\":\"\",\"url\":\"https:\/\/sandzakpress.net\/arhiva\/author\/\"}]}<\/script>\n<!-- \/ Yoast SEO Premium plugin. -->","yoast_head_json":{"title":"Gran-pri za Saru i Harisa","robots":{"index":"index","follow":"follow","max-snippet":"max-snippet:-1","max-image-preview":"max-image-preview:large","max-video-preview":"max-video-preview:-1"},"canonical":"https:\/\/sandzakpress.net\/arhiva\/gran-pri-za-saru-i-harisa\/","og_locale":"bs_BA","og_type":"article","og_title":"Gran-pri za Saru i Harisa","og_description":"Ro\u017eaje &#8211; Duet Sara Ljaji\u0107 i Haris Kala\u010d iz Ro\u017eaja okitio se prvom nagradom na festivalu za djecu \u201ePri\u0161tina-fest\u201c, koji je odr\u017ean krajem pro\u0161le sedmice u Pi\u0161tini. Njima je pripala prva nagrada u konkurenciji solista za numeru \u201eOsmijeh\u201c, autorke Jasmine Mu\u0161anovi\u0107, za koju je kompoziciju i aran\u017eman uradio Adnan Mu\u0161anovi\u0107. Priznaje dobija na zna\u010daju ako [&hellip;]","og_url":"https:\/\/sandzakpress.net\/arhiva\/gran-pri-za-saru-i-harisa\/","og_site_name":"Sand\u017eak PRESS","article_published_time":"2011-11-04T14:52:33+00:00","article_modified_time":"2011-11-08T17:06:25+00:00","og_image":[{"width":300,"height":316,"url":"https:\/\/sandzakpress.net\/arhiva\/wp-content\/uploads\/2011\/11\/1320275771.jpg","type":"image\/jpeg"}],"twitter_card":"summary_large_image","twitter_misc":{"Written by":"","Est. reading time":"1 minuta"},"schema":{"@context":"https:\/\/schema.org","@graph":[{"@type":"Article","@id":"https:\/\/sandzakpress.net\/arhiva\/gran-pri-za-saru-i-harisa\/#article","isPartOf":{"@id":"https:\/\/sandzakpress.net\/arhiva\/gran-pri-za-saru-i-harisa\/"},"author":{"name":"","@id":""},"headline":"Gran-pri za Saru i Harisa","datePublished":"2011-11-04T14:52:33+00:00","dateModified":"2011-11-08T17:06:25+00:00","mainEntityOfPage":{"@id":"https:\/\/sandzakpress.net\/arhiva\/gran-pri-za-saru-i-harisa\/"},"wordCount":215,"commentCount":0,"publisher":{"@id":"https:\/\/sandzakpress.net\/arhiva\/#\/schema\/person\/6e72b67d6e51910a1117b3b483ba20bd"},"image":{"@id":"https:\/\/sandzakpress.net\/arhiva\/gran-pri-za-saru-i-harisa\/#primaryimage"},"thumbnailUrl":"https:\/\/sandzakpress.net\/arhiva\/wp-content\/uploads\/2011\/11\/1320275771.jpg","articleSection":["Ro\u017eaje"],"inLanguage":"bs-BA","potentialAction":[{"@type":"CommentAction","name":"Comment","target":["https:\/\/sandzakpress.net\/arhiva\/gran-pri-za-saru-i-harisa\/#respond"]}]},{"@type":"WebPage","@id":"https:\/\/sandzakpress.net\/arhiva\/gran-pri-za-saru-i-harisa\/","url":"https:\/\/sandzakpress.net\/arhiva\/gran-pri-za-saru-i-harisa\/","name":"Gran-pri za Saru i Harisa","isPartOf":{"@id":"https:\/\/sandzakpress.net\/arhiva\/#website"},"primaryImageOfPage":{"@id":"https:\/\/sandzakpress.net\/arhiva\/gran-pri-za-saru-i-harisa\/#primaryimage"},"image":{"@id":"https:\/\/sandzakpress.net\/arhiva\/gran-pri-za-saru-i-harisa\/#primaryimage"},"thumbnailUrl":"https:\/\/sandzakpress.net\/arhiva\/wp-content\/uploads\/2011\/11\/1320275771.jpg","datePublished":"2011-11-04T14:52:33+00:00","dateModified":"2011-11-08T17:06:25+00:00","breadcrumb":{"@id":"https:\/\/sandzakpress.net\/arhiva\/gran-pri-za-saru-i-harisa\/#breadcrumb"},"inLanguage":"bs-BA","potentialAction":[{"@type":"ReadAction","target":["https:\/\/sandzakpress.net\/arhiva\/gran-pri-za-saru-i-harisa\/"]}]},{"@type":"ImageObject","inLanguage":"bs-BA","@id":"https:\/\/sandzakpress.net\/arhiva\/gran-pri-za-saru-i-harisa\/#primaryimage","url":"https:\/\/sandzakpress.net\/arhiva\/wp-content\/uploads\/2011\/11\/1320275771.jpg","contentUrl":"https:\/\/sandzakpress.net\/arhiva\/wp-content\/uploads\/2011\/11\/1320275771.jpg","width":300,"height":316},{"@type":"BreadcrumbList","@id":"https:\/\/sandzakpress.net\/arhiva\/gran-pri-za-saru-i-harisa\/#breadcrumb","itemListElement":[{"@type":"ListItem","position":1,"name":"Home","item":"https:\/\/sandzakpress.net\/arhiva\/"},{"@type":"ListItem","position":2,"name":"Gran-pri za Saru i Harisa"}]},{"@type":"WebSite","@id":"https:\/\/sandzakpress.net\/arhiva\/#website","url":"https:\/\/sandzakpress.net\/arhiva\/","name":"Sand\u017eak PRESS","description":"Prve elektronske novine u Sand\u017eaku","publisher":{"@id":"https:\/\/sandzakpress.net\/arhiva\/#\/schema\/person\/6e72b67d6e51910a1117b3b483ba20bd"},"potentialAction":[{"@type":"SearchAction","target":{"@type":"EntryPoint","urlTemplate":"https:\/\/sandzakpress.net\/arhiva\/?s={search_term_string}"},"query-input":{"@type":"PropertyValueSpecification","valueRequired":true,"valueName":"search_term_string"}}],"inLanguage":"bs-BA"},{"@type":["Person","Organization"],"@id":"https:\/\/sandzakpress.net\/arhiva\/#\/schema\/person\/6e72b67d6e51910a1117b3b483ba20bd","name":"Kul","image":{"@type":"ImageObject","inLanguage":"bs-BA","@id":"https:\/\/sandzakpress.net\/arhiva\/#\/schema\/person\/image\/","url":"https:\/\/secure.gravatar.com\/avatar\/42263f39aa27ac04c43cab85c280eb2e?s=96&d=mm&r=pg","contentUrl":"https:\/\/secure.gravatar.com\/avatar\/42263f39aa27ac04c43cab85c280eb2e?s=96&d=mm&r=pg","caption":"Kul"},"logo":{"@id":"https:\/\/sandzakpress.net\/arhiva\/#\/schema\/person\/image\/"}},{"@type":"Person","@id":"","url":"https:\/\/sandzakpress.net\/arhiva\/author\/"}]}},"_links":{"self":[{"href":"https:\/\/sandzakpress.net\/arhiva\/wp-json\/wp\/v2\/posts\/23070"}],"collection":[{"href":"https:\/\/sandzakpress.net\/arhiva\/wp-json\/wp\/v2\/posts"}],"about":[{"href":"https:\/\/sandzakpress.net\/arhiva\/wp-json\/wp\/v2\/types\/post"}],"author":[{"embeddable":true,"href":"https:\/\/sandzakpress.net\/arhiva\/wp-json\/wp\/v2\/users\/13"}],"replies":[{"embeddable":true,"href":"https:\/\/sandzakpress.net\/arhiva\/wp-json\/wp\/v2\/comments?post=23070"}],"version-history":[{"count":0,"href":"https:\/\/sandzakpress.net\/arhiva\/wp-json\/wp\/v2\/posts\/23070\/revisions"}],"wp:featuredmedia":[{"embeddable":true,"href":"https:\/\/sandzakpress.net\/arhiva\/wp-json\/wp\/v2\/media\/23072"}],"wp:attachment":[{"href":"https:\/\/sandzakpress.net\/arhiva\/wp-json\/wp\/v2\/media?parent=23070"}],"wp:term":[{"taxonomy":"category","embeddable":true,"href":"https:\/\/sandzakpress.net\/arhiva\/wp-json\/wp\/v2\/categories?post=23070"},{"taxonomy":"post_tag","embeddable":true,"href":"https:\/\/sandzakpress.net\/arhiva\/wp-json\/wp\/v2\/tags?post=23070"}],"curies":[{"name":"wp","href":"https:\/\/api.w.org\/{rel}","templated":true}]}}