{"id":230635,"date":"2019-11-16T13:34:02","date_gmt":"2019-11-16T12:34:02","guid":{"rendered":"https:\/\/sandzakpress.net\/arhiva\/?p=230635"},"modified":"2019-11-16T13:34:02","modified_gmt":"2019-11-16T12:34:02","slug":"u-beogradu-osudjeni-pripadnici-vojske-rs-za-zlocine-nad-bosnjacima-22-godine-za-ubistvo-11-civila","status":"publish","type":"post","link":"https:\/\/sandzakpress.net\/arhiva\/u-beogradu-osudjeni-pripadnici-vojske-rs-za-zlocine-nad-bosnjacima-22-godine-za-ubistvo-11-civila\/","title":{"rendered":"U Beogradu osu\u0111eni pripadnici Vojske RS za zlo\u010dine nad Bo\u0161njacima &#8211; 22 godine za ubistvo 11 civila"},"content":{"rendered":"<p><img loading=\"lazy\" decoding=\"async\" class=\"alignnone size-full wp-image-230640\" src=\"https:\/\/sandzakpress.net\/arhiva\/wp-content\/uploads\/2019\/11\/specijalni-sud-beograd-696x469.jpg\" alt=\"\" width=\"696\" height=\"469\" srcset=\"https:\/\/sandzakpress.net\/arhiva\/wp-content\/uploads\/2019\/11\/specijalni-sud-beograd-696x469.jpg 696w, https:\/\/sandzakpress.net\/arhiva\/wp-content\/uploads\/2019\/11\/specijalni-sud-beograd-696x469-616x415.jpg 616w\" sizes=\"(max-width: 696px) 100vw, 696px\" \/><\/p>\n<p><strong>Odjeljenje za ratne zlo\u010dine Vi\u0161eg suda u Beogradu danas je izreklo presudu Joji Plavanjcu i Zdravku Narand\u017ei\u0107u, pripadnicima Vojske RS zbog ubistva 11 bo\u0161nja\u010dkih civila tokom agresije na BiH 1992. godine.<\/strong><\/p>\n<p>Plavanjac je osu\u0111en na 15 godina zatvora zbog ubistva, a Narand\u017ei\u0107u je za sau\u010desni\u0161tvo izre\u010dena kazna od sedam godina zatvora.<\/p>\n<p>Prema presudi Plavanjac je u augustu 1992. godine ubio 11 civila bo\u0161nja\u010dke nacionalnosti koji su dr\u017eani kao zatvorenici u vojnom zatvoru u zgradi \u0161kole \u201cPetar Ko\u010di\u0107\u201d u Bosanskoj Krupi. Ubijeni civili bili su sa podru\u010dja op\u0161tina Bosanska Krupa, Sanski Most i Biha\u0107 i imali su izme\u0111u 18 i 23 godine, prenosi Radio Slobodna Evropa.<\/p>\n<p>Narand\u017ei\u0107 je osu\u0111en jer je kao stra\u017ear u zatvoru dozvolio Plavanjcu ulazak u prostorije i tako mu omogu\u0107io da po\u010dini ubistva, iako je bio du\u017ean da za\u0161titi civile.<\/p>\n<p>Predmet protiv Plavanjca i Nara\u010di\u0107a Srbiji je preba\u010den iz Bosne i Hercegovine. Srbijansko tu\u017eila\u0161tvo za ratne zlo\u010dine je optu\u017enicu podiglo u decembru 2017. godine.<\/p>\n<p>Posmrtni ostaci \u017ertava tog ratnog zlo\u010dina ekshumirani su iz jame \u201cZve\u010darka\u201d u zaseoku Stjepanovi\u0107i u op\u0161tini Sanski Most 2006.godine. DNK analizom preliminarno je utvr\u0111en identitet jedanaest osoba i kao \u017ertve su identifikovani Kaltak Emsud, Kaltak Enes, Kaltak Nezir, Kaltak Ferid, Kaltak Rasim, Alijagi\u0107 Edin, Alijagi\u0107 Fadil, Omi\u0107 Mirsad, Sejdi\u0107 Tofik, \u0106ehaji\u0107 Ismet i Nasi\u0107 Rasim. Za dvanaestu \u017ertvu koja je prona\u0111ena u toj grobnici do danas nije stigao pozitivan DNK nalaz.<\/p>\n<p>Osu\u0111eni Joja Plavanjac pripadao je snagama Vojske Republike Srpske, bio je pripadnik Krupske brigade i rezervni kapetan 1. Klase. Osu\u0111eni Zdravko Narand\u017ei\u0107 bio je pripadnik \u010dete Vojne policije 11. Krupske lake pje\u0161adijske brigade.<\/p>\n<p>Izvor:\u00a0<strong>RSE<\/strong><\/p>\n","protected":false},"excerpt":{"rendered":"<p>Odjeljenje za ratne zlo\u010dine Vi\u0161eg suda u Beogradu danas je izreklo presudu Joji Plavanjcu i Zdravku Narand\u017ei\u0107u, pripadnicima Vojske RS zbog ubistva 11 bo\u0161nja\u010dkih civila tokom agresije na BiH 1992. godine. Plavanjac je osu\u0111en na 15 godina zatvora zbog ubistva, a Narand\u017ei\u0107u je za sau\u010desni\u0161tvo izre\u010dena kazna od sedam godina zatvora. Prema presudi Plavanjac je [&hellip;]<\/p>\n","protected":false},"author":509,"featured_media":230640,"comment_status":"open","ping_status":"open","sticky":false,"template":"","format":"standard","meta":{"footnotes":""},"categories":[72,2860,10307,5,8957],"tags":[],"class_list":{"0":"post-230635","1":"post","2":"type-post","3":"status-publish","4":"format-standard","5":"has-post-thumbnail","7":"category-novi-pazar","8":"category-bosna-i-hercegovina-gradovi","9":"category-srbija","10":"category-drustvo","11":"category-vijesti-dana"},"yoast_head":"<!-- This site is optimized with the Yoast SEO Premium plugin v23.1 (Yoast SEO v24.9) - https:\/\/yoast.com\/wordpress\/plugins\/seo\/ -->\n<title>U Beogradu osu\u0111eni pripadnici Vojske RS za zlo\u010dine nad Bo\u0161njacima - 22 godine za ubistvo 11 civila<\/title>\n<meta name=\"robots\" content=\"index, follow, max-snippet:-1, max-image-preview:large, max-video-preview:-1\" \/>\n<link rel=\"canonical\" href=\"https:\/\/sandzakpress.net\/arhiva\/u-beogradu-osudjeni-pripadnici-vojske-rs-za-zlocine-nad-bosnjacima-22-godine-za-ubistvo-11-civila\/\" \/>\n<meta property=\"og:locale\" content=\"bs_BA\" \/>\n<meta property=\"og:type\" content=\"article\" \/>\n<meta property=\"og:title\" content=\"U Beogradu osu\u0111eni pripadnici Vojske RS za zlo\u010dine nad Bo\u0161njacima - 22 godine za ubistvo 11 civila\" \/>\n<meta property=\"og:description\" content=\"Odjeljenje za ratne zlo\u010dine Vi\u0161eg suda u Beogradu danas je izreklo presudu Joji Plavanjcu i Zdravku Narand\u017ei\u0107u, pripadnicima Vojske RS zbog ubistva 11 bo\u0161nja\u010dkih civila tokom agresije na BiH 1992. godine. Plavanjac je osu\u0111en na 15 godina zatvora zbog ubistva, a Narand\u017ei\u0107u je za sau\u010desni\u0161tvo izre\u010dena kazna od sedam godina zatvora. Prema presudi Plavanjac je [&hellip;]\" \/>\n<meta property=\"og:url\" content=\"https:\/\/sandzakpress.net\/arhiva\/u-beogradu-osudjeni-pripadnici-vojske-rs-za-zlocine-nad-bosnjacima-22-godine-za-ubistvo-11-civila\/\" \/>\n<meta property=\"og:site_name\" content=\"Sand\u017eak PRESS\" \/>\n<meta property=\"article:published_time\" content=\"2019-11-16T12:34:02+00:00\" \/>\n<meta property=\"og:image\" content=\"https:\/\/sandzakpress.net\/arhiva\/wp-content\/uploads\/2019\/11\/specijalni-sud-beograd-696x469.jpg\" \/>\n\t<meta property=\"og:image:width\" content=\"696\" \/>\n\t<meta property=\"og:image:height\" content=\"469\" \/>\n\t<meta property=\"og:image:type\" content=\"image\/jpeg\" \/>\n<meta name=\"author\" content=\"Agencija\" \/>\n<meta name=\"twitter:card\" content=\"summary_large_image\" \/>\n<meta name=\"twitter:label1\" content=\"Written by\" \/>\n\t<meta name=\"twitter:data1\" content=\"Agencija\" \/>\n\t<meta name=\"twitter:label2\" content=\"Est. reading time\" \/>\n\t<meta name=\"twitter:data2\" content=\"1 minuta\" \/>\n<script type=\"application\/ld+json\" class=\"yoast-schema-graph\">{\"@context\":\"https:\/\/schema.org\",\"@graph\":[{\"@type\":\"Article\",\"@id\":\"https:\/\/sandzakpress.net\/arhiva\/u-beogradu-osudjeni-pripadnici-vojske-rs-za-zlocine-nad-bosnjacima-22-godine-za-ubistvo-11-civila\/#article\",\"isPartOf\":{\"@id\":\"https:\/\/sandzakpress.net\/arhiva\/u-beogradu-osudjeni-pripadnici-vojske-rs-za-zlocine-nad-bosnjacima-22-godine-za-ubistvo-11-civila\/\"},\"author\":{\"name\":\"Agencija\",\"@id\":\"https:\/\/sandzakpress.net\/arhiva\/#\/schema\/person\/cb59d7e3ab91ab90dd680ad0305a6185\"},\"headline\":\"U Beogradu osu\u0111eni pripadnici Vojske RS za zlo\u010dine nad Bo\u0161njacima &#8211; 22 godine za ubistvo 11 civila\",\"datePublished\":\"2019-11-16T12:34:02+00:00\",\"mainEntityOfPage\":{\"@id\":\"https:\/\/sandzakpress.net\/arhiva\/u-beogradu-osudjeni-pripadnici-vojske-rs-za-zlocine-nad-bosnjacima-22-godine-za-ubistvo-11-civila\/\"},\"wordCount\":314,\"commentCount\":1,\"publisher\":{\"@id\":\"https:\/\/sandzakpress.net\/arhiva\/#\/schema\/person\/6e72b67d6e51910a1117b3b483ba20bd\"},\"image\":{\"@id\":\"https:\/\/sandzakpress.net\/arhiva\/u-beogradu-osudjeni-pripadnici-vojske-rs-za-zlocine-nad-bosnjacima-22-godine-za-ubistvo-11-civila\/#primaryimage\"},\"thumbnailUrl\":\"https:\/\/sandzakpress.net\/arhiva\/wp-content\/uploads\/2019\/11\/specijalni-sud-beograd-696x469.jpg\",\"articleSection\":[\"Novi Pazar\",\"Bosna i Hercegovina\",\"Srbija\",\"Dru\u0161tvo\",\"VIJESTI DANA\"],\"inLanguage\":\"bs-BA\",\"potentialAction\":[{\"@type\":\"CommentAction\",\"name\":\"Comment\",\"target\":[\"https:\/\/sandzakpress.net\/arhiva\/u-beogradu-osudjeni-pripadnici-vojske-rs-za-zlocine-nad-bosnjacima-22-godine-za-ubistvo-11-civila\/#respond\"]}]},{\"@type\":\"WebPage\",\"@id\":\"https:\/\/sandzakpress.net\/arhiva\/u-beogradu-osudjeni-pripadnici-vojske-rs-za-zlocine-nad-bosnjacima-22-godine-za-ubistvo-11-civila\/\",\"url\":\"https:\/\/sandzakpress.net\/arhiva\/u-beogradu-osudjeni-pripadnici-vojske-rs-za-zlocine-nad-bosnjacima-22-godine-za-ubistvo-11-civila\/\",\"name\":\"U Beogradu osu\u0111eni pripadnici Vojske RS za zlo\u010dine nad Bo\u0161njacima - 22 godine za ubistvo 11 civila\",\"isPartOf\":{\"@id\":\"https:\/\/sandzakpress.net\/arhiva\/#website\"},\"primaryImageOfPage\":{\"@id\":\"https:\/\/sandzakpress.net\/arhiva\/u-beogradu-osudjeni-pripadnici-vojske-rs-za-zlocine-nad-bosnjacima-22-godine-za-ubistvo-11-civila\/#primaryimage\"},\"image\":{\"@id\":\"https:\/\/sandzakpress.net\/arhiva\/u-beogradu-osudjeni-pripadnici-vojske-rs-za-zlocine-nad-bosnjacima-22-godine-za-ubistvo-11-civila\/#primaryimage\"},\"thumbnailUrl\":\"https:\/\/sandzakpress.net\/arhiva\/wp-content\/uploads\/2019\/11\/specijalni-sud-beograd-696x469.jpg\",\"datePublished\":\"2019-11-16T12:34:02+00:00\",\"breadcrumb\":{\"@id\":\"https:\/\/sandzakpress.net\/arhiva\/u-beogradu-osudjeni-pripadnici-vojske-rs-za-zlocine-nad-bosnjacima-22-godine-za-ubistvo-11-civila\/#breadcrumb\"},\"inLanguage\":\"bs-BA\",\"potentialAction\":[{\"@type\":\"ReadAction\",\"target\":[\"https:\/\/sandzakpress.net\/arhiva\/u-beogradu-osudjeni-pripadnici-vojske-rs-za-zlocine-nad-bosnjacima-22-godine-za-ubistvo-11-civila\/\"]}]},{\"@type\":\"ImageObject\",\"inLanguage\":\"bs-BA\",\"@id\":\"https:\/\/sandzakpress.net\/arhiva\/u-beogradu-osudjeni-pripadnici-vojske-rs-za-zlocine-nad-bosnjacima-22-godine-za-ubistvo-11-civila\/#primaryimage\",\"url\":\"https:\/\/sandzakpress.net\/arhiva\/wp-content\/uploads\/2019\/11\/specijalni-sud-beograd-696x469.jpg\",\"contentUrl\":\"https:\/\/sandzakpress.net\/arhiva\/wp-content\/uploads\/2019\/11\/specijalni-sud-beograd-696x469.jpg\",\"width\":696,\"height\":469},{\"@type\":\"BreadcrumbList\",\"@id\":\"https:\/\/sandzakpress.net\/arhiva\/u-beogradu-osudjeni-pripadnici-vojske-rs-za-zlocine-nad-bosnjacima-22-godine-za-ubistvo-11-civila\/#breadcrumb\",\"itemListElement\":[{\"@type\":\"ListItem\",\"position\":1,\"name\":\"Home\",\"item\":\"https:\/\/sandzakpress.net\/arhiva\/\"},{\"@type\":\"ListItem\",\"position\":2,\"name\":\"U Beogradu osu\u0111eni pripadnici Vojske RS za zlo\u010dine nad Bo\u0161njacima &#8211; 22 godine za ubistvo 11 civila\"}]},{\"@type\":\"WebSite\",\"@id\":\"https:\/\/sandzakpress.net\/arhiva\/#website\",\"url\":\"https:\/\/sandzakpress.net\/arhiva\/\",\"name\":\"Sand\u017eak PRESS\",\"description\":\"Prve elektronske novine u Sand\u017eaku\",\"publisher\":{\"@id\":\"https:\/\/sandzakpress.net\/arhiva\/#\/schema\/person\/6e72b67d6e51910a1117b3b483ba20bd\"},\"potentialAction\":[{\"@type\":\"SearchAction\",\"target\":{\"@type\":\"EntryPoint\",\"urlTemplate\":\"https:\/\/sandzakpress.net\/arhiva\/?s={search_term_string}\"},\"query-input\":{\"@type\":\"PropertyValueSpecification\",\"valueRequired\":true,\"valueName\":\"search_term_string\"}}],\"inLanguage\":\"bs-BA\"},{\"@type\":[\"Person\",\"Organization\"],\"@id\":\"https:\/\/sandzakpress.net\/arhiva\/#\/schema\/person\/6e72b67d6e51910a1117b3b483ba20bd\",\"name\":\"Kul\",\"image\":{\"@type\":\"ImageObject\",\"inLanguage\":\"bs-BA\",\"@id\":\"https:\/\/sandzakpress.net\/arhiva\/#\/schema\/person\/image\/\",\"url\":\"https:\/\/secure.gravatar.com\/avatar\/42263f39aa27ac04c43cab85c280eb2e?s=96&d=mm&r=pg\",\"contentUrl\":\"https:\/\/secure.gravatar.com\/avatar\/42263f39aa27ac04c43cab85c280eb2e?s=96&d=mm&r=pg\",\"caption\":\"Kul\"},\"logo\":{\"@id\":\"https:\/\/sandzakpress.net\/arhiva\/#\/schema\/person\/image\/\"}},{\"@type\":\"Person\",\"@id\":\"https:\/\/sandzakpress.net\/arhiva\/#\/schema\/person\/cb59d7e3ab91ab90dd680ad0305a6185\",\"name\":\"Agencija\",\"image\":{\"@type\":\"ImageObject\",\"inLanguage\":\"bs-BA\",\"@id\":\"https:\/\/sandzakpress.net\/arhiva\/#\/schema\/person\/image\/\",\"url\":\"https:\/\/secure.gravatar.com\/avatar\/4b7fafa80a22f0c2afe23966b3961fe0?s=96&d=mm&r=pg\",\"contentUrl\":\"https:\/\/secure.gravatar.com\/avatar\/4b7fafa80a22f0c2afe23966b3961fe0?s=96&d=mm&r=pg\",\"caption\":\"Agencija\"},\"url\":\"https:\/\/sandzakpress.net\/arhiva\/author\/agencija\/\"}]}<\/script>\n<!-- \/ Yoast SEO Premium plugin. -->","yoast_head_json":{"title":"U Beogradu osu\u0111eni pripadnici Vojske RS za zlo\u010dine nad Bo\u0161njacima - 22 godine za ubistvo 11 civila","robots":{"index":"index","follow":"follow","max-snippet":"max-snippet:-1","max-image-preview":"max-image-preview:large","max-video-preview":"max-video-preview:-1"},"canonical":"https:\/\/sandzakpress.net\/arhiva\/u-beogradu-osudjeni-pripadnici-vojske-rs-za-zlocine-nad-bosnjacima-22-godine-za-ubistvo-11-civila\/","og_locale":"bs_BA","og_type":"article","og_title":"U Beogradu osu\u0111eni pripadnici Vojske RS za zlo\u010dine nad Bo\u0161njacima - 22 godine za ubistvo 11 civila","og_description":"Odjeljenje za ratne zlo\u010dine Vi\u0161eg suda u Beogradu danas je izreklo presudu Joji Plavanjcu i Zdravku Narand\u017ei\u0107u, pripadnicima Vojske RS zbog ubistva 11 bo\u0161nja\u010dkih civila tokom agresije na BiH 1992. godine. Plavanjac je osu\u0111en na 15 godina zatvora zbog ubistva, a Narand\u017ei\u0107u je za sau\u010desni\u0161tvo izre\u010dena kazna od sedam godina zatvora. Prema presudi Plavanjac je [&hellip;]","og_url":"https:\/\/sandzakpress.net\/arhiva\/u-beogradu-osudjeni-pripadnici-vojske-rs-za-zlocine-nad-bosnjacima-22-godine-za-ubistvo-11-civila\/","og_site_name":"Sand\u017eak PRESS","article_published_time":"2019-11-16T12:34:02+00:00","og_image":[{"width":696,"height":469,"url":"https:\/\/sandzakpress.net\/arhiva\/wp-content\/uploads\/2019\/11\/specijalni-sud-beograd-696x469.jpg","type":"image\/jpeg"}],"author":"Agencija","twitter_card":"summary_large_image","twitter_misc":{"Written by":"Agencija","Est. reading time":"1 minuta"},"schema":{"@context":"https:\/\/schema.org","@graph":[{"@type":"Article","@id":"https:\/\/sandzakpress.net\/arhiva\/u-beogradu-osudjeni-pripadnici-vojske-rs-za-zlocine-nad-bosnjacima-22-godine-za-ubistvo-11-civila\/#article","isPartOf":{"@id":"https:\/\/sandzakpress.net\/arhiva\/u-beogradu-osudjeni-pripadnici-vojske-rs-za-zlocine-nad-bosnjacima-22-godine-za-ubistvo-11-civila\/"},"author":{"name":"Agencija","@id":"https:\/\/sandzakpress.net\/arhiva\/#\/schema\/person\/cb59d7e3ab91ab90dd680ad0305a6185"},"headline":"U Beogradu osu\u0111eni pripadnici Vojske RS za zlo\u010dine nad Bo\u0161njacima &#8211; 22 godine za ubistvo 11 civila","datePublished":"2019-11-16T12:34:02+00:00","mainEntityOfPage":{"@id":"https:\/\/sandzakpress.net\/arhiva\/u-beogradu-osudjeni-pripadnici-vojske-rs-za-zlocine-nad-bosnjacima-22-godine-za-ubistvo-11-civila\/"},"wordCount":314,"commentCount":1,"publisher":{"@id":"https:\/\/sandzakpress.net\/arhiva\/#\/schema\/person\/6e72b67d6e51910a1117b3b483ba20bd"},"image":{"@id":"https:\/\/sandzakpress.net\/arhiva\/u-beogradu-osudjeni-pripadnici-vojske-rs-za-zlocine-nad-bosnjacima-22-godine-za-ubistvo-11-civila\/#primaryimage"},"thumbnailUrl":"https:\/\/sandzakpress.net\/arhiva\/wp-content\/uploads\/2019\/11\/specijalni-sud-beograd-696x469.jpg","articleSection":["Novi Pazar","Bosna i Hercegovina","Srbija","Dru\u0161tvo","VIJESTI DANA"],"inLanguage":"bs-BA","potentialAction":[{"@type":"CommentAction","name":"Comment","target":["https:\/\/sandzakpress.net\/arhiva\/u-beogradu-osudjeni-pripadnici-vojske-rs-za-zlocine-nad-bosnjacima-22-godine-za-ubistvo-11-civila\/#respond"]}]},{"@type":"WebPage","@id":"https:\/\/sandzakpress.net\/arhiva\/u-beogradu-osudjeni-pripadnici-vojske-rs-za-zlocine-nad-bosnjacima-22-godine-za-ubistvo-11-civila\/","url":"https:\/\/sandzakpress.net\/arhiva\/u-beogradu-osudjeni-pripadnici-vojske-rs-za-zlocine-nad-bosnjacima-22-godine-za-ubistvo-11-civila\/","name":"U Beogradu osu\u0111eni pripadnici Vojske RS za zlo\u010dine nad Bo\u0161njacima - 22 godine za ubistvo 11 civila","isPartOf":{"@id":"https:\/\/sandzakpress.net\/arhiva\/#website"},"primaryImageOfPage":{"@id":"https:\/\/sandzakpress.net\/arhiva\/u-beogradu-osudjeni-pripadnici-vojske-rs-za-zlocine-nad-bosnjacima-22-godine-za-ubistvo-11-civila\/#primaryimage"},"image":{"@id":"https:\/\/sandzakpress.net\/arhiva\/u-beogradu-osudjeni-pripadnici-vojske-rs-za-zlocine-nad-bosnjacima-22-godine-za-ubistvo-11-civila\/#primaryimage"},"thumbnailUrl":"https:\/\/sandzakpress.net\/arhiva\/wp-content\/uploads\/2019\/11\/specijalni-sud-beograd-696x469.jpg","datePublished":"2019-11-16T12:34:02+00:00","breadcrumb":{"@id":"https:\/\/sandzakpress.net\/arhiva\/u-beogradu-osudjeni-pripadnici-vojske-rs-za-zlocine-nad-bosnjacima-22-godine-za-ubistvo-11-civila\/#breadcrumb"},"inLanguage":"bs-BA","potentialAction":[{"@type":"ReadAction","target":["https:\/\/sandzakpress.net\/arhiva\/u-beogradu-osudjeni-pripadnici-vojske-rs-za-zlocine-nad-bosnjacima-22-godine-za-ubistvo-11-civila\/"]}]},{"@type":"ImageObject","inLanguage":"bs-BA","@id":"https:\/\/sandzakpress.net\/arhiva\/u-beogradu-osudjeni-pripadnici-vojske-rs-za-zlocine-nad-bosnjacima-22-godine-za-ubistvo-11-civila\/#primaryimage","url":"https:\/\/sandzakpress.net\/arhiva\/wp-content\/uploads\/2019\/11\/specijalni-sud-beograd-696x469.jpg","contentUrl":"https:\/\/sandzakpress.net\/arhiva\/wp-content\/uploads\/2019\/11\/specijalni-sud-beograd-696x469.jpg","width":696,"height":469},{"@type":"BreadcrumbList","@id":"https:\/\/sandzakpress.net\/arhiva\/u-beogradu-osudjeni-pripadnici-vojske-rs-za-zlocine-nad-bosnjacima-22-godine-za-ubistvo-11-civila\/#breadcrumb","itemListElement":[{"@type":"ListItem","position":1,"name":"Home","item":"https:\/\/sandzakpress.net\/arhiva\/"},{"@type":"ListItem","position":2,"name":"U Beogradu osu\u0111eni pripadnici Vojske RS za zlo\u010dine nad Bo\u0161njacima &#8211; 22 godine za ubistvo 11 civila"}]},{"@type":"WebSite","@id":"https:\/\/sandzakpress.net\/arhiva\/#website","url":"https:\/\/sandzakpress.net\/arhiva\/","name":"Sand\u017eak PRESS","description":"Prve elektronske novine u Sand\u017eaku","publisher":{"@id":"https:\/\/sandzakpress.net\/arhiva\/#\/schema\/person\/6e72b67d6e51910a1117b3b483ba20bd"},"potentialAction":[{"@type":"SearchAction","target":{"@type":"EntryPoint","urlTemplate":"https:\/\/sandzakpress.net\/arhiva\/?s={search_term_string}"},"query-input":{"@type":"PropertyValueSpecification","valueRequired":true,"valueName":"search_term_string"}}],"inLanguage":"bs-BA"},{"@type":["Person","Organization"],"@id":"https:\/\/sandzakpress.net\/arhiva\/#\/schema\/person\/6e72b67d6e51910a1117b3b483ba20bd","name":"Kul","image":{"@type":"ImageObject","inLanguage":"bs-BA","@id":"https:\/\/sandzakpress.net\/arhiva\/#\/schema\/person\/image\/","url":"https:\/\/secure.gravatar.com\/avatar\/42263f39aa27ac04c43cab85c280eb2e?s=96&d=mm&r=pg","contentUrl":"https:\/\/secure.gravatar.com\/avatar\/42263f39aa27ac04c43cab85c280eb2e?s=96&d=mm&r=pg","caption":"Kul"},"logo":{"@id":"https:\/\/sandzakpress.net\/arhiva\/#\/schema\/person\/image\/"}},{"@type":"Person","@id":"https:\/\/sandzakpress.net\/arhiva\/#\/schema\/person\/cb59d7e3ab91ab90dd680ad0305a6185","name":"Agencija","image":{"@type":"ImageObject","inLanguage":"bs-BA","@id":"https:\/\/sandzakpress.net\/arhiva\/#\/schema\/person\/image\/","url":"https:\/\/secure.gravatar.com\/avatar\/4b7fafa80a22f0c2afe23966b3961fe0?s=96&d=mm&r=pg","contentUrl":"https:\/\/secure.gravatar.com\/avatar\/4b7fafa80a22f0c2afe23966b3961fe0?s=96&d=mm&r=pg","caption":"Agencija"},"url":"https:\/\/sandzakpress.net\/arhiva\/author\/agencija\/"}]}},"_links":{"self":[{"href":"https:\/\/sandzakpress.net\/arhiva\/wp-json\/wp\/v2\/posts\/230635"}],"collection":[{"href":"https:\/\/sandzakpress.net\/arhiva\/wp-json\/wp\/v2\/posts"}],"about":[{"href":"https:\/\/sandzakpress.net\/arhiva\/wp-json\/wp\/v2\/types\/post"}],"author":[{"embeddable":true,"href":"https:\/\/sandzakpress.net\/arhiva\/wp-json\/wp\/v2\/users\/509"}],"replies":[{"embeddable":true,"href":"https:\/\/sandzakpress.net\/arhiva\/wp-json\/wp\/v2\/comments?post=230635"}],"version-history":[{"count":0,"href":"https:\/\/sandzakpress.net\/arhiva\/wp-json\/wp\/v2\/posts\/230635\/revisions"}],"wp:featuredmedia":[{"embeddable":true,"href":"https:\/\/sandzakpress.net\/arhiva\/wp-json\/wp\/v2\/media\/230640"}],"wp:attachment":[{"href":"https:\/\/sandzakpress.net\/arhiva\/wp-json\/wp\/v2\/media?parent=230635"}],"wp:term":[{"taxonomy":"category","embeddable":true,"href":"https:\/\/sandzakpress.net\/arhiva\/wp-json\/wp\/v2\/categories?post=230635"},{"taxonomy":"post_tag","embeddable":true,"href":"https:\/\/sandzakpress.net\/arhiva\/wp-json\/wp\/v2\/tags?post=230635"}],"curies":[{"name":"wp","href":"https:\/\/api.w.org\/{rel}","templated":true}]}}