{"id":230583,"date":"2019-11-14T14:33:44","date_gmt":"2019-11-14T13:33:44","guid":{"rendered":"https:\/\/sandzakpress.net\/arhiva\/?p=230583"},"modified":"2019-11-14T14:33:44","modified_gmt":"2019-11-14T13:33:44","slug":"jusufovic-djeca-su-nam-vaznija-od-automobila","status":"publish","type":"post","link":"https:\/\/sandzakpress.net\/arhiva\/jusufovic-djeca-su-nam-vaznija-od-automobila\/","title":{"rendered":"Jusufovi\u0107: Djeca su nam va\u017enija od automobila"},"content":{"rendered":"<p><img decoding=\"async\" src=\"http:\/\/www.radiostoplus.com\/images\/clanci\/DRUSTVO\/gradovi\/novipazar_jun2018.jpg\" \/><\/p>\n<p><b>Tehni\u010dki usporiva\u010di saobra\u0107aja (le\u017ee\u0107i policajci) postavljaju se u Novom Pazaru na osnovu zahteva gra\u0111ana, \u010diji osnov stru\u010dna komisija razmatra na samom terenu, rekao je danas predsednik Saveta za bezbednost saobra\u0107aja Mirsad Jusufovi\u0107.<\/b><\/p>\n<p>On je radiju Sto plus pojasnio da se gra\u0111ani peticijom obra\u0107aju Gradskom ve\u0107u, koje zahtev prosle\u0111uje Savetu, a oni \u0161alju stru\u010dnu komisiju na teren i na osnovu njihove preporuke Ve\u0107e donosi odluku, a same usporiva\u010de postavlja Direkcija za izgradnju grada.<\/p>\n<p>\u201cKada se Gradskoj upravi obrati grupa gra\u0111ana koja tvrdi da su im deca ugro\u017eena, mi smo uvek na njihovoj strani, jer smatramo da je va\u017eniji jedan de\u010diji \u017eivot nego kineti\u010dki zglob ili jabu\u010dica na automobilu, koje se i ne\u0107e upropastiti ako se vozi normalno i polako. Kada se bude smanjio broj voza\u010da koji po gradu voze na neprimeren na\u010din, onda \u0107emo imati i manje le\u017ee\u0107ih policajaca\u201c, rekao je Jusufovi\u0107.<\/p>\n<p>On ukazao na razli\u010dite potrebe gra\u0111ana koji \u017eive u ulicama gde ima usporiva\u010da saobra\u0107aja, koji \u017eele da za\u0161tite decu i sebe od brze vo\u017enje, i samih voza\u010da, koji tu ne \u017eive.<\/p>\n<p>\u201cSvaki voza\u010d koji se \u017eali na odre\u0111eni usporiva\u010d u odre\u0111enoj ulici uvek \u0107e bez problema potpisati peticiju da se isti postavi u ulici u kojoj on \u017eivi. Jednosmerne ulice koje su poslednjih godina asfaltirane su postale maltene piste za voza\u010de, jer znaju da im niko ne dolazi iz drugog pravca, ali tu uglavnom reaguju gra\u0111ani zahtevom za postavljanje usporiva\u010da\u201c, rekao je Jusufovi\u0107.<\/p>\n<p>On je dodao da se usporiva\u010di postavljaju poslednjih 20 godina, da je to nekada bio deo posla Zavoda za urbanizam i izgradnju grada, potom Direkcije za izgradnju grada, a poslednjih godina Saveta za bezbesnost saobra\u0107aja, \u010dija ingerencija je bezbednost gra\u0111ana, a ne infrastruktura.<\/p>\n<p>\u201cMi smo usporiva\u010de postavili u zonama \u0161kola, ali problem su nam oni \u0161kolski objekti koji se nalaze na dr\u017eavnim putevima, poput \u0161kole u Lukarima, Avdo Me\u0111edovi\u0107, \u0106amil Sijari\u0107, Me\u0161a Selimovi\u0107, Halifa bin Zajed. Dr\u017eavnim putevima upravlja JP Putevi Srbije, a ne Direkcija za igradnju grada i oko ovih \u0161kola nemamo nikakve usporiva\u010de, iako za njima postoji potreba\u201c, rekao je Jusufovi\u0107.<\/p>\n","protected":false},"excerpt":{"rendered":"<p>Tehni\u010dki usporiva\u010di saobra\u0107aja (le\u017ee\u0107i policajci) postavljaju se u Novom Pazaru na osnovu zahteva gra\u0111ana, \u010diji osnov stru\u010dna komisija razmatra na samom terenu, rekao je danas predsednik Saveta za bezbednost saobra\u0107aja Mirsad Jusufovi\u0107. On je radiju Sto plus pojasnio da se gra\u0111ani peticijom obra\u0107aju Gradskom ve\u0107u, koje zahtev prosle\u0111uje Savetu, a oni \u0161alju stru\u010dnu komisiju na [&hellip;]<\/p>\n","protected":false},"author":509,"featured_media":230586,"comment_status":"open","ping_status":"open","sticky":false,"template":"","format":"standard","meta":{"footnotes":""},"categories":[72,5],"tags":[],"class_list":{"0":"post-230583","1":"post","2":"type-post","3":"status-publish","4":"format-standard","5":"has-post-thumbnail","7":"category-novi-pazar","8":"category-drustvo"},"yoast_head":"<!-- This site is optimized with the Yoast SEO Premium plugin v23.1 (Yoast SEO v24.9) - https:\/\/yoast.com\/wordpress\/plugins\/seo\/ -->\n<title>Jusufovi\u0107: Djeca su nam va\u017enija od automobila<\/title>\n<meta name=\"robots\" content=\"index, follow, max-snippet:-1, max-image-preview:large, max-video-preview:-1\" \/>\n<link rel=\"canonical\" href=\"https:\/\/sandzakpress.net\/arhiva\/jusufovic-djeca-su-nam-vaznija-od-automobila\/\" \/>\n<meta property=\"og:locale\" content=\"bs_BA\" \/>\n<meta property=\"og:type\" content=\"article\" \/>\n<meta property=\"og:title\" content=\"Jusufovi\u0107: Djeca su nam va\u017enija od automobila\" \/>\n<meta property=\"og:description\" content=\"Tehni\u010dki usporiva\u010di saobra\u0107aja (le\u017ee\u0107i policajci) postavljaju se u Novom Pazaru na osnovu zahteva gra\u0111ana, \u010diji osnov stru\u010dna komisija razmatra na samom terenu, rekao je danas predsednik Saveta za bezbednost saobra\u0107aja Mirsad Jusufovi\u0107. On je radiju Sto plus pojasnio da se gra\u0111ani peticijom obra\u0107aju Gradskom ve\u0107u, koje zahtev prosle\u0111uje Savetu, a oni \u0161alju stru\u010dnu komisiju na [&hellip;]\" \/>\n<meta property=\"og:url\" content=\"https:\/\/sandzakpress.net\/arhiva\/jusufovic-djeca-su-nam-vaznija-od-automobila\/\" \/>\n<meta property=\"og:site_name\" content=\"Sand\u017eak PRESS\" \/>\n<meta property=\"article:published_time\" content=\"2019-11-14T13:33:44+00:00\" \/>\n<meta property=\"og:image\" content=\"https:\/\/sandzakpress.net\/arhiva\/wp-content\/uploads\/2019\/11\/novipazar_jun2018.jpg\" \/>\n\t<meta property=\"og:image:width\" content=\"1245\" \/>\n\t<meta property=\"og:image:height\" content=\"851\" \/>\n\t<meta property=\"og:image:type\" content=\"image\/jpeg\" \/>\n<meta name=\"author\" content=\"Agencija\" \/>\n<meta name=\"twitter:card\" content=\"summary_large_image\" \/>\n<meta name=\"twitter:label1\" content=\"Written by\" \/>\n\t<meta name=\"twitter:data1\" content=\"Agencija\" \/>\n\t<meta name=\"twitter:label2\" content=\"Est. reading time\" \/>\n\t<meta name=\"twitter:data2\" content=\"2 minute\" \/>\n<script type=\"application\/ld+json\" class=\"yoast-schema-graph\">{\"@context\":\"https:\/\/schema.org\",\"@graph\":[{\"@type\":\"Article\",\"@id\":\"https:\/\/sandzakpress.net\/arhiva\/jusufovic-djeca-su-nam-vaznija-od-automobila\/#article\",\"isPartOf\":{\"@id\":\"https:\/\/sandzakpress.net\/arhiva\/jusufovic-djeca-su-nam-vaznija-od-automobila\/\"},\"author\":{\"name\":\"Agencija\",\"@id\":\"https:\/\/sandzakpress.net\/arhiva\/#\/schema\/person\/cb59d7e3ab91ab90dd680ad0305a6185\"},\"headline\":\"Jusufovi\u0107: Djeca su nam va\u017enija od automobila\",\"datePublished\":\"2019-11-14T13:33:44+00:00\",\"mainEntityOfPage\":{\"@id\":\"https:\/\/sandzakpress.net\/arhiva\/jusufovic-djeca-su-nam-vaznija-od-automobila\/\"},\"wordCount\":391,\"commentCount\":0,\"publisher\":{\"@id\":\"https:\/\/sandzakpress.net\/arhiva\/#\/schema\/person\/6e72b67d6e51910a1117b3b483ba20bd\"},\"image\":{\"@id\":\"https:\/\/sandzakpress.net\/arhiva\/jusufovic-djeca-su-nam-vaznija-od-automobila\/#primaryimage\"},\"thumbnailUrl\":\"https:\/\/sandzakpress.net\/arhiva\/wp-content\/uploads\/2019\/11\/novipazar_jun2018.jpg\",\"articleSection\":[\"Novi Pazar\",\"Dru\u0161tvo\"],\"inLanguage\":\"bs-BA\",\"potentialAction\":[{\"@type\":\"CommentAction\",\"name\":\"Comment\",\"target\":[\"https:\/\/sandzakpress.net\/arhiva\/jusufovic-djeca-su-nam-vaznija-od-automobila\/#respond\"]}]},{\"@type\":\"WebPage\",\"@id\":\"https:\/\/sandzakpress.net\/arhiva\/jusufovic-djeca-su-nam-vaznija-od-automobila\/\",\"url\":\"https:\/\/sandzakpress.net\/arhiva\/jusufovic-djeca-su-nam-vaznija-od-automobila\/\",\"name\":\"Jusufovi\u0107: Djeca su nam va\u017enija od automobila\",\"isPartOf\":{\"@id\":\"https:\/\/sandzakpress.net\/arhiva\/#website\"},\"primaryImageOfPage\":{\"@id\":\"https:\/\/sandzakpress.net\/arhiva\/jusufovic-djeca-su-nam-vaznija-od-automobila\/#primaryimage\"},\"image\":{\"@id\":\"https:\/\/sandzakpress.net\/arhiva\/jusufovic-djeca-su-nam-vaznija-od-automobila\/#primaryimage\"},\"thumbnailUrl\":\"https:\/\/sandzakpress.net\/arhiva\/wp-content\/uploads\/2019\/11\/novipazar_jun2018.jpg\",\"datePublished\":\"2019-11-14T13:33:44+00:00\",\"breadcrumb\":{\"@id\":\"https:\/\/sandzakpress.net\/arhiva\/jusufovic-djeca-su-nam-vaznija-od-automobila\/#breadcrumb\"},\"inLanguage\":\"bs-BA\",\"potentialAction\":[{\"@type\":\"ReadAction\",\"target\":[\"https:\/\/sandzakpress.net\/arhiva\/jusufovic-djeca-su-nam-vaznija-od-automobila\/\"]}]},{\"@type\":\"ImageObject\",\"inLanguage\":\"bs-BA\",\"@id\":\"https:\/\/sandzakpress.net\/arhiva\/jusufovic-djeca-su-nam-vaznija-od-automobila\/#primaryimage\",\"url\":\"https:\/\/sandzakpress.net\/arhiva\/wp-content\/uploads\/2019\/11\/novipazar_jun2018.jpg\",\"contentUrl\":\"https:\/\/sandzakpress.net\/arhiva\/wp-content\/uploads\/2019\/11\/novipazar_jun2018.jpg\",\"width\":1245,\"height\":851},{\"@type\":\"BreadcrumbList\",\"@id\":\"https:\/\/sandzakpress.net\/arhiva\/jusufovic-djeca-su-nam-vaznija-od-automobila\/#breadcrumb\",\"itemListElement\":[{\"@type\":\"ListItem\",\"position\":1,\"name\":\"Home\",\"item\":\"https:\/\/sandzakpress.net\/arhiva\/\"},{\"@type\":\"ListItem\",\"position\":2,\"name\":\"Jusufovi\u0107: Djeca su nam va\u017enija od automobila\"}]},{\"@type\":\"WebSite\",\"@id\":\"https:\/\/sandzakpress.net\/arhiva\/#website\",\"url\":\"https:\/\/sandzakpress.net\/arhiva\/\",\"name\":\"Sand\u017eak PRESS\",\"description\":\"Prve elektronske novine u Sand\u017eaku\",\"publisher\":{\"@id\":\"https:\/\/sandzakpress.net\/arhiva\/#\/schema\/person\/6e72b67d6e51910a1117b3b483ba20bd\"},\"potentialAction\":[{\"@type\":\"SearchAction\",\"target\":{\"@type\":\"EntryPoint\",\"urlTemplate\":\"https:\/\/sandzakpress.net\/arhiva\/?s={search_term_string}\"},\"query-input\":{\"@type\":\"PropertyValueSpecification\",\"valueRequired\":true,\"valueName\":\"search_term_string\"}}],\"inLanguage\":\"bs-BA\"},{\"@type\":[\"Person\",\"Organization\"],\"@id\":\"https:\/\/sandzakpress.net\/arhiva\/#\/schema\/person\/6e72b67d6e51910a1117b3b483ba20bd\",\"name\":\"Kul\",\"image\":{\"@type\":\"ImageObject\",\"inLanguage\":\"bs-BA\",\"@id\":\"https:\/\/sandzakpress.net\/arhiva\/#\/schema\/person\/image\/\",\"url\":\"https:\/\/secure.gravatar.com\/avatar\/42263f39aa27ac04c43cab85c280eb2e?s=96&d=mm&r=pg\",\"contentUrl\":\"https:\/\/secure.gravatar.com\/avatar\/42263f39aa27ac04c43cab85c280eb2e?s=96&d=mm&r=pg\",\"caption\":\"Kul\"},\"logo\":{\"@id\":\"https:\/\/sandzakpress.net\/arhiva\/#\/schema\/person\/image\/\"}},{\"@type\":\"Person\",\"@id\":\"https:\/\/sandzakpress.net\/arhiva\/#\/schema\/person\/cb59d7e3ab91ab90dd680ad0305a6185\",\"name\":\"Agencija\",\"image\":{\"@type\":\"ImageObject\",\"inLanguage\":\"bs-BA\",\"@id\":\"https:\/\/sandzakpress.net\/arhiva\/#\/schema\/person\/image\/\",\"url\":\"https:\/\/secure.gravatar.com\/avatar\/4b7fafa80a22f0c2afe23966b3961fe0?s=96&d=mm&r=pg\",\"contentUrl\":\"https:\/\/secure.gravatar.com\/avatar\/4b7fafa80a22f0c2afe23966b3961fe0?s=96&d=mm&r=pg\",\"caption\":\"Agencija\"},\"url\":\"https:\/\/sandzakpress.net\/arhiva\/author\/agencija\/\"}]}<\/script>\n<!-- \/ Yoast SEO Premium plugin. -->","yoast_head_json":{"title":"Jusufovi\u0107: Djeca su nam va\u017enija od automobila","robots":{"index":"index","follow":"follow","max-snippet":"max-snippet:-1","max-image-preview":"max-image-preview:large","max-video-preview":"max-video-preview:-1"},"canonical":"https:\/\/sandzakpress.net\/arhiva\/jusufovic-djeca-su-nam-vaznija-od-automobila\/","og_locale":"bs_BA","og_type":"article","og_title":"Jusufovi\u0107: Djeca su nam va\u017enija od automobila","og_description":"Tehni\u010dki usporiva\u010di saobra\u0107aja (le\u017ee\u0107i policajci) postavljaju se u Novom Pazaru na osnovu zahteva gra\u0111ana, \u010diji osnov stru\u010dna komisija razmatra na samom terenu, rekao je danas predsednik Saveta za bezbednost saobra\u0107aja Mirsad Jusufovi\u0107. On je radiju Sto plus pojasnio da se gra\u0111ani peticijom obra\u0107aju Gradskom ve\u0107u, koje zahtev prosle\u0111uje Savetu, a oni \u0161alju stru\u010dnu komisiju na [&hellip;]","og_url":"https:\/\/sandzakpress.net\/arhiva\/jusufovic-djeca-su-nam-vaznija-od-automobila\/","og_site_name":"Sand\u017eak PRESS","article_published_time":"2019-11-14T13:33:44+00:00","og_image":[{"width":1245,"height":851,"url":"https:\/\/sandzakpress.net\/arhiva\/wp-content\/uploads\/2019\/11\/novipazar_jun2018.jpg","type":"image\/jpeg"}],"author":"Agencija","twitter_card":"summary_large_image","twitter_misc":{"Written by":"Agencija","Est. reading time":"2 minute"},"schema":{"@context":"https:\/\/schema.org","@graph":[{"@type":"Article","@id":"https:\/\/sandzakpress.net\/arhiva\/jusufovic-djeca-su-nam-vaznija-od-automobila\/#article","isPartOf":{"@id":"https:\/\/sandzakpress.net\/arhiva\/jusufovic-djeca-su-nam-vaznija-od-automobila\/"},"author":{"name":"Agencija","@id":"https:\/\/sandzakpress.net\/arhiva\/#\/schema\/person\/cb59d7e3ab91ab90dd680ad0305a6185"},"headline":"Jusufovi\u0107: Djeca su nam va\u017enija od automobila","datePublished":"2019-11-14T13:33:44+00:00","mainEntityOfPage":{"@id":"https:\/\/sandzakpress.net\/arhiva\/jusufovic-djeca-su-nam-vaznija-od-automobila\/"},"wordCount":391,"commentCount":0,"publisher":{"@id":"https:\/\/sandzakpress.net\/arhiva\/#\/schema\/person\/6e72b67d6e51910a1117b3b483ba20bd"},"image":{"@id":"https:\/\/sandzakpress.net\/arhiva\/jusufovic-djeca-su-nam-vaznija-od-automobila\/#primaryimage"},"thumbnailUrl":"https:\/\/sandzakpress.net\/arhiva\/wp-content\/uploads\/2019\/11\/novipazar_jun2018.jpg","articleSection":["Novi Pazar","Dru\u0161tvo"],"inLanguage":"bs-BA","potentialAction":[{"@type":"CommentAction","name":"Comment","target":["https:\/\/sandzakpress.net\/arhiva\/jusufovic-djeca-su-nam-vaznija-od-automobila\/#respond"]}]},{"@type":"WebPage","@id":"https:\/\/sandzakpress.net\/arhiva\/jusufovic-djeca-su-nam-vaznija-od-automobila\/","url":"https:\/\/sandzakpress.net\/arhiva\/jusufovic-djeca-su-nam-vaznija-od-automobila\/","name":"Jusufovi\u0107: Djeca su nam va\u017enija od automobila","isPartOf":{"@id":"https:\/\/sandzakpress.net\/arhiva\/#website"},"primaryImageOfPage":{"@id":"https:\/\/sandzakpress.net\/arhiva\/jusufovic-djeca-su-nam-vaznija-od-automobila\/#primaryimage"},"image":{"@id":"https:\/\/sandzakpress.net\/arhiva\/jusufovic-djeca-su-nam-vaznija-od-automobila\/#primaryimage"},"thumbnailUrl":"https:\/\/sandzakpress.net\/arhiva\/wp-content\/uploads\/2019\/11\/novipazar_jun2018.jpg","datePublished":"2019-11-14T13:33:44+00:00","breadcrumb":{"@id":"https:\/\/sandzakpress.net\/arhiva\/jusufovic-djeca-su-nam-vaznija-od-automobila\/#breadcrumb"},"inLanguage":"bs-BA","potentialAction":[{"@type":"ReadAction","target":["https:\/\/sandzakpress.net\/arhiva\/jusufovic-djeca-su-nam-vaznija-od-automobila\/"]}]},{"@type":"ImageObject","inLanguage":"bs-BA","@id":"https:\/\/sandzakpress.net\/arhiva\/jusufovic-djeca-su-nam-vaznija-od-automobila\/#primaryimage","url":"https:\/\/sandzakpress.net\/arhiva\/wp-content\/uploads\/2019\/11\/novipazar_jun2018.jpg","contentUrl":"https:\/\/sandzakpress.net\/arhiva\/wp-content\/uploads\/2019\/11\/novipazar_jun2018.jpg","width":1245,"height":851},{"@type":"BreadcrumbList","@id":"https:\/\/sandzakpress.net\/arhiva\/jusufovic-djeca-su-nam-vaznija-od-automobila\/#breadcrumb","itemListElement":[{"@type":"ListItem","position":1,"name":"Home","item":"https:\/\/sandzakpress.net\/arhiva\/"},{"@type":"ListItem","position":2,"name":"Jusufovi\u0107: Djeca su nam va\u017enija od automobila"}]},{"@type":"WebSite","@id":"https:\/\/sandzakpress.net\/arhiva\/#website","url":"https:\/\/sandzakpress.net\/arhiva\/","name":"Sand\u017eak PRESS","description":"Prve elektronske novine u Sand\u017eaku","publisher":{"@id":"https:\/\/sandzakpress.net\/arhiva\/#\/schema\/person\/6e72b67d6e51910a1117b3b483ba20bd"},"potentialAction":[{"@type":"SearchAction","target":{"@type":"EntryPoint","urlTemplate":"https:\/\/sandzakpress.net\/arhiva\/?s={search_term_string}"},"query-input":{"@type":"PropertyValueSpecification","valueRequired":true,"valueName":"search_term_string"}}],"inLanguage":"bs-BA"},{"@type":["Person","Organization"],"@id":"https:\/\/sandzakpress.net\/arhiva\/#\/schema\/person\/6e72b67d6e51910a1117b3b483ba20bd","name":"Kul","image":{"@type":"ImageObject","inLanguage":"bs-BA","@id":"https:\/\/sandzakpress.net\/arhiva\/#\/schema\/person\/image\/","url":"https:\/\/secure.gravatar.com\/avatar\/42263f39aa27ac04c43cab85c280eb2e?s=96&d=mm&r=pg","contentUrl":"https:\/\/secure.gravatar.com\/avatar\/42263f39aa27ac04c43cab85c280eb2e?s=96&d=mm&r=pg","caption":"Kul"},"logo":{"@id":"https:\/\/sandzakpress.net\/arhiva\/#\/schema\/person\/image\/"}},{"@type":"Person","@id":"https:\/\/sandzakpress.net\/arhiva\/#\/schema\/person\/cb59d7e3ab91ab90dd680ad0305a6185","name":"Agencija","image":{"@type":"ImageObject","inLanguage":"bs-BA","@id":"https:\/\/sandzakpress.net\/arhiva\/#\/schema\/person\/image\/","url":"https:\/\/secure.gravatar.com\/avatar\/4b7fafa80a22f0c2afe23966b3961fe0?s=96&d=mm&r=pg","contentUrl":"https:\/\/secure.gravatar.com\/avatar\/4b7fafa80a22f0c2afe23966b3961fe0?s=96&d=mm&r=pg","caption":"Agencija"},"url":"https:\/\/sandzakpress.net\/arhiva\/author\/agencija\/"}]}},"_links":{"self":[{"href":"https:\/\/sandzakpress.net\/arhiva\/wp-json\/wp\/v2\/posts\/230583"}],"collection":[{"href":"https:\/\/sandzakpress.net\/arhiva\/wp-json\/wp\/v2\/posts"}],"about":[{"href":"https:\/\/sandzakpress.net\/arhiva\/wp-json\/wp\/v2\/types\/post"}],"author":[{"embeddable":true,"href":"https:\/\/sandzakpress.net\/arhiva\/wp-json\/wp\/v2\/users\/509"}],"replies":[{"embeddable":true,"href":"https:\/\/sandzakpress.net\/arhiva\/wp-json\/wp\/v2\/comments?post=230583"}],"version-history":[{"count":0,"href":"https:\/\/sandzakpress.net\/arhiva\/wp-json\/wp\/v2\/posts\/230583\/revisions"}],"wp:featuredmedia":[{"embeddable":true,"href":"https:\/\/sandzakpress.net\/arhiva\/wp-json\/wp\/v2\/media\/230586"}],"wp:attachment":[{"href":"https:\/\/sandzakpress.net\/arhiva\/wp-json\/wp\/v2\/media?parent=230583"}],"wp:term":[{"taxonomy":"category","embeddable":true,"href":"https:\/\/sandzakpress.net\/arhiva\/wp-json\/wp\/v2\/categories?post=230583"},{"taxonomy":"post_tag","embeddable":true,"href":"https:\/\/sandzakpress.net\/arhiva\/wp-json\/wp\/v2\/tags?post=230583"}],"curies":[{"name":"wp","href":"https:\/\/api.w.org\/{rel}","templated":true}]}}