{"id":230578,"date":"2019-11-14T14:31:55","date_gmt":"2019-11-14T13:31:55","guid":{"rendered":"https:\/\/sandzakpress.net\/arhiva\/?p=230578"},"modified":"2019-11-14T14:31:55","modified_gmt":"2019-11-14T13:31:55","slug":"otvoren-konkurs-za-samozaposljavanje-i-razvoj-socijalnog-preduzetnistva","status":"publish","type":"post","link":"https:\/\/sandzakpress.net\/arhiva\/otvoren-konkurs-za-samozaposljavanje-i-razvoj-socijalnog-preduzetnistva\/","title":{"rendered":"Otvoren konkurs za samozapo\u0161ljavanje i razvoj socijalnog preduzetni\u0161tva"},"content":{"rendered":"<p><img decoding=\"async\" src=\"https:\/\/i1.wp.com\/rtvnp.rs\/wp-content\/uploads\/2019\/11\/konkurs.jpg?resize=800%2C445&amp;ssl=1\" \/><\/p>\n<p><strong>U okviru projekta \u201dOdr\u017eive zajednice u Sand\u017eaku \u2013 Od mere do karijere\u201d, raspisani su javni pozivi za nezaposlene iz kategorije te\u017ee zapo\u0161ljivih kao i za podr\u0161ku razvoju socijalnog preduzetni\u0161tva. Konkursi \u0107e biti otvoreni do 22.novembra, a u petak \u0107e, za sve zainteresovane sa podr\u010dja Novog Pazar i Tutina, biti organizovane info sesije na kojima potencijalni korisnici mogu saznati sve potrebne informacije o uslovima konkursa.<\/strong><\/p>\n<p>Pravo za dodelu subvencija za samozapo\u0161ljavanje, uz edukaciju i mentorstvo, imaju nezaposlena lica iz kategorije te\u017ee zapo\u0161ljivih, povratnici po sporazumu o readmisiji, Romi i mladi ispod 30 godina sa prebivali\u0161tem na teritoriji Novog Pazara i Tutina. Drugi javni poziv se odnosi na dodelu grantova za razvoj socijalnog preduzetni\u0161tva, gde mogu konkurisati registrovana udru\u017eenja gra\u0111ana. Kroz ovakve i sli\u010dne programe \u2013 podse\u0107a projekt menad\u017eer i \u010dlan Gradskog ve\u0107a Fevzija Muri\u0107, pro\u0161le godine zaposleno je 40 lica.<\/p>\n<p>\u201dOvo je po\u010detak novog projekta \u201dOdr\u017eive zajednice u Sand\u017eaku \u2013 Od mere do karijere\u201d, kojim \u0107emo poku\u0161ati da kroz odre\u0111ene subvencije i donacije pomognemo na\u0161im sugra\u0111anima da do\u0111u do radnog mesta\u201d, kazao je Muri\u0107.<\/p>\n<p>Subvencije za samozapo\u0161ljavanje odobravaju se u formi donacije ma\u0161ina, alata i opreme za rad u iznosu do 2.400 evra, a grantovi za razvoj socijalnog preduzetni\u0161tva do 4000 evra.<\/p>\n<p>Projekat \u201dOdr\u017eive zajednice u Sand\u017eaku \u2013 Od mere do karijere\u201d deo je projekta Nema\u010dke razvojne saradnje, koji sprovodi organizacija za me\u0111unarodnu saranju GIZ. Javni pozivi bi\u0107e otvoreni do 22.novembra, do kada se kandidati mogu prijaviti u prostorijama Regionalne razvojne agencije Sand\u017eaka SEDA u Novom Pazaru i Tutinu. Info sesije o konkursu odr\u017ea\u0107e se u petak.<\/p>\n","protected":false},"excerpt":{"rendered":"<p>U okviru projekta \u201dOdr\u017eive zajednice u Sand\u017eaku \u2013 Od mere do karijere\u201d, raspisani su javni pozivi za nezaposlene iz kategorije te\u017ee zapo\u0161ljivih kao i za podr\u0161ku razvoju socijalnog preduzetni\u0161tva. Konkursi \u0107e biti otvoreni do 22.novembra, a u petak \u0107e, za sve zainteresovane sa podr\u010dja Novog Pazar i Tutina, biti organizovane info sesije na kojima potencijalni [&hellip;]<\/p>\n","protected":false},"author":509,"featured_media":230579,"comment_status":"open","ping_status":"open","sticky":false,"template":"","format":"standard","meta":{"footnotes":""},"categories":[72,5],"tags":[],"class_list":{"0":"post-230578","1":"post","2":"type-post","3":"status-publish","4":"format-standard","5":"has-post-thumbnail","7":"category-novi-pazar","8":"category-drustvo"},"yoast_head":"<!-- This site is optimized with the Yoast SEO Premium plugin v23.1 (Yoast SEO v24.9) - https:\/\/yoast.com\/wordpress\/plugins\/seo\/ -->\n<title>Otvoren konkurs za samozapo\u0161ljavanje i razvoj socijalnog preduzetni\u0161tva<\/title>\n<meta name=\"robots\" content=\"index, follow, max-snippet:-1, max-image-preview:large, max-video-preview:-1\" \/>\n<link rel=\"canonical\" href=\"https:\/\/sandzakpress.net\/arhiva\/otvoren-konkurs-za-samozaposljavanje-i-razvoj-socijalnog-preduzetnistva\/\" \/>\n<meta property=\"og:locale\" content=\"bs_BA\" \/>\n<meta property=\"og:type\" content=\"article\" \/>\n<meta property=\"og:title\" content=\"Otvoren konkurs za samozapo\u0161ljavanje i razvoj socijalnog preduzetni\u0161tva\" \/>\n<meta property=\"og:description\" content=\"U okviru projekta \u201dOdr\u017eive zajednice u Sand\u017eaku \u2013 Od mere do karijere\u201d, raspisani su javni pozivi za nezaposlene iz kategorije te\u017ee zapo\u0161ljivih kao i za podr\u0161ku razvoju socijalnog preduzetni\u0161tva. Konkursi \u0107e biti otvoreni do 22.novembra, a u petak \u0107e, za sve zainteresovane sa podr\u010dja Novog Pazar i Tutina, biti organizovane info sesije na kojima potencijalni [&hellip;]\" \/>\n<meta property=\"og:url\" content=\"https:\/\/sandzakpress.net\/arhiva\/otvoren-konkurs-za-samozaposljavanje-i-razvoj-socijalnog-preduzetnistva\/\" \/>\n<meta property=\"og:site_name\" content=\"Sand\u017eak PRESS\" \/>\n<meta property=\"article:published_time\" content=\"2019-11-14T13:31:55+00:00\" \/>\n<meta property=\"og:image\" content=\"https:\/\/sandzakpress.net\/arhiva\/wp-content\/uploads\/2019\/11\/konkurs.jpg\" \/>\n\t<meta property=\"og:image:width\" content=\"800\" \/>\n\t<meta property=\"og:image:height\" content=\"445\" \/>\n\t<meta property=\"og:image:type\" content=\"image\/jpeg\" \/>\n<meta name=\"author\" content=\"Agencija\" \/>\n<meta name=\"twitter:card\" content=\"summary_large_image\" \/>\n<meta name=\"twitter:label1\" content=\"Written by\" \/>\n\t<meta name=\"twitter:data1\" content=\"Agencija\" \/>\n\t<meta name=\"twitter:label2\" content=\"Est. reading time\" \/>\n\t<meta name=\"twitter:data2\" content=\"1 minuta\" \/>\n<script type=\"application\/ld+json\" class=\"yoast-schema-graph\">{\"@context\":\"https:\/\/schema.org\",\"@graph\":[{\"@type\":\"Article\",\"@id\":\"https:\/\/sandzakpress.net\/arhiva\/otvoren-konkurs-za-samozaposljavanje-i-razvoj-socijalnog-preduzetnistva\/#article\",\"isPartOf\":{\"@id\":\"https:\/\/sandzakpress.net\/arhiva\/otvoren-konkurs-za-samozaposljavanje-i-razvoj-socijalnog-preduzetnistva\/\"},\"author\":{\"name\":\"Agencija\",\"@id\":\"https:\/\/sandzakpress.net\/arhiva\/#\/schema\/person\/cb59d7e3ab91ab90dd680ad0305a6185\"},\"headline\":\"Otvoren konkurs za samozapo\u0161ljavanje i razvoj socijalnog preduzetni\u0161tva\",\"datePublished\":\"2019-11-14T13:31:55+00:00\",\"mainEntityOfPage\":{\"@id\":\"https:\/\/sandzakpress.net\/arhiva\/otvoren-konkurs-za-samozaposljavanje-i-razvoj-socijalnog-preduzetnistva\/\"},\"wordCount\":296,\"commentCount\":0,\"publisher\":{\"@id\":\"https:\/\/sandzakpress.net\/arhiva\/#\/schema\/person\/6e72b67d6e51910a1117b3b483ba20bd\"},\"image\":{\"@id\":\"https:\/\/sandzakpress.net\/arhiva\/otvoren-konkurs-za-samozaposljavanje-i-razvoj-socijalnog-preduzetnistva\/#primaryimage\"},\"thumbnailUrl\":\"https:\/\/sandzakpress.net\/arhiva\/wp-content\/uploads\/2019\/11\/konkurs.jpg\",\"articleSection\":[\"Novi Pazar\",\"Dru\u0161tvo\"],\"inLanguage\":\"bs-BA\",\"potentialAction\":[{\"@type\":\"CommentAction\",\"name\":\"Comment\",\"target\":[\"https:\/\/sandzakpress.net\/arhiva\/otvoren-konkurs-za-samozaposljavanje-i-razvoj-socijalnog-preduzetnistva\/#respond\"]}]},{\"@type\":\"WebPage\",\"@id\":\"https:\/\/sandzakpress.net\/arhiva\/otvoren-konkurs-za-samozaposljavanje-i-razvoj-socijalnog-preduzetnistva\/\",\"url\":\"https:\/\/sandzakpress.net\/arhiva\/otvoren-konkurs-za-samozaposljavanje-i-razvoj-socijalnog-preduzetnistva\/\",\"name\":\"Otvoren konkurs za samozapo\u0161ljavanje i razvoj socijalnog preduzetni\u0161tva\",\"isPartOf\":{\"@id\":\"https:\/\/sandzakpress.net\/arhiva\/#website\"},\"primaryImageOfPage\":{\"@id\":\"https:\/\/sandzakpress.net\/arhiva\/otvoren-konkurs-za-samozaposljavanje-i-razvoj-socijalnog-preduzetnistva\/#primaryimage\"},\"image\":{\"@id\":\"https:\/\/sandzakpress.net\/arhiva\/otvoren-konkurs-za-samozaposljavanje-i-razvoj-socijalnog-preduzetnistva\/#primaryimage\"},\"thumbnailUrl\":\"https:\/\/sandzakpress.net\/arhiva\/wp-content\/uploads\/2019\/11\/konkurs.jpg\",\"datePublished\":\"2019-11-14T13:31:55+00:00\",\"breadcrumb\":{\"@id\":\"https:\/\/sandzakpress.net\/arhiva\/otvoren-konkurs-za-samozaposljavanje-i-razvoj-socijalnog-preduzetnistva\/#breadcrumb\"},\"inLanguage\":\"bs-BA\",\"potentialAction\":[{\"@type\":\"ReadAction\",\"target\":[\"https:\/\/sandzakpress.net\/arhiva\/otvoren-konkurs-za-samozaposljavanje-i-razvoj-socijalnog-preduzetnistva\/\"]}]},{\"@type\":\"ImageObject\",\"inLanguage\":\"bs-BA\",\"@id\":\"https:\/\/sandzakpress.net\/arhiva\/otvoren-konkurs-za-samozaposljavanje-i-razvoj-socijalnog-preduzetnistva\/#primaryimage\",\"url\":\"https:\/\/sandzakpress.net\/arhiva\/wp-content\/uploads\/2019\/11\/konkurs.jpg\",\"contentUrl\":\"https:\/\/sandzakpress.net\/arhiva\/wp-content\/uploads\/2019\/11\/konkurs.jpg\",\"width\":800,\"height\":445},{\"@type\":\"BreadcrumbList\",\"@id\":\"https:\/\/sandzakpress.net\/arhiva\/otvoren-konkurs-za-samozaposljavanje-i-razvoj-socijalnog-preduzetnistva\/#breadcrumb\",\"itemListElement\":[{\"@type\":\"ListItem\",\"position\":1,\"name\":\"Home\",\"item\":\"https:\/\/sandzakpress.net\/arhiva\/\"},{\"@type\":\"ListItem\",\"position\":2,\"name\":\"Otvoren konkurs za samozapo\u0161ljavanje i razvoj socijalnog preduzetni\u0161tva\"}]},{\"@type\":\"WebSite\",\"@id\":\"https:\/\/sandzakpress.net\/arhiva\/#website\",\"url\":\"https:\/\/sandzakpress.net\/arhiva\/\",\"name\":\"Sand\u017eak PRESS\",\"description\":\"Prve elektronske novine u Sand\u017eaku\",\"publisher\":{\"@id\":\"https:\/\/sandzakpress.net\/arhiva\/#\/schema\/person\/6e72b67d6e51910a1117b3b483ba20bd\"},\"potentialAction\":[{\"@type\":\"SearchAction\",\"target\":{\"@type\":\"EntryPoint\",\"urlTemplate\":\"https:\/\/sandzakpress.net\/arhiva\/?s={search_term_string}\"},\"query-input\":{\"@type\":\"PropertyValueSpecification\",\"valueRequired\":true,\"valueName\":\"search_term_string\"}}],\"inLanguage\":\"bs-BA\"},{\"@type\":[\"Person\",\"Organization\"],\"@id\":\"https:\/\/sandzakpress.net\/arhiva\/#\/schema\/person\/6e72b67d6e51910a1117b3b483ba20bd\",\"name\":\"Kul\",\"image\":{\"@type\":\"ImageObject\",\"inLanguage\":\"bs-BA\",\"@id\":\"https:\/\/sandzakpress.net\/arhiva\/#\/schema\/person\/image\/\",\"url\":\"https:\/\/secure.gravatar.com\/avatar\/42263f39aa27ac04c43cab85c280eb2e?s=96&d=mm&r=pg\",\"contentUrl\":\"https:\/\/secure.gravatar.com\/avatar\/42263f39aa27ac04c43cab85c280eb2e?s=96&d=mm&r=pg\",\"caption\":\"Kul\"},\"logo\":{\"@id\":\"https:\/\/sandzakpress.net\/arhiva\/#\/schema\/person\/image\/\"}},{\"@type\":\"Person\",\"@id\":\"https:\/\/sandzakpress.net\/arhiva\/#\/schema\/person\/cb59d7e3ab91ab90dd680ad0305a6185\",\"name\":\"Agencija\",\"image\":{\"@type\":\"ImageObject\",\"inLanguage\":\"bs-BA\",\"@id\":\"https:\/\/sandzakpress.net\/arhiva\/#\/schema\/person\/image\/\",\"url\":\"https:\/\/secure.gravatar.com\/avatar\/4b7fafa80a22f0c2afe23966b3961fe0?s=96&d=mm&r=pg\",\"contentUrl\":\"https:\/\/secure.gravatar.com\/avatar\/4b7fafa80a22f0c2afe23966b3961fe0?s=96&d=mm&r=pg\",\"caption\":\"Agencija\"},\"url\":\"https:\/\/sandzakpress.net\/arhiva\/author\/agencija\/\"}]}<\/script>\n<!-- \/ Yoast SEO Premium plugin. -->","yoast_head_json":{"title":"Otvoren konkurs za samozapo\u0161ljavanje i razvoj socijalnog preduzetni\u0161tva","robots":{"index":"index","follow":"follow","max-snippet":"max-snippet:-1","max-image-preview":"max-image-preview:large","max-video-preview":"max-video-preview:-1"},"canonical":"https:\/\/sandzakpress.net\/arhiva\/otvoren-konkurs-za-samozaposljavanje-i-razvoj-socijalnog-preduzetnistva\/","og_locale":"bs_BA","og_type":"article","og_title":"Otvoren konkurs za samozapo\u0161ljavanje i razvoj socijalnog preduzetni\u0161tva","og_description":"U okviru projekta \u201dOdr\u017eive zajednice u Sand\u017eaku \u2013 Od mere do karijere\u201d, raspisani su javni pozivi za nezaposlene iz kategorije te\u017ee zapo\u0161ljivih kao i za podr\u0161ku razvoju socijalnog preduzetni\u0161tva. Konkursi \u0107e biti otvoreni do 22.novembra, a u petak \u0107e, za sve zainteresovane sa podr\u010dja Novog Pazar i Tutina, biti organizovane info sesije na kojima potencijalni [&hellip;]","og_url":"https:\/\/sandzakpress.net\/arhiva\/otvoren-konkurs-za-samozaposljavanje-i-razvoj-socijalnog-preduzetnistva\/","og_site_name":"Sand\u017eak PRESS","article_published_time":"2019-11-14T13:31:55+00:00","og_image":[{"width":800,"height":445,"url":"https:\/\/sandzakpress.net\/arhiva\/wp-content\/uploads\/2019\/11\/konkurs.jpg","type":"image\/jpeg"}],"author":"Agencija","twitter_card":"summary_large_image","twitter_misc":{"Written by":"Agencija","Est. reading time":"1 minuta"},"schema":{"@context":"https:\/\/schema.org","@graph":[{"@type":"Article","@id":"https:\/\/sandzakpress.net\/arhiva\/otvoren-konkurs-za-samozaposljavanje-i-razvoj-socijalnog-preduzetnistva\/#article","isPartOf":{"@id":"https:\/\/sandzakpress.net\/arhiva\/otvoren-konkurs-za-samozaposljavanje-i-razvoj-socijalnog-preduzetnistva\/"},"author":{"name":"Agencija","@id":"https:\/\/sandzakpress.net\/arhiva\/#\/schema\/person\/cb59d7e3ab91ab90dd680ad0305a6185"},"headline":"Otvoren konkurs za samozapo\u0161ljavanje i razvoj socijalnog preduzetni\u0161tva","datePublished":"2019-11-14T13:31:55+00:00","mainEntityOfPage":{"@id":"https:\/\/sandzakpress.net\/arhiva\/otvoren-konkurs-za-samozaposljavanje-i-razvoj-socijalnog-preduzetnistva\/"},"wordCount":296,"commentCount":0,"publisher":{"@id":"https:\/\/sandzakpress.net\/arhiva\/#\/schema\/person\/6e72b67d6e51910a1117b3b483ba20bd"},"image":{"@id":"https:\/\/sandzakpress.net\/arhiva\/otvoren-konkurs-za-samozaposljavanje-i-razvoj-socijalnog-preduzetnistva\/#primaryimage"},"thumbnailUrl":"https:\/\/sandzakpress.net\/arhiva\/wp-content\/uploads\/2019\/11\/konkurs.jpg","articleSection":["Novi Pazar","Dru\u0161tvo"],"inLanguage":"bs-BA","potentialAction":[{"@type":"CommentAction","name":"Comment","target":["https:\/\/sandzakpress.net\/arhiva\/otvoren-konkurs-za-samozaposljavanje-i-razvoj-socijalnog-preduzetnistva\/#respond"]}]},{"@type":"WebPage","@id":"https:\/\/sandzakpress.net\/arhiva\/otvoren-konkurs-za-samozaposljavanje-i-razvoj-socijalnog-preduzetnistva\/","url":"https:\/\/sandzakpress.net\/arhiva\/otvoren-konkurs-za-samozaposljavanje-i-razvoj-socijalnog-preduzetnistva\/","name":"Otvoren konkurs za samozapo\u0161ljavanje i razvoj socijalnog preduzetni\u0161tva","isPartOf":{"@id":"https:\/\/sandzakpress.net\/arhiva\/#website"},"primaryImageOfPage":{"@id":"https:\/\/sandzakpress.net\/arhiva\/otvoren-konkurs-za-samozaposljavanje-i-razvoj-socijalnog-preduzetnistva\/#primaryimage"},"image":{"@id":"https:\/\/sandzakpress.net\/arhiva\/otvoren-konkurs-za-samozaposljavanje-i-razvoj-socijalnog-preduzetnistva\/#primaryimage"},"thumbnailUrl":"https:\/\/sandzakpress.net\/arhiva\/wp-content\/uploads\/2019\/11\/konkurs.jpg","datePublished":"2019-11-14T13:31:55+00:00","breadcrumb":{"@id":"https:\/\/sandzakpress.net\/arhiva\/otvoren-konkurs-za-samozaposljavanje-i-razvoj-socijalnog-preduzetnistva\/#breadcrumb"},"inLanguage":"bs-BA","potentialAction":[{"@type":"ReadAction","target":["https:\/\/sandzakpress.net\/arhiva\/otvoren-konkurs-za-samozaposljavanje-i-razvoj-socijalnog-preduzetnistva\/"]}]},{"@type":"ImageObject","inLanguage":"bs-BA","@id":"https:\/\/sandzakpress.net\/arhiva\/otvoren-konkurs-za-samozaposljavanje-i-razvoj-socijalnog-preduzetnistva\/#primaryimage","url":"https:\/\/sandzakpress.net\/arhiva\/wp-content\/uploads\/2019\/11\/konkurs.jpg","contentUrl":"https:\/\/sandzakpress.net\/arhiva\/wp-content\/uploads\/2019\/11\/konkurs.jpg","width":800,"height":445},{"@type":"BreadcrumbList","@id":"https:\/\/sandzakpress.net\/arhiva\/otvoren-konkurs-za-samozaposljavanje-i-razvoj-socijalnog-preduzetnistva\/#breadcrumb","itemListElement":[{"@type":"ListItem","position":1,"name":"Home","item":"https:\/\/sandzakpress.net\/arhiva\/"},{"@type":"ListItem","position":2,"name":"Otvoren konkurs za samozapo\u0161ljavanje i razvoj socijalnog preduzetni\u0161tva"}]},{"@type":"WebSite","@id":"https:\/\/sandzakpress.net\/arhiva\/#website","url":"https:\/\/sandzakpress.net\/arhiva\/","name":"Sand\u017eak PRESS","description":"Prve elektronske novine u Sand\u017eaku","publisher":{"@id":"https:\/\/sandzakpress.net\/arhiva\/#\/schema\/person\/6e72b67d6e51910a1117b3b483ba20bd"},"potentialAction":[{"@type":"SearchAction","target":{"@type":"EntryPoint","urlTemplate":"https:\/\/sandzakpress.net\/arhiva\/?s={search_term_string}"},"query-input":{"@type":"PropertyValueSpecification","valueRequired":true,"valueName":"search_term_string"}}],"inLanguage":"bs-BA"},{"@type":["Person","Organization"],"@id":"https:\/\/sandzakpress.net\/arhiva\/#\/schema\/person\/6e72b67d6e51910a1117b3b483ba20bd","name":"Kul","image":{"@type":"ImageObject","inLanguage":"bs-BA","@id":"https:\/\/sandzakpress.net\/arhiva\/#\/schema\/person\/image\/","url":"https:\/\/secure.gravatar.com\/avatar\/42263f39aa27ac04c43cab85c280eb2e?s=96&d=mm&r=pg","contentUrl":"https:\/\/secure.gravatar.com\/avatar\/42263f39aa27ac04c43cab85c280eb2e?s=96&d=mm&r=pg","caption":"Kul"},"logo":{"@id":"https:\/\/sandzakpress.net\/arhiva\/#\/schema\/person\/image\/"}},{"@type":"Person","@id":"https:\/\/sandzakpress.net\/arhiva\/#\/schema\/person\/cb59d7e3ab91ab90dd680ad0305a6185","name":"Agencija","image":{"@type":"ImageObject","inLanguage":"bs-BA","@id":"https:\/\/sandzakpress.net\/arhiva\/#\/schema\/person\/image\/","url":"https:\/\/secure.gravatar.com\/avatar\/4b7fafa80a22f0c2afe23966b3961fe0?s=96&d=mm&r=pg","contentUrl":"https:\/\/secure.gravatar.com\/avatar\/4b7fafa80a22f0c2afe23966b3961fe0?s=96&d=mm&r=pg","caption":"Agencija"},"url":"https:\/\/sandzakpress.net\/arhiva\/author\/agencija\/"}]}},"_links":{"self":[{"href":"https:\/\/sandzakpress.net\/arhiva\/wp-json\/wp\/v2\/posts\/230578"}],"collection":[{"href":"https:\/\/sandzakpress.net\/arhiva\/wp-json\/wp\/v2\/posts"}],"about":[{"href":"https:\/\/sandzakpress.net\/arhiva\/wp-json\/wp\/v2\/types\/post"}],"author":[{"embeddable":true,"href":"https:\/\/sandzakpress.net\/arhiva\/wp-json\/wp\/v2\/users\/509"}],"replies":[{"embeddable":true,"href":"https:\/\/sandzakpress.net\/arhiva\/wp-json\/wp\/v2\/comments?post=230578"}],"version-history":[{"count":0,"href":"https:\/\/sandzakpress.net\/arhiva\/wp-json\/wp\/v2\/posts\/230578\/revisions"}],"wp:featuredmedia":[{"embeddable":true,"href":"https:\/\/sandzakpress.net\/arhiva\/wp-json\/wp\/v2\/media\/230579"}],"wp:attachment":[{"href":"https:\/\/sandzakpress.net\/arhiva\/wp-json\/wp\/v2\/media?parent=230578"}],"wp:term":[{"taxonomy":"category","embeddable":true,"href":"https:\/\/sandzakpress.net\/arhiva\/wp-json\/wp\/v2\/categories?post=230578"},{"taxonomy":"post_tag","embeddable":true,"href":"https:\/\/sandzakpress.net\/arhiva\/wp-json\/wp\/v2\/tags?post=230578"}],"curies":[{"name":"wp","href":"https:\/\/api.w.org\/{rel}","templated":true}]}}