{"id":230462,"date":"2019-11-11T14:11:04","date_gmt":"2019-11-11T13:11:04","guid":{"rendered":"https:\/\/sandzakpress.net\/arhiva\/?p=230462"},"modified":"2019-11-11T14:11:04","modified_gmt":"2019-11-11T13:11:04","slug":"novo-specijalizovano-vozilo-za-jkp-vrela-sjenica","status":"publish","type":"post","link":"https:\/\/sandzakpress.net\/arhiva\/novo-specijalizovano-vozilo-za-jkp-vrela-sjenica\/","title":{"rendered":"Novo specijalizovano vozilo za JKP \u201eVrela\u201d Sjenica"},"content":{"rendered":"<p><img loading=\"lazy\" decoding=\"async\" class=\"alignnone size-large wp-image-230463\" src=\"https:\/\/sandzakpress.net\/arhiva\/wp-content\/uploads\/2019\/11\/img_0187-616x295.jpg\" alt=\"\" width=\"616\" height=\"295\" srcset=\"https:\/\/sandzakpress.net\/arhiva\/wp-content\/uploads\/2019\/11\/img_0187-616x295.jpg 616w, https:\/\/sandzakpress.net\/arhiva\/wp-content\/uploads\/2019\/11\/img_0187-768x368.jpg 768w, https:\/\/sandzakpress.net\/arhiva\/wp-content\/uploads\/2019\/11\/img_0187.jpg 800w\" sizes=\"(max-width: 616px) 100vw, 616px\" \/><\/p>\n<p><strong>Javno komunalno preduze\u0107e \u201eVrela\u201d Sjenica dobilo je novo specijalizovano vozilo \u2013 sme\u0107ar.<\/strong><\/p>\n<p>Vozilo je nabavljeno u okviru prekograni\u010dnog projekta \u201eOdr\u017eivo upravljanje otpadom \u2013 BinS\u201d koju JKP \u201eVrela\u201d kao partner sprovodi sa op\u0161tinom Gusinje koja je nosilac projekta.<\/p>\n<p>Projekat je sufinansiran od strane Evrpske unije, ukupne vrednosti od oko 232 hiljade evra, od \u010dega je doprinos EU 197 hinjada evra, dok \u0107e preostali deo sredstava finansirati lokalne samouprave.<\/p>\n<p>Projekat \u0107e dati doprinos za\u0161titi \u017eivotne sredine u prekograni\u010dnom podru\u010dju kroz ja\u010danje sistema upravljanja \u010dvrstim otpadom. Konkretni benefiti za ove dve op\u0161tine, kao i za njihova komunalna preduze\u0107a, se ogledaju u nabavci po jednog specijalizovnog kamiona za sakupljanje \u010dvrstog otpada i 80 kontejnera koji \u0107e umnogome doprineti unapre\u0111enju stanja komunalne infrastrukture.<\/p>\n<p>Rad JKP \u201eVrela\u201d Sjenica, zbog dobijanja novog specijalizovanog vozila, \u0107e znatno biti unapre\u0111en.<\/p>\n","protected":false},"excerpt":{"rendered":"<p>Javno komunalno preduze\u0107e \u201eVrela\u201d Sjenica dobilo je novo specijalizovano vozilo \u2013 sme\u0107ar. Vozilo je nabavljeno u okviru prekograni\u010dnog projekta \u201eOdr\u017eivo upravljanje otpadom \u2013 BinS\u201d koju JKP \u201eVrela\u201d kao partner sprovodi sa op\u0161tinom Gusinje koja je nosilac projekta. Projekat je sufinansiran od strane Evrpske unije, ukupne vrednosti od oko 232 hiljade evra, od \u010dega je doprinos [&hellip;]<\/p>\n","protected":false},"author":509,"featured_media":230464,"comment_status":"open","ping_status":"open","sticky":false,"template":"","format":"standard","meta":{"footnotes":""},"categories":[52,5],"tags":[],"class_list":{"0":"post-230462","1":"post","2":"type-post","3":"status-publish","4":"format-standard","5":"has-post-thumbnail","7":"category-sjenica","8":"category-drustvo"},"yoast_head":"<!-- This site is optimized with the Yoast SEO Premium plugin v23.1 (Yoast SEO v24.9) - https:\/\/yoast.com\/wordpress\/plugins\/seo\/ -->\n<title>Novo specijalizovano vozilo za JKP \u201eVrela\u201d Sjenica<\/title>\n<meta name=\"robots\" content=\"index, follow, max-snippet:-1, max-image-preview:large, max-video-preview:-1\" \/>\n<link rel=\"canonical\" href=\"https:\/\/sandzakpress.net\/arhiva\/novo-specijalizovano-vozilo-za-jkp-vrela-sjenica\/\" \/>\n<meta property=\"og:locale\" content=\"bs_BA\" \/>\n<meta property=\"og:type\" content=\"article\" \/>\n<meta property=\"og:title\" content=\"Novo specijalizovano vozilo za JKP \u201eVrela\u201d Sjenica\" \/>\n<meta property=\"og:description\" content=\"Javno komunalno preduze\u0107e \u201eVrela\u201d Sjenica dobilo je novo specijalizovano vozilo \u2013 sme\u0107ar. Vozilo je nabavljeno u okviru prekograni\u010dnog projekta \u201eOdr\u017eivo upravljanje otpadom \u2013 BinS\u201d koju JKP \u201eVrela\u201d kao partner sprovodi sa op\u0161tinom Gusinje koja je nosilac projekta. Projekat je sufinansiran od strane Evrpske unije, ukupne vrednosti od oko 232 hiljade evra, od \u010dega je doprinos [&hellip;]\" \/>\n<meta property=\"og:url\" content=\"https:\/\/sandzakpress.net\/arhiva\/novo-specijalizovano-vozilo-za-jkp-vrela-sjenica\/\" \/>\n<meta property=\"og:site_name\" content=\"Sand\u017eak PRESS\" \/>\n<meta property=\"article:published_time\" content=\"2019-11-11T13:11:04+00:00\" \/>\n<meta property=\"og:image\" content=\"https:\/\/sandzakpress.net\/arhiva\/wp-content\/uploads\/2019\/11\/img_0187-616x295-1.jpg\" \/>\n\t<meta property=\"og:image:width\" content=\"616\" \/>\n\t<meta property=\"og:image:height\" content=\"295\" \/>\n\t<meta property=\"og:image:type\" content=\"image\/jpeg\" \/>\n<meta name=\"author\" content=\"Agencija\" \/>\n<meta name=\"twitter:card\" content=\"summary_large_image\" \/>\n<meta name=\"twitter:label1\" content=\"Written by\" \/>\n\t<meta name=\"twitter:data1\" content=\"Agencija\" \/>\n\t<meta name=\"twitter:label2\" content=\"Est. reading time\" \/>\n\t<meta name=\"twitter:data2\" content=\"1 minuta\" \/>\n<script type=\"application\/ld+json\" class=\"yoast-schema-graph\">{\"@context\":\"https:\/\/schema.org\",\"@graph\":[{\"@type\":\"Article\",\"@id\":\"https:\/\/sandzakpress.net\/arhiva\/novo-specijalizovano-vozilo-za-jkp-vrela-sjenica\/#article\",\"isPartOf\":{\"@id\":\"https:\/\/sandzakpress.net\/arhiva\/novo-specijalizovano-vozilo-za-jkp-vrela-sjenica\/\"},\"author\":{\"name\":\"Agencija\",\"@id\":\"https:\/\/sandzakpress.net\/arhiva\/#\/schema\/person\/cb59d7e3ab91ab90dd680ad0305a6185\"},\"headline\":\"Novo specijalizovano vozilo za JKP \u201eVrela\u201d Sjenica\",\"datePublished\":\"2019-11-11T13:11:04+00:00\",\"mainEntityOfPage\":{\"@id\":\"https:\/\/sandzakpress.net\/arhiva\/novo-specijalizovano-vozilo-za-jkp-vrela-sjenica\/\"},\"wordCount\":146,\"commentCount\":0,\"publisher\":{\"@id\":\"https:\/\/sandzakpress.net\/arhiva\/#\/schema\/person\/6e72b67d6e51910a1117b3b483ba20bd\"},\"image\":{\"@id\":\"https:\/\/sandzakpress.net\/arhiva\/novo-specijalizovano-vozilo-za-jkp-vrela-sjenica\/#primaryimage\"},\"thumbnailUrl\":\"https:\/\/sandzakpress.net\/arhiva\/wp-content\/uploads\/2019\/11\/img_0187-616x295-1.jpg\",\"articleSection\":[\"Sjenica\",\"Dru\u0161tvo\"],\"inLanguage\":\"bs-BA\",\"potentialAction\":[{\"@type\":\"CommentAction\",\"name\":\"Comment\",\"target\":[\"https:\/\/sandzakpress.net\/arhiva\/novo-specijalizovano-vozilo-za-jkp-vrela-sjenica\/#respond\"]}]},{\"@type\":\"WebPage\",\"@id\":\"https:\/\/sandzakpress.net\/arhiva\/novo-specijalizovano-vozilo-za-jkp-vrela-sjenica\/\",\"url\":\"https:\/\/sandzakpress.net\/arhiva\/novo-specijalizovano-vozilo-za-jkp-vrela-sjenica\/\",\"name\":\"Novo specijalizovano vozilo za JKP \u201eVrela\u201d Sjenica\",\"isPartOf\":{\"@id\":\"https:\/\/sandzakpress.net\/arhiva\/#website\"},\"primaryImageOfPage\":{\"@id\":\"https:\/\/sandzakpress.net\/arhiva\/novo-specijalizovano-vozilo-za-jkp-vrela-sjenica\/#primaryimage\"},\"image\":{\"@id\":\"https:\/\/sandzakpress.net\/arhiva\/novo-specijalizovano-vozilo-za-jkp-vrela-sjenica\/#primaryimage\"},\"thumbnailUrl\":\"https:\/\/sandzakpress.net\/arhiva\/wp-content\/uploads\/2019\/11\/img_0187-616x295-1.jpg\",\"datePublished\":\"2019-11-11T13:11:04+00:00\",\"breadcrumb\":{\"@id\":\"https:\/\/sandzakpress.net\/arhiva\/novo-specijalizovano-vozilo-za-jkp-vrela-sjenica\/#breadcrumb\"},\"inLanguage\":\"bs-BA\",\"potentialAction\":[{\"@type\":\"ReadAction\",\"target\":[\"https:\/\/sandzakpress.net\/arhiva\/novo-specijalizovano-vozilo-za-jkp-vrela-sjenica\/\"]}]},{\"@type\":\"ImageObject\",\"inLanguage\":\"bs-BA\",\"@id\":\"https:\/\/sandzakpress.net\/arhiva\/novo-specijalizovano-vozilo-za-jkp-vrela-sjenica\/#primaryimage\",\"url\":\"https:\/\/sandzakpress.net\/arhiva\/wp-content\/uploads\/2019\/11\/img_0187-616x295-1.jpg\",\"contentUrl\":\"https:\/\/sandzakpress.net\/arhiva\/wp-content\/uploads\/2019\/11\/img_0187-616x295-1.jpg\",\"width\":616,\"height\":295},{\"@type\":\"BreadcrumbList\",\"@id\":\"https:\/\/sandzakpress.net\/arhiva\/novo-specijalizovano-vozilo-za-jkp-vrela-sjenica\/#breadcrumb\",\"itemListElement\":[{\"@type\":\"ListItem\",\"position\":1,\"name\":\"Home\",\"item\":\"https:\/\/sandzakpress.net\/arhiva\/\"},{\"@type\":\"ListItem\",\"position\":2,\"name\":\"Novo specijalizovano vozilo za JKP \u201eVrela\u201d Sjenica\"}]},{\"@type\":\"WebSite\",\"@id\":\"https:\/\/sandzakpress.net\/arhiva\/#website\",\"url\":\"https:\/\/sandzakpress.net\/arhiva\/\",\"name\":\"Sand\u017eak PRESS\",\"description\":\"Prve elektronske novine u Sand\u017eaku\",\"publisher\":{\"@id\":\"https:\/\/sandzakpress.net\/arhiva\/#\/schema\/person\/6e72b67d6e51910a1117b3b483ba20bd\"},\"potentialAction\":[{\"@type\":\"SearchAction\",\"target\":{\"@type\":\"EntryPoint\",\"urlTemplate\":\"https:\/\/sandzakpress.net\/arhiva\/?s={search_term_string}\"},\"query-input\":{\"@type\":\"PropertyValueSpecification\",\"valueRequired\":true,\"valueName\":\"search_term_string\"}}],\"inLanguage\":\"bs-BA\"},{\"@type\":[\"Person\",\"Organization\"],\"@id\":\"https:\/\/sandzakpress.net\/arhiva\/#\/schema\/person\/6e72b67d6e51910a1117b3b483ba20bd\",\"name\":\"Kul\",\"image\":{\"@type\":\"ImageObject\",\"inLanguage\":\"bs-BA\",\"@id\":\"https:\/\/sandzakpress.net\/arhiva\/#\/schema\/person\/image\/\",\"url\":\"https:\/\/secure.gravatar.com\/avatar\/42263f39aa27ac04c43cab85c280eb2e?s=96&d=mm&r=pg\",\"contentUrl\":\"https:\/\/secure.gravatar.com\/avatar\/42263f39aa27ac04c43cab85c280eb2e?s=96&d=mm&r=pg\",\"caption\":\"Kul\"},\"logo\":{\"@id\":\"https:\/\/sandzakpress.net\/arhiva\/#\/schema\/person\/image\/\"}},{\"@type\":\"Person\",\"@id\":\"https:\/\/sandzakpress.net\/arhiva\/#\/schema\/person\/cb59d7e3ab91ab90dd680ad0305a6185\",\"name\":\"Agencija\",\"image\":{\"@type\":\"ImageObject\",\"inLanguage\":\"bs-BA\",\"@id\":\"https:\/\/sandzakpress.net\/arhiva\/#\/schema\/person\/image\/\",\"url\":\"https:\/\/secure.gravatar.com\/avatar\/4b7fafa80a22f0c2afe23966b3961fe0?s=96&d=mm&r=pg\",\"contentUrl\":\"https:\/\/secure.gravatar.com\/avatar\/4b7fafa80a22f0c2afe23966b3961fe0?s=96&d=mm&r=pg\",\"caption\":\"Agencija\"},\"url\":\"https:\/\/sandzakpress.net\/arhiva\/author\/agencija\/\"}]}<\/script>\n<!-- \/ Yoast SEO Premium plugin. -->","yoast_head_json":{"title":"Novo specijalizovano vozilo za JKP \u201eVrela\u201d Sjenica","robots":{"index":"index","follow":"follow","max-snippet":"max-snippet:-1","max-image-preview":"max-image-preview:large","max-video-preview":"max-video-preview:-1"},"canonical":"https:\/\/sandzakpress.net\/arhiva\/novo-specijalizovano-vozilo-za-jkp-vrela-sjenica\/","og_locale":"bs_BA","og_type":"article","og_title":"Novo specijalizovano vozilo za JKP \u201eVrela\u201d Sjenica","og_description":"Javno komunalno preduze\u0107e \u201eVrela\u201d Sjenica dobilo je novo specijalizovano vozilo \u2013 sme\u0107ar. Vozilo je nabavljeno u okviru prekograni\u010dnog projekta \u201eOdr\u017eivo upravljanje otpadom \u2013 BinS\u201d koju JKP \u201eVrela\u201d kao partner sprovodi sa op\u0161tinom Gusinje koja je nosilac projekta. Projekat je sufinansiran od strane Evrpske unije, ukupne vrednosti od oko 232 hiljade evra, od \u010dega je doprinos [&hellip;]","og_url":"https:\/\/sandzakpress.net\/arhiva\/novo-specijalizovano-vozilo-za-jkp-vrela-sjenica\/","og_site_name":"Sand\u017eak PRESS","article_published_time":"2019-11-11T13:11:04+00:00","og_image":[{"width":616,"height":295,"url":"https:\/\/sandzakpress.net\/arhiva\/wp-content\/uploads\/2019\/11\/img_0187-616x295-1.jpg","type":"image\/jpeg"}],"author":"Agencija","twitter_card":"summary_large_image","twitter_misc":{"Written by":"Agencija","Est. reading time":"1 minuta"},"schema":{"@context":"https:\/\/schema.org","@graph":[{"@type":"Article","@id":"https:\/\/sandzakpress.net\/arhiva\/novo-specijalizovano-vozilo-za-jkp-vrela-sjenica\/#article","isPartOf":{"@id":"https:\/\/sandzakpress.net\/arhiva\/novo-specijalizovano-vozilo-za-jkp-vrela-sjenica\/"},"author":{"name":"Agencija","@id":"https:\/\/sandzakpress.net\/arhiva\/#\/schema\/person\/cb59d7e3ab91ab90dd680ad0305a6185"},"headline":"Novo specijalizovano vozilo za JKP \u201eVrela\u201d Sjenica","datePublished":"2019-11-11T13:11:04+00:00","mainEntityOfPage":{"@id":"https:\/\/sandzakpress.net\/arhiva\/novo-specijalizovano-vozilo-za-jkp-vrela-sjenica\/"},"wordCount":146,"commentCount":0,"publisher":{"@id":"https:\/\/sandzakpress.net\/arhiva\/#\/schema\/person\/6e72b67d6e51910a1117b3b483ba20bd"},"image":{"@id":"https:\/\/sandzakpress.net\/arhiva\/novo-specijalizovano-vozilo-za-jkp-vrela-sjenica\/#primaryimage"},"thumbnailUrl":"https:\/\/sandzakpress.net\/arhiva\/wp-content\/uploads\/2019\/11\/img_0187-616x295-1.jpg","articleSection":["Sjenica","Dru\u0161tvo"],"inLanguage":"bs-BA","potentialAction":[{"@type":"CommentAction","name":"Comment","target":["https:\/\/sandzakpress.net\/arhiva\/novo-specijalizovano-vozilo-za-jkp-vrela-sjenica\/#respond"]}]},{"@type":"WebPage","@id":"https:\/\/sandzakpress.net\/arhiva\/novo-specijalizovano-vozilo-za-jkp-vrela-sjenica\/","url":"https:\/\/sandzakpress.net\/arhiva\/novo-specijalizovano-vozilo-za-jkp-vrela-sjenica\/","name":"Novo specijalizovano vozilo za JKP \u201eVrela\u201d Sjenica","isPartOf":{"@id":"https:\/\/sandzakpress.net\/arhiva\/#website"},"primaryImageOfPage":{"@id":"https:\/\/sandzakpress.net\/arhiva\/novo-specijalizovano-vozilo-za-jkp-vrela-sjenica\/#primaryimage"},"image":{"@id":"https:\/\/sandzakpress.net\/arhiva\/novo-specijalizovano-vozilo-za-jkp-vrela-sjenica\/#primaryimage"},"thumbnailUrl":"https:\/\/sandzakpress.net\/arhiva\/wp-content\/uploads\/2019\/11\/img_0187-616x295-1.jpg","datePublished":"2019-11-11T13:11:04+00:00","breadcrumb":{"@id":"https:\/\/sandzakpress.net\/arhiva\/novo-specijalizovano-vozilo-za-jkp-vrela-sjenica\/#breadcrumb"},"inLanguage":"bs-BA","potentialAction":[{"@type":"ReadAction","target":["https:\/\/sandzakpress.net\/arhiva\/novo-specijalizovano-vozilo-za-jkp-vrela-sjenica\/"]}]},{"@type":"ImageObject","inLanguage":"bs-BA","@id":"https:\/\/sandzakpress.net\/arhiva\/novo-specijalizovano-vozilo-za-jkp-vrela-sjenica\/#primaryimage","url":"https:\/\/sandzakpress.net\/arhiva\/wp-content\/uploads\/2019\/11\/img_0187-616x295-1.jpg","contentUrl":"https:\/\/sandzakpress.net\/arhiva\/wp-content\/uploads\/2019\/11\/img_0187-616x295-1.jpg","width":616,"height":295},{"@type":"BreadcrumbList","@id":"https:\/\/sandzakpress.net\/arhiva\/novo-specijalizovano-vozilo-za-jkp-vrela-sjenica\/#breadcrumb","itemListElement":[{"@type":"ListItem","position":1,"name":"Home","item":"https:\/\/sandzakpress.net\/arhiva\/"},{"@type":"ListItem","position":2,"name":"Novo specijalizovano vozilo za JKP \u201eVrela\u201d Sjenica"}]},{"@type":"WebSite","@id":"https:\/\/sandzakpress.net\/arhiva\/#website","url":"https:\/\/sandzakpress.net\/arhiva\/","name":"Sand\u017eak PRESS","description":"Prve elektronske novine u Sand\u017eaku","publisher":{"@id":"https:\/\/sandzakpress.net\/arhiva\/#\/schema\/person\/6e72b67d6e51910a1117b3b483ba20bd"},"potentialAction":[{"@type":"SearchAction","target":{"@type":"EntryPoint","urlTemplate":"https:\/\/sandzakpress.net\/arhiva\/?s={search_term_string}"},"query-input":{"@type":"PropertyValueSpecification","valueRequired":true,"valueName":"search_term_string"}}],"inLanguage":"bs-BA"},{"@type":["Person","Organization"],"@id":"https:\/\/sandzakpress.net\/arhiva\/#\/schema\/person\/6e72b67d6e51910a1117b3b483ba20bd","name":"Kul","image":{"@type":"ImageObject","inLanguage":"bs-BA","@id":"https:\/\/sandzakpress.net\/arhiva\/#\/schema\/person\/image\/","url":"https:\/\/secure.gravatar.com\/avatar\/42263f39aa27ac04c43cab85c280eb2e?s=96&d=mm&r=pg","contentUrl":"https:\/\/secure.gravatar.com\/avatar\/42263f39aa27ac04c43cab85c280eb2e?s=96&d=mm&r=pg","caption":"Kul"},"logo":{"@id":"https:\/\/sandzakpress.net\/arhiva\/#\/schema\/person\/image\/"}},{"@type":"Person","@id":"https:\/\/sandzakpress.net\/arhiva\/#\/schema\/person\/cb59d7e3ab91ab90dd680ad0305a6185","name":"Agencija","image":{"@type":"ImageObject","inLanguage":"bs-BA","@id":"https:\/\/sandzakpress.net\/arhiva\/#\/schema\/person\/image\/","url":"https:\/\/secure.gravatar.com\/avatar\/4b7fafa80a22f0c2afe23966b3961fe0?s=96&d=mm&r=pg","contentUrl":"https:\/\/secure.gravatar.com\/avatar\/4b7fafa80a22f0c2afe23966b3961fe0?s=96&d=mm&r=pg","caption":"Agencija"},"url":"https:\/\/sandzakpress.net\/arhiva\/author\/agencija\/"}]}},"_links":{"self":[{"href":"https:\/\/sandzakpress.net\/arhiva\/wp-json\/wp\/v2\/posts\/230462"}],"collection":[{"href":"https:\/\/sandzakpress.net\/arhiva\/wp-json\/wp\/v2\/posts"}],"about":[{"href":"https:\/\/sandzakpress.net\/arhiva\/wp-json\/wp\/v2\/types\/post"}],"author":[{"embeddable":true,"href":"https:\/\/sandzakpress.net\/arhiva\/wp-json\/wp\/v2\/users\/509"}],"replies":[{"embeddable":true,"href":"https:\/\/sandzakpress.net\/arhiva\/wp-json\/wp\/v2\/comments?post=230462"}],"version-history":[{"count":0,"href":"https:\/\/sandzakpress.net\/arhiva\/wp-json\/wp\/v2\/posts\/230462\/revisions"}],"wp:featuredmedia":[{"embeddable":true,"href":"https:\/\/sandzakpress.net\/arhiva\/wp-json\/wp\/v2\/media\/230464"}],"wp:attachment":[{"href":"https:\/\/sandzakpress.net\/arhiva\/wp-json\/wp\/v2\/media?parent=230462"}],"wp:term":[{"taxonomy":"category","embeddable":true,"href":"https:\/\/sandzakpress.net\/arhiva\/wp-json\/wp\/v2\/categories?post=230462"},{"taxonomy":"post_tag","embeddable":true,"href":"https:\/\/sandzakpress.net\/arhiva\/wp-json\/wp\/v2\/tags?post=230462"}],"curies":[{"name":"wp","href":"https:\/\/api.w.org\/{rel}","templated":true}]}}