{"id":230443,"date":"2019-11-11T09:37:04","date_gmt":"2019-11-11T08:37:04","guid":{"rendered":"https:\/\/sandzakpress.net\/arhiva\/?p=230443"},"modified":"2019-11-11T11:58:45","modified_gmt":"2019-11-11T10:58:45","slug":"zavrseno-prvo-takmicenje-mekteblija-upoznaj-poslanika","status":"publish","type":"post","link":"https:\/\/sandzakpress.net\/arhiva\/zavrseno-prvo-takmicenje-mekteblija-upoznaj-poslanika\/","title":{"rendered":"Zavr\u0161eno prvo takmi\u010denje mekteblija \u201cUpoznaj Poslanika\u201d"},"content":{"rendered":"<p>&nbsp;<\/p>\n<p><img loading=\"lazy\" decoding=\"async\" class=\"alignnone wp-image-50913 size-full\" src=\"http:\/\/sanapress.info\/wp-content\/uploads\/2019\/11\/viber_image_2019-11-09_14-01-05.jpg\" alt=\"\" width=\"1600\" height=\"1200\" \/><\/p>\n<p><strong>Me\u0161ihat IZ u Srbiji sa Med\u017elisom IZ Novi Pazar u Had\u017ei Mehovoj d\u017eamiji organizirali su prvo takmi\u010denje za mekteblije sa tematikom iz sire &#8211; \u017divotopis Muhameda s.a.w. pod nazivom \u201cUpoznaj Poslanika\u201d.<\/strong><\/p>\n<p>Rukovodioc Vjersko-prosvjetne slu\u017ebe Me\u0161ihata dr. Re\u0161ad ef. Plojovi\u0107 se prisutnima obratio uz rije\u010di pohvale kako za u\u010desnike tako i za organizatore.<\/p>\n<p>&#8220;Ovim skupom smo pokazali da svoje slobodno vrijeme mo\u017eemo kvalitetno iskoristiti. Ljubav prema Poslaniku s.a.w. je sve nas okupila ovdje. Najbolji \u0107e pobjediti a posebno \u017eelim da pohvalim organizatore i nadam se da \u0107e ovo takmi\u010denje postati tradicija&#8221;, istakao je dr. Re\u0161ad ef. Plojovi\u0107.<\/p>\n<p>Preko 40 dzemata je sa svojim mekteblijama uzelo u\u010de\u0161\u0107e. Poru\u010duju da su pripreme tekle vi\u0161e od mjesec dana i da \u017eele da ovo postane tradicija.<\/p>\n<p>&#8220;Povodom dana ro\u0111enja Poslanika Muhammeda s.a.w. sve IZ u cijelom svijetu \u017eele obilje\u017eiti na prikladan na\u010din. Organizirali smo takmi\u010denje iz sire za mekteblije. Svi su uzeli u\u010de\u0161\u0107e jer su izabrali najbolje mekteblije&#8221;, rekao je Enver ef. Omerovi\u0107.<\/p>\n<p>Svi su pobjednici, ali uvjek se moraju izdvojiti oni najbolji me\u0111u njima. U\u010desnici ponosni na sebe a svoju zahvalnost i uzbu\u0111enje, nisu mogli sakriti.<\/p>\n<p>&#8220;O\u010dekivali smo da \u0107emo biti prvo mjesto jer smo se pripremali. uz pomo\u0107 Allaha d\u017e.\u0161. smo osvojili prvo mjesto ali i uz pomo\u0107 na\u0161eg imama&#8221;,<\/p>\n<p>&#8220;Do godine \u0107e biti jo\u0161 bolje, napredovat \u0107emo i ovo je jedinstvena prilika da se i dru\u017eimo ali u u\u010dimo&#8221;,<\/p>\n<p>&#8220;Spremali smo se mjesec dana i kako je period raznih takmi\u010denja, ovo je na neki na\u010din posebno takmi\u010denje ali i najdra\u017ee&#8221;, kazali su u\u010desnici.<\/p>\n<p>Ukupno prvo mjesto je osvojio mekteb d\u017eemata \u201cNur\u201d sa 288 bodova, drugo mjesto sa 213 bodova osvojio je mekteb d\u017eemata \u201cJukova\u010da\u201d, a tre\u0107e mjesto sa 200 bodova osvojio je mekteb d\u017eemata \u201cSelakovac 2\u201d.<\/p>\n<p>Tokom takmi\u010denja bio je obezbije\u0111en doru\u010dak za djecu, ru\u010dak za imame, knjige poklon imamima, poklon djeci a i nov\u010dane nagrade.<\/p>\n<p><img loading=\"lazy\" decoding=\"async\" class=\"alignnone wp-image-50933 size-full\" src=\"http:\/\/sanapress.info\/wp-content\/uploads\/2019\/11\/viber_image_2019-11-09_09-45-42.jpg\" alt=\"\" width=\"1600\" height=\"1200\" \/> <img loading=\"lazy\" decoding=\"async\" class=\"alignnone wp-image-50934 size-full\" src=\"http:\/\/sanapress.info\/wp-content\/uploads\/2019\/11\/viber_image_2019-11-09_09-45-38.jpg\" alt=\"\" width=\"1600\" height=\"1200\" \/> <img loading=\"lazy\" decoding=\"async\" class=\"alignnone wp-image-50935 size-full\" src=\"http:\/\/sanapress.info\/wp-content\/uploads\/2019\/11\/viber_image_2019-11-09_09-45-51.jpg\" alt=\"\" width=\"1600\" height=\"1200\" \/> <img loading=\"lazy\" decoding=\"async\" class=\"alignnone wp-image-50936 size-full\" src=\"http:\/\/sanapress.info\/wp-content\/uploads\/2019\/11\/viber_image_2019-11-09_09-48-28.jpg\" alt=\"\" width=\"1600\" height=\"1200\" \/> <img loading=\"lazy\" decoding=\"async\" class=\"alignnone wp-image-50937 size-full\" src=\"http:\/\/sanapress.info\/wp-content\/uploads\/2019\/11\/viber_image_2019-11-09_10-41-19.jpg\" alt=\"\" width=\"1600\" height=\"1200\" \/> <img loading=\"lazy\" decoding=\"async\" class=\"alignnone wp-image-50938 size-full\" src=\"http:\/\/sanapress.info\/wp-content\/uploads\/2019\/11\/viber_image_2019-11-09_10-13-42.jpg\" alt=\"\" width=\"1600\" height=\"1200\" \/> <img loading=\"lazy\" decoding=\"async\" class=\"alignnone wp-image-50939 size-full\" src=\"http:\/\/sanapress.info\/wp-content\/uploads\/2019\/11\/viber_image_2019-11-09_10-41-20.jpg\" alt=\"\" width=\"1600\" height=\"1200\" \/> <img loading=\"lazy\" decoding=\"async\" class=\"alignnone wp-image-50940 size-full\" src=\"http:\/\/sanapress.info\/wp-content\/uploads\/2019\/11\/viber_image_2019-11-09_10-19-04.jpg\" alt=\"\" width=\"1600\" height=\"1200\" \/> <img loading=\"lazy\" decoding=\"async\" class=\"alignnone wp-image-50941 size-full\" src=\"http:\/\/sanapress.info\/wp-content\/uploads\/2019\/11\/viber_image_2019-11-09_13-28-25.jpg\" alt=\"\" width=\"1600\" height=\"1200\" \/> <img loading=\"lazy\" decoding=\"async\" class=\"alignnone wp-image-50942 size-full\" src=\"http:\/\/sanapress.info\/wp-content\/uploads\/2019\/11\/viber_image_2019-11-09_10-25-36.jpg\" alt=\"\" width=\"1600\" height=\"1200\" \/> <img loading=\"lazy\" decoding=\"async\" class=\"alignnone wp-image-50944 size-full\" src=\"http:\/\/sanapress.info\/wp-content\/uploads\/2019\/11\/viber_image_2019-11-09_13-28-25jj.jpg\" alt=\"\" width=\"1600\" height=\"1200\" \/><\/p>\n<p>SANA<\/p>\n","protected":false},"excerpt":{"rendered":"<p>&nbsp; Me\u0161ihat IZ u Srbiji sa Med\u017elisom IZ Novi Pazar u Had\u017ei Mehovoj d\u017eamiji organizirali su prvo takmi\u010denje za mekteblije sa tematikom iz sire &#8211; \u017divotopis Muhameda s.a.w. pod nazivom \u201cUpoznaj Poslanika\u201d. Rukovodioc Vjersko-prosvjetne slu\u017ebe Me\u0161ihata dr. Re\u0161ad ef. Plojovi\u0107 se prisutnima obratio uz rije\u010di pohvale kako za u\u010desnike tako i za organizatore. &#8220;Ovim skupom [&hellip;]<\/p>\n","protected":false},"author":509,"featured_media":230446,"comment_status":"open","ping_status":"open","sticky":false,"template":"","format":"standard","meta":{"footnotes":""},"categories":[72,802,8957],"tags":[],"class_list":{"0":"post-230443","1":"post","2":"type-post","3":"status-publish","4":"format-standard","5":"has-post-thumbnail","7":"category-novi-pazar","8":"category-islamska_zajednica","9":"category-vijesti-dana"},"yoast_head":"<!-- This site is optimized with the Yoast SEO Premium plugin v23.1 (Yoast SEO v24.9) - https:\/\/yoast.com\/wordpress\/plugins\/seo\/ -->\n<title>Zavr\u0161eno prvo takmi\u010denje mekteblija \u201cUpoznaj Poslanika\u201d<\/title>\n<meta name=\"robots\" content=\"index, follow, max-snippet:-1, max-image-preview:large, max-video-preview:-1\" \/>\n<link rel=\"canonical\" href=\"https:\/\/sandzakpress.net\/arhiva\/zavrseno-prvo-takmicenje-mekteblija-upoznaj-poslanika\/\" \/>\n<meta property=\"og:locale\" content=\"bs_BA\" \/>\n<meta property=\"og:type\" content=\"article\" \/>\n<meta property=\"og:title\" content=\"Zavr\u0161eno prvo takmi\u010denje mekteblija \u201cUpoznaj Poslanika\u201d\" \/>\n<meta property=\"og:description\" content=\"&nbsp; Me\u0161ihat IZ u Srbiji sa Med\u017elisom IZ Novi Pazar u Had\u017ei Mehovoj d\u017eamiji organizirali su prvo takmi\u010denje za mekteblije sa tematikom iz sire &#8211; \u017divotopis Muhameda s.a.w. pod nazivom \u201cUpoznaj Poslanika\u201d. Rukovodioc Vjersko-prosvjetne slu\u017ebe Me\u0161ihata dr. Re\u0161ad ef. Plojovi\u0107 se prisutnima obratio uz rije\u010di pohvale kako za u\u010desnike tako i za organizatore. &#8220;Ovim skupom [&hellip;]\" \/>\n<meta property=\"og:url\" content=\"https:\/\/sandzakpress.net\/arhiva\/zavrseno-prvo-takmicenje-mekteblija-upoznaj-poslanika\/\" \/>\n<meta property=\"og:site_name\" content=\"Sand\u017eak PRESS\" \/>\n<meta property=\"article:published_time\" content=\"2019-11-11T08:37:04+00:00\" \/>\n<meta property=\"article:modified_time\" content=\"2019-11-11T10:58:45+00:00\" \/>\n<meta property=\"og:image\" content=\"https:\/\/sandzakpress.net\/arhiva\/wp-content\/uploads\/2019\/11\/viber_image_2019-11-09_14-01-05.jpg\" \/>\n\t<meta property=\"og:image:width\" content=\"1600\" \/>\n\t<meta property=\"og:image:height\" content=\"1200\" \/>\n\t<meta property=\"og:image:type\" content=\"image\/jpeg\" \/>\n<meta name=\"author\" content=\"Agencija\" \/>\n<meta name=\"twitter:card\" content=\"summary_large_image\" \/>\n<meta name=\"twitter:label1\" content=\"Written by\" \/>\n\t<meta name=\"twitter:data1\" content=\"Agencija\" \/>\n\t<meta name=\"twitter:label2\" content=\"Est. reading time\" \/>\n\t<meta name=\"twitter:data2\" content=\"2 minute\" \/>\n<script type=\"application\/ld+json\" class=\"yoast-schema-graph\">{\"@context\":\"https:\/\/schema.org\",\"@graph\":[{\"@type\":\"Article\",\"@id\":\"https:\/\/sandzakpress.net\/arhiva\/zavrseno-prvo-takmicenje-mekteblija-upoznaj-poslanika\/#article\",\"isPartOf\":{\"@id\":\"https:\/\/sandzakpress.net\/arhiva\/zavrseno-prvo-takmicenje-mekteblija-upoznaj-poslanika\/\"},\"author\":{\"name\":\"Agencija\",\"@id\":\"https:\/\/sandzakpress.net\/arhiva\/#\/schema\/person\/cb59d7e3ab91ab90dd680ad0305a6185\"},\"headline\":\"Zavr\u0161eno prvo takmi\u010denje mekteblija \u201cUpoznaj Poslanika\u201d\",\"datePublished\":\"2019-11-11T08:37:04+00:00\",\"dateModified\":\"2019-11-11T10:58:45+00:00\",\"mainEntityOfPage\":{\"@id\":\"https:\/\/sandzakpress.net\/arhiva\/zavrseno-prvo-takmicenje-mekteblija-upoznaj-poslanika\/\"},\"wordCount\":360,\"commentCount\":0,\"publisher\":{\"@id\":\"https:\/\/sandzakpress.net\/arhiva\/#\/schema\/person\/6e72b67d6e51910a1117b3b483ba20bd\"},\"image\":{\"@id\":\"https:\/\/sandzakpress.net\/arhiva\/zavrseno-prvo-takmicenje-mekteblija-upoznaj-poslanika\/#primaryimage\"},\"thumbnailUrl\":\"https:\/\/sandzakpress.net\/arhiva\/wp-content\/uploads\/2019\/11\/viber_image_2019-11-09_14-01-05.jpg\",\"articleSection\":[\"Novi Pazar\",\"Islamska zajednica\",\"VIJESTI DANA\"],\"inLanguage\":\"bs-BA\",\"potentialAction\":[{\"@type\":\"CommentAction\",\"name\":\"Comment\",\"target\":[\"https:\/\/sandzakpress.net\/arhiva\/zavrseno-prvo-takmicenje-mekteblija-upoznaj-poslanika\/#respond\"]}]},{\"@type\":\"WebPage\",\"@id\":\"https:\/\/sandzakpress.net\/arhiva\/zavrseno-prvo-takmicenje-mekteblija-upoznaj-poslanika\/\",\"url\":\"https:\/\/sandzakpress.net\/arhiva\/zavrseno-prvo-takmicenje-mekteblija-upoznaj-poslanika\/\",\"name\":\"Zavr\u0161eno prvo takmi\u010denje mekteblija \u201cUpoznaj Poslanika\u201d\",\"isPartOf\":{\"@id\":\"https:\/\/sandzakpress.net\/arhiva\/#website\"},\"primaryImageOfPage\":{\"@id\":\"https:\/\/sandzakpress.net\/arhiva\/zavrseno-prvo-takmicenje-mekteblija-upoznaj-poslanika\/#primaryimage\"},\"image\":{\"@id\":\"https:\/\/sandzakpress.net\/arhiva\/zavrseno-prvo-takmicenje-mekteblija-upoznaj-poslanika\/#primaryimage\"},\"thumbnailUrl\":\"https:\/\/sandzakpress.net\/arhiva\/wp-content\/uploads\/2019\/11\/viber_image_2019-11-09_14-01-05.jpg\",\"datePublished\":\"2019-11-11T08:37:04+00:00\",\"dateModified\":\"2019-11-11T10:58:45+00:00\",\"breadcrumb\":{\"@id\":\"https:\/\/sandzakpress.net\/arhiva\/zavrseno-prvo-takmicenje-mekteblija-upoznaj-poslanika\/#breadcrumb\"},\"inLanguage\":\"bs-BA\",\"potentialAction\":[{\"@type\":\"ReadAction\",\"target\":[\"https:\/\/sandzakpress.net\/arhiva\/zavrseno-prvo-takmicenje-mekteblija-upoznaj-poslanika\/\"]}]},{\"@type\":\"ImageObject\",\"inLanguage\":\"bs-BA\",\"@id\":\"https:\/\/sandzakpress.net\/arhiva\/zavrseno-prvo-takmicenje-mekteblija-upoznaj-poslanika\/#primaryimage\",\"url\":\"https:\/\/sandzakpress.net\/arhiva\/wp-content\/uploads\/2019\/11\/viber_image_2019-11-09_14-01-05.jpg\",\"contentUrl\":\"https:\/\/sandzakpress.net\/arhiva\/wp-content\/uploads\/2019\/11\/viber_image_2019-11-09_14-01-05.jpg\",\"width\":1600,\"height\":1200},{\"@type\":\"BreadcrumbList\",\"@id\":\"https:\/\/sandzakpress.net\/arhiva\/zavrseno-prvo-takmicenje-mekteblija-upoznaj-poslanika\/#breadcrumb\",\"itemListElement\":[{\"@type\":\"ListItem\",\"position\":1,\"name\":\"Home\",\"item\":\"https:\/\/sandzakpress.net\/arhiva\/\"},{\"@type\":\"ListItem\",\"position\":2,\"name\":\"Zavr\u0161eno prvo takmi\u010denje mekteblija \u201cUpoznaj Poslanika\u201d\"}]},{\"@type\":\"WebSite\",\"@id\":\"https:\/\/sandzakpress.net\/arhiva\/#website\",\"url\":\"https:\/\/sandzakpress.net\/arhiva\/\",\"name\":\"Sand\u017eak PRESS\",\"description\":\"Prve elektronske novine u Sand\u017eaku\",\"publisher\":{\"@id\":\"https:\/\/sandzakpress.net\/arhiva\/#\/schema\/person\/6e72b67d6e51910a1117b3b483ba20bd\"},\"potentialAction\":[{\"@type\":\"SearchAction\",\"target\":{\"@type\":\"EntryPoint\",\"urlTemplate\":\"https:\/\/sandzakpress.net\/arhiva\/?s={search_term_string}\"},\"query-input\":{\"@type\":\"PropertyValueSpecification\",\"valueRequired\":true,\"valueName\":\"search_term_string\"}}],\"inLanguage\":\"bs-BA\"},{\"@type\":[\"Person\",\"Organization\"],\"@id\":\"https:\/\/sandzakpress.net\/arhiva\/#\/schema\/person\/6e72b67d6e51910a1117b3b483ba20bd\",\"name\":\"Kul\",\"image\":{\"@type\":\"ImageObject\",\"inLanguage\":\"bs-BA\",\"@id\":\"https:\/\/sandzakpress.net\/arhiva\/#\/schema\/person\/image\/\",\"url\":\"https:\/\/secure.gravatar.com\/avatar\/42263f39aa27ac04c43cab85c280eb2e?s=96&d=mm&r=pg\",\"contentUrl\":\"https:\/\/secure.gravatar.com\/avatar\/42263f39aa27ac04c43cab85c280eb2e?s=96&d=mm&r=pg\",\"caption\":\"Kul\"},\"logo\":{\"@id\":\"https:\/\/sandzakpress.net\/arhiva\/#\/schema\/person\/image\/\"}},{\"@type\":\"Person\",\"@id\":\"https:\/\/sandzakpress.net\/arhiva\/#\/schema\/person\/cb59d7e3ab91ab90dd680ad0305a6185\",\"name\":\"Agencija\",\"image\":{\"@type\":\"ImageObject\",\"inLanguage\":\"bs-BA\",\"@id\":\"https:\/\/sandzakpress.net\/arhiva\/#\/schema\/person\/image\/\",\"url\":\"https:\/\/secure.gravatar.com\/avatar\/4b7fafa80a22f0c2afe23966b3961fe0?s=96&d=mm&r=pg\",\"contentUrl\":\"https:\/\/secure.gravatar.com\/avatar\/4b7fafa80a22f0c2afe23966b3961fe0?s=96&d=mm&r=pg\",\"caption\":\"Agencija\"},\"url\":\"https:\/\/sandzakpress.net\/arhiva\/author\/agencija\/\"}]}<\/script>\n<!-- \/ Yoast SEO Premium plugin. -->","yoast_head_json":{"title":"Zavr\u0161eno prvo takmi\u010denje mekteblija \u201cUpoznaj Poslanika\u201d","robots":{"index":"index","follow":"follow","max-snippet":"max-snippet:-1","max-image-preview":"max-image-preview:large","max-video-preview":"max-video-preview:-1"},"canonical":"https:\/\/sandzakpress.net\/arhiva\/zavrseno-prvo-takmicenje-mekteblija-upoznaj-poslanika\/","og_locale":"bs_BA","og_type":"article","og_title":"Zavr\u0161eno prvo takmi\u010denje mekteblija \u201cUpoznaj Poslanika\u201d","og_description":"&nbsp; Me\u0161ihat IZ u Srbiji sa Med\u017elisom IZ Novi Pazar u Had\u017ei Mehovoj d\u017eamiji organizirali su prvo takmi\u010denje za mekteblije sa tematikom iz sire &#8211; \u017divotopis Muhameda s.a.w. pod nazivom \u201cUpoznaj Poslanika\u201d. Rukovodioc Vjersko-prosvjetne slu\u017ebe Me\u0161ihata dr. Re\u0161ad ef. Plojovi\u0107 se prisutnima obratio uz rije\u010di pohvale kako za u\u010desnike tako i za organizatore. &#8220;Ovim skupom [&hellip;]","og_url":"https:\/\/sandzakpress.net\/arhiva\/zavrseno-prvo-takmicenje-mekteblija-upoznaj-poslanika\/","og_site_name":"Sand\u017eak PRESS","article_published_time":"2019-11-11T08:37:04+00:00","article_modified_time":"2019-11-11T10:58:45+00:00","og_image":[{"width":1600,"height":1200,"url":"https:\/\/sandzakpress.net\/arhiva\/wp-content\/uploads\/2019\/11\/viber_image_2019-11-09_14-01-05.jpg","type":"image\/jpeg"}],"author":"Agencija","twitter_card":"summary_large_image","twitter_misc":{"Written by":"Agencija","Est. reading time":"2 minute"},"schema":{"@context":"https:\/\/schema.org","@graph":[{"@type":"Article","@id":"https:\/\/sandzakpress.net\/arhiva\/zavrseno-prvo-takmicenje-mekteblija-upoznaj-poslanika\/#article","isPartOf":{"@id":"https:\/\/sandzakpress.net\/arhiva\/zavrseno-prvo-takmicenje-mekteblija-upoznaj-poslanika\/"},"author":{"name":"Agencija","@id":"https:\/\/sandzakpress.net\/arhiva\/#\/schema\/person\/cb59d7e3ab91ab90dd680ad0305a6185"},"headline":"Zavr\u0161eno prvo takmi\u010denje mekteblija \u201cUpoznaj Poslanika\u201d","datePublished":"2019-11-11T08:37:04+00:00","dateModified":"2019-11-11T10:58:45+00:00","mainEntityOfPage":{"@id":"https:\/\/sandzakpress.net\/arhiva\/zavrseno-prvo-takmicenje-mekteblija-upoznaj-poslanika\/"},"wordCount":360,"commentCount":0,"publisher":{"@id":"https:\/\/sandzakpress.net\/arhiva\/#\/schema\/person\/6e72b67d6e51910a1117b3b483ba20bd"},"image":{"@id":"https:\/\/sandzakpress.net\/arhiva\/zavrseno-prvo-takmicenje-mekteblija-upoznaj-poslanika\/#primaryimage"},"thumbnailUrl":"https:\/\/sandzakpress.net\/arhiva\/wp-content\/uploads\/2019\/11\/viber_image_2019-11-09_14-01-05.jpg","articleSection":["Novi Pazar","Islamska zajednica","VIJESTI DANA"],"inLanguage":"bs-BA","potentialAction":[{"@type":"CommentAction","name":"Comment","target":["https:\/\/sandzakpress.net\/arhiva\/zavrseno-prvo-takmicenje-mekteblija-upoznaj-poslanika\/#respond"]}]},{"@type":"WebPage","@id":"https:\/\/sandzakpress.net\/arhiva\/zavrseno-prvo-takmicenje-mekteblija-upoznaj-poslanika\/","url":"https:\/\/sandzakpress.net\/arhiva\/zavrseno-prvo-takmicenje-mekteblija-upoznaj-poslanika\/","name":"Zavr\u0161eno prvo takmi\u010denje mekteblija \u201cUpoznaj Poslanika\u201d","isPartOf":{"@id":"https:\/\/sandzakpress.net\/arhiva\/#website"},"primaryImageOfPage":{"@id":"https:\/\/sandzakpress.net\/arhiva\/zavrseno-prvo-takmicenje-mekteblija-upoznaj-poslanika\/#primaryimage"},"image":{"@id":"https:\/\/sandzakpress.net\/arhiva\/zavrseno-prvo-takmicenje-mekteblija-upoznaj-poslanika\/#primaryimage"},"thumbnailUrl":"https:\/\/sandzakpress.net\/arhiva\/wp-content\/uploads\/2019\/11\/viber_image_2019-11-09_14-01-05.jpg","datePublished":"2019-11-11T08:37:04+00:00","dateModified":"2019-11-11T10:58:45+00:00","breadcrumb":{"@id":"https:\/\/sandzakpress.net\/arhiva\/zavrseno-prvo-takmicenje-mekteblija-upoznaj-poslanika\/#breadcrumb"},"inLanguage":"bs-BA","potentialAction":[{"@type":"ReadAction","target":["https:\/\/sandzakpress.net\/arhiva\/zavrseno-prvo-takmicenje-mekteblija-upoznaj-poslanika\/"]}]},{"@type":"ImageObject","inLanguage":"bs-BA","@id":"https:\/\/sandzakpress.net\/arhiva\/zavrseno-prvo-takmicenje-mekteblija-upoznaj-poslanika\/#primaryimage","url":"https:\/\/sandzakpress.net\/arhiva\/wp-content\/uploads\/2019\/11\/viber_image_2019-11-09_14-01-05.jpg","contentUrl":"https:\/\/sandzakpress.net\/arhiva\/wp-content\/uploads\/2019\/11\/viber_image_2019-11-09_14-01-05.jpg","width":1600,"height":1200},{"@type":"BreadcrumbList","@id":"https:\/\/sandzakpress.net\/arhiva\/zavrseno-prvo-takmicenje-mekteblija-upoznaj-poslanika\/#breadcrumb","itemListElement":[{"@type":"ListItem","position":1,"name":"Home","item":"https:\/\/sandzakpress.net\/arhiva\/"},{"@type":"ListItem","position":2,"name":"Zavr\u0161eno prvo takmi\u010denje mekteblija \u201cUpoznaj Poslanika\u201d"}]},{"@type":"WebSite","@id":"https:\/\/sandzakpress.net\/arhiva\/#website","url":"https:\/\/sandzakpress.net\/arhiva\/","name":"Sand\u017eak PRESS","description":"Prve elektronske novine u Sand\u017eaku","publisher":{"@id":"https:\/\/sandzakpress.net\/arhiva\/#\/schema\/person\/6e72b67d6e51910a1117b3b483ba20bd"},"potentialAction":[{"@type":"SearchAction","target":{"@type":"EntryPoint","urlTemplate":"https:\/\/sandzakpress.net\/arhiva\/?s={search_term_string}"},"query-input":{"@type":"PropertyValueSpecification","valueRequired":true,"valueName":"search_term_string"}}],"inLanguage":"bs-BA"},{"@type":["Person","Organization"],"@id":"https:\/\/sandzakpress.net\/arhiva\/#\/schema\/person\/6e72b67d6e51910a1117b3b483ba20bd","name":"Kul","image":{"@type":"ImageObject","inLanguage":"bs-BA","@id":"https:\/\/sandzakpress.net\/arhiva\/#\/schema\/person\/image\/","url":"https:\/\/secure.gravatar.com\/avatar\/42263f39aa27ac04c43cab85c280eb2e?s=96&d=mm&r=pg","contentUrl":"https:\/\/secure.gravatar.com\/avatar\/42263f39aa27ac04c43cab85c280eb2e?s=96&d=mm&r=pg","caption":"Kul"},"logo":{"@id":"https:\/\/sandzakpress.net\/arhiva\/#\/schema\/person\/image\/"}},{"@type":"Person","@id":"https:\/\/sandzakpress.net\/arhiva\/#\/schema\/person\/cb59d7e3ab91ab90dd680ad0305a6185","name":"Agencija","image":{"@type":"ImageObject","inLanguage":"bs-BA","@id":"https:\/\/sandzakpress.net\/arhiva\/#\/schema\/person\/image\/","url":"https:\/\/secure.gravatar.com\/avatar\/4b7fafa80a22f0c2afe23966b3961fe0?s=96&d=mm&r=pg","contentUrl":"https:\/\/secure.gravatar.com\/avatar\/4b7fafa80a22f0c2afe23966b3961fe0?s=96&d=mm&r=pg","caption":"Agencija"},"url":"https:\/\/sandzakpress.net\/arhiva\/author\/agencija\/"}]}},"_links":{"self":[{"href":"https:\/\/sandzakpress.net\/arhiva\/wp-json\/wp\/v2\/posts\/230443"}],"collection":[{"href":"https:\/\/sandzakpress.net\/arhiva\/wp-json\/wp\/v2\/posts"}],"about":[{"href":"https:\/\/sandzakpress.net\/arhiva\/wp-json\/wp\/v2\/types\/post"}],"author":[{"embeddable":true,"href":"https:\/\/sandzakpress.net\/arhiva\/wp-json\/wp\/v2\/users\/509"}],"replies":[{"embeddable":true,"href":"https:\/\/sandzakpress.net\/arhiva\/wp-json\/wp\/v2\/comments?post=230443"}],"version-history":[{"count":0,"href":"https:\/\/sandzakpress.net\/arhiva\/wp-json\/wp\/v2\/posts\/230443\/revisions"}],"wp:featuredmedia":[{"embeddable":true,"href":"https:\/\/sandzakpress.net\/arhiva\/wp-json\/wp\/v2\/media\/230446"}],"wp:attachment":[{"href":"https:\/\/sandzakpress.net\/arhiva\/wp-json\/wp\/v2\/media?parent=230443"}],"wp:term":[{"taxonomy":"category","embeddable":true,"href":"https:\/\/sandzakpress.net\/arhiva\/wp-json\/wp\/v2\/categories?post=230443"},{"taxonomy":"post_tag","embeddable":true,"href":"https:\/\/sandzakpress.net\/arhiva\/wp-json\/wp\/v2\/tags?post=230443"}],"curies":[{"name":"wp","href":"https:\/\/api.w.org\/{rel}","templated":true}]}}