{"id":230413,"date":"2019-11-09T10:04:19","date_gmt":"2019-11-09T09:04:19","guid":{"rendered":"https:\/\/sandzakpress.net\/arhiva\/?p=230413"},"modified":"2019-11-09T10:04:19","modified_gmt":"2019-11-09T09:04:19","slug":"prijepolje-u-saobracajnoj-nezgodi-povrijedjena-dva-brata","status":"publish","type":"post","link":"https:\/\/sandzakpress.net\/arhiva\/prijepolje-u-saobracajnoj-nezgodi-povrijedjena-dva-brata\/","title":{"rendered":"Prijepolje &#8211; U saobra\u0107ajnoj nezgodi povrije\u0111ena dva brata"},"content":{"rendered":"<p><img decoding=\"async\" src=\"https:\/\/www.sandzaklive.rs\/images\/0\/deca-zalug-1024x576.jpg\" alt=\"deca zalug 1024x576\" \/><\/p>\n<p><strong>Prijepolje \u2013 Ve\u010deras oko 19 \u010dasova, u naselju Zalug kod Prijepolja dvoje dece povre\u0111eno je u saobra\u0107ajnoj nesre\u0107i dok su se vra\u0107ala iz \u0161kole. Kako nezvani\u010dno saznajemo re\u010d je dvojici bra\u0107e, od kojih je jedan osnovac (13) a drugi u\u010denik srednje \u0161kole (17).<\/strong><\/p>\n<p>Na njih je naleteo voza\u010d koji je prema na\u0161im nezvani\u010dnim saznanjima bio u alkoholisanom stanju.<\/p>\n<p>Deca su preba\u010dena u prijepoljsku bolnicu, a nakon ukazane pomo\u0107i oni su upu\u0107eni na De\u010diju hirurgiju u U\u017eice. Prema prvim informacijama u\u010denici nisu te\u017ee povre\u0111eni. Pripadnici saobra\u0107ane policije obavljaju uvi\u0111aj. (PP Media)<\/p>\n","protected":false},"excerpt":{"rendered":"<p>Prijepolje \u2013 Ve\u010deras oko 19 \u010dasova, u naselju Zalug kod Prijepolja dvoje dece povre\u0111eno je u saobra\u0107ajnoj nesre\u0107i dok su se vra\u0107ala iz \u0161kole. Kako nezvani\u010dno saznajemo re\u010d je dvojici bra\u0107e, od kojih je jedan osnovac (13) a drugi u\u010denik srednje \u0161kole (17). Na njih je naleteo voza\u010d koji je prema na\u0161im nezvani\u010dnim saznanjima bio [&hellip;]<\/p>\n","protected":false},"author":509,"featured_media":230414,"comment_status":"open","ping_status":"open","sticky":false,"template":"","format":"standard","meta":{"footnotes":""},"categories":[392,801,10429],"tags":[],"class_list":{"0":"post-230413","1":"post","2":"type-post","3":"status-publish","4":"format-standard","5":"has-post-thumbnail","7":"category-prijepolje_","8":"category-crna_hronika","9":"category-vazno"},"yoast_head":"<!-- This site is optimized with the Yoast SEO Premium plugin v23.1 (Yoast SEO v24.9) - https:\/\/yoast.com\/wordpress\/plugins\/seo\/ -->\n<title>Prijepolje - U saobra\u0107ajnoj nezgodi povrije\u0111ena dva brata<\/title>\n<meta name=\"robots\" content=\"index, follow, max-snippet:-1, max-image-preview:large, max-video-preview:-1\" \/>\n<link rel=\"canonical\" href=\"https:\/\/sandzakpress.net\/arhiva\/prijepolje-u-saobracajnoj-nezgodi-povrijedjena-dva-brata\/\" \/>\n<meta property=\"og:locale\" content=\"bs_BA\" \/>\n<meta property=\"og:type\" content=\"article\" \/>\n<meta property=\"og:title\" content=\"Prijepolje - U saobra\u0107ajnoj nezgodi povrije\u0111ena dva brata\" \/>\n<meta property=\"og:description\" content=\"Prijepolje \u2013 Ve\u010deras oko 19 \u010dasova, u naselju Zalug kod Prijepolja dvoje dece povre\u0111eno je u saobra\u0107ajnoj nesre\u0107i dok su se vra\u0107ala iz \u0161kole. Kako nezvani\u010dno saznajemo re\u010d je dvojici bra\u0107e, od kojih je jedan osnovac (13) a drugi u\u010denik srednje \u0161kole (17). Na njih je naleteo voza\u010d koji je prema na\u0161im nezvani\u010dnim saznanjima bio [&hellip;]\" \/>\n<meta property=\"og:url\" content=\"https:\/\/sandzakpress.net\/arhiva\/prijepolje-u-saobracajnoj-nezgodi-povrijedjena-dva-brata\/\" \/>\n<meta property=\"og:site_name\" content=\"Sand\u017eak PRESS\" \/>\n<meta property=\"article:published_time\" content=\"2019-11-09T09:04:19+00:00\" \/>\n<meta property=\"og:image\" content=\"https:\/\/sandzakpress.net\/arhiva\/wp-content\/uploads\/2019\/11\/deca-zalug-1024x576.jpg\" \/>\n\t<meta property=\"og:image:width\" content=\"1024\" \/>\n\t<meta property=\"og:image:height\" content=\"576\" \/>\n\t<meta property=\"og:image:type\" content=\"image\/jpeg\" \/>\n<meta name=\"author\" content=\"Agencija\" \/>\n<meta name=\"twitter:card\" content=\"summary_large_image\" \/>\n<meta name=\"twitter:label1\" content=\"Written by\" \/>\n\t<meta name=\"twitter:data1\" content=\"Agencija\" \/>\n\t<meta name=\"twitter:label2\" content=\"Est. reading time\" \/>\n\t<meta name=\"twitter:data2\" content=\"1 minuta\" \/>\n<script type=\"application\/ld+json\" class=\"yoast-schema-graph\">{\"@context\":\"https:\/\/schema.org\",\"@graph\":[{\"@type\":\"Article\",\"@id\":\"https:\/\/sandzakpress.net\/arhiva\/prijepolje-u-saobracajnoj-nezgodi-povrijedjena-dva-brata\/#article\",\"isPartOf\":{\"@id\":\"https:\/\/sandzakpress.net\/arhiva\/prijepolje-u-saobracajnoj-nezgodi-povrijedjena-dva-brata\/\"},\"author\":{\"name\":\"Agencija\",\"@id\":\"https:\/\/sandzakpress.net\/arhiva\/#\/schema\/person\/cb59d7e3ab91ab90dd680ad0305a6185\"},\"headline\":\"Prijepolje &#8211; U saobra\u0107ajnoj nezgodi povrije\u0111ena dva brata\",\"datePublished\":\"2019-11-09T09:04:19+00:00\",\"mainEntityOfPage\":{\"@id\":\"https:\/\/sandzakpress.net\/arhiva\/prijepolje-u-saobracajnoj-nezgodi-povrijedjena-dva-brata\/\"},\"wordCount\":116,\"commentCount\":0,\"publisher\":{\"@id\":\"https:\/\/sandzakpress.net\/arhiva\/#\/schema\/person\/6e72b67d6e51910a1117b3b483ba20bd\"},\"image\":{\"@id\":\"https:\/\/sandzakpress.net\/arhiva\/prijepolje-u-saobracajnoj-nezgodi-povrijedjena-dva-brata\/#primaryimage\"},\"thumbnailUrl\":\"https:\/\/sandzakpress.net\/arhiva\/wp-content\/uploads\/2019\/11\/deca-zalug-1024x576.jpg\",\"articleSection\":[\"Prijepolje\",\"Hronika\",\"VA\u017dNO!\"],\"inLanguage\":\"bs-BA\",\"potentialAction\":[{\"@type\":\"CommentAction\",\"name\":\"Comment\",\"target\":[\"https:\/\/sandzakpress.net\/arhiva\/prijepolje-u-saobracajnoj-nezgodi-povrijedjena-dva-brata\/#respond\"]}]},{\"@type\":\"WebPage\",\"@id\":\"https:\/\/sandzakpress.net\/arhiva\/prijepolje-u-saobracajnoj-nezgodi-povrijedjena-dva-brata\/\",\"url\":\"https:\/\/sandzakpress.net\/arhiva\/prijepolje-u-saobracajnoj-nezgodi-povrijedjena-dva-brata\/\",\"name\":\"Prijepolje - U saobra\u0107ajnoj nezgodi povrije\u0111ena dva brata\",\"isPartOf\":{\"@id\":\"https:\/\/sandzakpress.net\/arhiva\/#website\"},\"primaryImageOfPage\":{\"@id\":\"https:\/\/sandzakpress.net\/arhiva\/prijepolje-u-saobracajnoj-nezgodi-povrijedjena-dva-brata\/#primaryimage\"},\"image\":{\"@id\":\"https:\/\/sandzakpress.net\/arhiva\/prijepolje-u-saobracajnoj-nezgodi-povrijedjena-dva-brata\/#primaryimage\"},\"thumbnailUrl\":\"https:\/\/sandzakpress.net\/arhiva\/wp-content\/uploads\/2019\/11\/deca-zalug-1024x576.jpg\",\"datePublished\":\"2019-11-09T09:04:19+00:00\",\"breadcrumb\":{\"@id\":\"https:\/\/sandzakpress.net\/arhiva\/prijepolje-u-saobracajnoj-nezgodi-povrijedjena-dva-brata\/#breadcrumb\"},\"inLanguage\":\"bs-BA\",\"potentialAction\":[{\"@type\":\"ReadAction\",\"target\":[\"https:\/\/sandzakpress.net\/arhiva\/prijepolje-u-saobracajnoj-nezgodi-povrijedjena-dva-brata\/\"]}]},{\"@type\":\"ImageObject\",\"inLanguage\":\"bs-BA\",\"@id\":\"https:\/\/sandzakpress.net\/arhiva\/prijepolje-u-saobracajnoj-nezgodi-povrijedjena-dva-brata\/#primaryimage\",\"url\":\"https:\/\/sandzakpress.net\/arhiva\/wp-content\/uploads\/2019\/11\/deca-zalug-1024x576.jpg\",\"contentUrl\":\"https:\/\/sandzakpress.net\/arhiva\/wp-content\/uploads\/2019\/11\/deca-zalug-1024x576.jpg\",\"width\":1024,\"height\":576},{\"@type\":\"BreadcrumbList\",\"@id\":\"https:\/\/sandzakpress.net\/arhiva\/prijepolje-u-saobracajnoj-nezgodi-povrijedjena-dva-brata\/#breadcrumb\",\"itemListElement\":[{\"@type\":\"ListItem\",\"position\":1,\"name\":\"Home\",\"item\":\"https:\/\/sandzakpress.net\/arhiva\/\"},{\"@type\":\"ListItem\",\"position\":2,\"name\":\"Prijepolje &#8211; U saobra\u0107ajnoj nezgodi povrije\u0111ena dva brata\"}]},{\"@type\":\"WebSite\",\"@id\":\"https:\/\/sandzakpress.net\/arhiva\/#website\",\"url\":\"https:\/\/sandzakpress.net\/arhiva\/\",\"name\":\"Sand\u017eak PRESS\",\"description\":\"Prve elektronske novine u Sand\u017eaku\",\"publisher\":{\"@id\":\"https:\/\/sandzakpress.net\/arhiva\/#\/schema\/person\/6e72b67d6e51910a1117b3b483ba20bd\"},\"potentialAction\":[{\"@type\":\"SearchAction\",\"target\":{\"@type\":\"EntryPoint\",\"urlTemplate\":\"https:\/\/sandzakpress.net\/arhiva\/?s={search_term_string}\"},\"query-input\":{\"@type\":\"PropertyValueSpecification\",\"valueRequired\":true,\"valueName\":\"search_term_string\"}}],\"inLanguage\":\"bs-BA\"},{\"@type\":[\"Person\",\"Organization\"],\"@id\":\"https:\/\/sandzakpress.net\/arhiva\/#\/schema\/person\/6e72b67d6e51910a1117b3b483ba20bd\",\"name\":\"Kul\",\"image\":{\"@type\":\"ImageObject\",\"inLanguage\":\"bs-BA\",\"@id\":\"https:\/\/sandzakpress.net\/arhiva\/#\/schema\/person\/image\/\",\"url\":\"https:\/\/secure.gravatar.com\/avatar\/42263f39aa27ac04c43cab85c280eb2e?s=96&d=mm&r=pg\",\"contentUrl\":\"https:\/\/secure.gravatar.com\/avatar\/42263f39aa27ac04c43cab85c280eb2e?s=96&d=mm&r=pg\",\"caption\":\"Kul\"},\"logo\":{\"@id\":\"https:\/\/sandzakpress.net\/arhiva\/#\/schema\/person\/image\/\"}},{\"@type\":\"Person\",\"@id\":\"https:\/\/sandzakpress.net\/arhiva\/#\/schema\/person\/cb59d7e3ab91ab90dd680ad0305a6185\",\"name\":\"Agencija\",\"image\":{\"@type\":\"ImageObject\",\"inLanguage\":\"bs-BA\",\"@id\":\"https:\/\/sandzakpress.net\/arhiva\/#\/schema\/person\/image\/\",\"url\":\"https:\/\/secure.gravatar.com\/avatar\/4b7fafa80a22f0c2afe23966b3961fe0?s=96&d=mm&r=pg\",\"contentUrl\":\"https:\/\/secure.gravatar.com\/avatar\/4b7fafa80a22f0c2afe23966b3961fe0?s=96&d=mm&r=pg\",\"caption\":\"Agencija\"},\"url\":\"https:\/\/sandzakpress.net\/arhiva\/author\/agencija\/\"}]}<\/script>\n<!-- \/ Yoast SEO Premium plugin. -->","yoast_head_json":{"title":"Prijepolje - U saobra\u0107ajnoj nezgodi povrije\u0111ena dva brata","robots":{"index":"index","follow":"follow","max-snippet":"max-snippet:-1","max-image-preview":"max-image-preview:large","max-video-preview":"max-video-preview:-1"},"canonical":"https:\/\/sandzakpress.net\/arhiva\/prijepolje-u-saobracajnoj-nezgodi-povrijedjena-dva-brata\/","og_locale":"bs_BA","og_type":"article","og_title":"Prijepolje - U saobra\u0107ajnoj nezgodi povrije\u0111ena dva brata","og_description":"Prijepolje \u2013 Ve\u010deras oko 19 \u010dasova, u naselju Zalug kod Prijepolja dvoje dece povre\u0111eno je u saobra\u0107ajnoj nesre\u0107i dok su se vra\u0107ala iz \u0161kole. Kako nezvani\u010dno saznajemo re\u010d je dvojici bra\u0107e, od kojih je jedan osnovac (13) a drugi u\u010denik srednje \u0161kole (17). Na njih je naleteo voza\u010d koji je prema na\u0161im nezvani\u010dnim saznanjima bio [&hellip;]","og_url":"https:\/\/sandzakpress.net\/arhiva\/prijepolje-u-saobracajnoj-nezgodi-povrijedjena-dva-brata\/","og_site_name":"Sand\u017eak PRESS","article_published_time":"2019-11-09T09:04:19+00:00","og_image":[{"width":1024,"height":576,"url":"https:\/\/sandzakpress.net\/arhiva\/wp-content\/uploads\/2019\/11\/deca-zalug-1024x576.jpg","type":"image\/jpeg"}],"author":"Agencija","twitter_card":"summary_large_image","twitter_misc":{"Written by":"Agencija","Est. reading time":"1 minuta"},"schema":{"@context":"https:\/\/schema.org","@graph":[{"@type":"Article","@id":"https:\/\/sandzakpress.net\/arhiva\/prijepolje-u-saobracajnoj-nezgodi-povrijedjena-dva-brata\/#article","isPartOf":{"@id":"https:\/\/sandzakpress.net\/arhiva\/prijepolje-u-saobracajnoj-nezgodi-povrijedjena-dva-brata\/"},"author":{"name":"Agencija","@id":"https:\/\/sandzakpress.net\/arhiva\/#\/schema\/person\/cb59d7e3ab91ab90dd680ad0305a6185"},"headline":"Prijepolje &#8211; U saobra\u0107ajnoj nezgodi povrije\u0111ena dva brata","datePublished":"2019-11-09T09:04:19+00:00","mainEntityOfPage":{"@id":"https:\/\/sandzakpress.net\/arhiva\/prijepolje-u-saobracajnoj-nezgodi-povrijedjena-dva-brata\/"},"wordCount":116,"commentCount":0,"publisher":{"@id":"https:\/\/sandzakpress.net\/arhiva\/#\/schema\/person\/6e72b67d6e51910a1117b3b483ba20bd"},"image":{"@id":"https:\/\/sandzakpress.net\/arhiva\/prijepolje-u-saobracajnoj-nezgodi-povrijedjena-dva-brata\/#primaryimage"},"thumbnailUrl":"https:\/\/sandzakpress.net\/arhiva\/wp-content\/uploads\/2019\/11\/deca-zalug-1024x576.jpg","articleSection":["Prijepolje","Hronika","VA\u017dNO!"],"inLanguage":"bs-BA","potentialAction":[{"@type":"CommentAction","name":"Comment","target":["https:\/\/sandzakpress.net\/arhiva\/prijepolje-u-saobracajnoj-nezgodi-povrijedjena-dva-brata\/#respond"]}]},{"@type":"WebPage","@id":"https:\/\/sandzakpress.net\/arhiva\/prijepolje-u-saobracajnoj-nezgodi-povrijedjena-dva-brata\/","url":"https:\/\/sandzakpress.net\/arhiva\/prijepolje-u-saobracajnoj-nezgodi-povrijedjena-dva-brata\/","name":"Prijepolje - U saobra\u0107ajnoj nezgodi povrije\u0111ena dva brata","isPartOf":{"@id":"https:\/\/sandzakpress.net\/arhiva\/#website"},"primaryImageOfPage":{"@id":"https:\/\/sandzakpress.net\/arhiva\/prijepolje-u-saobracajnoj-nezgodi-povrijedjena-dva-brata\/#primaryimage"},"image":{"@id":"https:\/\/sandzakpress.net\/arhiva\/prijepolje-u-saobracajnoj-nezgodi-povrijedjena-dva-brata\/#primaryimage"},"thumbnailUrl":"https:\/\/sandzakpress.net\/arhiva\/wp-content\/uploads\/2019\/11\/deca-zalug-1024x576.jpg","datePublished":"2019-11-09T09:04:19+00:00","breadcrumb":{"@id":"https:\/\/sandzakpress.net\/arhiva\/prijepolje-u-saobracajnoj-nezgodi-povrijedjena-dva-brata\/#breadcrumb"},"inLanguage":"bs-BA","potentialAction":[{"@type":"ReadAction","target":["https:\/\/sandzakpress.net\/arhiva\/prijepolje-u-saobracajnoj-nezgodi-povrijedjena-dva-brata\/"]}]},{"@type":"ImageObject","inLanguage":"bs-BA","@id":"https:\/\/sandzakpress.net\/arhiva\/prijepolje-u-saobracajnoj-nezgodi-povrijedjena-dva-brata\/#primaryimage","url":"https:\/\/sandzakpress.net\/arhiva\/wp-content\/uploads\/2019\/11\/deca-zalug-1024x576.jpg","contentUrl":"https:\/\/sandzakpress.net\/arhiva\/wp-content\/uploads\/2019\/11\/deca-zalug-1024x576.jpg","width":1024,"height":576},{"@type":"BreadcrumbList","@id":"https:\/\/sandzakpress.net\/arhiva\/prijepolje-u-saobracajnoj-nezgodi-povrijedjena-dva-brata\/#breadcrumb","itemListElement":[{"@type":"ListItem","position":1,"name":"Home","item":"https:\/\/sandzakpress.net\/arhiva\/"},{"@type":"ListItem","position":2,"name":"Prijepolje &#8211; U saobra\u0107ajnoj nezgodi povrije\u0111ena dva brata"}]},{"@type":"WebSite","@id":"https:\/\/sandzakpress.net\/arhiva\/#website","url":"https:\/\/sandzakpress.net\/arhiva\/","name":"Sand\u017eak PRESS","description":"Prve elektronske novine u Sand\u017eaku","publisher":{"@id":"https:\/\/sandzakpress.net\/arhiva\/#\/schema\/person\/6e72b67d6e51910a1117b3b483ba20bd"},"potentialAction":[{"@type":"SearchAction","target":{"@type":"EntryPoint","urlTemplate":"https:\/\/sandzakpress.net\/arhiva\/?s={search_term_string}"},"query-input":{"@type":"PropertyValueSpecification","valueRequired":true,"valueName":"search_term_string"}}],"inLanguage":"bs-BA"},{"@type":["Person","Organization"],"@id":"https:\/\/sandzakpress.net\/arhiva\/#\/schema\/person\/6e72b67d6e51910a1117b3b483ba20bd","name":"Kul","image":{"@type":"ImageObject","inLanguage":"bs-BA","@id":"https:\/\/sandzakpress.net\/arhiva\/#\/schema\/person\/image\/","url":"https:\/\/secure.gravatar.com\/avatar\/42263f39aa27ac04c43cab85c280eb2e?s=96&d=mm&r=pg","contentUrl":"https:\/\/secure.gravatar.com\/avatar\/42263f39aa27ac04c43cab85c280eb2e?s=96&d=mm&r=pg","caption":"Kul"},"logo":{"@id":"https:\/\/sandzakpress.net\/arhiva\/#\/schema\/person\/image\/"}},{"@type":"Person","@id":"https:\/\/sandzakpress.net\/arhiva\/#\/schema\/person\/cb59d7e3ab91ab90dd680ad0305a6185","name":"Agencija","image":{"@type":"ImageObject","inLanguage":"bs-BA","@id":"https:\/\/sandzakpress.net\/arhiva\/#\/schema\/person\/image\/","url":"https:\/\/secure.gravatar.com\/avatar\/4b7fafa80a22f0c2afe23966b3961fe0?s=96&d=mm&r=pg","contentUrl":"https:\/\/secure.gravatar.com\/avatar\/4b7fafa80a22f0c2afe23966b3961fe0?s=96&d=mm&r=pg","caption":"Agencija"},"url":"https:\/\/sandzakpress.net\/arhiva\/author\/agencija\/"}]}},"_links":{"self":[{"href":"https:\/\/sandzakpress.net\/arhiva\/wp-json\/wp\/v2\/posts\/230413"}],"collection":[{"href":"https:\/\/sandzakpress.net\/arhiva\/wp-json\/wp\/v2\/posts"}],"about":[{"href":"https:\/\/sandzakpress.net\/arhiva\/wp-json\/wp\/v2\/types\/post"}],"author":[{"embeddable":true,"href":"https:\/\/sandzakpress.net\/arhiva\/wp-json\/wp\/v2\/users\/509"}],"replies":[{"embeddable":true,"href":"https:\/\/sandzakpress.net\/arhiva\/wp-json\/wp\/v2\/comments?post=230413"}],"version-history":[{"count":0,"href":"https:\/\/sandzakpress.net\/arhiva\/wp-json\/wp\/v2\/posts\/230413\/revisions"}],"wp:featuredmedia":[{"embeddable":true,"href":"https:\/\/sandzakpress.net\/arhiva\/wp-json\/wp\/v2\/media\/230414"}],"wp:attachment":[{"href":"https:\/\/sandzakpress.net\/arhiva\/wp-json\/wp\/v2\/media?parent=230413"}],"wp:term":[{"taxonomy":"category","embeddable":true,"href":"https:\/\/sandzakpress.net\/arhiva\/wp-json\/wp\/v2\/categories?post=230413"},{"taxonomy":"post_tag","embeddable":true,"href":"https:\/\/sandzakpress.net\/arhiva\/wp-json\/wp\/v2\/tags?post=230413"}],"curies":[{"name":"wp","href":"https:\/\/api.w.org\/{rel}","templated":true}]}}