{"id":230397,"date":"2019-11-08T17:22:42","date_gmt":"2019-11-08T16:22:42","guid":{"rendered":"https:\/\/sandzakpress.net\/arhiva\/?p=230397"},"modified":"2019-11-08T17:22:42","modified_gmt":"2019-11-08T16:22:42","slug":"mesihat-iz-u-srbiji-i-mok-podsjetili-gradjane-na-zlocin-u-sahovicima","status":"publish","type":"post","link":"https:\/\/sandzakpress.net\/arhiva\/mesihat-iz-u-srbiji-i-mok-podsjetili-gradjane-na-zlocin-u-sahovicima\/","title":{"rendered":"Me\u0161ihat IZ u Srbiji i MOK podsjetili gra\u0111ane na zlo\u010din u \u0160ahovi\u0107ima"},"content":{"rendered":"<p><img decoding=\"async\" src=\"http:\/\/sanapress.info\/wp-content\/uploads\/2019\/11\/viber_image_2019-11-08_13-45-26.jpg\" \/><\/p>\n<p><strong>Me\u0161ihat IZ u Srbiji i Muslimanski omladinski klub gra\u0111ane Novog Pazara posjetili na zlo\u010din u \u0160ahovi\u0107ima. Podjelom letaka poru\u010dili da Bo\u0161njaci ne smiju zaboraviti na stradanja koja su do\u017eivjeli u pro\u0161losti.<\/strong><\/p>\n<p>\u201cMi sve ovo radimo u cilju promoviranja vjere i moralnih vrijednosti kod omladine. Odlu\u010dili smo se danas, ovim \u0161tandom, da podsjetimo na zlo\u010din u \u0160ahovi\u0107ima. Omladina ne smije zaboraviti genocide koji su se desilo nad Bo\u0161njacima. Ako se jedan genocid ili zlo\u010din zaboravi, on se nakon nekog vremena ponovi\u201d, istakao je Hilmo ef. Ljaji\u0107.<\/p>\n<p>Ovim povodom Muslimnaski omladinski klub organizira tribinu \u201c\u0160ahovi\u0107i 24 sahata\u201d.<\/p>\n<p>\u201cTribina \u201c\u0160ahovi\u0107i 24 sahata\u201d ima taj naziv jer je tokom 24 sahata mirovnim sporazumom ubijeno preko 500 porodica ubijeno ali i protjerano. MOK je odlu\u010dio da na prikladan na\u010din obilje\u017ei ta\u010dnije podsjeti ono \u0161to se desilo. Predava\u010d na ovu temu bi\u0107e prof.dr. Admir Muratovi\u0107 koji \u0107e govoriti sa historijske strane a gost tribine bi\u0107e Hamza \u0160krijelj koji \u0107e prikazati spot o ovom zlo\u010dinu i objasniti snimanje cjelokupnog spota\u201d, istakla je D\u017eemila Dudi\u0107, \u010dlanica MOK-a.<\/p>\n<p>Tribina \u201c\u0160ahovi\u0107i 24 sahata\u201d \u0107e biti organizirana u subotu, sa po\u010detkom u 18:30h, u Omladinskom centru \u201cGazi Sinan-Beg\u201d.<\/p>\n<p><img decoding=\"async\" src=\"http:\/\/sanapress.info\/wp-content\/uploads\/2019\/11\/viber_image_2019-11-08_13-45-27.jpg\" \/><\/p>\n<p><img decoding=\"async\" src=\"http:\/\/sanapress.info\/wp-content\/uploads\/2019\/11\/viber_image_2019-11-08_13-45-26f.jpg\" \/><\/p>\n<p><img decoding=\"async\" src=\"http:\/\/sanapress.info\/wp-content\/uploads\/2019\/11\/viber_image_2019-11-08_13-45-28vv.jpg\" \/><\/p>\n<p><img decoding=\"async\" src=\"http:\/\/sanapress.info\/wp-content\/uploads\/2019\/11\/viber_image_2019-11-08_13-45-25.jpg\" \/><\/p>\n<p><img decoding=\"async\" src=\"http:\/\/sanapress.info\/wp-content\/uploads\/2019\/11\/viber_image_2019-11-08_10-13-58.jpg\" \/><\/p>\n","protected":false},"excerpt":{"rendered":"<p>Me\u0161ihat IZ u Srbiji i Muslimanski omladinski klub gra\u0111ane Novog Pazara posjetili na zlo\u010din u \u0160ahovi\u0107ima. Podjelom letaka poru\u010dili da Bo\u0161njaci ne smiju zaboraviti na stradanja koja su do\u017eivjeli u pro\u0161losti. \u201cMi sve ovo radimo u cilju promoviranja vjere i moralnih vrijednosti kod omladine. Odlu\u010dili smo se danas, ovim \u0161tandom, da podsjetimo na zlo\u010din u [&hellip;]<\/p>\n","protected":false},"author":509,"featured_media":230400,"comment_status":"open","ping_status":"open","sticky":false,"template":"","format":"standard","meta":{"footnotes":""},"categories":[800,72,8957],"tags":[],"class_list":{"0":"post-230397","1":"post","2":"type-post","3":"status-publish","4":"format-standard","5":"has-post-thumbnail","7":"category-nacija","8":"category-novi-pazar","9":"category-vijesti-dana"},"yoast_head":"<!-- This site is optimized with the Yoast SEO Premium plugin v23.1 (Yoast SEO v24.9) - https:\/\/yoast.com\/wordpress\/plugins\/seo\/ -->\n<title>Me\u0161ihat IZ u Srbiji i MOK podsjetili gra\u0111ane na zlo\u010din u \u0160ahovi\u0107ima<\/title>\n<meta name=\"robots\" content=\"index, follow, max-snippet:-1, max-image-preview:large, max-video-preview:-1\" \/>\n<link rel=\"canonical\" href=\"https:\/\/sandzakpress.net\/arhiva\/mesihat-iz-u-srbiji-i-mok-podsjetili-gradjane-na-zlocin-u-sahovicima\/\" \/>\n<meta property=\"og:locale\" content=\"bs_BA\" \/>\n<meta property=\"og:type\" content=\"article\" \/>\n<meta property=\"og:title\" content=\"Me\u0161ihat IZ u Srbiji i MOK podsjetili gra\u0111ane na zlo\u010din u \u0160ahovi\u0107ima\" \/>\n<meta property=\"og:description\" content=\"Me\u0161ihat IZ u Srbiji i Muslimanski omladinski klub gra\u0111ane Novog Pazara posjetili na zlo\u010din u \u0160ahovi\u0107ima. Podjelom letaka poru\u010dili da Bo\u0161njaci ne smiju zaboraviti na stradanja koja su do\u017eivjeli u pro\u0161losti. \u201cMi sve ovo radimo u cilju promoviranja vjere i moralnih vrijednosti kod omladine. Odlu\u010dili smo se danas, ovim \u0161tandom, da podsjetimo na zlo\u010din u [&hellip;]\" \/>\n<meta property=\"og:url\" content=\"https:\/\/sandzakpress.net\/arhiva\/mesihat-iz-u-srbiji-i-mok-podsjetili-gradjane-na-zlocin-u-sahovicima\/\" \/>\n<meta property=\"og:site_name\" content=\"Sand\u017eak PRESS\" \/>\n<meta property=\"article:published_time\" content=\"2019-11-08T16:22:42+00:00\" \/>\n<meta property=\"og:image\" content=\"https:\/\/sandzakpress.net\/arhiva\/wp-content\/uploads\/2019\/11\/viber_image_2019-11-08_13-45-26.jpg\" \/>\n\t<meta property=\"og:image:width\" content=\"1600\" \/>\n\t<meta property=\"og:image:height\" content=\"1200\" \/>\n\t<meta property=\"og:image:type\" content=\"image\/jpeg\" \/>\n<meta name=\"author\" content=\"Agencija\" \/>\n<meta name=\"twitter:card\" content=\"summary_large_image\" \/>\n<meta name=\"twitter:label1\" content=\"Written by\" \/>\n\t<meta name=\"twitter:data1\" content=\"Agencija\" \/>\n\t<meta name=\"twitter:label2\" content=\"Est. reading time\" \/>\n\t<meta name=\"twitter:data2\" content=\"1 minuta\" \/>\n<script type=\"application\/ld+json\" class=\"yoast-schema-graph\">{\"@context\":\"https:\/\/schema.org\",\"@graph\":[{\"@type\":\"Article\",\"@id\":\"https:\/\/sandzakpress.net\/arhiva\/mesihat-iz-u-srbiji-i-mok-podsjetili-gradjane-na-zlocin-u-sahovicima\/#article\",\"isPartOf\":{\"@id\":\"https:\/\/sandzakpress.net\/arhiva\/mesihat-iz-u-srbiji-i-mok-podsjetili-gradjane-na-zlocin-u-sahovicima\/\"},\"author\":{\"name\":\"Agencija\",\"@id\":\"https:\/\/sandzakpress.net\/arhiva\/#\/schema\/person\/cb59d7e3ab91ab90dd680ad0305a6185\"},\"headline\":\"Me\u0161ihat IZ u Srbiji i MOK podsjetili gra\u0111ane na zlo\u010din u \u0160ahovi\u0107ima\",\"datePublished\":\"2019-11-08T16:22:42+00:00\",\"mainEntityOfPage\":{\"@id\":\"https:\/\/sandzakpress.net\/arhiva\/mesihat-iz-u-srbiji-i-mok-podsjetili-gradjane-na-zlocin-u-sahovicima\/\"},\"wordCount\":224,\"commentCount\":5,\"publisher\":{\"@id\":\"https:\/\/sandzakpress.net\/arhiva\/#\/schema\/person\/6e72b67d6e51910a1117b3b483ba20bd\"},\"image\":{\"@id\":\"https:\/\/sandzakpress.net\/arhiva\/mesihat-iz-u-srbiji-i-mok-podsjetili-gradjane-na-zlocin-u-sahovicima\/#primaryimage\"},\"thumbnailUrl\":\"https:\/\/sandzakpress.net\/arhiva\/wp-content\/uploads\/2019\/11\/viber_image_2019-11-08_13-45-26.jpg\",\"articleSection\":[\"Nacija\",\"Novi Pazar\",\"VIJESTI DANA\"],\"inLanguage\":\"bs-BA\",\"potentialAction\":[{\"@type\":\"CommentAction\",\"name\":\"Comment\",\"target\":[\"https:\/\/sandzakpress.net\/arhiva\/mesihat-iz-u-srbiji-i-mok-podsjetili-gradjane-na-zlocin-u-sahovicima\/#respond\"]}]},{\"@type\":\"WebPage\",\"@id\":\"https:\/\/sandzakpress.net\/arhiva\/mesihat-iz-u-srbiji-i-mok-podsjetili-gradjane-na-zlocin-u-sahovicima\/\",\"url\":\"https:\/\/sandzakpress.net\/arhiva\/mesihat-iz-u-srbiji-i-mok-podsjetili-gradjane-na-zlocin-u-sahovicima\/\",\"name\":\"Me\u0161ihat IZ u Srbiji i MOK podsjetili gra\u0111ane na zlo\u010din u \u0160ahovi\u0107ima\",\"isPartOf\":{\"@id\":\"https:\/\/sandzakpress.net\/arhiva\/#website\"},\"primaryImageOfPage\":{\"@id\":\"https:\/\/sandzakpress.net\/arhiva\/mesihat-iz-u-srbiji-i-mok-podsjetili-gradjane-na-zlocin-u-sahovicima\/#primaryimage\"},\"image\":{\"@id\":\"https:\/\/sandzakpress.net\/arhiva\/mesihat-iz-u-srbiji-i-mok-podsjetili-gradjane-na-zlocin-u-sahovicima\/#primaryimage\"},\"thumbnailUrl\":\"https:\/\/sandzakpress.net\/arhiva\/wp-content\/uploads\/2019\/11\/viber_image_2019-11-08_13-45-26.jpg\",\"datePublished\":\"2019-11-08T16:22:42+00:00\",\"breadcrumb\":{\"@id\":\"https:\/\/sandzakpress.net\/arhiva\/mesihat-iz-u-srbiji-i-mok-podsjetili-gradjane-na-zlocin-u-sahovicima\/#breadcrumb\"},\"inLanguage\":\"bs-BA\",\"potentialAction\":[{\"@type\":\"ReadAction\",\"target\":[\"https:\/\/sandzakpress.net\/arhiva\/mesihat-iz-u-srbiji-i-mok-podsjetili-gradjane-na-zlocin-u-sahovicima\/\"]}]},{\"@type\":\"ImageObject\",\"inLanguage\":\"bs-BA\",\"@id\":\"https:\/\/sandzakpress.net\/arhiva\/mesihat-iz-u-srbiji-i-mok-podsjetili-gradjane-na-zlocin-u-sahovicima\/#primaryimage\",\"url\":\"https:\/\/sandzakpress.net\/arhiva\/wp-content\/uploads\/2019\/11\/viber_image_2019-11-08_13-45-26.jpg\",\"contentUrl\":\"https:\/\/sandzakpress.net\/arhiva\/wp-content\/uploads\/2019\/11\/viber_image_2019-11-08_13-45-26.jpg\",\"width\":1600,\"height\":1200},{\"@type\":\"BreadcrumbList\",\"@id\":\"https:\/\/sandzakpress.net\/arhiva\/mesihat-iz-u-srbiji-i-mok-podsjetili-gradjane-na-zlocin-u-sahovicima\/#breadcrumb\",\"itemListElement\":[{\"@type\":\"ListItem\",\"position\":1,\"name\":\"Home\",\"item\":\"https:\/\/sandzakpress.net\/arhiva\/\"},{\"@type\":\"ListItem\",\"position\":2,\"name\":\"Me\u0161ihat IZ u Srbiji i MOK podsjetili gra\u0111ane na zlo\u010din u \u0160ahovi\u0107ima\"}]},{\"@type\":\"WebSite\",\"@id\":\"https:\/\/sandzakpress.net\/arhiva\/#website\",\"url\":\"https:\/\/sandzakpress.net\/arhiva\/\",\"name\":\"Sand\u017eak PRESS\",\"description\":\"Prve elektronske novine u Sand\u017eaku\",\"publisher\":{\"@id\":\"https:\/\/sandzakpress.net\/arhiva\/#\/schema\/person\/6e72b67d6e51910a1117b3b483ba20bd\"},\"potentialAction\":[{\"@type\":\"SearchAction\",\"target\":{\"@type\":\"EntryPoint\",\"urlTemplate\":\"https:\/\/sandzakpress.net\/arhiva\/?s={search_term_string}\"},\"query-input\":{\"@type\":\"PropertyValueSpecification\",\"valueRequired\":true,\"valueName\":\"search_term_string\"}}],\"inLanguage\":\"bs-BA\"},{\"@type\":[\"Person\",\"Organization\"],\"@id\":\"https:\/\/sandzakpress.net\/arhiva\/#\/schema\/person\/6e72b67d6e51910a1117b3b483ba20bd\",\"name\":\"Kul\",\"image\":{\"@type\":\"ImageObject\",\"inLanguage\":\"bs-BA\",\"@id\":\"https:\/\/sandzakpress.net\/arhiva\/#\/schema\/person\/image\/\",\"url\":\"https:\/\/secure.gravatar.com\/avatar\/42263f39aa27ac04c43cab85c280eb2e?s=96&d=mm&r=pg\",\"contentUrl\":\"https:\/\/secure.gravatar.com\/avatar\/42263f39aa27ac04c43cab85c280eb2e?s=96&d=mm&r=pg\",\"caption\":\"Kul\"},\"logo\":{\"@id\":\"https:\/\/sandzakpress.net\/arhiva\/#\/schema\/person\/image\/\"}},{\"@type\":\"Person\",\"@id\":\"https:\/\/sandzakpress.net\/arhiva\/#\/schema\/person\/cb59d7e3ab91ab90dd680ad0305a6185\",\"name\":\"Agencija\",\"image\":{\"@type\":\"ImageObject\",\"inLanguage\":\"bs-BA\",\"@id\":\"https:\/\/sandzakpress.net\/arhiva\/#\/schema\/person\/image\/\",\"url\":\"https:\/\/secure.gravatar.com\/avatar\/4b7fafa80a22f0c2afe23966b3961fe0?s=96&d=mm&r=pg\",\"contentUrl\":\"https:\/\/secure.gravatar.com\/avatar\/4b7fafa80a22f0c2afe23966b3961fe0?s=96&d=mm&r=pg\",\"caption\":\"Agencija\"},\"url\":\"https:\/\/sandzakpress.net\/arhiva\/author\/agencija\/\"}]}<\/script>\n<!-- \/ Yoast SEO Premium plugin. -->","yoast_head_json":{"title":"Me\u0161ihat IZ u Srbiji i MOK podsjetili gra\u0111ane na zlo\u010din u \u0160ahovi\u0107ima","robots":{"index":"index","follow":"follow","max-snippet":"max-snippet:-1","max-image-preview":"max-image-preview:large","max-video-preview":"max-video-preview:-1"},"canonical":"https:\/\/sandzakpress.net\/arhiva\/mesihat-iz-u-srbiji-i-mok-podsjetili-gradjane-na-zlocin-u-sahovicima\/","og_locale":"bs_BA","og_type":"article","og_title":"Me\u0161ihat IZ u Srbiji i MOK podsjetili gra\u0111ane na zlo\u010din u \u0160ahovi\u0107ima","og_description":"Me\u0161ihat IZ u Srbiji i Muslimanski omladinski klub gra\u0111ane Novog Pazara posjetili na zlo\u010din u \u0160ahovi\u0107ima. Podjelom letaka poru\u010dili da Bo\u0161njaci ne smiju zaboraviti na stradanja koja su do\u017eivjeli u pro\u0161losti. \u201cMi sve ovo radimo u cilju promoviranja vjere i moralnih vrijednosti kod omladine. Odlu\u010dili smo se danas, ovim \u0161tandom, da podsjetimo na zlo\u010din u [&hellip;]","og_url":"https:\/\/sandzakpress.net\/arhiva\/mesihat-iz-u-srbiji-i-mok-podsjetili-gradjane-na-zlocin-u-sahovicima\/","og_site_name":"Sand\u017eak PRESS","article_published_time":"2019-11-08T16:22:42+00:00","og_image":[{"width":1600,"height":1200,"url":"https:\/\/sandzakpress.net\/arhiva\/wp-content\/uploads\/2019\/11\/viber_image_2019-11-08_13-45-26.jpg","type":"image\/jpeg"}],"author":"Agencija","twitter_card":"summary_large_image","twitter_misc":{"Written by":"Agencija","Est. reading time":"1 minuta"},"schema":{"@context":"https:\/\/schema.org","@graph":[{"@type":"Article","@id":"https:\/\/sandzakpress.net\/arhiva\/mesihat-iz-u-srbiji-i-mok-podsjetili-gradjane-na-zlocin-u-sahovicima\/#article","isPartOf":{"@id":"https:\/\/sandzakpress.net\/arhiva\/mesihat-iz-u-srbiji-i-mok-podsjetili-gradjane-na-zlocin-u-sahovicima\/"},"author":{"name":"Agencija","@id":"https:\/\/sandzakpress.net\/arhiva\/#\/schema\/person\/cb59d7e3ab91ab90dd680ad0305a6185"},"headline":"Me\u0161ihat IZ u Srbiji i MOK podsjetili gra\u0111ane na zlo\u010din u \u0160ahovi\u0107ima","datePublished":"2019-11-08T16:22:42+00:00","mainEntityOfPage":{"@id":"https:\/\/sandzakpress.net\/arhiva\/mesihat-iz-u-srbiji-i-mok-podsjetili-gradjane-na-zlocin-u-sahovicima\/"},"wordCount":224,"commentCount":5,"publisher":{"@id":"https:\/\/sandzakpress.net\/arhiva\/#\/schema\/person\/6e72b67d6e51910a1117b3b483ba20bd"},"image":{"@id":"https:\/\/sandzakpress.net\/arhiva\/mesihat-iz-u-srbiji-i-mok-podsjetili-gradjane-na-zlocin-u-sahovicima\/#primaryimage"},"thumbnailUrl":"https:\/\/sandzakpress.net\/arhiva\/wp-content\/uploads\/2019\/11\/viber_image_2019-11-08_13-45-26.jpg","articleSection":["Nacija","Novi Pazar","VIJESTI DANA"],"inLanguage":"bs-BA","potentialAction":[{"@type":"CommentAction","name":"Comment","target":["https:\/\/sandzakpress.net\/arhiva\/mesihat-iz-u-srbiji-i-mok-podsjetili-gradjane-na-zlocin-u-sahovicima\/#respond"]}]},{"@type":"WebPage","@id":"https:\/\/sandzakpress.net\/arhiva\/mesihat-iz-u-srbiji-i-mok-podsjetili-gradjane-na-zlocin-u-sahovicima\/","url":"https:\/\/sandzakpress.net\/arhiva\/mesihat-iz-u-srbiji-i-mok-podsjetili-gradjane-na-zlocin-u-sahovicima\/","name":"Me\u0161ihat IZ u Srbiji i MOK podsjetili gra\u0111ane na zlo\u010din u \u0160ahovi\u0107ima","isPartOf":{"@id":"https:\/\/sandzakpress.net\/arhiva\/#website"},"primaryImageOfPage":{"@id":"https:\/\/sandzakpress.net\/arhiva\/mesihat-iz-u-srbiji-i-mok-podsjetili-gradjane-na-zlocin-u-sahovicima\/#primaryimage"},"image":{"@id":"https:\/\/sandzakpress.net\/arhiva\/mesihat-iz-u-srbiji-i-mok-podsjetili-gradjane-na-zlocin-u-sahovicima\/#primaryimage"},"thumbnailUrl":"https:\/\/sandzakpress.net\/arhiva\/wp-content\/uploads\/2019\/11\/viber_image_2019-11-08_13-45-26.jpg","datePublished":"2019-11-08T16:22:42+00:00","breadcrumb":{"@id":"https:\/\/sandzakpress.net\/arhiva\/mesihat-iz-u-srbiji-i-mok-podsjetili-gradjane-na-zlocin-u-sahovicima\/#breadcrumb"},"inLanguage":"bs-BA","potentialAction":[{"@type":"ReadAction","target":["https:\/\/sandzakpress.net\/arhiva\/mesihat-iz-u-srbiji-i-mok-podsjetili-gradjane-na-zlocin-u-sahovicima\/"]}]},{"@type":"ImageObject","inLanguage":"bs-BA","@id":"https:\/\/sandzakpress.net\/arhiva\/mesihat-iz-u-srbiji-i-mok-podsjetili-gradjane-na-zlocin-u-sahovicima\/#primaryimage","url":"https:\/\/sandzakpress.net\/arhiva\/wp-content\/uploads\/2019\/11\/viber_image_2019-11-08_13-45-26.jpg","contentUrl":"https:\/\/sandzakpress.net\/arhiva\/wp-content\/uploads\/2019\/11\/viber_image_2019-11-08_13-45-26.jpg","width":1600,"height":1200},{"@type":"BreadcrumbList","@id":"https:\/\/sandzakpress.net\/arhiva\/mesihat-iz-u-srbiji-i-mok-podsjetili-gradjane-na-zlocin-u-sahovicima\/#breadcrumb","itemListElement":[{"@type":"ListItem","position":1,"name":"Home","item":"https:\/\/sandzakpress.net\/arhiva\/"},{"@type":"ListItem","position":2,"name":"Me\u0161ihat IZ u Srbiji i MOK podsjetili gra\u0111ane na zlo\u010din u \u0160ahovi\u0107ima"}]},{"@type":"WebSite","@id":"https:\/\/sandzakpress.net\/arhiva\/#website","url":"https:\/\/sandzakpress.net\/arhiva\/","name":"Sand\u017eak PRESS","description":"Prve elektronske novine u Sand\u017eaku","publisher":{"@id":"https:\/\/sandzakpress.net\/arhiva\/#\/schema\/person\/6e72b67d6e51910a1117b3b483ba20bd"},"potentialAction":[{"@type":"SearchAction","target":{"@type":"EntryPoint","urlTemplate":"https:\/\/sandzakpress.net\/arhiva\/?s={search_term_string}"},"query-input":{"@type":"PropertyValueSpecification","valueRequired":true,"valueName":"search_term_string"}}],"inLanguage":"bs-BA"},{"@type":["Person","Organization"],"@id":"https:\/\/sandzakpress.net\/arhiva\/#\/schema\/person\/6e72b67d6e51910a1117b3b483ba20bd","name":"Kul","image":{"@type":"ImageObject","inLanguage":"bs-BA","@id":"https:\/\/sandzakpress.net\/arhiva\/#\/schema\/person\/image\/","url":"https:\/\/secure.gravatar.com\/avatar\/42263f39aa27ac04c43cab85c280eb2e?s=96&d=mm&r=pg","contentUrl":"https:\/\/secure.gravatar.com\/avatar\/42263f39aa27ac04c43cab85c280eb2e?s=96&d=mm&r=pg","caption":"Kul"},"logo":{"@id":"https:\/\/sandzakpress.net\/arhiva\/#\/schema\/person\/image\/"}},{"@type":"Person","@id":"https:\/\/sandzakpress.net\/arhiva\/#\/schema\/person\/cb59d7e3ab91ab90dd680ad0305a6185","name":"Agencija","image":{"@type":"ImageObject","inLanguage":"bs-BA","@id":"https:\/\/sandzakpress.net\/arhiva\/#\/schema\/person\/image\/","url":"https:\/\/secure.gravatar.com\/avatar\/4b7fafa80a22f0c2afe23966b3961fe0?s=96&d=mm&r=pg","contentUrl":"https:\/\/secure.gravatar.com\/avatar\/4b7fafa80a22f0c2afe23966b3961fe0?s=96&d=mm&r=pg","caption":"Agencija"},"url":"https:\/\/sandzakpress.net\/arhiva\/author\/agencija\/"}]}},"_links":{"self":[{"href":"https:\/\/sandzakpress.net\/arhiva\/wp-json\/wp\/v2\/posts\/230397"}],"collection":[{"href":"https:\/\/sandzakpress.net\/arhiva\/wp-json\/wp\/v2\/posts"}],"about":[{"href":"https:\/\/sandzakpress.net\/arhiva\/wp-json\/wp\/v2\/types\/post"}],"author":[{"embeddable":true,"href":"https:\/\/sandzakpress.net\/arhiva\/wp-json\/wp\/v2\/users\/509"}],"replies":[{"embeddable":true,"href":"https:\/\/sandzakpress.net\/arhiva\/wp-json\/wp\/v2\/comments?post=230397"}],"version-history":[{"count":0,"href":"https:\/\/sandzakpress.net\/arhiva\/wp-json\/wp\/v2\/posts\/230397\/revisions"}],"wp:featuredmedia":[{"embeddable":true,"href":"https:\/\/sandzakpress.net\/arhiva\/wp-json\/wp\/v2\/media\/230400"}],"wp:attachment":[{"href":"https:\/\/sandzakpress.net\/arhiva\/wp-json\/wp\/v2\/media?parent=230397"}],"wp:term":[{"taxonomy":"category","embeddable":true,"href":"https:\/\/sandzakpress.net\/arhiva\/wp-json\/wp\/v2\/categories?post=230397"},{"taxonomy":"post_tag","embeddable":true,"href":"https:\/\/sandzakpress.net\/arhiva\/wp-json\/wp\/v2\/tags?post=230397"}],"curies":[{"name":"wp","href":"https:\/\/api.w.org\/{rel}","templated":true}]}}