{"id":230385,"date":"2019-11-08T13:20:06","date_gmt":"2019-11-08T12:20:06","guid":{"rendered":"https:\/\/sandzakpress.net\/arhiva\/?p=230385"},"modified":"2019-11-08T13:20:06","modified_gmt":"2019-11-08T12:20:06","slug":"limska-knjizevna-regata-u-petak-u-prijepolju","status":"publish","type":"post","link":"https:\/\/sandzakpress.net\/arhiva\/limska-knjizevna-regata-u-petak-u-prijepolju\/","title":{"rendered":"Limska knji\u017eevna regata u petak u Prijepolju"},"content":{"rendered":"<p><img decoding=\"async\" src=\"https:\/\/ppmedia.rs\/wp-content\/uploads\/2019\/11\/limmmmmmm-1024x576.jpg\" \/><\/p>\n<p><strong>Prijepolje \u2013 U petak, 8. novembra u galeriji Doma kulture u Prijepolju bi\u0107e odr\u017eana tre\u0107a po redu\u00a0 Limska knji\u017eevna regata, na kojoj \u0107e u\u010destvovati pesnici polimskih gradova.<\/strong><\/p>\n<p>Manifestacija Limska knji\u017eevna regata koju biblioteka \u2018\u2019Vuk Karadzic\u2019\u2019 iz Prijepolja realizuje tre\u0107u godinu za redom, nastala je u okviru projekta \u2018\u2019Kultura za Evropu, Evropa za kulturu\u2019\u2019 u programu prekograni\u010dne saradnje Srbije i Crne Gore. Iz godine u godinu izaziva sve ve\u0107e interesovanje i okuplja zna\u010dajan broj u\u010desnika iz svih polimskih gradova. Regata, prvobitno ima za cilj regionalno povezivanje institucija kulture, pesnika ali i razmenu kulturnih dobara polimskih stvaraoca. Ove godine, predvi\u0111en je dvodnevni program koji \u0107e po\u010deti 7. novembra u Plavu i Andrijevici, a zatim \u0107e se 8. novembra u\u010desnici pesni\u010dkog karavana zaustaviti u Prijepolju.<\/p>\n<p>-Prijepoljskoj publici predstavi\u0107e se 13 pesnika. Kormilar tre\u0107e Limske knji\u017eevne regate bi\u0107e Enes Halilovi\u0107, pripoveda\u010d, pesnik i dramski pisac iz Novog Pazara. Pored njega, gostova\u0107e i Goran \u0110eri\u0107 i pesnik Rasim \u0106elahmetovi\u0107 iz Priboja \u2013 najavila je Sadija Hod\u017ei\u0107, direktorica biblioteke Vuk Karadzi\u0107.<\/p>\n","protected":false},"excerpt":{"rendered":"<p>Prijepolje \u2013 U petak, 8. novembra u galeriji Doma kulture u Prijepolju bi\u0107e odr\u017eana tre\u0107a po redu\u00a0 Limska knji\u017eevna regata, na kojoj \u0107e u\u010destvovati pesnici polimskih gradova. Manifestacija Limska knji\u017eevna regata koju biblioteka \u2018\u2019Vuk Karadzic\u2019\u2019 iz Prijepolja realizuje tre\u0107u godinu za redom, nastala je u okviru projekta \u2018\u2019Kultura za Evropu, Evropa za kulturu\u2019\u2019 u programu [&hellip;]<\/p>\n","protected":false},"author":509,"featured_media":230386,"comment_status":"open","ping_status":"open","sticky":false,"template":"","format":"standard","meta":{"footnotes":""},"categories":[392,5],"tags":[],"class_list":{"0":"post-230385","1":"post","2":"type-post","3":"status-publish","4":"format-standard","5":"has-post-thumbnail","7":"category-prijepolje_","8":"category-drustvo"},"yoast_head":"<!-- This site is optimized with the Yoast SEO Premium plugin v23.1 (Yoast SEO v24.9) - https:\/\/yoast.com\/wordpress\/plugins\/seo\/ -->\n<title>Limska knji\u017eevna regata u petak u Prijepolju<\/title>\n<meta name=\"robots\" content=\"index, follow, max-snippet:-1, max-image-preview:large, max-video-preview:-1\" \/>\n<link rel=\"canonical\" href=\"https:\/\/sandzakpress.net\/arhiva\/limska-knjizevna-regata-u-petak-u-prijepolju\/\" \/>\n<meta property=\"og:locale\" content=\"bs_BA\" \/>\n<meta property=\"og:type\" content=\"article\" \/>\n<meta property=\"og:title\" content=\"Limska knji\u017eevna regata u petak u Prijepolju\" \/>\n<meta property=\"og:description\" content=\"Prijepolje \u2013 U petak, 8. novembra u galeriji Doma kulture u Prijepolju bi\u0107e odr\u017eana tre\u0107a po redu\u00a0 Limska knji\u017eevna regata, na kojoj \u0107e u\u010destvovati pesnici polimskih gradova. Manifestacija Limska knji\u017eevna regata koju biblioteka \u2018\u2019Vuk Karadzic\u2019\u2019 iz Prijepolja realizuje tre\u0107u godinu za redom, nastala je u okviru projekta \u2018\u2019Kultura za Evropu, Evropa za kulturu\u2019\u2019 u programu [&hellip;]\" \/>\n<meta property=\"og:url\" content=\"https:\/\/sandzakpress.net\/arhiva\/limska-knjizevna-regata-u-petak-u-prijepolju\/\" \/>\n<meta property=\"og:site_name\" content=\"Sand\u017eak PRESS\" \/>\n<meta property=\"article:published_time\" content=\"2019-11-08T12:20:06+00:00\" \/>\n<meta property=\"og:image\" content=\"https:\/\/sandzakpress.net\/arhiva\/wp-content\/uploads\/2019\/11\/limmmmmmm-1024x576.jpg\" \/>\n\t<meta property=\"og:image:width\" content=\"1024\" \/>\n\t<meta property=\"og:image:height\" content=\"576\" \/>\n\t<meta property=\"og:image:type\" content=\"image\/jpeg\" \/>\n<meta name=\"author\" content=\"Agencija\" \/>\n<meta name=\"twitter:card\" content=\"summary_large_image\" \/>\n<meta name=\"twitter:label1\" content=\"Written by\" \/>\n\t<meta name=\"twitter:data1\" content=\"Agencija\" \/>\n\t<meta name=\"twitter:label2\" content=\"Est. reading time\" \/>\n\t<meta name=\"twitter:data2\" content=\"1 minuta\" \/>\n<script type=\"application\/ld+json\" class=\"yoast-schema-graph\">{\"@context\":\"https:\/\/schema.org\",\"@graph\":[{\"@type\":\"Article\",\"@id\":\"https:\/\/sandzakpress.net\/arhiva\/limska-knjizevna-regata-u-petak-u-prijepolju\/#article\",\"isPartOf\":{\"@id\":\"https:\/\/sandzakpress.net\/arhiva\/limska-knjizevna-regata-u-petak-u-prijepolju\/\"},\"author\":{\"name\":\"Agencija\",\"@id\":\"https:\/\/sandzakpress.net\/arhiva\/#\/schema\/person\/cb59d7e3ab91ab90dd680ad0305a6185\"},\"headline\":\"Limska knji\u017eevna regata u petak u Prijepolju\",\"datePublished\":\"2019-11-08T12:20:06+00:00\",\"mainEntityOfPage\":{\"@id\":\"https:\/\/sandzakpress.net\/arhiva\/limska-knjizevna-regata-u-petak-u-prijepolju\/\"},\"wordCount\":188,\"commentCount\":0,\"publisher\":{\"@id\":\"https:\/\/sandzakpress.net\/arhiva\/#\/schema\/person\/6e72b67d6e51910a1117b3b483ba20bd\"},\"image\":{\"@id\":\"https:\/\/sandzakpress.net\/arhiva\/limska-knjizevna-regata-u-petak-u-prijepolju\/#primaryimage\"},\"thumbnailUrl\":\"https:\/\/sandzakpress.net\/arhiva\/wp-content\/uploads\/2019\/11\/limmmmmmm-1024x576.jpg\",\"articleSection\":[\"Prijepolje\",\"Dru\u0161tvo\"],\"inLanguage\":\"bs-BA\",\"potentialAction\":[{\"@type\":\"CommentAction\",\"name\":\"Comment\",\"target\":[\"https:\/\/sandzakpress.net\/arhiva\/limska-knjizevna-regata-u-petak-u-prijepolju\/#respond\"]}]},{\"@type\":\"WebPage\",\"@id\":\"https:\/\/sandzakpress.net\/arhiva\/limska-knjizevna-regata-u-petak-u-prijepolju\/\",\"url\":\"https:\/\/sandzakpress.net\/arhiva\/limska-knjizevna-regata-u-petak-u-prijepolju\/\",\"name\":\"Limska knji\u017eevna regata u petak u Prijepolju\",\"isPartOf\":{\"@id\":\"https:\/\/sandzakpress.net\/arhiva\/#website\"},\"primaryImageOfPage\":{\"@id\":\"https:\/\/sandzakpress.net\/arhiva\/limska-knjizevna-regata-u-petak-u-prijepolju\/#primaryimage\"},\"image\":{\"@id\":\"https:\/\/sandzakpress.net\/arhiva\/limska-knjizevna-regata-u-petak-u-prijepolju\/#primaryimage\"},\"thumbnailUrl\":\"https:\/\/sandzakpress.net\/arhiva\/wp-content\/uploads\/2019\/11\/limmmmmmm-1024x576.jpg\",\"datePublished\":\"2019-11-08T12:20:06+00:00\",\"breadcrumb\":{\"@id\":\"https:\/\/sandzakpress.net\/arhiva\/limska-knjizevna-regata-u-petak-u-prijepolju\/#breadcrumb\"},\"inLanguage\":\"bs-BA\",\"potentialAction\":[{\"@type\":\"ReadAction\",\"target\":[\"https:\/\/sandzakpress.net\/arhiva\/limska-knjizevna-regata-u-petak-u-prijepolju\/\"]}]},{\"@type\":\"ImageObject\",\"inLanguage\":\"bs-BA\",\"@id\":\"https:\/\/sandzakpress.net\/arhiva\/limska-knjizevna-regata-u-petak-u-prijepolju\/#primaryimage\",\"url\":\"https:\/\/sandzakpress.net\/arhiva\/wp-content\/uploads\/2019\/11\/limmmmmmm-1024x576.jpg\",\"contentUrl\":\"https:\/\/sandzakpress.net\/arhiva\/wp-content\/uploads\/2019\/11\/limmmmmmm-1024x576.jpg\",\"width\":1024,\"height\":576},{\"@type\":\"BreadcrumbList\",\"@id\":\"https:\/\/sandzakpress.net\/arhiva\/limska-knjizevna-regata-u-petak-u-prijepolju\/#breadcrumb\",\"itemListElement\":[{\"@type\":\"ListItem\",\"position\":1,\"name\":\"Home\",\"item\":\"https:\/\/sandzakpress.net\/arhiva\/\"},{\"@type\":\"ListItem\",\"position\":2,\"name\":\"Limska knji\u017eevna regata u petak u Prijepolju\"}]},{\"@type\":\"WebSite\",\"@id\":\"https:\/\/sandzakpress.net\/arhiva\/#website\",\"url\":\"https:\/\/sandzakpress.net\/arhiva\/\",\"name\":\"Sand\u017eak PRESS\",\"description\":\"Prve elektronske novine u Sand\u017eaku\",\"publisher\":{\"@id\":\"https:\/\/sandzakpress.net\/arhiva\/#\/schema\/person\/6e72b67d6e51910a1117b3b483ba20bd\"},\"potentialAction\":[{\"@type\":\"SearchAction\",\"target\":{\"@type\":\"EntryPoint\",\"urlTemplate\":\"https:\/\/sandzakpress.net\/arhiva\/?s={search_term_string}\"},\"query-input\":{\"@type\":\"PropertyValueSpecification\",\"valueRequired\":true,\"valueName\":\"search_term_string\"}}],\"inLanguage\":\"bs-BA\"},{\"@type\":[\"Person\",\"Organization\"],\"@id\":\"https:\/\/sandzakpress.net\/arhiva\/#\/schema\/person\/6e72b67d6e51910a1117b3b483ba20bd\",\"name\":\"Kul\",\"image\":{\"@type\":\"ImageObject\",\"inLanguage\":\"bs-BA\",\"@id\":\"https:\/\/sandzakpress.net\/arhiva\/#\/schema\/person\/image\/\",\"url\":\"https:\/\/secure.gravatar.com\/avatar\/42263f39aa27ac04c43cab85c280eb2e?s=96&d=mm&r=pg\",\"contentUrl\":\"https:\/\/secure.gravatar.com\/avatar\/42263f39aa27ac04c43cab85c280eb2e?s=96&d=mm&r=pg\",\"caption\":\"Kul\"},\"logo\":{\"@id\":\"https:\/\/sandzakpress.net\/arhiva\/#\/schema\/person\/image\/\"}},{\"@type\":\"Person\",\"@id\":\"https:\/\/sandzakpress.net\/arhiva\/#\/schema\/person\/cb59d7e3ab91ab90dd680ad0305a6185\",\"name\":\"Agencija\",\"image\":{\"@type\":\"ImageObject\",\"inLanguage\":\"bs-BA\",\"@id\":\"https:\/\/sandzakpress.net\/arhiva\/#\/schema\/person\/image\/\",\"url\":\"https:\/\/secure.gravatar.com\/avatar\/4b7fafa80a22f0c2afe23966b3961fe0?s=96&d=mm&r=pg\",\"contentUrl\":\"https:\/\/secure.gravatar.com\/avatar\/4b7fafa80a22f0c2afe23966b3961fe0?s=96&d=mm&r=pg\",\"caption\":\"Agencija\"},\"url\":\"https:\/\/sandzakpress.net\/arhiva\/author\/agencija\/\"}]}<\/script>\n<!-- \/ Yoast SEO Premium plugin. -->","yoast_head_json":{"title":"Limska knji\u017eevna regata u petak u Prijepolju","robots":{"index":"index","follow":"follow","max-snippet":"max-snippet:-1","max-image-preview":"max-image-preview:large","max-video-preview":"max-video-preview:-1"},"canonical":"https:\/\/sandzakpress.net\/arhiva\/limska-knjizevna-regata-u-petak-u-prijepolju\/","og_locale":"bs_BA","og_type":"article","og_title":"Limska knji\u017eevna regata u petak u Prijepolju","og_description":"Prijepolje \u2013 U petak, 8. novembra u galeriji Doma kulture u Prijepolju bi\u0107e odr\u017eana tre\u0107a po redu\u00a0 Limska knji\u017eevna regata, na kojoj \u0107e u\u010destvovati pesnici polimskih gradova. Manifestacija Limska knji\u017eevna regata koju biblioteka \u2018\u2019Vuk Karadzic\u2019\u2019 iz Prijepolja realizuje tre\u0107u godinu za redom, nastala je u okviru projekta \u2018\u2019Kultura za Evropu, Evropa za kulturu\u2019\u2019 u programu [&hellip;]","og_url":"https:\/\/sandzakpress.net\/arhiva\/limska-knjizevna-regata-u-petak-u-prijepolju\/","og_site_name":"Sand\u017eak PRESS","article_published_time":"2019-11-08T12:20:06+00:00","og_image":[{"width":1024,"height":576,"url":"https:\/\/sandzakpress.net\/arhiva\/wp-content\/uploads\/2019\/11\/limmmmmmm-1024x576.jpg","type":"image\/jpeg"}],"author":"Agencija","twitter_card":"summary_large_image","twitter_misc":{"Written by":"Agencija","Est. reading time":"1 minuta"},"schema":{"@context":"https:\/\/schema.org","@graph":[{"@type":"Article","@id":"https:\/\/sandzakpress.net\/arhiva\/limska-knjizevna-regata-u-petak-u-prijepolju\/#article","isPartOf":{"@id":"https:\/\/sandzakpress.net\/arhiva\/limska-knjizevna-regata-u-petak-u-prijepolju\/"},"author":{"name":"Agencija","@id":"https:\/\/sandzakpress.net\/arhiva\/#\/schema\/person\/cb59d7e3ab91ab90dd680ad0305a6185"},"headline":"Limska knji\u017eevna regata u petak u Prijepolju","datePublished":"2019-11-08T12:20:06+00:00","mainEntityOfPage":{"@id":"https:\/\/sandzakpress.net\/arhiva\/limska-knjizevna-regata-u-petak-u-prijepolju\/"},"wordCount":188,"commentCount":0,"publisher":{"@id":"https:\/\/sandzakpress.net\/arhiva\/#\/schema\/person\/6e72b67d6e51910a1117b3b483ba20bd"},"image":{"@id":"https:\/\/sandzakpress.net\/arhiva\/limska-knjizevna-regata-u-petak-u-prijepolju\/#primaryimage"},"thumbnailUrl":"https:\/\/sandzakpress.net\/arhiva\/wp-content\/uploads\/2019\/11\/limmmmmmm-1024x576.jpg","articleSection":["Prijepolje","Dru\u0161tvo"],"inLanguage":"bs-BA","potentialAction":[{"@type":"CommentAction","name":"Comment","target":["https:\/\/sandzakpress.net\/arhiva\/limska-knjizevna-regata-u-petak-u-prijepolju\/#respond"]}]},{"@type":"WebPage","@id":"https:\/\/sandzakpress.net\/arhiva\/limska-knjizevna-regata-u-petak-u-prijepolju\/","url":"https:\/\/sandzakpress.net\/arhiva\/limska-knjizevna-regata-u-petak-u-prijepolju\/","name":"Limska knji\u017eevna regata u petak u Prijepolju","isPartOf":{"@id":"https:\/\/sandzakpress.net\/arhiva\/#website"},"primaryImageOfPage":{"@id":"https:\/\/sandzakpress.net\/arhiva\/limska-knjizevna-regata-u-petak-u-prijepolju\/#primaryimage"},"image":{"@id":"https:\/\/sandzakpress.net\/arhiva\/limska-knjizevna-regata-u-petak-u-prijepolju\/#primaryimage"},"thumbnailUrl":"https:\/\/sandzakpress.net\/arhiva\/wp-content\/uploads\/2019\/11\/limmmmmmm-1024x576.jpg","datePublished":"2019-11-08T12:20:06+00:00","breadcrumb":{"@id":"https:\/\/sandzakpress.net\/arhiva\/limska-knjizevna-regata-u-petak-u-prijepolju\/#breadcrumb"},"inLanguage":"bs-BA","potentialAction":[{"@type":"ReadAction","target":["https:\/\/sandzakpress.net\/arhiva\/limska-knjizevna-regata-u-petak-u-prijepolju\/"]}]},{"@type":"ImageObject","inLanguage":"bs-BA","@id":"https:\/\/sandzakpress.net\/arhiva\/limska-knjizevna-regata-u-petak-u-prijepolju\/#primaryimage","url":"https:\/\/sandzakpress.net\/arhiva\/wp-content\/uploads\/2019\/11\/limmmmmmm-1024x576.jpg","contentUrl":"https:\/\/sandzakpress.net\/arhiva\/wp-content\/uploads\/2019\/11\/limmmmmmm-1024x576.jpg","width":1024,"height":576},{"@type":"BreadcrumbList","@id":"https:\/\/sandzakpress.net\/arhiva\/limska-knjizevna-regata-u-petak-u-prijepolju\/#breadcrumb","itemListElement":[{"@type":"ListItem","position":1,"name":"Home","item":"https:\/\/sandzakpress.net\/arhiva\/"},{"@type":"ListItem","position":2,"name":"Limska knji\u017eevna regata u petak u Prijepolju"}]},{"@type":"WebSite","@id":"https:\/\/sandzakpress.net\/arhiva\/#website","url":"https:\/\/sandzakpress.net\/arhiva\/","name":"Sand\u017eak PRESS","description":"Prve elektronske novine u Sand\u017eaku","publisher":{"@id":"https:\/\/sandzakpress.net\/arhiva\/#\/schema\/person\/6e72b67d6e51910a1117b3b483ba20bd"},"potentialAction":[{"@type":"SearchAction","target":{"@type":"EntryPoint","urlTemplate":"https:\/\/sandzakpress.net\/arhiva\/?s={search_term_string}"},"query-input":{"@type":"PropertyValueSpecification","valueRequired":true,"valueName":"search_term_string"}}],"inLanguage":"bs-BA"},{"@type":["Person","Organization"],"@id":"https:\/\/sandzakpress.net\/arhiva\/#\/schema\/person\/6e72b67d6e51910a1117b3b483ba20bd","name":"Kul","image":{"@type":"ImageObject","inLanguage":"bs-BA","@id":"https:\/\/sandzakpress.net\/arhiva\/#\/schema\/person\/image\/","url":"https:\/\/secure.gravatar.com\/avatar\/42263f39aa27ac04c43cab85c280eb2e?s=96&d=mm&r=pg","contentUrl":"https:\/\/secure.gravatar.com\/avatar\/42263f39aa27ac04c43cab85c280eb2e?s=96&d=mm&r=pg","caption":"Kul"},"logo":{"@id":"https:\/\/sandzakpress.net\/arhiva\/#\/schema\/person\/image\/"}},{"@type":"Person","@id":"https:\/\/sandzakpress.net\/arhiva\/#\/schema\/person\/cb59d7e3ab91ab90dd680ad0305a6185","name":"Agencija","image":{"@type":"ImageObject","inLanguage":"bs-BA","@id":"https:\/\/sandzakpress.net\/arhiva\/#\/schema\/person\/image\/","url":"https:\/\/secure.gravatar.com\/avatar\/4b7fafa80a22f0c2afe23966b3961fe0?s=96&d=mm&r=pg","contentUrl":"https:\/\/secure.gravatar.com\/avatar\/4b7fafa80a22f0c2afe23966b3961fe0?s=96&d=mm&r=pg","caption":"Agencija"},"url":"https:\/\/sandzakpress.net\/arhiva\/author\/agencija\/"}]}},"_links":{"self":[{"href":"https:\/\/sandzakpress.net\/arhiva\/wp-json\/wp\/v2\/posts\/230385"}],"collection":[{"href":"https:\/\/sandzakpress.net\/arhiva\/wp-json\/wp\/v2\/posts"}],"about":[{"href":"https:\/\/sandzakpress.net\/arhiva\/wp-json\/wp\/v2\/types\/post"}],"author":[{"embeddable":true,"href":"https:\/\/sandzakpress.net\/arhiva\/wp-json\/wp\/v2\/users\/509"}],"replies":[{"embeddable":true,"href":"https:\/\/sandzakpress.net\/arhiva\/wp-json\/wp\/v2\/comments?post=230385"}],"version-history":[{"count":0,"href":"https:\/\/sandzakpress.net\/arhiva\/wp-json\/wp\/v2\/posts\/230385\/revisions"}],"wp:featuredmedia":[{"embeddable":true,"href":"https:\/\/sandzakpress.net\/arhiva\/wp-json\/wp\/v2\/media\/230386"}],"wp:attachment":[{"href":"https:\/\/sandzakpress.net\/arhiva\/wp-json\/wp\/v2\/media?parent=230385"}],"wp:term":[{"taxonomy":"category","embeddable":true,"href":"https:\/\/sandzakpress.net\/arhiva\/wp-json\/wp\/v2\/categories?post=230385"},{"taxonomy":"post_tag","embeddable":true,"href":"https:\/\/sandzakpress.net\/arhiva\/wp-json\/wp\/v2\/tags?post=230385"}],"curies":[{"name":"wp","href":"https:\/\/api.w.org\/{rel}","templated":true}]}}