{"id":230361,"date":"2019-11-08T13:07:47","date_gmt":"2019-11-08T12:07:47","guid":{"rendered":"https:\/\/sandzakpress.net\/arhiva\/?p=230361"},"modified":"2019-11-08T13:07:47","modified_gmt":"2019-11-08T12:07:47","slug":"grad-novi-pazar-uskoro-dobija-aplikaciju-moj-novi-pazar","status":"publish","type":"post","link":"https:\/\/sandzakpress.net\/arhiva\/grad-novi-pazar-uskoro-dobija-aplikaciju-moj-novi-pazar\/","title":{"rendered":"Grad Novi Pazar uskoro dobija aplikaciju \u201cMoj Novi Pazar\u201d"},"content":{"rendered":"<p><img decoding=\"async\" src=\"https:\/\/i0.wp.com\/indeksonline.rs\/wp-content\/uploads\/2019\/11\/img_9987.jpg?resize=786%2C437&amp;ssl=1\" \/><\/p>\n<p><strong>\u00a0U toku je izrada aplikacije \u201cMoj Novi Pazar\u201d koja je deo Akcionog plana Partnerstva za otvorenu upravu koji je Grad Novi Pazar usvojio ove godine kao jedan od malobrojnih gradova u Srbiji.<\/strong><\/p>\n<p>Danas je odr\u017ean sastanak Radne grupe koja \u0107e naredih nekoliko meseci raditi na izradi aplikacije preko koje \u0107e gra\u0111ani Novog Pazara pre svega mo\u0107i da prijave komunalne probleme, predlo\u017ee razli\u010dite inicijative, daju konstruktivne predloge.<\/p>\n<p>Kako \u0107e izgledati aplikacija Moj Novi Pazar, koje informacije \u0107e gra\u0111ani mo\u0107i da dobiju preko nje, na koji na\u010din \u0107e mo\u0107i da re\u0161e neke od komunalnih problema putem aplikacije? Ovo su samo neka od pitanja koja su postavljena tokom radnog sastanka kome su prisustvovali i predstavnici OEBS-a i eksperata, a koji pomo\u0107i da Grad Novi Pazar dobije najsavremeniju i funkcionalnu aplikaciju kao veliki evropski gradovi.<\/p>\n<p>Novi Pazar je Grad u kome se reforma javne uprave sprovodi veoma uspe\u0161no \u0161to govori i podatak da je tre\u0107i grad u Srbiji koji je usvojio Akcioni plan za otvorenu upravu koja je deo reforme javne uprave.<\/p>\n<p>\u201cGra\u0111ani Novog Pazara su informati\u010dki veoma pismeni i sigurna sam da \u0107e im ova aplikacija biti od velike koristi. Mi smo i grad mladih i nema sumnje da bi Novi Pazar mogao da postane jedan od smart city-ja. O\u010dekuje nas veliki posao ali sam sigurna da \u0107e aplikacija biti pun pogodak i da \u0107e unaprediti komunikaciju sa gra\u0111anima\u201d- istakla je na\u010delnica Odeljenja za informisanje i koordinatorka projekta Hana Salihagi\u0107.<\/p>\n<p>Predvi\u0111eno je da aplikacija bude gotova do sredine slede\u0107e godine.<\/p>\n<p>Partnerstvo za otvorenu upravu deo je reforme javne uprave koja je u Srbiji po\u010dela davne 2004.godine. Krajem oktobra Ministarstvo dr\u017eavne uprave i lokalne samouprave po\u010delo je rad na novoj Strategiji reforme javne uprave za period od 2020-2030.godine uz finansijsku pomo\u0107 Evropske unije<\/p>\n","protected":false},"excerpt":{"rendered":"<p>\u00a0U toku je izrada aplikacije \u201cMoj Novi Pazar\u201d koja je deo Akcionog plana Partnerstva za otvorenu upravu koji je Grad Novi Pazar usvojio ove godine kao jedan od malobrojnih gradova u Srbiji. Danas je odr\u017ean sastanak Radne grupe koja \u0107e naredih nekoliko meseci raditi na izradi aplikacije preko koje \u0107e gra\u0111ani Novog Pazara pre svega [&hellip;]<\/p>\n","protected":false},"author":509,"featured_media":230363,"comment_status":"open","ping_status":"open","sticky":false,"template":"","format":"standard","meta":{"footnotes":""},"categories":[72,5],"tags":[],"class_list":{"0":"post-230361","1":"post","2":"type-post","3":"status-publish","4":"format-standard","5":"has-post-thumbnail","7":"category-novi-pazar","8":"category-drustvo"},"yoast_head":"<!-- This site is optimized with the Yoast SEO Premium plugin v23.1 (Yoast SEO v24.9) - https:\/\/yoast.com\/wordpress\/plugins\/seo\/ -->\n<title>Grad Novi Pazar uskoro dobija aplikaciju \u201cMoj Novi Pazar\u201d<\/title>\n<meta name=\"robots\" content=\"index, follow, max-snippet:-1, max-image-preview:large, max-video-preview:-1\" \/>\n<link rel=\"canonical\" href=\"https:\/\/sandzakpress.net\/arhiva\/grad-novi-pazar-uskoro-dobija-aplikaciju-moj-novi-pazar\/\" \/>\n<meta property=\"og:locale\" content=\"bs_BA\" \/>\n<meta property=\"og:type\" content=\"article\" \/>\n<meta property=\"og:title\" content=\"Grad Novi Pazar uskoro dobija aplikaciju \u201cMoj Novi Pazar\u201d\" \/>\n<meta property=\"og:description\" content=\"\u00a0U toku je izrada aplikacije \u201cMoj Novi Pazar\u201d koja je deo Akcionog plana Partnerstva za otvorenu upravu koji je Grad Novi Pazar usvojio ove godine kao jedan od malobrojnih gradova u Srbiji. Danas je odr\u017ean sastanak Radne grupe koja \u0107e naredih nekoliko meseci raditi na izradi aplikacije preko koje \u0107e gra\u0111ani Novog Pazara pre svega [&hellip;]\" \/>\n<meta property=\"og:url\" content=\"https:\/\/sandzakpress.net\/arhiva\/grad-novi-pazar-uskoro-dobija-aplikaciju-moj-novi-pazar\/\" \/>\n<meta property=\"og:site_name\" content=\"Sand\u017eak PRESS\" \/>\n<meta property=\"article:published_time\" content=\"2019-11-08T12:07:47+00:00\" \/>\n<meta property=\"og:image\" content=\"https:\/\/sandzakpress.net\/arhiva\/wp-content\/uploads\/2019\/11\/img_9987.jpg\" \/>\n\t<meta property=\"og:image:width\" content=\"786\" \/>\n\t<meta property=\"og:image:height\" content=\"437\" \/>\n\t<meta property=\"og:image:type\" content=\"image\/jpeg\" \/>\n<meta name=\"author\" content=\"Agencija\" \/>\n<meta name=\"twitter:card\" content=\"summary_large_image\" \/>\n<meta name=\"twitter:label1\" content=\"Written by\" \/>\n\t<meta name=\"twitter:data1\" content=\"Agencija\" \/>\n\t<meta name=\"twitter:label2\" content=\"Est. reading time\" \/>\n\t<meta name=\"twitter:data2\" content=\"2 minute\" \/>\n<script type=\"application\/ld+json\" class=\"yoast-schema-graph\">{\"@context\":\"https:\/\/schema.org\",\"@graph\":[{\"@type\":\"Article\",\"@id\":\"https:\/\/sandzakpress.net\/arhiva\/grad-novi-pazar-uskoro-dobija-aplikaciju-moj-novi-pazar\/#article\",\"isPartOf\":{\"@id\":\"https:\/\/sandzakpress.net\/arhiva\/grad-novi-pazar-uskoro-dobija-aplikaciju-moj-novi-pazar\/\"},\"author\":{\"name\":\"Agencija\",\"@id\":\"https:\/\/sandzakpress.net\/arhiva\/#\/schema\/person\/cb59d7e3ab91ab90dd680ad0305a6185\"},\"headline\":\"Grad Novi Pazar uskoro dobija aplikaciju \u201cMoj Novi Pazar\u201d\",\"datePublished\":\"2019-11-08T12:07:47+00:00\",\"mainEntityOfPage\":{\"@id\":\"https:\/\/sandzakpress.net\/arhiva\/grad-novi-pazar-uskoro-dobija-aplikaciju-moj-novi-pazar\/\"},\"wordCount\":323,\"commentCount\":0,\"publisher\":{\"@id\":\"https:\/\/sandzakpress.net\/arhiva\/#\/schema\/person\/6e72b67d6e51910a1117b3b483ba20bd\"},\"image\":{\"@id\":\"https:\/\/sandzakpress.net\/arhiva\/grad-novi-pazar-uskoro-dobija-aplikaciju-moj-novi-pazar\/#primaryimage\"},\"thumbnailUrl\":\"https:\/\/sandzakpress.net\/arhiva\/wp-content\/uploads\/2019\/11\/img_9987.jpg\",\"articleSection\":[\"Novi Pazar\",\"Dru\u0161tvo\"],\"inLanguage\":\"bs-BA\",\"potentialAction\":[{\"@type\":\"CommentAction\",\"name\":\"Comment\",\"target\":[\"https:\/\/sandzakpress.net\/arhiva\/grad-novi-pazar-uskoro-dobija-aplikaciju-moj-novi-pazar\/#respond\"]}]},{\"@type\":\"WebPage\",\"@id\":\"https:\/\/sandzakpress.net\/arhiva\/grad-novi-pazar-uskoro-dobija-aplikaciju-moj-novi-pazar\/\",\"url\":\"https:\/\/sandzakpress.net\/arhiva\/grad-novi-pazar-uskoro-dobija-aplikaciju-moj-novi-pazar\/\",\"name\":\"Grad Novi Pazar uskoro dobija aplikaciju \u201cMoj Novi Pazar\u201d\",\"isPartOf\":{\"@id\":\"https:\/\/sandzakpress.net\/arhiva\/#website\"},\"primaryImageOfPage\":{\"@id\":\"https:\/\/sandzakpress.net\/arhiva\/grad-novi-pazar-uskoro-dobija-aplikaciju-moj-novi-pazar\/#primaryimage\"},\"image\":{\"@id\":\"https:\/\/sandzakpress.net\/arhiva\/grad-novi-pazar-uskoro-dobija-aplikaciju-moj-novi-pazar\/#primaryimage\"},\"thumbnailUrl\":\"https:\/\/sandzakpress.net\/arhiva\/wp-content\/uploads\/2019\/11\/img_9987.jpg\",\"datePublished\":\"2019-11-08T12:07:47+00:00\",\"breadcrumb\":{\"@id\":\"https:\/\/sandzakpress.net\/arhiva\/grad-novi-pazar-uskoro-dobija-aplikaciju-moj-novi-pazar\/#breadcrumb\"},\"inLanguage\":\"bs-BA\",\"potentialAction\":[{\"@type\":\"ReadAction\",\"target\":[\"https:\/\/sandzakpress.net\/arhiva\/grad-novi-pazar-uskoro-dobija-aplikaciju-moj-novi-pazar\/\"]}]},{\"@type\":\"ImageObject\",\"inLanguage\":\"bs-BA\",\"@id\":\"https:\/\/sandzakpress.net\/arhiva\/grad-novi-pazar-uskoro-dobija-aplikaciju-moj-novi-pazar\/#primaryimage\",\"url\":\"https:\/\/sandzakpress.net\/arhiva\/wp-content\/uploads\/2019\/11\/img_9987.jpg\",\"contentUrl\":\"https:\/\/sandzakpress.net\/arhiva\/wp-content\/uploads\/2019\/11\/img_9987.jpg\",\"width\":786,\"height\":437},{\"@type\":\"BreadcrumbList\",\"@id\":\"https:\/\/sandzakpress.net\/arhiva\/grad-novi-pazar-uskoro-dobija-aplikaciju-moj-novi-pazar\/#breadcrumb\",\"itemListElement\":[{\"@type\":\"ListItem\",\"position\":1,\"name\":\"Home\",\"item\":\"https:\/\/sandzakpress.net\/arhiva\/\"},{\"@type\":\"ListItem\",\"position\":2,\"name\":\"Grad Novi Pazar uskoro dobija aplikaciju \u201cMoj Novi Pazar\u201d\"}]},{\"@type\":\"WebSite\",\"@id\":\"https:\/\/sandzakpress.net\/arhiva\/#website\",\"url\":\"https:\/\/sandzakpress.net\/arhiva\/\",\"name\":\"Sand\u017eak PRESS\",\"description\":\"Prve elektronske novine u Sand\u017eaku\",\"publisher\":{\"@id\":\"https:\/\/sandzakpress.net\/arhiva\/#\/schema\/person\/6e72b67d6e51910a1117b3b483ba20bd\"},\"potentialAction\":[{\"@type\":\"SearchAction\",\"target\":{\"@type\":\"EntryPoint\",\"urlTemplate\":\"https:\/\/sandzakpress.net\/arhiva\/?s={search_term_string}\"},\"query-input\":{\"@type\":\"PropertyValueSpecification\",\"valueRequired\":true,\"valueName\":\"search_term_string\"}}],\"inLanguage\":\"bs-BA\"},{\"@type\":[\"Person\",\"Organization\"],\"@id\":\"https:\/\/sandzakpress.net\/arhiva\/#\/schema\/person\/6e72b67d6e51910a1117b3b483ba20bd\",\"name\":\"Kul\",\"image\":{\"@type\":\"ImageObject\",\"inLanguage\":\"bs-BA\",\"@id\":\"https:\/\/sandzakpress.net\/arhiva\/#\/schema\/person\/image\/\",\"url\":\"https:\/\/secure.gravatar.com\/avatar\/42263f39aa27ac04c43cab85c280eb2e?s=96&d=mm&r=pg\",\"contentUrl\":\"https:\/\/secure.gravatar.com\/avatar\/42263f39aa27ac04c43cab85c280eb2e?s=96&d=mm&r=pg\",\"caption\":\"Kul\"},\"logo\":{\"@id\":\"https:\/\/sandzakpress.net\/arhiva\/#\/schema\/person\/image\/\"}},{\"@type\":\"Person\",\"@id\":\"https:\/\/sandzakpress.net\/arhiva\/#\/schema\/person\/cb59d7e3ab91ab90dd680ad0305a6185\",\"name\":\"Agencija\",\"image\":{\"@type\":\"ImageObject\",\"inLanguage\":\"bs-BA\",\"@id\":\"https:\/\/sandzakpress.net\/arhiva\/#\/schema\/person\/image\/\",\"url\":\"https:\/\/secure.gravatar.com\/avatar\/4b7fafa80a22f0c2afe23966b3961fe0?s=96&d=mm&r=pg\",\"contentUrl\":\"https:\/\/secure.gravatar.com\/avatar\/4b7fafa80a22f0c2afe23966b3961fe0?s=96&d=mm&r=pg\",\"caption\":\"Agencija\"},\"url\":\"https:\/\/sandzakpress.net\/arhiva\/author\/agencija\/\"}]}<\/script>\n<!-- \/ Yoast SEO Premium plugin. -->","yoast_head_json":{"title":"Grad Novi Pazar uskoro dobija aplikaciju \u201cMoj Novi Pazar\u201d","robots":{"index":"index","follow":"follow","max-snippet":"max-snippet:-1","max-image-preview":"max-image-preview:large","max-video-preview":"max-video-preview:-1"},"canonical":"https:\/\/sandzakpress.net\/arhiva\/grad-novi-pazar-uskoro-dobija-aplikaciju-moj-novi-pazar\/","og_locale":"bs_BA","og_type":"article","og_title":"Grad Novi Pazar uskoro dobija aplikaciju \u201cMoj Novi Pazar\u201d","og_description":"\u00a0U toku je izrada aplikacije \u201cMoj Novi Pazar\u201d koja je deo Akcionog plana Partnerstva za otvorenu upravu koji je Grad Novi Pazar usvojio ove godine kao jedan od malobrojnih gradova u Srbiji. Danas je odr\u017ean sastanak Radne grupe koja \u0107e naredih nekoliko meseci raditi na izradi aplikacije preko koje \u0107e gra\u0111ani Novog Pazara pre svega [&hellip;]","og_url":"https:\/\/sandzakpress.net\/arhiva\/grad-novi-pazar-uskoro-dobija-aplikaciju-moj-novi-pazar\/","og_site_name":"Sand\u017eak PRESS","article_published_time":"2019-11-08T12:07:47+00:00","og_image":[{"width":786,"height":437,"url":"https:\/\/sandzakpress.net\/arhiva\/wp-content\/uploads\/2019\/11\/img_9987.jpg","type":"image\/jpeg"}],"author":"Agencija","twitter_card":"summary_large_image","twitter_misc":{"Written by":"Agencija","Est. reading time":"2 minute"},"schema":{"@context":"https:\/\/schema.org","@graph":[{"@type":"Article","@id":"https:\/\/sandzakpress.net\/arhiva\/grad-novi-pazar-uskoro-dobija-aplikaciju-moj-novi-pazar\/#article","isPartOf":{"@id":"https:\/\/sandzakpress.net\/arhiva\/grad-novi-pazar-uskoro-dobija-aplikaciju-moj-novi-pazar\/"},"author":{"name":"Agencija","@id":"https:\/\/sandzakpress.net\/arhiva\/#\/schema\/person\/cb59d7e3ab91ab90dd680ad0305a6185"},"headline":"Grad Novi Pazar uskoro dobija aplikaciju \u201cMoj Novi Pazar\u201d","datePublished":"2019-11-08T12:07:47+00:00","mainEntityOfPage":{"@id":"https:\/\/sandzakpress.net\/arhiva\/grad-novi-pazar-uskoro-dobija-aplikaciju-moj-novi-pazar\/"},"wordCount":323,"commentCount":0,"publisher":{"@id":"https:\/\/sandzakpress.net\/arhiva\/#\/schema\/person\/6e72b67d6e51910a1117b3b483ba20bd"},"image":{"@id":"https:\/\/sandzakpress.net\/arhiva\/grad-novi-pazar-uskoro-dobija-aplikaciju-moj-novi-pazar\/#primaryimage"},"thumbnailUrl":"https:\/\/sandzakpress.net\/arhiva\/wp-content\/uploads\/2019\/11\/img_9987.jpg","articleSection":["Novi Pazar","Dru\u0161tvo"],"inLanguage":"bs-BA","potentialAction":[{"@type":"CommentAction","name":"Comment","target":["https:\/\/sandzakpress.net\/arhiva\/grad-novi-pazar-uskoro-dobija-aplikaciju-moj-novi-pazar\/#respond"]}]},{"@type":"WebPage","@id":"https:\/\/sandzakpress.net\/arhiva\/grad-novi-pazar-uskoro-dobija-aplikaciju-moj-novi-pazar\/","url":"https:\/\/sandzakpress.net\/arhiva\/grad-novi-pazar-uskoro-dobija-aplikaciju-moj-novi-pazar\/","name":"Grad Novi Pazar uskoro dobija aplikaciju \u201cMoj Novi Pazar\u201d","isPartOf":{"@id":"https:\/\/sandzakpress.net\/arhiva\/#website"},"primaryImageOfPage":{"@id":"https:\/\/sandzakpress.net\/arhiva\/grad-novi-pazar-uskoro-dobija-aplikaciju-moj-novi-pazar\/#primaryimage"},"image":{"@id":"https:\/\/sandzakpress.net\/arhiva\/grad-novi-pazar-uskoro-dobija-aplikaciju-moj-novi-pazar\/#primaryimage"},"thumbnailUrl":"https:\/\/sandzakpress.net\/arhiva\/wp-content\/uploads\/2019\/11\/img_9987.jpg","datePublished":"2019-11-08T12:07:47+00:00","breadcrumb":{"@id":"https:\/\/sandzakpress.net\/arhiva\/grad-novi-pazar-uskoro-dobija-aplikaciju-moj-novi-pazar\/#breadcrumb"},"inLanguage":"bs-BA","potentialAction":[{"@type":"ReadAction","target":["https:\/\/sandzakpress.net\/arhiva\/grad-novi-pazar-uskoro-dobija-aplikaciju-moj-novi-pazar\/"]}]},{"@type":"ImageObject","inLanguage":"bs-BA","@id":"https:\/\/sandzakpress.net\/arhiva\/grad-novi-pazar-uskoro-dobija-aplikaciju-moj-novi-pazar\/#primaryimage","url":"https:\/\/sandzakpress.net\/arhiva\/wp-content\/uploads\/2019\/11\/img_9987.jpg","contentUrl":"https:\/\/sandzakpress.net\/arhiva\/wp-content\/uploads\/2019\/11\/img_9987.jpg","width":786,"height":437},{"@type":"BreadcrumbList","@id":"https:\/\/sandzakpress.net\/arhiva\/grad-novi-pazar-uskoro-dobija-aplikaciju-moj-novi-pazar\/#breadcrumb","itemListElement":[{"@type":"ListItem","position":1,"name":"Home","item":"https:\/\/sandzakpress.net\/arhiva\/"},{"@type":"ListItem","position":2,"name":"Grad Novi Pazar uskoro dobija aplikaciju \u201cMoj Novi Pazar\u201d"}]},{"@type":"WebSite","@id":"https:\/\/sandzakpress.net\/arhiva\/#website","url":"https:\/\/sandzakpress.net\/arhiva\/","name":"Sand\u017eak PRESS","description":"Prve elektronske novine u Sand\u017eaku","publisher":{"@id":"https:\/\/sandzakpress.net\/arhiva\/#\/schema\/person\/6e72b67d6e51910a1117b3b483ba20bd"},"potentialAction":[{"@type":"SearchAction","target":{"@type":"EntryPoint","urlTemplate":"https:\/\/sandzakpress.net\/arhiva\/?s={search_term_string}"},"query-input":{"@type":"PropertyValueSpecification","valueRequired":true,"valueName":"search_term_string"}}],"inLanguage":"bs-BA"},{"@type":["Person","Organization"],"@id":"https:\/\/sandzakpress.net\/arhiva\/#\/schema\/person\/6e72b67d6e51910a1117b3b483ba20bd","name":"Kul","image":{"@type":"ImageObject","inLanguage":"bs-BA","@id":"https:\/\/sandzakpress.net\/arhiva\/#\/schema\/person\/image\/","url":"https:\/\/secure.gravatar.com\/avatar\/42263f39aa27ac04c43cab85c280eb2e?s=96&d=mm&r=pg","contentUrl":"https:\/\/secure.gravatar.com\/avatar\/42263f39aa27ac04c43cab85c280eb2e?s=96&d=mm&r=pg","caption":"Kul"},"logo":{"@id":"https:\/\/sandzakpress.net\/arhiva\/#\/schema\/person\/image\/"}},{"@type":"Person","@id":"https:\/\/sandzakpress.net\/arhiva\/#\/schema\/person\/cb59d7e3ab91ab90dd680ad0305a6185","name":"Agencija","image":{"@type":"ImageObject","inLanguage":"bs-BA","@id":"https:\/\/sandzakpress.net\/arhiva\/#\/schema\/person\/image\/","url":"https:\/\/secure.gravatar.com\/avatar\/4b7fafa80a22f0c2afe23966b3961fe0?s=96&d=mm&r=pg","contentUrl":"https:\/\/secure.gravatar.com\/avatar\/4b7fafa80a22f0c2afe23966b3961fe0?s=96&d=mm&r=pg","caption":"Agencija"},"url":"https:\/\/sandzakpress.net\/arhiva\/author\/agencija\/"}]}},"_links":{"self":[{"href":"https:\/\/sandzakpress.net\/arhiva\/wp-json\/wp\/v2\/posts\/230361"}],"collection":[{"href":"https:\/\/sandzakpress.net\/arhiva\/wp-json\/wp\/v2\/posts"}],"about":[{"href":"https:\/\/sandzakpress.net\/arhiva\/wp-json\/wp\/v2\/types\/post"}],"author":[{"embeddable":true,"href":"https:\/\/sandzakpress.net\/arhiva\/wp-json\/wp\/v2\/users\/509"}],"replies":[{"embeddable":true,"href":"https:\/\/sandzakpress.net\/arhiva\/wp-json\/wp\/v2\/comments?post=230361"}],"version-history":[{"count":0,"href":"https:\/\/sandzakpress.net\/arhiva\/wp-json\/wp\/v2\/posts\/230361\/revisions"}],"wp:featuredmedia":[{"embeddable":true,"href":"https:\/\/sandzakpress.net\/arhiva\/wp-json\/wp\/v2\/media\/230363"}],"wp:attachment":[{"href":"https:\/\/sandzakpress.net\/arhiva\/wp-json\/wp\/v2\/media?parent=230361"}],"wp:term":[{"taxonomy":"category","embeddable":true,"href":"https:\/\/sandzakpress.net\/arhiva\/wp-json\/wp\/v2\/categories?post=230361"},{"taxonomy":"post_tag","embeddable":true,"href":"https:\/\/sandzakpress.net\/arhiva\/wp-json\/wp\/v2\/tags?post=230361"}],"curies":[{"name":"wp","href":"https:\/\/api.w.org\/{rel}","templated":true}]}}