{"id":230326,"date":"2019-11-06T15:21:41","date_gmt":"2019-11-06T14:21:41","guid":{"rendered":"https:\/\/sandzakpress.net\/arhiva\/?p=230326"},"modified":"2019-11-06T15:21:41","modified_gmt":"2019-11-06T14:21:41","slug":"saobracajna-nezgoda-na-putu-b-polje-prijepolje-tesko-povrijedjen-edis-kuc","status":"publish","type":"post","link":"https:\/\/sandzakpress.net\/arhiva\/saobracajna-nezgoda-na-putu-b-polje-prijepolje-tesko-povrijedjen-edis-kuc\/","title":{"rendered":"Saobra\u0107ajna nezgoda na putu B.Polje &#8211; Prijepolje &#8211; Te\u0161ko povrije\u0111en Edis Ku\u010d"},"content":{"rendered":"<p><img decoding=\"async\" src=\"https:\/\/www.sandzaklive.rs\/images\/0\/uudes_u_Potkruajcima.jpg\" alt=\"uudes u Potkruajcima\" \/><\/p>\n<p><strong><span class=\"kapital\">T<\/span>ridesetogodi\u0161nji\u00a0Edis Ku\u010d\u00a0te\u0161ko je povrije\u0111en u saobra\u0107anoj nezgodi koja se ju\u010de, oko 13.30, dogodila u mjestu Potkrajci, na magistralnom putu Bijelo Polje\u2013Prijepolje.<\/strong><\/p>\n<p>On se nalazio na mjestu suvoza\u010da u autu marke \u201ereno senik'\u201c (BP BH 249), kojim je upravljao njegov brat\u00a0<strong>Sead Ku\u010d\u00a0<\/strong>(32).<\/p>\n<p>Dok se kretao prema Bijelom Polju, \u201ereno\u201c je i zasad nepoznatih razloga udario u kamion \u0161leper za \u010dijim upravlja\u010dem se nalazio\u00a0<strong>Zoran Peri\u0107<\/strong>\u00a0(31) iz Zvornika.<\/p>\n<p>Uvi\u0111aj na licu mjesta obavili su osnovni tu\u017eilac\u00a0<strong>Denis Zvrko<\/strong>\u00a0i slu\u017ebenici bjelopoljskog Centra bezbjednosti\u00a0<strong>Darko Na\u010di\u0107, Ranko Miladinovi\u0107<\/strong>\u00a0i\u00a0<strong>Maksim Jeremi\u0107<\/strong>.<\/p>\n<p>Prema rije\u010dima ljekara iz bjelopoljske Op\u0161te bolnice Edis Ku\u010d ima te\u0161ke povrede koje nijesu opasne po \u017eivot, dok je Sead lak\u0161e povrije\u0111en. (Dan)<\/p>\n","protected":false},"excerpt":{"rendered":"<p>Tridesetogodi\u0161nji\u00a0Edis Ku\u010d\u00a0te\u0161ko je povrije\u0111en u saobra\u0107anoj nezgodi koja se ju\u010de, oko 13.30, dogodila u mjestu Potkrajci, na magistralnom putu Bijelo Polje\u2013Prijepolje. On se nalazio na mjestu suvoza\u010da u autu marke \u201ereno senik'\u201c (BP BH 249), kojim je upravljao njegov brat\u00a0Sead Ku\u010d\u00a0(32). Dok se kretao prema Bijelom Polju, \u201ereno\u201c je i zasad nepoznatih razloga udario u [&hellip;]<\/p>\n","protected":false},"author":509,"featured_media":230327,"comment_status":"open","ping_status":"open","sticky":false,"template":"","format":"standard","meta":{"footnotes":""},"categories":[392,801,10429],"tags":[],"class_list":{"0":"post-230326","1":"post","2":"type-post","3":"status-publish","4":"format-standard","5":"has-post-thumbnail","7":"category-prijepolje_","8":"category-crna_hronika","9":"category-vazno"},"yoast_head":"<!-- This site is optimized with the Yoast SEO Premium plugin v23.1 (Yoast SEO v24.9) - https:\/\/yoast.com\/wordpress\/plugins\/seo\/ -->\n<title>Saobra\u0107ajna nezgoda na putu B.Polje - Prijepolje - Te\u0161ko povrije\u0111en Edis Ku\u010d<\/title>\n<meta name=\"robots\" content=\"index, follow, max-snippet:-1, max-image-preview:large, max-video-preview:-1\" \/>\n<link rel=\"canonical\" href=\"https:\/\/sandzakpress.net\/arhiva\/saobracajna-nezgoda-na-putu-b-polje-prijepolje-tesko-povrijedjen-edis-kuc\/\" \/>\n<meta property=\"og:locale\" content=\"bs_BA\" \/>\n<meta property=\"og:type\" content=\"article\" \/>\n<meta property=\"og:title\" content=\"Saobra\u0107ajna nezgoda na putu B.Polje - Prijepolje - Te\u0161ko povrije\u0111en Edis Ku\u010d\" \/>\n<meta property=\"og:description\" content=\"Tridesetogodi\u0161nji\u00a0Edis Ku\u010d\u00a0te\u0161ko je povrije\u0111en u saobra\u0107anoj nezgodi koja se ju\u010de, oko 13.30, dogodila u mjestu Potkrajci, na magistralnom putu Bijelo Polje\u2013Prijepolje. On se nalazio na mjestu suvoza\u010da u autu marke \u201ereno senik&#039;\u201c (BP BH 249), kojim je upravljao njegov brat\u00a0Sead Ku\u010d\u00a0(32). Dok se kretao prema Bijelom Polju, \u201ereno\u201c je i zasad nepoznatih razloga udario u [&hellip;]\" \/>\n<meta property=\"og:url\" content=\"https:\/\/sandzakpress.net\/arhiva\/saobracajna-nezgoda-na-putu-b-polje-prijepolje-tesko-povrijedjen-edis-kuc\/\" \/>\n<meta property=\"og:site_name\" content=\"Sand\u017eak PRESS\" \/>\n<meta property=\"article:published_time\" content=\"2019-11-06T14:21:41+00:00\" \/>\n<meta property=\"og:image\" content=\"https:\/\/sandzakpress.net\/arhiva\/wp-content\/uploads\/2019\/11\/uudes_u_Potkruajcima.jpg\" \/>\n\t<meta property=\"og:image:width\" content=\"1920\" \/>\n\t<meta property=\"og:image:height\" content=\"1440\" \/>\n\t<meta property=\"og:image:type\" content=\"image\/jpeg\" \/>\n<meta name=\"author\" content=\"Agencija\" \/>\n<meta name=\"twitter:card\" content=\"summary_large_image\" \/>\n<meta name=\"twitter:label1\" content=\"Written by\" \/>\n\t<meta name=\"twitter:data1\" content=\"Agencija\" \/>\n\t<meta name=\"twitter:label2\" content=\"Est. reading time\" \/>\n\t<meta name=\"twitter:data2\" content=\"1 minuta\" \/>\n<script type=\"application\/ld+json\" class=\"yoast-schema-graph\">{\"@context\":\"https:\/\/schema.org\",\"@graph\":[{\"@type\":\"Article\",\"@id\":\"https:\/\/sandzakpress.net\/arhiva\/saobracajna-nezgoda-na-putu-b-polje-prijepolje-tesko-povrijedjen-edis-kuc\/#article\",\"isPartOf\":{\"@id\":\"https:\/\/sandzakpress.net\/arhiva\/saobracajna-nezgoda-na-putu-b-polje-prijepolje-tesko-povrijedjen-edis-kuc\/\"},\"author\":{\"name\":\"Agencija\",\"@id\":\"https:\/\/sandzakpress.net\/arhiva\/#\/schema\/person\/cb59d7e3ab91ab90dd680ad0305a6185\"},\"headline\":\"Saobra\u0107ajna nezgoda na putu B.Polje &#8211; Prijepolje &#8211; Te\u0161ko povrije\u0111en Edis Ku\u010d\",\"datePublished\":\"2019-11-06T14:21:41+00:00\",\"mainEntityOfPage\":{\"@id\":\"https:\/\/sandzakpress.net\/arhiva\/saobracajna-nezgoda-na-putu-b-polje-prijepolje-tesko-povrijedjen-edis-kuc\/\"},\"wordCount\":145,\"commentCount\":0,\"publisher\":{\"@id\":\"https:\/\/sandzakpress.net\/arhiva\/#\/schema\/person\/6e72b67d6e51910a1117b3b483ba20bd\"},\"image\":{\"@id\":\"https:\/\/sandzakpress.net\/arhiva\/saobracajna-nezgoda-na-putu-b-polje-prijepolje-tesko-povrijedjen-edis-kuc\/#primaryimage\"},\"thumbnailUrl\":\"https:\/\/sandzakpress.net\/arhiva\/wp-content\/uploads\/2019\/11\/uudes_u_Potkruajcima.jpg\",\"articleSection\":[\"Prijepolje\",\"Hronika\",\"VA\u017dNO!\"],\"inLanguage\":\"bs-BA\",\"potentialAction\":[{\"@type\":\"CommentAction\",\"name\":\"Comment\",\"target\":[\"https:\/\/sandzakpress.net\/arhiva\/saobracajna-nezgoda-na-putu-b-polje-prijepolje-tesko-povrijedjen-edis-kuc\/#respond\"]}]},{\"@type\":\"WebPage\",\"@id\":\"https:\/\/sandzakpress.net\/arhiva\/saobracajna-nezgoda-na-putu-b-polje-prijepolje-tesko-povrijedjen-edis-kuc\/\",\"url\":\"https:\/\/sandzakpress.net\/arhiva\/saobracajna-nezgoda-na-putu-b-polje-prijepolje-tesko-povrijedjen-edis-kuc\/\",\"name\":\"Saobra\u0107ajna nezgoda na putu B.Polje - Prijepolje - Te\u0161ko povrije\u0111en Edis Ku\u010d\",\"isPartOf\":{\"@id\":\"https:\/\/sandzakpress.net\/arhiva\/#website\"},\"primaryImageOfPage\":{\"@id\":\"https:\/\/sandzakpress.net\/arhiva\/saobracajna-nezgoda-na-putu-b-polje-prijepolje-tesko-povrijedjen-edis-kuc\/#primaryimage\"},\"image\":{\"@id\":\"https:\/\/sandzakpress.net\/arhiva\/saobracajna-nezgoda-na-putu-b-polje-prijepolje-tesko-povrijedjen-edis-kuc\/#primaryimage\"},\"thumbnailUrl\":\"https:\/\/sandzakpress.net\/arhiva\/wp-content\/uploads\/2019\/11\/uudes_u_Potkruajcima.jpg\",\"datePublished\":\"2019-11-06T14:21:41+00:00\",\"breadcrumb\":{\"@id\":\"https:\/\/sandzakpress.net\/arhiva\/saobracajna-nezgoda-na-putu-b-polje-prijepolje-tesko-povrijedjen-edis-kuc\/#breadcrumb\"},\"inLanguage\":\"bs-BA\",\"potentialAction\":[{\"@type\":\"ReadAction\",\"target\":[\"https:\/\/sandzakpress.net\/arhiva\/saobracajna-nezgoda-na-putu-b-polje-prijepolje-tesko-povrijedjen-edis-kuc\/\"]}]},{\"@type\":\"ImageObject\",\"inLanguage\":\"bs-BA\",\"@id\":\"https:\/\/sandzakpress.net\/arhiva\/saobracajna-nezgoda-na-putu-b-polje-prijepolje-tesko-povrijedjen-edis-kuc\/#primaryimage\",\"url\":\"https:\/\/sandzakpress.net\/arhiva\/wp-content\/uploads\/2019\/11\/uudes_u_Potkruajcima.jpg\",\"contentUrl\":\"https:\/\/sandzakpress.net\/arhiva\/wp-content\/uploads\/2019\/11\/uudes_u_Potkruajcima.jpg\",\"width\":1920,\"height\":1440},{\"@type\":\"BreadcrumbList\",\"@id\":\"https:\/\/sandzakpress.net\/arhiva\/saobracajna-nezgoda-na-putu-b-polje-prijepolje-tesko-povrijedjen-edis-kuc\/#breadcrumb\",\"itemListElement\":[{\"@type\":\"ListItem\",\"position\":1,\"name\":\"Home\",\"item\":\"https:\/\/sandzakpress.net\/arhiva\/\"},{\"@type\":\"ListItem\",\"position\":2,\"name\":\"Saobra\u0107ajna nezgoda na putu B.Polje &#8211; Prijepolje &#8211; Te\u0161ko povrije\u0111en Edis Ku\u010d\"}]},{\"@type\":\"WebSite\",\"@id\":\"https:\/\/sandzakpress.net\/arhiva\/#website\",\"url\":\"https:\/\/sandzakpress.net\/arhiva\/\",\"name\":\"Sand\u017eak PRESS\",\"description\":\"Prve elektronske novine u Sand\u017eaku\",\"publisher\":{\"@id\":\"https:\/\/sandzakpress.net\/arhiva\/#\/schema\/person\/6e72b67d6e51910a1117b3b483ba20bd\"},\"potentialAction\":[{\"@type\":\"SearchAction\",\"target\":{\"@type\":\"EntryPoint\",\"urlTemplate\":\"https:\/\/sandzakpress.net\/arhiva\/?s={search_term_string}\"},\"query-input\":{\"@type\":\"PropertyValueSpecification\",\"valueRequired\":true,\"valueName\":\"search_term_string\"}}],\"inLanguage\":\"bs-BA\"},{\"@type\":[\"Person\",\"Organization\"],\"@id\":\"https:\/\/sandzakpress.net\/arhiva\/#\/schema\/person\/6e72b67d6e51910a1117b3b483ba20bd\",\"name\":\"Kul\",\"image\":{\"@type\":\"ImageObject\",\"inLanguage\":\"bs-BA\",\"@id\":\"https:\/\/sandzakpress.net\/arhiva\/#\/schema\/person\/image\/\",\"url\":\"https:\/\/secure.gravatar.com\/avatar\/42263f39aa27ac04c43cab85c280eb2e?s=96&d=mm&r=pg\",\"contentUrl\":\"https:\/\/secure.gravatar.com\/avatar\/42263f39aa27ac04c43cab85c280eb2e?s=96&d=mm&r=pg\",\"caption\":\"Kul\"},\"logo\":{\"@id\":\"https:\/\/sandzakpress.net\/arhiva\/#\/schema\/person\/image\/\"}},{\"@type\":\"Person\",\"@id\":\"https:\/\/sandzakpress.net\/arhiva\/#\/schema\/person\/cb59d7e3ab91ab90dd680ad0305a6185\",\"name\":\"Agencija\",\"image\":{\"@type\":\"ImageObject\",\"inLanguage\":\"bs-BA\",\"@id\":\"https:\/\/sandzakpress.net\/arhiva\/#\/schema\/person\/image\/\",\"url\":\"https:\/\/secure.gravatar.com\/avatar\/4b7fafa80a22f0c2afe23966b3961fe0?s=96&d=mm&r=pg\",\"contentUrl\":\"https:\/\/secure.gravatar.com\/avatar\/4b7fafa80a22f0c2afe23966b3961fe0?s=96&d=mm&r=pg\",\"caption\":\"Agencija\"},\"url\":\"https:\/\/sandzakpress.net\/arhiva\/author\/agencija\/\"}]}<\/script>\n<!-- \/ Yoast SEO Premium plugin. -->","yoast_head_json":{"title":"Saobra\u0107ajna nezgoda na putu B.Polje - Prijepolje - Te\u0161ko povrije\u0111en Edis Ku\u010d","robots":{"index":"index","follow":"follow","max-snippet":"max-snippet:-1","max-image-preview":"max-image-preview:large","max-video-preview":"max-video-preview:-1"},"canonical":"https:\/\/sandzakpress.net\/arhiva\/saobracajna-nezgoda-na-putu-b-polje-prijepolje-tesko-povrijedjen-edis-kuc\/","og_locale":"bs_BA","og_type":"article","og_title":"Saobra\u0107ajna nezgoda na putu B.Polje - Prijepolje - Te\u0161ko povrije\u0111en Edis Ku\u010d","og_description":"Tridesetogodi\u0161nji\u00a0Edis Ku\u010d\u00a0te\u0161ko je povrije\u0111en u saobra\u0107anoj nezgodi koja se ju\u010de, oko 13.30, dogodila u mjestu Potkrajci, na magistralnom putu Bijelo Polje\u2013Prijepolje. On se nalazio na mjestu suvoza\u010da u autu marke \u201ereno senik'\u201c (BP BH 249), kojim je upravljao njegov brat\u00a0Sead Ku\u010d\u00a0(32). Dok se kretao prema Bijelom Polju, \u201ereno\u201c je i zasad nepoznatih razloga udario u [&hellip;]","og_url":"https:\/\/sandzakpress.net\/arhiva\/saobracajna-nezgoda-na-putu-b-polje-prijepolje-tesko-povrijedjen-edis-kuc\/","og_site_name":"Sand\u017eak PRESS","article_published_time":"2019-11-06T14:21:41+00:00","og_image":[{"width":1920,"height":1440,"url":"https:\/\/sandzakpress.net\/arhiva\/wp-content\/uploads\/2019\/11\/uudes_u_Potkruajcima.jpg","type":"image\/jpeg"}],"author":"Agencija","twitter_card":"summary_large_image","twitter_misc":{"Written by":"Agencija","Est. reading time":"1 minuta"},"schema":{"@context":"https:\/\/schema.org","@graph":[{"@type":"Article","@id":"https:\/\/sandzakpress.net\/arhiva\/saobracajna-nezgoda-na-putu-b-polje-prijepolje-tesko-povrijedjen-edis-kuc\/#article","isPartOf":{"@id":"https:\/\/sandzakpress.net\/arhiva\/saobracajna-nezgoda-na-putu-b-polje-prijepolje-tesko-povrijedjen-edis-kuc\/"},"author":{"name":"Agencija","@id":"https:\/\/sandzakpress.net\/arhiva\/#\/schema\/person\/cb59d7e3ab91ab90dd680ad0305a6185"},"headline":"Saobra\u0107ajna nezgoda na putu B.Polje &#8211; Prijepolje &#8211; Te\u0161ko povrije\u0111en Edis Ku\u010d","datePublished":"2019-11-06T14:21:41+00:00","mainEntityOfPage":{"@id":"https:\/\/sandzakpress.net\/arhiva\/saobracajna-nezgoda-na-putu-b-polje-prijepolje-tesko-povrijedjen-edis-kuc\/"},"wordCount":145,"commentCount":0,"publisher":{"@id":"https:\/\/sandzakpress.net\/arhiva\/#\/schema\/person\/6e72b67d6e51910a1117b3b483ba20bd"},"image":{"@id":"https:\/\/sandzakpress.net\/arhiva\/saobracajna-nezgoda-na-putu-b-polje-prijepolje-tesko-povrijedjen-edis-kuc\/#primaryimage"},"thumbnailUrl":"https:\/\/sandzakpress.net\/arhiva\/wp-content\/uploads\/2019\/11\/uudes_u_Potkruajcima.jpg","articleSection":["Prijepolje","Hronika","VA\u017dNO!"],"inLanguage":"bs-BA","potentialAction":[{"@type":"CommentAction","name":"Comment","target":["https:\/\/sandzakpress.net\/arhiva\/saobracajna-nezgoda-na-putu-b-polje-prijepolje-tesko-povrijedjen-edis-kuc\/#respond"]}]},{"@type":"WebPage","@id":"https:\/\/sandzakpress.net\/arhiva\/saobracajna-nezgoda-na-putu-b-polje-prijepolje-tesko-povrijedjen-edis-kuc\/","url":"https:\/\/sandzakpress.net\/arhiva\/saobracajna-nezgoda-na-putu-b-polje-prijepolje-tesko-povrijedjen-edis-kuc\/","name":"Saobra\u0107ajna nezgoda na putu B.Polje - Prijepolje - Te\u0161ko povrije\u0111en Edis Ku\u010d","isPartOf":{"@id":"https:\/\/sandzakpress.net\/arhiva\/#website"},"primaryImageOfPage":{"@id":"https:\/\/sandzakpress.net\/arhiva\/saobracajna-nezgoda-na-putu-b-polje-prijepolje-tesko-povrijedjen-edis-kuc\/#primaryimage"},"image":{"@id":"https:\/\/sandzakpress.net\/arhiva\/saobracajna-nezgoda-na-putu-b-polje-prijepolje-tesko-povrijedjen-edis-kuc\/#primaryimage"},"thumbnailUrl":"https:\/\/sandzakpress.net\/arhiva\/wp-content\/uploads\/2019\/11\/uudes_u_Potkruajcima.jpg","datePublished":"2019-11-06T14:21:41+00:00","breadcrumb":{"@id":"https:\/\/sandzakpress.net\/arhiva\/saobracajna-nezgoda-na-putu-b-polje-prijepolje-tesko-povrijedjen-edis-kuc\/#breadcrumb"},"inLanguage":"bs-BA","potentialAction":[{"@type":"ReadAction","target":["https:\/\/sandzakpress.net\/arhiva\/saobracajna-nezgoda-na-putu-b-polje-prijepolje-tesko-povrijedjen-edis-kuc\/"]}]},{"@type":"ImageObject","inLanguage":"bs-BA","@id":"https:\/\/sandzakpress.net\/arhiva\/saobracajna-nezgoda-na-putu-b-polje-prijepolje-tesko-povrijedjen-edis-kuc\/#primaryimage","url":"https:\/\/sandzakpress.net\/arhiva\/wp-content\/uploads\/2019\/11\/uudes_u_Potkruajcima.jpg","contentUrl":"https:\/\/sandzakpress.net\/arhiva\/wp-content\/uploads\/2019\/11\/uudes_u_Potkruajcima.jpg","width":1920,"height":1440},{"@type":"BreadcrumbList","@id":"https:\/\/sandzakpress.net\/arhiva\/saobracajna-nezgoda-na-putu-b-polje-prijepolje-tesko-povrijedjen-edis-kuc\/#breadcrumb","itemListElement":[{"@type":"ListItem","position":1,"name":"Home","item":"https:\/\/sandzakpress.net\/arhiva\/"},{"@type":"ListItem","position":2,"name":"Saobra\u0107ajna nezgoda na putu B.Polje &#8211; Prijepolje &#8211; Te\u0161ko povrije\u0111en Edis Ku\u010d"}]},{"@type":"WebSite","@id":"https:\/\/sandzakpress.net\/arhiva\/#website","url":"https:\/\/sandzakpress.net\/arhiva\/","name":"Sand\u017eak PRESS","description":"Prve elektronske novine u Sand\u017eaku","publisher":{"@id":"https:\/\/sandzakpress.net\/arhiva\/#\/schema\/person\/6e72b67d6e51910a1117b3b483ba20bd"},"potentialAction":[{"@type":"SearchAction","target":{"@type":"EntryPoint","urlTemplate":"https:\/\/sandzakpress.net\/arhiva\/?s={search_term_string}"},"query-input":{"@type":"PropertyValueSpecification","valueRequired":true,"valueName":"search_term_string"}}],"inLanguage":"bs-BA"},{"@type":["Person","Organization"],"@id":"https:\/\/sandzakpress.net\/arhiva\/#\/schema\/person\/6e72b67d6e51910a1117b3b483ba20bd","name":"Kul","image":{"@type":"ImageObject","inLanguage":"bs-BA","@id":"https:\/\/sandzakpress.net\/arhiva\/#\/schema\/person\/image\/","url":"https:\/\/secure.gravatar.com\/avatar\/42263f39aa27ac04c43cab85c280eb2e?s=96&d=mm&r=pg","contentUrl":"https:\/\/secure.gravatar.com\/avatar\/42263f39aa27ac04c43cab85c280eb2e?s=96&d=mm&r=pg","caption":"Kul"},"logo":{"@id":"https:\/\/sandzakpress.net\/arhiva\/#\/schema\/person\/image\/"}},{"@type":"Person","@id":"https:\/\/sandzakpress.net\/arhiva\/#\/schema\/person\/cb59d7e3ab91ab90dd680ad0305a6185","name":"Agencija","image":{"@type":"ImageObject","inLanguage":"bs-BA","@id":"https:\/\/sandzakpress.net\/arhiva\/#\/schema\/person\/image\/","url":"https:\/\/secure.gravatar.com\/avatar\/4b7fafa80a22f0c2afe23966b3961fe0?s=96&d=mm&r=pg","contentUrl":"https:\/\/secure.gravatar.com\/avatar\/4b7fafa80a22f0c2afe23966b3961fe0?s=96&d=mm&r=pg","caption":"Agencija"},"url":"https:\/\/sandzakpress.net\/arhiva\/author\/agencija\/"}]}},"_links":{"self":[{"href":"https:\/\/sandzakpress.net\/arhiva\/wp-json\/wp\/v2\/posts\/230326"}],"collection":[{"href":"https:\/\/sandzakpress.net\/arhiva\/wp-json\/wp\/v2\/posts"}],"about":[{"href":"https:\/\/sandzakpress.net\/arhiva\/wp-json\/wp\/v2\/types\/post"}],"author":[{"embeddable":true,"href":"https:\/\/sandzakpress.net\/arhiva\/wp-json\/wp\/v2\/users\/509"}],"replies":[{"embeddable":true,"href":"https:\/\/sandzakpress.net\/arhiva\/wp-json\/wp\/v2\/comments?post=230326"}],"version-history":[{"count":0,"href":"https:\/\/sandzakpress.net\/arhiva\/wp-json\/wp\/v2\/posts\/230326\/revisions"}],"wp:featuredmedia":[{"embeddable":true,"href":"https:\/\/sandzakpress.net\/arhiva\/wp-json\/wp\/v2\/media\/230327"}],"wp:attachment":[{"href":"https:\/\/sandzakpress.net\/arhiva\/wp-json\/wp\/v2\/media?parent=230326"}],"wp:term":[{"taxonomy":"category","embeddable":true,"href":"https:\/\/sandzakpress.net\/arhiva\/wp-json\/wp\/v2\/categories?post=230326"},{"taxonomy":"post_tag","embeddable":true,"href":"https:\/\/sandzakpress.net\/arhiva\/wp-json\/wp\/v2\/tags?post=230326"}],"curies":[{"name":"wp","href":"https:\/\/api.w.org\/{rel}","templated":true}]}}